{"id":42578,"date":"2026-09-06T09:16:44","date_gmt":"2026-09-06T12:16:44","guid":{"rendered":"https:\/\/2dejulhonoticias.com.br\/2jn\/?p=42578"},"modified":"2026-09-06T09:18:43","modified_gmt":"2026-09-06T12:18:43","slug":"deputada-natalia-bonavides-sofre-ameaca-de-violencia-sexual-e-esquartejamento","status":"publish","type":"post","link":"https:\/\/2dejulhonoticias.com.br\/2jn\/deputada-natalia-bonavides-sofre-ameaca-de-violencia-sexual-e-esquartejamento\/","title":{"rendered":"Deputada Nat\u00e1lia Bonavides sofre amea\u00e7a de viol\u00eancia sexual e esquartejamento"},"content":{"rendered":"<div style=\"text-align: justify;\">\nA deputada federal Nat\u00e1lia Bonavides (PT-RN), candidata \u00e0 reelei\u00e7\u00e3o, revelou ter recebido amea\u00e7as de estupro e esquartejamento, acompanhadas do vazamento de dados pessoais, como CPFs e endere\u00e7os, de pessoas pr\u00f3ximas e de sua fam\u00edlia. As provas j\u00e1 foram entregues \u00e0s autoridades competentes para investiga\u00e7\u00e3o.<\/p>\n<p>Em nota, Bonavides detalhou o n\u00edvel de crueldade das mensagens, que descreviam como os crimes seriam cometidos, e classificou o epis\u00f3dio como uma t\u00e1tica de intimida\u00e7\u00e3o inaceit\u00e1vel.<\/p>\n<blockquote><p>\u201cIsso n\u00e3o pode ser tratado como parte normal do debate pol\u00edtico. \u00c9 viol\u00eancia pol\u00edtica de g\u00eanero, alimentada pelo machismo e pela vis\u00e3o de mundo da extrema direita, que propaga o \u00f3dio contra mulheres que ocupam espa\u00e7os de poder e n\u00e3o aceitam se calar\u201d, afirmou a deputada.<\/p><\/blockquote>\n<p>\ud83d\udcf1 <a href=\"https:\/\/chat.whatsapp.com\/L8KSLsjENzl5HrgtytuzCL\"> SIGA PRA MAIS NOT\u00cdCIAS: entre na comunidade do 2JN no WhatsApp<\/a>\n<\/div>\n<div>\n<!-- GoogleAdsense --><\/p>\n<p style=\"text-align: justify;\"><span style=\"font-size: 14pt;\"><strong> LEIA TAMB\u00c9M <\/strong><\/span><\/p>\n<p><script async src=\"https:\/\/pagead2.googlesyndication.com\/pagead\/js\/adsbygoogle.js?client=ca-pub-3129804789748719\" crossorigin=\"anonymous\"><\/script><br \/>\n<!-- Anuncio horizontal responsivo --><br \/>\n<ins class=\"adsbygoogle\" style=\"display: block;\" data-ad-client=\"ca-pub-3129804789748719\" data-ad-slot=\"1473312501\" data-ad-format=\"auto\" data-full-width-responsive=\"true\"><\/ins><br \/>\n<script>\n     (adsbygoogle = window.adsbygoogle || []).push({});\n<\/script>\n<\/div>\n<div style=\"text-align: justify;\">\n<div class=\"related bk-inline-post-box alignleft\" style=\"color: #fcfcfc; background-color: #fac8c8;\"><ul class=\"list-small-post row\"><li class=\"small-post content_out clearfix\">                        <div class=\"small-thumbnail-wrapper\">\n                <div class=\"thumb hide-thumb term-89\"><a href=\"https:\/\/2dejulhonoticias.com.br\/2jn\/balconista-sera-indenizada-em-r-30-mil-por-transfobia-apos-ser-tratada-no-masculino-por-gerente-em-salvador\/\"><img decoding=\"async\" width=\"90\" height=\"65\" src=\"https:\/\/2dejulhonoticias.com.br\/2jn\/wp-content\/uploads\/2024\/07\/trt-ba-90x65.webp\" class=\"attachment-rubik-90-65 size-rubik-90-65 wp-post-image\" alt=\"\" \/><div class=\"rubik-post-icon-wrap\"><\/div><\/a> <!-- close a tag --><\/div> <!-- close thumb -->            <\/div>\n                        <div class=\"post-c-wrap\">\n                                \n                <h4 class=\"title\"><a class=\"term-89\" href=\"https:\/\/2dejulhonoticias.com.br\/2jn\/balconista-sera-indenizada-em-r-30-mil-por-transfobia-apos-ser-tratada-no-masculino-por-gerente-em-salvador\/\">Balconista ser\u00e1 indenizada em R$ 30 mil por transfobia ap\u00f3s ser tratada no masculino por ...<\/a><\/h4>                <div class=\"meta\"><div class=\"post-date\">4 de setembro de 2026<\/div><\/div> \n            <\/div>\n            <\/li><!-- End post --><li class=\"small-post content_out clearfix\">                        <div class=\"small-thumbnail-wrapper\">\n                <div class=\"thumb hide-thumb term-75\"><a href=\"https:\/\/2dejulhonoticias.com.br\/2jn\/exclusivo-instituto-de-andre-mendonca-faturou-ao-menos-r-108-milhoes-em-55-contratos-publicos-54-deles-sem-licitacao\/\"><img decoding=\"async\" width=\"90\" height=\"65\" src=\"https:\/\/2dejulhonoticias.com.br\/2jn\/wp-content\/uploads\/2026\/09\/andre-mendonca-stf-90x65.webp\" class=\"attachment-rubik-90-65 size-rubik-90-65 wp-post-image\" alt=\"\" \/><div class=\"rubik-post-icon-wrap\"><\/div><\/a> <!-- close a tag --><\/div> <!-- close thumb -->            <\/div>\n                        <div class=\"post-c-wrap\">\n                                \n                <h4 class=\"title\"><a class=\"term-75\" href=\"https:\/\/2dejulhonoticias.com.br\/2jn\/exclusivo-instituto-de-andre-mendonca-faturou-ao-menos-r-108-milhoes-em-55-contratos-publicos-54-deles-sem-licitacao\/\">EXCLUSIVO: Instituto de Andr\u00e9 Mendon\u00e7a faturou ao menos R$ 10,8 milh\u00f5es em 55 contratos p\u00fablicos, ...<\/a><\/h4>                <div class=\"meta\"><div class=\"post-date\">3 de setembro de 2026<\/div><\/div> \n            <\/div>\n            <\/li><!-- End post --><li class=\"small-post content_out clearfix\">                        <div class=\"small-thumbnail-wrapper\">\n                <div class=\"thumb hide-thumb term-75\"><a href=\"https:\/\/2dejulhonoticias.com.br\/2jn\/jogadores-e-tecnico-mais-uma-vez-desrespeitam-a-torcida-do-vitoria-com-sequencias-de-derrotas\/\"><img decoding=\"async\" width=\"90\" height=\"65\" src=\"https:\/\/2dejulhonoticias.com.br\/2jn\/wp-content\/uploads\/2026\/09\/vitoria-x-vasco-90x65.webp\" class=\"attachment-rubik-90-65 size-rubik-90-65 wp-post-image\" alt=\"\" \/><div class=\"rubik-post-icon-wrap\"><\/div><\/a> <!-- close a tag --><\/div> <!-- close thumb -->            <\/div>\n                        <div class=\"post-c-wrap\">\n                                \n                <h4 class=\"title\"><a class=\"term-75\" href=\"https:\/\/2dejulhonoticias.com.br\/2jn\/jogadores-e-tecnico-mais-uma-vez-desrespeitam-a-torcida-do-vitoria-com-sequencias-de-derrotas\/\">Jogadores e T\u00e9cnico mais uma vez desrespeitam a torcida do Vitoria com sequencias de derrotas<\/a><\/h4>                <div class=\"meta\"><div class=\"post-date\">3 de setembro de 2026<\/div><\/div> \n            <\/div>\n            <\/li><!-- End post --><\/ul> <!-- End list-post --><\/div><br \/>\n<strong>Hist\u00f3rico de persegui\u00e7\u00e3o<\/strong><\/p>\n<p>A parlamentar potiguar \u00e9 um alvo frequente desse tipo de crime. Ela relembrou que, ainda em 2024, recebeu uma amea\u00e7a de morte afirmando que seria levada para um canavial para \u201cdar cabo dela\u201d.<\/p>\n<p>A deputada associou o recrudescimento das amea\u00e7as ao atual per\u00edodo eleitoral e citou um epis\u00f3dio recente de hostilidade nas ruas. \u201cEsse \u00e9 um m\u00e9todo da extrema direita, ainda mais em per\u00edodo eleitoral, de intimidar, perseguir, amea\u00e7ar e tentar nos afastar da pol\u00edtica. Nesta mesma semana, fui alvo da persegui\u00e7\u00e3o de um candidato do PL, que tentou me intimidar enquanto me filmava e fazia xingamentos. Eles querem que tenhamos medo e que deixemos de ocupar os espa\u00e7os de decis\u00e3o\u201d, pontuou.<\/p>\n<p><strong>Resili\u00eancia<\/strong><\/p>\n<p>Apesar da gravidade das amea\u00e7as contra sua vida e a exposi\u00e7\u00e3o de sua fam\u00edlia, Nat\u00e1lia Bonavides garantiu que n\u00e3o se deixar\u00e1 intimidar. Para a deputada, a viol\u00eancia sofrida tem o efeito reverso, refor\u00e7ando sua convic\u00e7\u00e3o na atua\u00e7\u00e3o p\u00fablica.<\/p>\n<blockquote><p>\u201cMas o efeito \u00e9 exatamente o contr\u00e1rio. Cada amea\u00e7a, cada tentativa de intimida\u00e7\u00e3o e cada ataque s\u00f3 refor\u00e7a em mim a certeza de que precisamos ocupar todos os espa\u00e7os e de que a luta pol\u00edtica \u00e9 o caminho para transformar a realidade e melhorar a vida do nosso povo\u201d, disse.<\/p>\n<p>\u201cN\u00e3o vou recuar. Tenho muito trabalho pela frente e muita coisa para fazer pelo povo do RN e do Brasil\u201d, declarou. \u201cEnquanto eles escolhem o \u00f3dio, eu escolho continuar trabalhando, lutando e sorrindo, com coragem. O Brasil n\u00e3o suporta mais o \u00f3dio. E n\u00f3s vamos responder a ele ocupando cada vez mais espa\u00e7os, defendendo a democracia e construindo, pela pol\u00edtica e pela luta, o futuro que queremos\u201d, concluiu a parlamentar.<\/p><\/blockquote>\n<\/div>\n<hr \/>\n<p><!-- banner meio--><\/p>\n<div><script async src=\"https:\/\/pagead2.googlesyndication.com\/pagead\/js\/adsbygoogle.js?client=ca-pub-3129804789748719\" crossorigin=\"anonymous\"><\/script><br \/>\n<!-- Banner quadrado responsivo --><br \/>\n<ins class=\"adsbygoogle\" style=\"display: block;\" data-ad-client=\"ca-pub-3129804789748719\" data-ad-slot=\"2076857862\" data-ad-format=\"auto\" data-full-width-responsive=\"true\"><\/ins><br \/>\n<script>\n     (adsbygoogle = window.adsbygoogle || []).push({});\n<\/script><\/div>\n<p><!-- banner meio responsivo --><\/p>\n<hr \/>\n<p><!-- RODAP\u00c9 DA NOTICIA --><\/p>\n<div><strong> Siga a coluna no <a href=\"https:\/\/www.facebook.com\/jornal2jn\" target=\"_blank\" rel=\"noopener\">Facebook<\/a> e no <a href=\"https:\/\/www.instagram.com\/jornal2dejulho\/\" target=\"_blank\" rel=\"noopener\">Instagram<\/a> para n\u00e3o perder nada.<\/strong><\/div>\n<p style=\"text-align: right;\"><em> por Reda\u00e7\u00e3o 2JN &#8211; revista forum<\/em><\/p>\n<p><!--\n\nO 2 de Julho Noticias \u00e9 um Jornal Independente, pois n\u00e3o tem apoios Pol\u00edticos Partid\u00e1rios, de Prefeitura e nem de Comercio, e precisa de seu apoio, caso possa em assinar nosso Livro de Parceiros e Colaboradores.\nSua colabora\u00e7\u00e3o \u00e9 muito importante para nossa continuidade! Chave PIX EMAIL: parceiro@2dejulhonoticias.com.br\n\n--><\/p>\n<hr \/>\n<p><!-- banner meio responsivo--><br \/>\n<script async src=\"https:\/\/pagead2.googlesyndication.com\/pagead\/js\/adsbygoogle.js?client=ca-pub-3129804789748719\" crossorigin=\"anonymous\"><\/script><br \/>\n<!-- banner 728x90 2jn --><br \/>\n<ins class=\"adsbygoogle\" style=\"display: inline-block; width: 728px; height: 90px;\" data-ad-client=\"ca-pub-3129804789748719\" data-ad-slot=\"1383288950\"><\/ins><br \/>\n<script>\n     (adsbygoogle = window.adsbygoogle || []).push({});\n<\/script><\/p>\n<p style=\"text-align: justify;\"><span style=\"font-size: 14pt;\"><strong> LEIA TAMB\u00c9M <\/strong><\/span><\/p>\n<p><!-- banner meio responsivo--><br \/>\n<script async src=\"https:\/\/pagead2.googlesyndication.com\/pagead\/js\/adsbygoogle.js?client=ca-pub-3129804789748719\" crossorigin=\"anonymous\"><\/script><br \/>\n<!-- banner 728x90 2jn --><br \/>\n<ins class=\"adsbygoogle\" style=\"display: inline-block; width: 728px; height: 90px;\" data-ad-client=\"ca-pub-3129804789748719\" data-ad-slot=\"1383288950\"><\/ins><br \/>\n<script>\n     (adsbygoogle = window.adsbygoogle || []).push({});\n<\/script><br \/>\n<amp-ad width=\"100vw\" height=\"320\"\n     type=\"adsense\"\n     data-ad-client=\"ca-pub-3129804789748719\"\n     data-ad-slot=\"4367194841\"\n     data-auto-format=\"mcrspv\"\n     data-full-width=\"\"><\/p>\n<div overflow=\"\"><\/div>\n<p><\/amp-ad><br \/>\n<amp-ad\n     layout=\"fixed\"\n     width=\"728\"\n     height=\"90\"\n     type=\"adsense\"\n     data-ad-client=\"ca-pub-3129804789748719\"\n     data-ad-slot=\"1383288950\"><br \/>\n<\/amp-ad><\/p>\n","protected":false},"excerpt":{"rendered":"<p>A deputada federal Nat\u00e1lia Bonavides (PT-RN), candidata \u00e0 reelei\u00e7\u00e3o, revelou ter recebido amea\u00e7as de estupro e esquartejamento, acompanhadas do vazamento de dados pessoais, como CPFs e endere\u00e7os, de pessoas pr\u00f3ximas e de sua fam\u00edlia. As provas j\u00e1 foram entregues \u00e0s autoridades competentes para investiga\u00e7\u00e3o. Em nota, Bonavides detalhou o n\u00edvel de crueldade das mensagens, que descreviam como os crimes seriam cometidos, e classificou o epis\u00f3dio como uma t\u00e1tica de intimida\u00e7\u00e3o inaceit\u00e1vel. \u201cIsso n\u00e3o pode ser tratado como parte normal do debate pol\u00edtico. \u00c9 viol\u00eancia pol\u00edtica de g\u00eanero, alimentada pelo machismo e pela vis\u00e3o de mundo da extrema direita, que propaga [&hellip;]<\/p>\n","protected":false},"author":1,"featured_media":42579,"comment_status":"closed","ping_status":"open","sticky":false,"template":"","format":"standard","meta":{"footnotes":""},"categories":[75,81],"tags":[1670,5875,5021,5876,5878],"class_list":["post-42578","post","type-post","status-publish","format-standard","has-post-thumbnail","hentry","category-brasil","category-politica","tag-violencia-politica","tag-ameacas-bolsonarista","tag-eleicoes2026","tag-natalia-bonavides","tag-violencia-politica-de-genero"],"yoast_head":"<!-- This site is optimized with the Yoast SEO Premium plugin v23.7 (Yoast SEO v27.7) - https:\/\/yoast.com\/product\/yoast-seo-premium-wordpress\/ -->\n<title>Deputada Nat\u00e1lia Bonavides sofre amea\u00e7a de viol\u00eancia sexual e esquartejamento - 2 de Julho Not\u00edcias<\/title>\n<meta name=\"description\" content=\"Deputada Nat\u00e1lia Bonavides sofre amea\u00e7a de viol\u00eancia sexual e esquartejamento\" \/>\n<meta name=\"robots\" content=\"index, follow, max-snippet:-1, max-image-preview:large, max-video-preview:-1\" \/>\n<link rel=\"canonical\" href=\"https:\/\/2dejulhonoticias.com.br\/2jn\/deputada-natalia-bonavides-sofre-ameaca-de-violencia-sexual-e-esquartejamento\/\" \/>\n<meta name=\"twitter:card\" content=\"summary_large_image\" \/>\n<meta name=\"twitter:title\" content=\"Deputada Nat\u00e1lia Bonavides sofre amea\u00e7a de viol\u00eancia sexual e esquartejamento - 2 de Julho Not\u00edcias\" \/>\n<meta name=\"twitter:description\" content=\"Deputada Nat\u00e1lia Bonavides sofre amea\u00e7a de viol\u00eancia sexual e esquartejamento\" \/>\n<meta name=\"twitter:image\" content=\"https:\/\/2dejulhonoticias.com.br\/2jn\/wp-content\/uploads\/2026\/09\/dep.-federal-Natalia-Bonavides-PT-RN.webp\" \/>\n<meta name=\"twitter:creator\" content=\"@2_julho\" \/>\n<meta name=\"twitter:site\" content=\"@2_julho\" \/>\n<meta name=\"twitter:label1\" content=\"Escrito por\" \/>\n\t<meta name=\"twitter:data1\" content=\"Reda\u00e7\u00e3o\" \/>\n\t<meta name=\"twitter:label2\" content=\"Est. tempo de leitura\" \/>\n\t<meta name=\"twitter:data2\" content=\"2 minutos\" \/>\n<script type=\"application\/ld+json\" class=\"yoast-schema-graph\">{\"@context\":\"https:\\\/\\\/schema.org\",\"@graph\":[{\"@type\":\"Article\",\"@id\":\"https:\\\/\\\/2dejulhonoticias.com.br\\\/2jn\\\/deputada-natalia-bonavides-sofre-ameaca-de-violencia-sexual-e-esquartejamento\\\/#article\",\"isPartOf\":{\"@id\":\"https:\\\/\\\/2dejulhonoticias.com.br\\\/2jn\\\/deputada-natalia-bonavides-sofre-ameaca-de-violencia-sexual-e-esquartejamento\\\/\"},\"author\":{\"name\":\"Reda\u00e7\u00e3o\",\"@id\":\"https:\\\/\\\/2dejulhonoticias.com.br\\\/2jn\\\/#\\\/schema\\\/person\\\/a61e2ab9ae920711c9622c249b03dc16\"},\"headline\":\"Deputada Nat\u00e1lia Bonavides sofre amea\u00e7a de viol\u00eancia sexual e esquartejamento\",\"datePublished\":\"2026-09-06T12:16:44+00:00\",\"dateModified\":\"2026-09-06T12:18:43+00:00\",\"mainEntityOfPage\":{\"@id\":\"https:\\\/\\\/2dejulhonoticias.com.br\\\/2jn\\\/deputada-natalia-bonavides-sofre-ameaca-de-violencia-sexual-e-esquartejamento\\\/\"},\"wordCount\":505,\"publisher\":{\"@id\":\"https:\\\/\\\/2dejulhonoticias.com.br\\\/2jn\\\/#\\\/schema\\\/person\\\/a61e2ab9ae920711c9622c249b03dc16\"},\"image\":{\"@id\":\"https:\\\/\\\/2dejulhonoticias.com.br\\\/2jn\\\/deputada-natalia-bonavides-sofre-ameaca-de-violencia-sexual-e-esquartejamento\\\/#primaryimage\"},\"thumbnailUrl\":\"https:\\\/\\\/2dejulhonoticias.com.br\\\/2jn\\\/wp-content\\\/uploads\\\/2026\\\/09\\\/dep.-federal-Natalia-Bonavides-PT-RN.webp\",\"keywords\":[\"#Violencia #Politica\",\"Amea\u00e7as bolsonarista\",\"Elei\u00e7\u00f5es2026\",\"Nat\u00e1lia Bonavides\",\"viol\u00eancia pol\u00edtica de g\u00eanero\"],\"articleSection\":[\"Brasil\",\"Politica\"],\"inLanguage\":\"pt-BR\"},{\"@type\":\"WebPage\",\"@id\":\"https:\\\/\\\/2dejulhonoticias.com.br\\\/2jn\\\/deputada-natalia-bonavides-sofre-ameaca-de-violencia-sexual-e-esquartejamento\\\/\",\"url\":\"https:\\\/\\\/2dejulhonoticias.com.br\\\/2jn\\\/deputada-natalia-bonavides-sofre-ameaca-de-violencia-sexual-e-esquartejamento\\\/\",\"name\":\"Deputada Nat\u00e1lia Bonavides sofre amea\u00e7a de viol\u00eancia sexual e esquartejamento - 2 de Julho Not\u00edcias\",\"isPartOf\":{\"@id\":\"https:\\\/\\\/2dejulhonoticias.com.br\\\/2jn\\\/#website\"},\"primaryImageOfPage\":{\"@id\":\"https:\\\/\\\/2dejulhonoticias.com.br\\\/2jn\\\/deputada-natalia-bonavides-sofre-ameaca-de-violencia-sexual-e-esquartejamento\\\/#primaryimage\"},\"image\":{\"@id\":\"https:\\\/\\\/2dejulhonoticias.com.br\\\/2jn\\\/deputada-natalia-bonavides-sofre-ameaca-de-violencia-sexual-e-esquartejamento\\\/#primaryimage\"},\"thumbnailUrl\":\"https:\\\/\\\/2dejulhonoticias.com.br\\\/2jn\\\/wp-content\\\/uploads\\\/2026\\\/09\\\/dep.-federal-Natalia-Bonavides-PT-RN.webp\",\"datePublished\":\"2026-09-06T12:16:44+00:00\",\"dateModified\":\"2026-09-06T12:18:43+00:00\",\"description\":\"Deputada Nat\u00e1lia Bonavides sofre amea\u00e7a de viol\u00eancia sexual e esquartejamento\",\"breadcrumb\":{\"@id\":\"https:\\\/\\\/2dejulhonoticias.com.br\\\/2jn\\\/deputada-natalia-bonavides-sofre-ameaca-de-violencia-sexual-e-esquartejamento\\\/#breadcrumb\"},\"inLanguage\":\"pt-BR\",\"potentialAction\":[{\"@type\":\"ReadAction\",\"target\":[\"https:\\\/\\\/2dejulhonoticias.com.br\\\/2jn\\\/deputada-natalia-bonavides-sofre-ameaca-de-violencia-sexual-e-esquartejamento\\\/\"]}]},{\"@type\":\"ImageObject\",\"inLanguage\":\"pt-BR\",\"@id\":\"https:\\\/\\\/2dejulhonoticias.com.br\\\/2jn\\\/deputada-natalia-bonavides-sofre-ameaca-de-violencia-sexual-e-esquartejamento\\\/#primaryimage\",\"url\":\"https:\\\/\\\/2dejulhonoticias.com.br\\\/2jn\\\/wp-content\\\/uploads\\\/2026\\\/09\\\/dep.-federal-Natalia-Bonavides-PT-RN.webp\",\"contentUrl\":\"https:\\\/\\\/2dejulhonoticias.com.br\\\/2jn\\\/wp-content\\\/uploads\\\/2026\\\/09\\\/dep.-federal-Natalia-Bonavides-PT-RN.webp\",\"width\":600,\"height\":370},{\"@type\":\"BreadcrumbList\",\"@id\":\"https:\\\/\\\/2dejulhonoticias.com.br\\\/2jn\\\/deputada-natalia-bonavides-sofre-ameaca-de-violencia-sexual-e-esquartejamento\\\/#breadcrumb\",\"itemListElement\":[{\"@type\":\"ListItem\",\"position\":1,\"name\":\"In\u00edcio\",\"item\":\"https:\\\/\\\/2dejulhonoticias.com.br\\\/2jn\\\/\"},{\"@type\":\"ListItem\",\"position\":2,\"name\":\"Deputada Nat\u00e1lia Bonavides sofre amea\u00e7a de viol\u00eancia sexual e esquartejamento\"}]},{\"@type\":\"WebSite\",\"@id\":\"https:\\\/\\\/2dejulhonoticias.com.br\\\/2jn\\\/#website\",\"url\":\"https:\\\/\\\/2dejulhonoticias.com.br\\\/2jn\\\/\",\"name\":\"2 de Julho Noticias - A not\u00edcia ao seu alcance\",\"description\":\"Noticias sobre Politica, Policia,Esporte,Vida e Estilo, Sa\u00fade,Moda e Beleza,Mundo da Fama,Emprego e Concursos,Arte e Cultura,Cama\u00e7ari\",\"publisher\":{\"@id\":\"https:\\\/\\\/2dejulhonoticias.com.br\\\/2jn\\\/#\\\/schema\\\/person\\\/a61e2ab9ae920711c9622c249b03dc16\"},\"potentialAction\":[{\"@type\":\"SearchAction\",\"target\":{\"@type\":\"EntryPoint\",\"urlTemplate\":\"https:\\\/\\\/2dejulhonoticias.com.br\\\/2jn\\\/?s={search_term_string}\"},\"query-input\":{\"@type\":\"PropertyValueSpecification\",\"valueRequired\":true,\"valueName\":\"search_term_string\"}}],\"inLanguage\":\"pt-BR\"},{\"@type\":[\"Person\",\"Organization\"],\"@id\":\"https:\\\/\\\/2dejulhonoticias.com.br\\\/2jn\\\/#\\\/schema\\\/person\\\/a61e2ab9ae920711c9622c249b03dc16\",\"name\":\"Reda\u00e7\u00e3o\",\"image\":{\"@type\":\"ImageObject\",\"inLanguage\":\"pt-BR\",\"@id\":\"https:\\\/\\\/2dejulhonoticias.com.br\\\/2jn\\\/wp-content\\\/uploads\\\/2020\\\/11\\\/logo2dejulho.png\",\"url\":\"https:\\\/\\\/2dejulhonoticias.com.br\\\/2jn\\\/wp-content\\\/uploads\\\/2020\\\/11\\\/logo2dejulho.png\",\"contentUrl\":\"https:\\\/\\\/2dejulhonoticias.com.br\\\/2jn\\\/wp-content\\\/uploads\\\/2020\\\/11\\\/logo2dejulho.png\",\"width\":291,\"height\":96,\"caption\":\"Reda\u00e7\u00e3o\"},\"logo\":{\"@id\":\"https:\\\/\\\/2dejulhonoticias.com.br\\\/2jn\\\/wp-content\\\/uploads\\\/2020\\\/11\\\/logo2dejulho.png\"},\"sameAs\":[\"https:\\\/\\\/www.facebook.com\\\/J2deJulho\",\"https:\\\/\\\/www.instagram.com\\\/mirobaia\\\/\",\"https:\\\/\\\/www.linkedin.com\\\/in\\\/mirobaia\\\/\",\"https:\\\/\\\/x.com\\\/2_julho\",\"https:\\\/\\\/www.youtube.com\\\/c\\\/MiroBaia\"]}]}<\/script>\n<!-- \/ Yoast SEO Premium plugin. -->","yoast_head_json":{"title":"Deputada Nat\u00e1lia Bonavides sofre amea\u00e7a de viol\u00eancia sexual e esquartejamento - 2 de Julho Not\u00edcias","description":"Deputada Nat\u00e1lia Bonavides sofre amea\u00e7a de viol\u00eancia sexual e esquartejamento","robots":{"index":"index","follow":"follow","max-snippet":"max-snippet:-1","max-image-preview":"max-image-preview:large","max-video-preview":"max-video-preview:-1"},"canonical":"https:\/\/2dejulhonoticias.com.br\/2jn\/deputada-natalia-bonavides-sofre-ameaca-de-violencia-sexual-e-esquartejamento\/","twitter_card":"summary_large_image","twitter_title":"Deputada Nat\u00e1lia Bonavides sofre amea\u00e7a de viol\u00eancia sexual e esquartejamento - 2 de Julho Not\u00edcias","twitter_description":"Deputada Nat\u00e1lia Bonavides sofre amea\u00e7a de viol\u00eancia sexual e esquartejamento","twitter_image":"https:\/\/2dejulhonoticias.com.br\/2jn\/wp-content\/uploads\/2026\/09\/dep.-federal-Natalia-Bonavides-PT-RN.webp","twitter_creator":"@2_julho","twitter_site":"@2_julho","twitter_misc":{"Escrito por":"Reda\u00e7\u00e3o","Est. tempo de leitura":"2 minutos"},"schema":{"@context":"https:\/\/schema.org","@graph":[{"@type":"Article","@id":"https:\/\/2dejulhonoticias.com.br\/2jn\/deputada-natalia-bonavides-sofre-ameaca-de-violencia-sexual-e-esquartejamento\/#article","isPartOf":{"@id":"https:\/\/2dejulhonoticias.com.br\/2jn\/deputada-natalia-bonavides-sofre-ameaca-de-violencia-sexual-e-esquartejamento\/"},"author":{"name":"Reda\u00e7\u00e3o","@id":"https:\/\/2dejulhonoticias.com.br\/2jn\/#\/schema\/person\/a61e2ab9ae920711c9622c249b03dc16"},"headline":"Deputada Nat\u00e1lia Bonavides sofre amea\u00e7a de viol\u00eancia sexual e esquartejamento","datePublished":"2026-09-06T12:16:44+00:00","dateModified":"2026-09-06T12:18:43+00:00","mainEntityOfPage":{"@id":"https:\/\/2dejulhonoticias.com.br\/2jn\/deputada-natalia-bonavides-sofre-ameaca-de-violencia-sexual-e-esquartejamento\/"},"wordCount":505,"publisher":{"@id":"https:\/\/2dejulhonoticias.com.br\/2jn\/#\/schema\/person\/a61e2ab9ae920711c9622c249b03dc16"},"image":{"@id":"https:\/\/2dejulhonoticias.com.br\/2jn\/deputada-natalia-bonavides-sofre-ameaca-de-violencia-sexual-e-esquartejamento\/#primaryimage"},"thumbnailUrl":"https:\/\/2dejulhonoticias.com.br\/2jn\/wp-content\/uploads\/2026\/09\/dep.-federal-Natalia-Bonavides-PT-RN.webp","keywords":["#Violencia #Politica","Amea\u00e7as bolsonarista","Elei\u00e7\u00f5es2026","Nat\u00e1lia Bonavides","viol\u00eancia pol\u00edtica de g\u00eanero"],"articleSection":["Brasil","Politica"],"inLanguage":"pt-BR"},{"@type":"WebPage","@id":"https:\/\/2dejulhonoticias.com.br\/2jn\/deputada-natalia-bonavides-sofre-ameaca-de-violencia-sexual-e-esquartejamento\/","url":"https:\/\/2dejulhonoticias.com.br\/2jn\/deputada-natalia-bonavides-sofre-ameaca-de-violencia-sexual-e-esquartejamento\/","name":"Deputada Nat\u00e1lia Bonavides sofre amea\u00e7a de viol\u00eancia sexual e esquartejamento - 2 de Julho Not\u00edcias","isPartOf":{"@id":"https:\/\/2dejulhonoticias.com.br\/2jn\/#website"},"primaryImageOfPage":{"@id":"https:\/\/2dejulhonoticias.com.br\/2jn\/deputada-natalia-bonavides-sofre-ameaca-de-violencia-sexual-e-esquartejamento\/#primaryimage"},"image":{"@id":"https:\/\/2dejulhonoticias.com.br\/2jn\/deputada-natalia-bonavides-sofre-ameaca-de-violencia-sexual-e-esquartejamento\/#primaryimage"},"thumbnailUrl":"https:\/\/2dejulhonoticias.com.br\/2jn\/wp-content\/uploads\/2026\/09\/dep.-federal-Natalia-Bonavides-PT-RN.webp","datePublished":"2026-09-06T12:16:44+00:00","dateModified":"2026-09-06T12:18:43+00:00","description":"Deputada Nat\u00e1lia Bonavides sofre amea\u00e7a de viol\u00eancia sexual e esquartejamento","breadcrumb":{"@id":"https:\/\/2dejulhonoticias.com.br\/2jn\/deputada-natalia-bonavides-sofre-ameaca-de-violencia-sexual-e-esquartejamento\/#breadcrumb"},"inLanguage":"pt-BR","potentialAction":[{"@type":"ReadAction","target":["https:\/\/2dejulhonoticias.com.br\/2jn\/deputada-natalia-bonavides-sofre-ameaca-de-violencia-sexual-e-esquartejamento\/"]}]},{"@type":"ImageObject","inLanguage":"pt-BR","@id":"https:\/\/2dejulhonoticias.com.br\/2jn\/deputada-natalia-bonavides-sofre-ameaca-de-violencia-sexual-e-esquartejamento\/#primaryimage","url":"https:\/\/2dejulhonoticias.com.br\/2jn\/wp-content\/uploads\/2026\/09\/dep.-federal-Natalia-Bonavides-PT-RN.webp","contentUrl":"https:\/\/2dejulhonoticias.com.br\/2jn\/wp-content\/uploads\/2026\/09\/dep.-federal-Natalia-Bonavides-PT-RN.webp","width":600,"height":370},{"@type":"BreadcrumbList","@id":"https:\/\/2dejulhonoticias.com.br\/2jn\/deputada-natalia-bonavides-sofre-ameaca-de-violencia-sexual-e-esquartejamento\/#breadcrumb","itemListElement":[{"@type":"ListItem","position":1,"name":"In\u00edcio","item":"https:\/\/2dejulhonoticias.com.br\/2jn\/"},{"@type":"ListItem","position":2,"name":"Deputada Nat\u00e1lia Bonavides sofre amea\u00e7a de viol\u00eancia sexual e esquartejamento"}]},{"@type":"WebSite","@id":"https:\/\/2dejulhonoticias.com.br\/2jn\/#website","url":"https:\/\/2dejulhonoticias.com.br\/2jn\/","name":"2 de Julho Noticias - A not\u00edcia ao seu alcance","description":"Noticias sobre Politica, Policia,Esporte,Vida e Estilo, Sa\u00fade,Moda e Beleza,Mundo da Fama,Emprego e Concursos,Arte e Cultura,Cama\u00e7ari","publisher":{"@id":"https:\/\/2dejulhonoticias.com.br\/2jn\/#\/schema\/person\/a61e2ab9ae920711c9622c249b03dc16"},"potentialAction":[{"@type":"SearchAction","target":{"@type":"EntryPoint","urlTemplate":"https:\/\/2dejulhonoticias.com.br\/2jn\/?s={search_term_string}"},"query-input":{"@type":"PropertyValueSpecification","valueRequired":true,"valueName":"search_term_string"}}],"inLanguage":"pt-BR"},{"@type":["Person","Organization"],"@id":"https:\/\/2dejulhonoticias.com.br\/2jn\/#\/schema\/person\/a61e2ab9ae920711c9622c249b03dc16","name":"Reda\u00e7\u00e3o","image":{"@type":"ImageObject","inLanguage":"pt-BR","@id":"https:\/\/2dejulhonoticias.com.br\/2jn\/wp-content\/uploads\/2020\/11\/logo2dejulho.png","url":"https:\/\/2dejulhonoticias.com.br\/2jn\/wp-content\/uploads\/2020\/11\/logo2dejulho.png","contentUrl":"https:\/\/2dejulhonoticias.com.br\/2jn\/wp-content\/uploads\/2020\/11\/logo2dejulho.png","width":291,"height":96,"caption":"Reda\u00e7\u00e3o"},"logo":{"@id":"https:\/\/2dejulhonoticias.com.br\/2jn\/wp-content\/uploads\/2020\/11\/logo2dejulho.png"},"sameAs":["https:\/\/www.facebook.com\/J2deJulho","https:\/\/www.instagram.com\/mirobaia\/","https:\/\/www.linkedin.com\/in\/mirobaia\/","https:\/\/x.com\/2_julho","https:\/\/www.youtube.com\/c\/MiroBaia"]}]}},"_links":{"self":[{"href":"https:\/\/2dejulhonoticias.com.br\/2jn\/wp-json\/wp\/v2\/posts\/42578","targetHints":{"allow":["GET"]}}],"collection":[{"href":"https:\/\/2dejulhonoticias.com.br\/2jn\/wp-json\/wp\/v2\/posts"}],"about":[{"href":"https:\/\/2dejulhonoticias.com.br\/2jn\/wp-json\/wp\/v2\/types\/post"}],"author":[{"embeddable":true,"href":"https:\/\/2dejulhonoticias.com.br\/2jn\/wp-json\/wp\/v2\/users\/1"}],"replies":[{"embeddable":true,"href":"https:\/\/2dejulhonoticias.com.br\/2jn\/wp-json\/wp\/v2\/comments?post=42578"}],"version-history":[{"count":1,"href":"https:\/\/2dejulhonoticias.com.br\/2jn\/wp-json\/wp\/v2\/posts\/42578\/revisions"}],"predecessor-version":[{"id":42580,"href":"https:\/\/2dejulhonoticias.com.br\/2jn\/wp-json\/wp\/v2\/posts\/42578\/revisions\/42580"}],"wp:featuredmedia":[{"embeddable":true,"href":"https:\/\/2dejulhonoticias.com.br\/2jn\/wp-json\/wp\/v2\/media\/42579"}],"wp:attachment":[{"href":"https:\/\/2dejulhonoticias.com.br\/2jn\/wp-json\/wp\/v2\/media?parent=42578"}],"wp:term":[{"taxonomy":"category","embeddable":true,"href":"https:\/\/2dejulhonoticias.com.br\/2jn\/wp-json\/wp\/v2\/categories?post=42578"},{"taxonomy":"post_tag","embeddable":true,"href":"https:\/\/2dejulhonoticias.com.br\/2jn\/wp-json\/wp\/v2\/tags?post=42578"}],"curies":[{"name":"wp","href":"https:\/\/api.w.org\/{rel}","templated":true}]}}