{"id":42575,"date":"2026-09-06T08:59:10","date_gmt":"2026-09-06T11:59:10","guid":{"rendered":"https:\/\/2dejulhonoticias.com.br\/2jn\/?p=42575"},"modified":"2026-09-06T08:59:10","modified_gmt":"2026-09-06T11:59:10","slug":"garrafada-fatal-homem-de-24-anos-morre-apos-ser-atingido-por-garrafa-durante-briga-em-camacari","status":"publish","type":"post","link":"https:\/\/2dejulhonoticias.com.br\/2jn\/garrafada-fatal-homem-de-24-anos-morre-apos-ser-atingido-por-garrafa-durante-briga-em-camacari\/","title":{"rendered":"GARRAFADA FATAL: homem de 24 anos morre ap\u00f3s ser atingido por garrafa durante briga em Cama\u00e7ari"},"content":{"rendered":"<div style=\"text-align: justify;\">\nUm homem morreu ap\u00f3s ser atingido por uma garrafa durante uma briga neste s\u00e1bado (5), no centro de Cama\u00e7ari, na Regi\u00e3o Metropolitana de Salvador. A v\u00edtima foi identificada como Luis Andr\u00e9 dos Santos Pereira, de 24 anos. Uma segunda pessoa tamb\u00e9m ficou ferida.<\/p>\n<p>\ud83d\udcf1 <a href=\"https:\/\/chat.whatsapp.com\/L8KSLsjENzl5HrgtytuzCL\"> SIGA PRA MAIS NOT\u00cdCIAS: entre na comunidade do 2JN no WhatsApp<\/a>\n<\/div>\n<div>\n<!-- GoogleAdsense --><\/p>\n<p style=\"text-align: justify;\"><span style=\"font-size: 14pt;\"><strong> LEIA TAMB\u00c9M <\/strong><\/span><\/p>\n<p><script async src=\"https:\/\/pagead2.googlesyndication.com\/pagead\/js\/adsbygoogle.js?client=ca-pub-3129804789748719\" crossorigin=\"anonymous\"><\/script><br \/>\n<!-- Anuncio horizontal responsivo --><br \/>\n<ins class=\"adsbygoogle\" style=\"display: block;\" data-ad-client=\"ca-pub-3129804789748719\" data-ad-slot=\"1473312501\" data-ad-format=\"auto\" data-full-width-responsive=\"true\"><\/ins><br \/>\n<script>\n     (adsbygoogle = window.adsbygoogle || []).push({});\n<\/script>\n<\/div>\n<div style=\"text-align: justify;\">\n<div class=\"related bk-inline-post-box alignleft\" style=\"color: #fcfcfc; background-color: #fac8c8;\"><ul class=\"list-small-post row\"><li class=\"small-post content_out clearfix\">                        <div class=\"small-thumbnail-wrapper\">\n                <div class=\"thumb hide-thumb term-89\"><a href=\"https:\/\/2dejulhonoticias.com.br\/2jn\/casal-e-encontrado-morto-dentro-de-casa-em-nova-vicosa-policia-suspeita-de-feminicidio-seguido-de-suicidio\/\"><img decoding=\"async\" width=\"90\" height=\"65\" src=\"https:\/\/2dejulhonoticias.com.br\/2jn\/wp-content\/uploads\/2026\/09\/casal-mortos-em-nova-vicosa-ba-90x65.webp\" class=\"attachment-rubik-90-65 size-rubik-90-65 wp-post-image\" alt=\"\" \/><div class=\"rubik-post-icon-wrap\"><\/div><\/a> <!-- close a tag --><\/div> <!-- close thumb -->            <\/div>\n                        <div class=\"post-c-wrap\">\n                                \n                <h4 class=\"title\"><a class=\"term-89\" href=\"https:\/\/2dejulhonoticias.com.br\/2jn\/casal-e-encontrado-morto-dentro-de-casa-em-nova-vicosa-policia-suspeita-de-feminicidio-seguido-de-suicidio\/\">Casal \u00e9 encontrado morto dentro de casa em Nova Vi\u00e7osa; pol\u00edcia suspeita de feminic\u00eddio seguido ...<\/a><\/h4>                <div class=\"meta\"><div class=\"post-date\">4 de setembro de 2026<\/div><\/div> \n            <\/div>\n            <\/li><!-- End post --><li class=\"small-post content_out clearfix\">                        <div class=\"small-thumbnail-wrapper\">\n                <div class=\"thumb hide-thumb term-89\"><a href=\"https:\/\/2dejulhonoticias.com.br\/2jn\/tragedia-motorista-morre-apos-carreta-bater-de-frente-com-outra-na-br-101-em-itabela-na-bahia\/\"><img decoding=\"async\" width=\"90\" height=\"65\" src=\"https:\/\/2dejulhonoticias.com.br\/2jn\/wp-content\/uploads\/2026\/09\/acidente-na-BR-101-itabela-90x65.webp\" class=\"attachment-rubik-90-65 size-rubik-90-65 wp-post-image\" alt=\"\" \/><div class=\"rubik-post-icon-wrap\"><\/div><\/a> <!-- close a tag --><\/div> <!-- close thumb -->            <\/div>\n                        <div class=\"post-c-wrap\">\n                                \n                <h4 class=\"title\"><a class=\"term-89\" href=\"https:\/\/2dejulhonoticias.com.br\/2jn\/tragedia-motorista-morre-apos-carreta-bater-de-frente-com-outra-na-br-101-em-itabela-na-bahia\/\">TRAG\u00c9DIA! Motorista morre ap\u00f3s carreta bater de frente com outra na BR-101 em Itabela na ...<\/a><\/h4>                <div class=\"meta\"><div class=\"post-date\">4 de setembro de 2026<\/div><\/div> \n            <\/div>\n            <\/li><!-- End post --><li class=\"small-post content_out clearfix\">                        <div class=\"small-thumbnail-wrapper\">\n                <div class=\"thumb hide-thumb term-89\"><a href=\"https:\/\/2dejulhonoticias.com.br\/2jn\/sete-pessoas-sao-presas-em-operacao-contra-grupo-que-fazia-delivery-de-drogas-em-feira-de-santana-na-bahia-nesta-sexta-feira-4\/\"><img decoding=\"async\" width=\"90\" height=\"65\" src=\"https:\/\/2dejulhonoticias.com.br\/2jn\/wp-content\/uploads\/2026\/09\/Operacao-Linha-Sombria-90x65.webp\" class=\"attachment-rubik-90-65 size-rubik-90-65 wp-post-image\" alt=\"\" \/><div class=\"rubik-post-icon-wrap\"><\/div><\/a> <!-- close a tag --><\/div> <!-- close thumb -->            <\/div>\n                        <div class=\"post-c-wrap\">\n                                \n                <h4 class=\"title\"><a class=\"term-89\" href=\"https:\/\/2dejulhonoticias.com.br\/2jn\/sete-pessoas-sao-presas-em-operacao-contra-grupo-que-fazia-delivery-de-drogas-em-feira-de-santana-na-bahia-nesta-sexta-feira-4\/\">Sete pessoas s\u00e3o presas em opera\u00e7\u00e3o contra grupo que fazia \u2018delivery\u2019 de drogas em Feira ...<\/a><\/h4>                <div class=\"meta\"><div class=\"post-date\">4 de setembro de 2026<\/div><\/div> \n            <\/div>\n            <\/li><!-- End post --><\/ul> <!-- End list-post --><\/div><br \/>\nDe acordo com a PM, a confus\u00e3o aconteceu na Pra\u00e7a Abrantes, onde policiais militares encontraram os dois homens ca\u00eddos. Equipes do Servi\u00e7o de Atendimento M\u00f3vel de Urg\u00eancia (Samu) foram acionadas, mas Luis Andr\u00e9 n\u00e3o resistiu aos ferimentos. A outra v\u00edtima foi encaminhada ao Hospital Geral de Cama\u00e7ari (HGC).<\/p>\n<p>O homic\u00eddio foi registrado pela 18\u00aa Delegacia Territorial (DT) de Cama\u00e7ari. A autoria e a motiva\u00e7\u00e3o do crime ser\u00e3o investigadas pela Pol\u00edcia Civil.<\/p>\n<p><a href=\"#\">GARRAFADA FATAL: homem de 24 anos morre ap\u00f3s ser atingido por garrafa durante briga em Cama\u00e7ari<\/a>\n<\/div>\n<hr \/>\n<p><!-- banner meio--><\/p>\n<div><script async src=\"https:\/\/pagead2.googlesyndication.com\/pagead\/js\/adsbygoogle.js?client=ca-pub-3129804789748719\" crossorigin=\"anonymous\"><\/script><br \/>\n<!-- Banner quadrado responsivo --><br \/>\n<ins class=\"adsbygoogle\" style=\"display: block;\" data-ad-client=\"ca-pub-3129804789748719\" data-ad-slot=\"2076857862\" data-ad-format=\"auto\" data-full-width-responsive=\"true\"><\/ins><br \/>\n<script>\n     (adsbygoogle = window.adsbygoogle || []).push({});\n<\/script><\/div>\n<p><!-- banner meio responsivo --><\/p>\n<hr \/>\n<p><!-- RODAP\u00c9 DA NOTICIA --><\/p>\n<div><strong> Siga a coluna no <a href=\"https:\/\/www.facebook.com\/jornal2jn\" target=\"_blank\" rel=\"noopener\">Facebook<\/a> e no <a href=\"https:\/\/www.instagram.com\/jornal2dejulho\/\" target=\"_blank\" rel=\"noopener\">Instagram<\/a> para n\u00e3o perder nada.<\/strong><\/div>\n<p style=\"text-align: right;\"><em> por Reda\u00e7\u00e3o 2JN &#8211; alo juca<\/em><\/p>\n<p><!--\n\nO 2 de Julho Noticias \u00e9 um Jornal Independente, pois n\u00e3o tem apoios Pol\u00edticos Partid\u00e1rios, de Prefeitura e nem de Comercio, e precisa de seu apoio, caso possa em assinar nosso Livro de Parceiros e Colaboradores.\nSua colabora\u00e7\u00e3o \u00e9 muito importante para nossa continuidade! Chave PIX EMAIL: parceiro@2dejulhonoticias.com.br\n\n--><\/p>\n<hr \/>\n<p><!-- banner meio responsivo--><br \/>\n<script async src=\"https:\/\/pagead2.googlesyndication.com\/pagead\/js\/adsbygoogle.js?client=ca-pub-3129804789748719\" crossorigin=\"anonymous\"><\/script><br \/>\n<!-- banner 728x90 2jn --><br \/>\n<ins class=\"adsbygoogle\" style=\"display: inline-block; width: 728px; height: 90px;\" data-ad-client=\"ca-pub-3129804789748719\" data-ad-slot=\"1383288950\"><\/ins><br \/>\n<script>\n     (adsbygoogle = window.adsbygoogle || []).push({});\n<\/script><\/p>\n<p style=\"text-align: justify;\"><span style=\"font-size: 14pt;\"><strong> LEIA TAMB\u00c9M <\/strong><\/span><\/p>\n<p><!-- banner meio responsivo--><br \/>\n<script async src=\"https:\/\/pagead2.googlesyndication.com\/pagead\/js\/adsbygoogle.js?client=ca-pub-3129804789748719\" crossorigin=\"anonymous\"><\/script><br \/>\n<!-- banner 728x90 2jn --><br \/>\n<ins class=\"adsbygoogle\" style=\"display: inline-block; width: 728px; height: 90px;\" data-ad-client=\"ca-pub-3129804789748719\" data-ad-slot=\"1383288950\"><\/ins><br \/>\n<script>\n     (adsbygoogle = window.adsbygoogle || []).push({});\n<\/script><br \/>\n<amp-ad width=\"100vw\" height=\"320\"\n     type=\"adsense\"\n     data-ad-client=\"ca-pub-3129804789748719\"\n     data-ad-slot=\"4367194841\"\n     data-auto-format=\"mcrspv\"\n     data-full-width=\"\"><\/p>\n<div overflow=\"\"><\/div>\n<p><\/amp-ad><br \/>\n<amp-ad\n     layout=\"fixed\"\n     width=\"728\"\n     height=\"90\"\n     type=\"adsense\"\n     data-ad-client=\"ca-pub-3129804789748719\"\n     data-ad-slot=\"1383288950\"><br \/>\n<\/amp-ad><\/p>\n","protected":false},"excerpt":{"rendered":"<p>Um homem morreu ap\u00f3s ser atingido por uma garrafa durante uma briga neste s\u00e1bado (5), no centro de Cama\u00e7ari, na Regi\u00e3o Metropolitana de Salvador. A v\u00edtima foi identificada como Luis Andr\u00e9 dos Santos Pereira, de 24 anos. Uma segunda pessoa tamb\u00e9m ficou ferida. \ud83d\udcf1 SIGA PRA MAIS NOT\u00cdCIAS: entre na comunidade do 2JN no WhatsApp LEIA TAMB\u00c9M De acordo com a PM, a confus\u00e3o aconteceu na Pra\u00e7a Abrantes, onde policiais militares encontraram os dois homens ca\u00eddos. Equipes do Servi\u00e7o de Atendimento M\u00f3vel de Urg\u00eancia (Samu) foram acionadas, mas Luis Andr\u00e9 n\u00e3o resistiu aos ferimentos. A outra v\u00edtima foi encaminhada ao [&hellip;]<\/p>\n","protected":false},"author":1,"featured_media":42576,"comment_status":"closed","ping_status":"open","sticky":false,"template":"","format":"standard","meta":{"footnotes":""},"categories":[77,87],"tags":[2860,110,3035],"class_list":["post-42575","post","type-post","status-publish","format-standard","has-post-thumbnail","hentry","category-camacari","category-policia","tag-briga-generalizada","tag-camacari","tag-praca-abrantes"],"yoast_head":"<!-- This site is optimized with the Yoast SEO Premium plugin v23.7 (Yoast SEO v27.7) - https:\/\/yoast.com\/product\/yoast-seo-premium-wordpress\/ -->\n<title>GARRAFADA FATAL: homem de 24 anos morre ap\u00f3s ser atingido por garrafa durante briga em Cama\u00e7ari - 2 de Julho Not\u00edcias<\/title>\n<meta name=\"description\" content=\"GARRAFADA FATAL: homem de 24 anos morre ap\u00f3s ser atingido por garrafa durante briga em Cama\u00e7ari\" \/>\n<meta name=\"robots\" content=\"index, follow, max-snippet:-1, max-image-preview:large, max-video-preview:-1\" \/>\n<link rel=\"canonical\" href=\"https:\/\/2dejulhonoticias.com.br\/2jn\/garrafada-fatal-homem-de-24-anos-morre-apos-ser-atingido-por-garrafa-durante-briga-em-camacari\/\" \/>\n<meta name=\"twitter:card\" content=\"summary_large_image\" \/>\n<meta name=\"twitter:title\" content=\"GARRAFADA FATAL: homem de 24 anos morre ap\u00f3s ser atingido por garrafa durante briga em Cama\u00e7ari - 2 de Julho Not\u00edcias\" \/>\n<meta name=\"twitter:description\" content=\"GARRAFADA FATAL: homem de 24 anos morre ap\u00f3s ser atingido por garrafa durante briga em Cama\u00e7ari\" \/>\n<meta name=\"twitter:image\" content=\"https:\/\/2dejulhonoticias.com.br\/2jn\/wp-content\/uploads\/2026\/09\/confusao-pc-abrantes-cam.webp\" \/>\n<meta name=\"twitter:creator\" content=\"@2_julho\" \/>\n<meta name=\"twitter:site\" content=\"@2_julho\" \/>\n<meta name=\"twitter:label1\" content=\"Escrito por\" \/>\n\t<meta name=\"twitter:data1\" content=\"Reda\u00e7\u00e3o\" \/>\n\t<meta name=\"twitter:label2\" content=\"Est. tempo de leitura\" \/>\n\t<meta name=\"twitter:data2\" content=\"1 minuto\" \/>\n<script type=\"application\/ld+json\" class=\"yoast-schema-graph\">{\"@context\":\"https:\\\/\\\/schema.org\",\"@graph\":[{\"@type\":\"Article\",\"@id\":\"https:\\\/\\\/2dejulhonoticias.com.br\\\/2jn\\\/garrafada-fatal-homem-de-24-anos-morre-apos-ser-atingido-por-garrafa-durante-briga-em-camacari\\\/#article\",\"isPartOf\":{\"@id\":\"https:\\\/\\\/2dejulhonoticias.com.br\\\/2jn\\\/garrafada-fatal-homem-de-24-anos-morre-apos-ser-atingido-por-garrafa-durante-briga-em-camacari\\\/\"},\"author\":{\"name\":\"Reda\u00e7\u00e3o\",\"@id\":\"https:\\\/\\\/2dejulhonoticias.com.br\\\/2jn\\\/#\\\/schema\\\/person\\\/a61e2ab9ae920711c9622c249b03dc16\"},\"headline\":\"GARRAFADA FATAL: homem de 24 anos morre ap\u00f3s ser atingido por garrafa durante briga em Cama\u00e7ari\",\"datePublished\":\"2026-09-06T11:59:10+00:00\",\"mainEntityOfPage\":{\"@id\":\"https:\\\/\\\/2dejulhonoticias.com.br\\\/2jn\\\/garrafada-fatal-homem-de-24-anos-morre-apos-ser-atingido-por-garrafa-durante-briga-em-camacari\\\/\"},\"wordCount\":218,\"publisher\":{\"@id\":\"https:\\\/\\\/2dejulhonoticias.com.br\\\/2jn\\\/#\\\/schema\\\/person\\\/a61e2ab9ae920711c9622c249b03dc16\"},\"image\":{\"@id\":\"https:\\\/\\\/2dejulhonoticias.com.br\\\/2jn\\\/garrafada-fatal-homem-de-24-anos-morre-apos-ser-atingido-por-garrafa-durante-briga-em-camacari\\\/#primaryimage\"},\"thumbnailUrl\":\"https:\\\/\\\/2dejulhonoticias.com.br\\\/2jn\\\/wp-content\\\/uploads\\\/2026\\\/09\\\/confusao-pc-abrantes-cam.webp\",\"keywords\":[\"briga generalizada\",\"Cama\u00e7ari\",\"pra\u00e7a Abrantes\"],\"articleSection\":[\"Cama\u00e7ari\",\"Policia\"],\"inLanguage\":\"pt-BR\"},{\"@type\":\"WebPage\",\"@id\":\"https:\\\/\\\/2dejulhonoticias.com.br\\\/2jn\\\/garrafada-fatal-homem-de-24-anos-morre-apos-ser-atingido-por-garrafa-durante-briga-em-camacari\\\/\",\"url\":\"https:\\\/\\\/2dejulhonoticias.com.br\\\/2jn\\\/garrafada-fatal-homem-de-24-anos-morre-apos-ser-atingido-por-garrafa-durante-briga-em-camacari\\\/\",\"name\":\"GARRAFADA FATAL: homem de 24 anos morre ap\u00f3s ser atingido por garrafa durante briga em Cama\u00e7ari - 2 de Julho Not\u00edcias\",\"isPartOf\":{\"@id\":\"https:\\\/\\\/2dejulhonoticias.com.br\\\/2jn\\\/#website\"},\"primaryImageOfPage\":{\"@id\":\"https:\\\/\\\/2dejulhonoticias.com.br\\\/2jn\\\/garrafada-fatal-homem-de-24-anos-morre-apos-ser-atingido-por-garrafa-durante-briga-em-camacari\\\/#primaryimage\"},\"image\":{\"@id\":\"https:\\\/\\\/2dejulhonoticias.com.br\\\/2jn\\\/garrafada-fatal-homem-de-24-anos-morre-apos-ser-atingido-por-garrafa-durante-briga-em-camacari\\\/#primaryimage\"},\"thumbnailUrl\":\"https:\\\/\\\/2dejulhonoticias.com.br\\\/2jn\\\/wp-content\\\/uploads\\\/2026\\\/09\\\/confusao-pc-abrantes-cam.webp\",\"datePublished\":\"2026-09-06T11:59:10+00:00\",\"description\":\"GARRAFADA FATAL: homem de 24 anos morre ap\u00f3s ser atingido por garrafa durante briga em Cama\u00e7ari\",\"breadcrumb\":{\"@id\":\"https:\\\/\\\/2dejulhonoticias.com.br\\\/2jn\\\/garrafada-fatal-homem-de-24-anos-morre-apos-ser-atingido-por-garrafa-durante-briga-em-camacari\\\/#breadcrumb\"},\"inLanguage\":\"pt-BR\",\"potentialAction\":[{\"@type\":\"ReadAction\",\"target\":[\"https:\\\/\\\/2dejulhonoticias.com.br\\\/2jn\\\/garrafada-fatal-homem-de-24-anos-morre-apos-ser-atingido-por-garrafa-durante-briga-em-camacari\\\/\"]}]},{\"@type\":\"ImageObject\",\"inLanguage\":\"pt-BR\",\"@id\":\"https:\\\/\\\/2dejulhonoticias.com.br\\\/2jn\\\/garrafada-fatal-homem-de-24-anos-morre-apos-ser-atingido-por-garrafa-durante-briga-em-camacari\\\/#primaryimage\",\"url\":\"https:\\\/\\\/2dejulhonoticias.com.br\\\/2jn\\\/wp-content\\\/uploads\\\/2026\\\/09\\\/confusao-pc-abrantes-cam.webp\",\"contentUrl\":\"https:\\\/\\\/2dejulhonoticias.com.br\\\/2jn\\\/wp-content\\\/uploads\\\/2026\\\/09\\\/confusao-pc-abrantes-cam.webp\",\"width\":600,\"height\":338},{\"@type\":\"BreadcrumbList\",\"@id\":\"https:\\\/\\\/2dejulhonoticias.com.br\\\/2jn\\\/garrafada-fatal-homem-de-24-anos-morre-apos-ser-atingido-por-garrafa-durante-briga-em-camacari\\\/#breadcrumb\",\"itemListElement\":[{\"@type\":\"ListItem\",\"position\":1,\"name\":\"In\u00edcio\",\"item\":\"https:\\\/\\\/2dejulhonoticias.com.br\\\/2jn\\\/\"},{\"@type\":\"ListItem\",\"position\":2,\"name\":\"GARRAFADA FATAL: homem de 24 anos morre ap\u00f3s ser atingido por garrafa durante briga em Cama\u00e7ari\"}]},{\"@type\":\"WebSite\",\"@id\":\"https:\\\/\\\/2dejulhonoticias.com.br\\\/2jn\\\/#website\",\"url\":\"https:\\\/\\\/2dejulhonoticias.com.br\\\/2jn\\\/\",\"name\":\"2 de Julho Noticias - A not\u00edcia ao seu alcance\",\"description\":\"Noticias sobre Politica, Policia,Esporte,Vida e Estilo, Sa\u00fade,Moda e Beleza,Mundo da Fama,Emprego e Concursos,Arte e Cultura,Cama\u00e7ari\",\"publisher\":{\"@id\":\"https:\\\/\\\/2dejulhonoticias.com.br\\\/2jn\\\/#\\\/schema\\\/person\\\/a61e2ab9ae920711c9622c249b03dc16\"},\"potentialAction\":[{\"@type\":\"SearchAction\",\"target\":{\"@type\":\"EntryPoint\",\"urlTemplate\":\"https:\\\/\\\/2dejulhonoticias.com.br\\\/2jn\\\/?s={search_term_string}\"},\"query-input\":{\"@type\":\"PropertyValueSpecification\",\"valueRequired\":true,\"valueName\":\"search_term_string\"}}],\"inLanguage\":\"pt-BR\"},{\"@type\":[\"Person\",\"Organization\"],\"@id\":\"https:\\\/\\\/2dejulhonoticias.com.br\\\/2jn\\\/#\\\/schema\\\/person\\\/a61e2ab9ae920711c9622c249b03dc16\",\"name\":\"Reda\u00e7\u00e3o\",\"image\":{\"@type\":\"ImageObject\",\"inLanguage\":\"pt-BR\",\"@id\":\"https:\\\/\\\/2dejulhonoticias.com.br\\\/2jn\\\/wp-content\\\/uploads\\\/2020\\\/11\\\/logo2dejulho.png\",\"url\":\"https:\\\/\\\/2dejulhonoticias.com.br\\\/2jn\\\/wp-content\\\/uploads\\\/2020\\\/11\\\/logo2dejulho.png\",\"contentUrl\":\"https:\\\/\\\/2dejulhonoticias.com.br\\\/2jn\\\/wp-content\\\/uploads\\\/2020\\\/11\\\/logo2dejulho.png\",\"width\":291,\"height\":96,\"caption\":\"Reda\u00e7\u00e3o\"},\"logo\":{\"@id\":\"https:\\\/\\\/2dejulhonoticias.com.br\\\/2jn\\\/wp-content\\\/uploads\\\/2020\\\/11\\\/logo2dejulho.png\"},\"sameAs\":[\"https:\\\/\\\/www.facebook.com\\\/J2deJulho\",\"https:\\\/\\\/www.instagram.com\\\/mirobaia\\\/\",\"https:\\\/\\\/www.linkedin.com\\\/in\\\/mirobaia\\\/\",\"https:\\\/\\\/x.com\\\/2_julho\",\"https:\\\/\\\/www.youtube.com\\\/c\\\/MiroBaia\"]}]}<\/script>\n<!-- \/ Yoast SEO Premium plugin. -->","yoast_head_json":{"title":"GARRAFADA FATAL: homem de 24 anos morre ap\u00f3s ser atingido por garrafa durante briga em Cama\u00e7ari - 2 de Julho Not\u00edcias","description":"GARRAFADA FATAL: homem de 24 anos morre ap\u00f3s ser atingido por garrafa durante briga em Cama\u00e7ari","robots":{"index":"index","follow":"follow","max-snippet":"max-snippet:-1","max-image-preview":"max-image-preview:large","max-video-preview":"max-video-preview:-1"},"canonical":"https:\/\/2dejulhonoticias.com.br\/2jn\/garrafada-fatal-homem-de-24-anos-morre-apos-ser-atingido-por-garrafa-durante-briga-em-camacari\/","twitter_card":"summary_large_image","twitter_title":"GARRAFADA FATAL: homem de 24 anos morre ap\u00f3s ser atingido por garrafa durante briga em Cama\u00e7ari - 2 de Julho Not\u00edcias","twitter_description":"GARRAFADA FATAL: homem de 24 anos morre ap\u00f3s ser atingido por garrafa durante briga em Cama\u00e7ari","twitter_image":"https:\/\/2dejulhonoticias.com.br\/2jn\/wp-content\/uploads\/2026\/09\/confusao-pc-abrantes-cam.webp","twitter_creator":"@2_julho","twitter_site":"@2_julho","twitter_misc":{"Escrito por":"Reda\u00e7\u00e3o","Est. tempo de leitura":"1 minuto"},"schema":{"@context":"https:\/\/schema.org","@graph":[{"@type":"Article","@id":"https:\/\/2dejulhonoticias.com.br\/2jn\/garrafada-fatal-homem-de-24-anos-morre-apos-ser-atingido-por-garrafa-durante-briga-em-camacari\/#article","isPartOf":{"@id":"https:\/\/2dejulhonoticias.com.br\/2jn\/garrafada-fatal-homem-de-24-anos-morre-apos-ser-atingido-por-garrafa-durante-briga-em-camacari\/"},"author":{"name":"Reda\u00e7\u00e3o","@id":"https:\/\/2dejulhonoticias.com.br\/2jn\/#\/schema\/person\/a61e2ab9ae920711c9622c249b03dc16"},"headline":"GARRAFADA FATAL: homem de 24 anos morre ap\u00f3s ser atingido por garrafa durante briga em Cama\u00e7ari","datePublished":"2026-09-06T11:59:10+00:00","mainEntityOfPage":{"@id":"https:\/\/2dejulhonoticias.com.br\/2jn\/garrafada-fatal-homem-de-24-anos-morre-apos-ser-atingido-por-garrafa-durante-briga-em-camacari\/"},"wordCount":218,"publisher":{"@id":"https:\/\/2dejulhonoticias.com.br\/2jn\/#\/schema\/person\/a61e2ab9ae920711c9622c249b03dc16"},"image":{"@id":"https:\/\/2dejulhonoticias.com.br\/2jn\/garrafada-fatal-homem-de-24-anos-morre-apos-ser-atingido-por-garrafa-durante-briga-em-camacari\/#primaryimage"},"thumbnailUrl":"https:\/\/2dejulhonoticias.com.br\/2jn\/wp-content\/uploads\/2026\/09\/confusao-pc-abrantes-cam.webp","keywords":["briga generalizada","Cama\u00e7ari","pra\u00e7a Abrantes"],"articleSection":["Cama\u00e7ari","Policia"],"inLanguage":"pt-BR"},{"@type":"WebPage","@id":"https:\/\/2dejulhonoticias.com.br\/2jn\/garrafada-fatal-homem-de-24-anos-morre-apos-ser-atingido-por-garrafa-durante-briga-em-camacari\/","url":"https:\/\/2dejulhonoticias.com.br\/2jn\/garrafada-fatal-homem-de-24-anos-morre-apos-ser-atingido-por-garrafa-durante-briga-em-camacari\/","name":"GARRAFADA FATAL: homem de 24 anos morre ap\u00f3s ser atingido por garrafa durante briga em Cama\u00e7ari - 2 de Julho Not\u00edcias","isPartOf":{"@id":"https:\/\/2dejulhonoticias.com.br\/2jn\/#website"},"primaryImageOfPage":{"@id":"https:\/\/2dejulhonoticias.com.br\/2jn\/garrafada-fatal-homem-de-24-anos-morre-apos-ser-atingido-por-garrafa-durante-briga-em-camacari\/#primaryimage"},"image":{"@id":"https:\/\/2dejulhonoticias.com.br\/2jn\/garrafada-fatal-homem-de-24-anos-morre-apos-ser-atingido-por-garrafa-durante-briga-em-camacari\/#primaryimage"},"thumbnailUrl":"https:\/\/2dejulhonoticias.com.br\/2jn\/wp-content\/uploads\/2026\/09\/confusao-pc-abrantes-cam.webp","datePublished":"2026-09-06T11:59:10+00:00","description":"GARRAFADA FATAL: homem de 24 anos morre ap\u00f3s ser atingido por garrafa durante briga em Cama\u00e7ari","breadcrumb":{"@id":"https:\/\/2dejulhonoticias.com.br\/2jn\/garrafada-fatal-homem-de-24-anos-morre-apos-ser-atingido-por-garrafa-durante-briga-em-camacari\/#breadcrumb"},"inLanguage":"pt-BR","potentialAction":[{"@type":"ReadAction","target":["https:\/\/2dejulhonoticias.com.br\/2jn\/garrafada-fatal-homem-de-24-anos-morre-apos-ser-atingido-por-garrafa-durante-briga-em-camacari\/"]}]},{"@type":"ImageObject","inLanguage":"pt-BR","@id":"https:\/\/2dejulhonoticias.com.br\/2jn\/garrafada-fatal-homem-de-24-anos-morre-apos-ser-atingido-por-garrafa-durante-briga-em-camacari\/#primaryimage","url":"https:\/\/2dejulhonoticias.com.br\/2jn\/wp-content\/uploads\/2026\/09\/confusao-pc-abrantes-cam.webp","contentUrl":"https:\/\/2dejulhonoticias.com.br\/2jn\/wp-content\/uploads\/2026\/09\/confusao-pc-abrantes-cam.webp","width":600,"height":338},{"@type":"BreadcrumbList","@id":"https:\/\/2dejulhonoticias.com.br\/2jn\/garrafada-fatal-homem-de-24-anos-morre-apos-ser-atingido-por-garrafa-durante-briga-em-camacari\/#breadcrumb","itemListElement":[{"@type":"ListItem","position":1,"name":"In\u00edcio","item":"https:\/\/2dejulhonoticias.com.br\/2jn\/"},{"@type":"ListItem","position":2,"name":"GARRAFADA FATAL: homem de 24 anos morre ap\u00f3s ser atingido por garrafa durante briga em Cama\u00e7ari"}]},{"@type":"WebSite","@id":"https:\/\/2dejulhonoticias.com.br\/2jn\/#website","url":"https:\/\/2dejulhonoticias.com.br\/2jn\/","name":"2 de Julho Noticias - A not\u00edcia ao seu alcance","description":"Noticias sobre Politica, Policia,Esporte,Vida e Estilo, Sa\u00fade,Moda e Beleza,Mundo da Fama,Emprego e Concursos,Arte e Cultura,Cama\u00e7ari","publisher":{"@id":"https:\/\/2dejulhonoticias.com.br\/2jn\/#\/schema\/person\/a61e2ab9ae920711c9622c249b03dc16"},"potentialAction":[{"@type":"SearchAction","target":{"@type":"EntryPoint","urlTemplate":"https:\/\/2dejulhonoticias.com.br\/2jn\/?s={search_term_string}"},"query-input":{"@type":"PropertyValueSpecification","valueRequired":true,"valueName":"search_term_string"}}],"inLanguage":"pt-BR"},{"@type":["Person","Organization"],"@id":"https:\/\/2dejulhonoticias.com.br\/2jn\/#\/schema\/person\/a61e2ab9ae920711c9622c249b03dc16","name":"Reda\u00e7\u00e3o","image":{"@type":"ImageObject","inLanguage":"pt-BR","@id":"https:\/\/2dejulhonoticias.com.br\/2jn\/wp-content\/uploads\/2020\/11\/logo2dejulho.png","url":"https:\/\/2dejulhonoticias.com.br\/2jn\/wp-content\/uploads\/2020\/11\/logo2dejulho.png","contentUrl":"https:\/\/2dejulhonoticias.com.br\/2jn\/wp-content\/uploads\/2020\/11\/logo2dejulho.png","width":291,"height":96,"caption":"Reda\u00e7\u00e3o"},"logo":{"@id":"https:\/\/2dejulhonoticias.com.br\/2jn\/wp-content\/uploads\/2020\/11\/logo2dejulho.png"},"sameAs":["https:\/\/www.facebook.com\/J2deJulho","https:\/\/www.instagram.com\/mirobaia\/","https:\/\/www.linkedin.com\/in\/mirobaia\/","https:\/\/x.com\/2_julho","https:\/\/www.youtube.com\/c\/MiroBaia"]}]}},"_links":{"self":[{"href":"https:\/\/2dejulhonoticias.com.br\/2jn\/wp-json\/wp\/v2\/posts\/42575","targetHints":{"allow":["GET"]}}],"collection":[{"href":"https:\/\/2dejulhonoticias.com.br\/2jn\/wp-json\/wp\/v2\/posts"}],"about":[{"href":"https:\/\/2dejulhonoticias.com.br\/2jn\/wp-json\/wp\/v2\/types\/post"}],"author":[{"embeddable":true,"href":"https:\/\/2dejulhonoticias.com.br\/2jn\/wp-json\/wp\/v2\/users\/1"}],"replies":[{"embeddable":true,"href":"https:\/\/2dejulhonoticias.com.br\/2jn\/wp-json\/wp\/v2\/comments?post=42575"}],"version-history":[{"count":1,"href":"https:\/\/2dejulhonoticias.com.br\/2jn\/wp-json\/wp\/v2\/posts\/42575\/revisions"}],"predecessor-version":[{"id":42577,"href":"https:\/\/2dejulhonoticias.com.br\/2jn\/wp-json\/wp\/v2\/posts\/42575\/revisions\/42577"}],"wp:featuredmedia":[{"embeddable":true,"href":"https:\/\/2dejulhonoticias.com.br\/2jn\/wp-json\/wp\/v2\/media\/42576"}],"wp:attachment":[{"href":"https:\/\/2dejulhonoticias.com.br\/2jn\/wp-json\/wp\/v2\/media?parent=42575"}],"wp:term":[{"taxonomy":"category","embeddable":true,"href":"https:\/\/2dejulhonoticias.com.br\/2jn\/wp-json\/wp\/v2\/categories?post=42575"},{"taxonomy":"post_tag","embeddable":true,"href":"https:\/\/2dejulhonoticias.com.br\/2jn\/wp-json\/wp\/v2\/tags?post=42575"}],"curies":[{"name":"wp","href":"https:\/\/api.w.org\/{rel}","templated":true}]}}