{"id":42572,"date":"2026-09-04T08:46:45","date_gmt":"2026-09-04T11:46:45","guid":{"rendered":"https:\/\/2dejulhonoticias.com.br\/2jn\/?p=42572"},"modified":"2026-09-04T08:46:45","modified_gmt":"2026-09-04T11:46:45","slug":"casal-e-encontrado-morto-dentro-de-casa-em-nova-vicosa-policia-suspeita-de-feminicidio-seguido-de-suicidio","status":"publish","type":"post","link":"https:\/\/2dejulhonoticias.com.br\/2jn\/casal-e-encontrado-morto-dentro-de-casa-em-nova-vicosa-policia-suspeita-de-feminicidio-seguido-de-suicidio\/","title":{"rendered":"Casal \u00e9 encontrado morto dentro de casa em Nova Vi\u00e7osa; pol\u00edcia suspeita de feminic\u00eddio seguido de suic\u00eddio"},"content":{"rendered":"<div style=\"text-align: justify;\">\nUm casal foi encontrado morto dentro de uma resid\u00eancia no centro de Nova Vi\u00e7osa, no extremo sul do estado. O caso veio \u00e0 tona na noite desta quinta-feira (3) e est\u00e1 sendo investigado pelas autoridades.<\/p>\n<p>O homem, identificado como Zozimo Rodrigues Neto, conhecido como \u201cNeto Cabeleireiro\u201d, de 61 anos, foi localizado sem vida dentro do im\u00f3vel. Segundo informa\u00e7\u00f5es preliminares, ele teria sido encontrado enforcado.<\/p>\n<p>\ud83d\udcf1 <a href=\"https:\/\/chat.whatsapp.com\/L8KSLsjENzl5HrgtytuzCL\"> SIGA PRA MAIS NOT\u00cdCIAS: entre na comunidade do 2JN no WhatsApp<\/a>\n<\/div>\n<div>\n<!-- GoogleAdsense --><\/p>\n<p style=\"text-align: justify;\"><span style=\"font-size: 14pt;\"><strong> LEIA TAMB\u00c9M <\/strong><\/span><\/p>\n<p><script async src=\"https:\/\/pagead2.googlesyndication.com\/pagead\/js\/adsbygoogle.js?client=ca-pub-3129804789748719\" crossorigin=\"anonymous\"><\/script><br \/>\n<!-- Anuncio horizontal responsivo --><br \/>\n<ins class=\"adsbygoogle\" style=\"display: block;\" data-ad-client=\"ca-pub-3129804789748719\" data-ad-slot=\"1473312501\" data-ad-format=\"auto\" data-full-width-responsive=\"true\"><\/ins><br \/>\n<script>\n     (adsbygoogle = window.adsbygoogle || []).push({});\n<\/script>\n<\/div>\n<div style=\"text-align: justify;\">\n<div class=\"related bk-inline-post-box alignleft\" style=\"color: #fcfcfc; background-color: #fac8c8;\"><ul class=\"list-small-post row\"><li class=\"small-post content_out clearfix\">                        <div class=\"small-thumbnail-wrapper\">\n                <div class=\"thumb hide-thumb term-89\"><a href=\"https:\/\/2dejulhonoticias.com.br\/2jn\/tragedia-motorista-morre-apos-carreta-bater-de-frente-com-outra-na-br-101-em-itabela-na-bahia\/\"><img decoding=\"async\" width=\"90\" height=\"65\" src=\"https:\/\/2dejulhonoticias.com.br\/2jn\/wp-content\/uploads\/2026\/09\/acidente-na-BR-101-itabela-90x65.webp\" class=\"attachment-rubik-90-65 size-rubik-90-65 wp-post-image\" alt=\"\" \/><div class=\"rubik-post-icon-wrap\"><\/div><\/a> <!-- close a tag --><\/div> <!-- close thumb -->            <\/div>\n                        <div class=\"post-c-wrap\">\n                                \n                <h4 class=\"title\"><a class=\"term-89\" href=\"https:\/\/2dejulhonoticias.com.br\/2jn\/tragedia-motorista-morre-apos-carreta-bater-de-frente-com-outra-na-br-101-em-itabela-na-bahia\/\">TRAG\u00c9DIA! Motorista morre ap\u00f3s carreta bater de frente com outra na BR-101 em Itabela na ...<\/a><\/h4>                <div class=\"meta\"><div class=\"post-date\">4 de setembro de 2026<\/div><\/div> \n            <\/div>\n            <\/li><!-- End post --><li class=\"small-post content_out clearfix\">                        <div class=\"small-thumbnail-wrapper\">\n                <div class=\"thumb hide-thumb term-89\"><a href=\"https:\/\/2dejulhonoticias.com.br\/2jn\/sete-pessoas-sao-presas-em-operacao-contra-grupo-que-fazia-delivery-de-drogas-em-feira-de-santana-na-bahia-nesta-sexta-feira-4\/\"><img decoding=\"async\" width=\"90\" height=\"65\" src=\"https:\/\/2dejulhonoticias.com.br\/2jn\/wp-content\/uploads\/2026\/09\/Operacao-Linha-Sombria-90x65.webp\" class=\"attachment-rubik-90-65 size-rubik-90-65 wp-post-image\" alt=\"\" \/><div class=\"rubik-post-icon-wrap\"><\/div><\/a> <!-- close a tag --><\/div> <!-- close thumb -->            <\/div>\n                        <div class=\"post-c-wrap\">\n                                \n                <h4 class=\"title\"><a class=\"term-89\" href=\"https:\/\/2dejulhonoticias.com.br\/2jn\/sete-pessoas-sao-presas-em-operacao-contra-grupo-que-fazia-delivery-de-drogas-em-feira-de-santana-na-bahia-nesta-sexta-feira-4\/\">Sete pessoas s\u00e3o presas em opera\u00e7\u00e3o contra grupo que fazia \u2018delivery\u2019 de drogas em Feira ...<\/a><\/h4>                <div class=\"meta\"><div class=\"post-date\">4 de setembro de 2026<\/div><\/div> \n            <\/div>\n            <\/li><!-- End post --><li class=\"small-post content_out clearfix\">                        <div class=\"small-thumbnail-wrapper\">\n                <div class=\"thumb hide-thumb term-87\"><a href=\"https:\/\/2dejulhonoticias.com.br\/2jn\/executada-dentro-de-casa-ingrid-foi-perseguida-e-morta-por-homens-armados-em-mussurunga\/\"><img decoding=\"async\" width=\"90\" height=\"65\" src=\"https:\/\/2dejulhonoticias.com.br\/2jn\/wp-content\/uploads\/2026\/09\/mussurunga-salv-ba-90x65.webp\" class=\"attachment-rubik-90-65 size-rubik-90-65 wp-post-image\" alt=\"\" \/><div class=\"rubik-post-icon-wrap\"><\/div><\/a> <!-- close a tag --><\/div> <!-- close thumb -->            <\/div>\n                        <div class=\"post-c-wrap\">\n                                \n                <h4 class=\"title\"><a class=\"term-87\" href=\"https:\/\/2dejulhonoticias.com.br\/2jn\/executada-dentro-de-casa-ingrid-foi-perseguida-e-morta-por-homens-armados-em-mussurunga\/\">EXECUTADA DENTRO DE CASA: Ingrid foi perseguida e morta por homens armados em Mussurunga<\/a><\/h4>                <div class=\"meta\"><div class=\"post-date\">4 de setembro de 2026<\/div><\/div> \n            <\/div>\n            <\/li><!-- End post --><\/ul> <!-- End list-post --><\/div><br \/>\nDurante a ocorr\u00eancia, as equipes tamb\u00e9m localizaram o corpo da companheira dele, Cec\u00edlia Concei\u00e7\u00e3o Gomes Rodrigues, de 53 anos, no interior da resid\u00eancia.<\/p>\n<p>A mulher teria morrido na quarta-feira (2). Relatos iniciais apontam que Cec\u00edlia teria sido assassinada a pauladas e que o pr\u00f3prio companheiro seria o respons\u00e1vel pelo crime. A informa\u00e7\u00e3o ainda n\u00e3o foi confirmada oficialmente.<\/p>\n<p>Diante da sequ\u00eancia dos acontecimentos, a principal suspeita \u00e9 de feminic\u00eddio seguido de suic\u00eddio. A din\u00e2mica, no entanto, ainda precisa ser esclarecida pela investiga\u00e7\u00e3o.<\/p>\n<p>A Pol\u00edcia Civil apura o caso e dever\u00e1 analisar as circunst\u00e2ncias das duas mortes para determinar exatamente o que aconteceu dentro da resid\u00eancia.<\/p>\n<p>Os corpos ser\u00e3o submetidos a exames periciais, que devem auxiliar na identifica\u00e7\u00e3o das causas das mortes e na reconstru\u00e7\u00e3o da din\u00e2mica do caso.<\/p>\n<p>As investiga\u00e7\u00f5es seguem em andamento e novas informa\u00e7\u00f5es poder\u00e3o ser divulgadas pelas autoridades.<\/p>\n<p><a href=\"https:\/\/prototypesorting.com\/ri88egakkj?key=1dc80be25b87988f146bf972e74c1ad7\" target=\"_blank\">Casal \u00e9 encontrado morto dentro de casa em Nova Vi\u00e7osa; pol\u00edcia suspeita de feminic\u00eddio seguido de suic\u00eddio<\/a>\n<\/div>\n<hr \/>\n<p><!-- banner meio--><\/p>\n<div><script async src=\"https:\/\/pagead2.googlesyndication.com\/pagead\/js\/adsbygoogle.js?client=ca-pub-3129804789748719\" crossorigin=\"anonymous\"><\/script><br \/>\n<!-- Banner quadrado responsivo --><br \/>\n<ins class=\"adsbygoogle\" style=\"display: block;\" data-ad-client=\"ca-pub-3129804789748719\" data-ad-slot=\"2076857862\" data-ad-format=\"auto\" data-full-width-responsive=\"true\"><\/ins><br \/>\n<script>\n     (adsbygoogle = window.adsbygoogle || []).push({});\n<\/script><\/div>\n<p><!-- banner meio responsivo --><\/p>\n<hr \/>\n<p><!-- RODAP\u00c9 DA NOTICIA --><\/p>\n<div><strong> Siga a coluna no <a href=\"https:\/\/www.facebook.com\/jornal2jn\" target=\"_blank\" rel=\"noopener\">Facebook<\/a> e no <a href=\"https:\/\/www.instagram.com\/jornal2dejulho\/\" target=\"_blank\" rel=\"noopener\">Instagram<\/a> para n\u00e3o perder nada.<\/strong><\/div>\n<p style=\"text-align: right;\"><em> por Reda\u00e7\u00e3o 2JN <\/em><\/p>\n<p><!--\n\nO 2 de Julho Noticias \u00e9 um Jornal Independente, pois n\u00e3o tem apoios Pol\u00edticos Partid\u00e1rios, de Prefeitura e nem de Comercio, e precisa de seu apoio, caso possa em assinar nosso Livro de Parceiros e Colaboradores.\nSua colabora\u00e7\u00e3o \u00e9 muito importante para nossa continuidade! Chave PIX EMAIL: parceiro@2dejulhonoticias.com.br\n\n--><\/p>\n<hr \/>\n<p><!-- banner meio responsivo--><br \/>\n<script async src=\"https:\/\/pagead2.googlesyndication.com\/pagead\/js\/adsbygoogle.js?client=ca-pub-3129804789748719\" crossorigin=\"anonymous\"><\/script><br \/>\n<!-- banner 728x90 2jn --><br \/>\n<ins class=\"adsbygoogle\" style=\"display: inline-block; width: 728px; height: 90px;\" data-ad-client=\"ca-pub-3129804789748719\" data-ad-slot=\"1383288950\"><\/ins><br \/>\n<script>\n     (adsbygoogle = window.adsbygoogle || []).push({});\n<\/script><\/p>\n<p style=\"text-align: justify;\"><span style=\"font-size: 14pt;\"><strong> LEIA TAMB\u00c9M <\/strong><\/span><\/p>\n<p><!-- banner meio responsivo--><br \/>\n<script async src=\"https:\/\/pagead2.googlesyndication.com\/pagead\/js\/adsbygoogle.js?client=ca-pub-3129804789748719\" crossorigin=\"anonymous\"><\/script><br \/>\n<!-- banner 728x90 2jn --><br \/>\n<ins class=\"adsbygoogle\" style=\"display: inline-block; width: 728px; height: 90px;\" data-ad-client=\"ca-pub-3129804789748719\" data-ad-slot=\"1383288950\"><\/ins><br \/>\n<script>\n     (adsbygoogle = window.adsbygoogle || []).push({});\n<\/script><br \/>\n<amp-ad width=\"100vw\" height=\"320\"\n     type=\"adsense\"\n     data-ad-client=\"ca-pub-3129804789748719\"\n     data-ad-slot=\"4367194841\"\n     data-auto-format=\"mcrspv\"\n     data-full-width=\"\"><\/p>\n<div overflow=\"\"><\/div>\n<p><\/amp-ad><br \/>\n<amp-ad\n     layout=\"fixed\"\n     width=\"728\"\n     height=\"90\"\n     type=\"adsense\"\n     data-ad-client=\"ca-pub-3129804789748719\"\n     data-ad-slot=\"1383288950\"><br \/>\n<\/amp-ad><\/p>\n","protected":false},"excerpt":{"rendered":"<p>Um casal foi encontrado morto dentro de uma resid\u00eancia no centro de Nova Vi\u00e7osa, no extremo sul do estado. O caso veio \u00e0 tona na noite desta quinta-feira (3) e est\u00e1 sendo investigado pelas autoridades. O homem, identificado como Zozimo Rodrigues Neto, conhecido como \u201cNeto Cabeleireiro\u201d, de 61 anos, foi localizado sem vida dentro do im\u00f3vel. Segundo informa\u00e7\u00f5es preliminares, ele teria sido encontrado enforcado. \ud83d\udcf1 SIGA PRA MAIS NOT\u00cdCIAS: entre na comunidade do 2JN no WhatsApp LEIA TAMB\u00c9M Durante a ocorr\u00eancia, as equipes tamb\u00e9m localizaram o corpo da companheira dele, Cec\u00edlia Concei\u00e7\u00e3o Gomes Rodrigues, de 53 anos, no interior da [&hellip;]<\/p>\n","protected":false},"author":1,"featured_media":42573,"comment_status":"closed","ping_status":"open","sticky":false,"template":"","format":"standard","meta":{"footnotes":""},"categories":[89,87],"tags":[2895,5623],"class_list":["post-42572","post","type-post","status-publish","format-standard","has-post-thumbnail","hentry","category-bahia","category-policia","tag-corpos-encontrados","tag-nova-vicosa-ba"],"yoast_head":"<!-- This site is optimized with the Yoast SEO Premium plugin v23.7 (Yoast SEO v27.7) - https:\/\/yoast.com\/product\/yoast-seo-premium-wordpress\/ -->\n<title>Casal \u00e9 encontrado morto dentro de casa em Nova Vi\u00e7osa; pol\u00edcia suspeita de feminic\u00eddio seguido de suic\u00eddio - 2 de Julho Not\u00edcias<\/title>\n<meta name=\"description\" content=\"Casal \u00e9 encontrado morto dentro de casa em Nova Vi\u00e7osa; pol\u00edcia suspeita de feminic\u00eddio seguido de suic\u00eddio\" \/>\n<meta name=\"robots\" content=\"index, follow, max-snippet:-1, max-image-preview:large, max-video-preview:-1\" \/>\n<link rel=\"canonical\" href=\"https:\/\/2dejulhonoticias.com.br\/2jn\/casal-e-encontrado-morto-dentro-de-casa-em-nova-vicosa-policia-suspeita-de-feminicidio-seguido-de-suicidio\/\" \/>\n<meta name=\"twitter:card\" content=\"summary_large_image\" \/>\n<meta name=\"twitter:title\" content=\"Casal \u00e9 encontrado morto dentro de casa em Nova Vi\u00e7osa; pol\u00edcia suspeita de feminic\u00eddio seguido de suic\u00eddio - 2 de Julho Not\u00edcias\" \/>\n<meta name=\"twitter:description\" content=\"Casal \u00e9 encontrado morto dentro de casa em Nova Vi\u00e7osa; pol\u00edcia suspeita de feminic\u00eddio seguido de suic\u00eddio\" \/>\n<meta name=\"twitter:image\" content=\"https:\/\/2dejulhonoticias.com.br\/2jn\/wp-content\/uploads\/2026\/09\/casal-mortos-em-nova-vicosa-ba.webp\" \/>\n<meta name=\"twitter:creator\" content=\"@2_julho\" \/>\n<meta name=\"twitter:site\" content=\"@2_julho\" \/>\n<meta name=\"twitter:label1\" content=\"Escrito por\" \/>\n\t<meta name=\"twitter:data1\" content=\"Reda\u00e7\u00e3o\" \/>\n\t<meta name=\"twitter:label2\" content=\"Est. tempo de leitura\" \/>\n\t<meta name=\"twitter:data2\" content=\"1 minuto\" \/>\n<script type=\"application\/ld+json\" class=\"yoast-schema-graph\">{\"@context\":\"https:\\\/\\\/schema.org\",\"@graph\":[{\"@type\":\"Article\",\"@id\":\"https:\\\/\\\/2dejulhonoticias.com.br\\\/2jn\\\/casal-e-encontrado-morto-dentro-de-casa-em-nova-vicosa-policia-suspeita-de-feminicidio-seguido-de-suicidio\\\/#article\",\"isPartOf\":{\"@id\":\"https:\\\/\\\/2dejulhonoticias.com.br\\\/2jn\\\/casal-e-encontrado-morto-dentro-de-casa-em-nova-vicosa-policia-suspeita-de-feminicidio-seguido-de-suicidio\\\/\"},\"author\":{\"name\":\"Reda\u00e7\u00e3o\",\"@id\":\"https:\\\/\\\/2dejulhonoticias.com.br\\\/2jn\\\/#\\\/schema\\\/person\\\/a61e2ab9ae920711c9622c249b03dc16\"},\"headline\":\"Casal \u00e9 encontrado morto dentro de casa em Nova Vi\u00e7osa; pol\u00edcia suspeita de feminic\u00eddio seguido de suic\u00eddio\",\"datePublished\":\"2026-09-04T11:46:45+00:00\",\"mainEntityOfPage\":{\"@id\":\"https:\\\/\\\/2dejulhonoticias.com.br\\\/2jn\\\/casal-e-encontrado-morto-dentro-de-casa-em-nova-vicosa-policia-suspeita-de-feminicidio-seguido-de-suicidio\\\/\"},\"wordCount\":317,\"publisher\":{\"@id\":\"https:\\\/\\\/2dejulhonoticias.com.br\\\/2jn\\\/#\\\/schema\\\/person\\\/a61e2ab9ae920711c9622c249b03dc16\"},\"image\":{\"@id\":\"https:\\\/\\\/2dejulhonoticias.com.br\\\/2jn\\\/casal-e-encontrado-morto-dentro-de-casa-em-nova-vicosa-policia-suspeita-de-feminicidio-seguido-de-suicidio\\\/#primaryimage\"},\"thumbnailUrl\":\"https:\\\/\\\/2dejulhonoticias.com.br\\\/2jn\\\/wp-content\\\/uploads\\\/2026\\\/09\\\/casal-mortos-em-nova-vicosa-ba.webp\",\"keywords\":[\"#corpos encontrados\",\"#Nova Vi\u00e7osa - Ba\"],\"articleSection\":[\"Bahia\",\"Policia\"],\"inLanguage\":\"pt-BR\"},{\"@type\":\"WebPage\",\"@id\":\"https:\\\/\\\/2dejulhonoticias.com.br\\\/2jn\\\/casal-e-encontrado-morto-dentro-de-casa-em-nova-vicosa-policia-suspeita-de-feminicidio-seguido-de-suicidio\\\/\",\"url\":\"https:\\\/\\\/2dejulhonoticias.com.br\\\/2jn\\\/casal-e-encontrado-morto-dentro-de-casa-em-nova-vicosa-policia-suspeita-de-feminicidio-seguido-de-suicidio\\\/\",\"name\":\"Casal \u00e9 encontrado morto dentro de casa em Nova Vi\u00e7osa; pol\u00edcia suspeita de feminic\u00eddio seguido de suic\u00eddio - 2 de Julho Not\u00edcias\",\"isPartOf\":{\"@id\":\"https:\\\/\\\/2dejulhonoticias.com.br\\\/2jn\\\/#website\"},\"primaryImageOfPage\":{\"@id\":\"https:\\\/\\\/2dejulhonoticias.com.br\\\/2jn\\\/casal-e-encontrado-morto-dentro-de-casa-em-nova-vicosa-policia-suspeita-de-feminicidio-seguido-de-suicidio\\\/#primaryimage\"},\"image\":{\"@id\":\"https:\\\/\\\/2dejulhonoticias.com.br\\\/2jn\\\/casal-e-encontrado-morto-dentro-de-casa-em-nova-vicosa-policia-suspeita-de-feminicidio-seguido-de-suicidio\\\/#primaryimage\"},\"thumbnailUrl\":\"https:\\\/\\\/2dejulhonoticias.com.br\\\/2jn\\\/wp-content\\\/uploads\\\/2026\\\/09\\\/casal-mortos-em-nova-vicosa-ba.webp\",\"datePublished\":\"2026-09-04T11:46:45+00:00\",\"description\":\"Casal \u00e9 encontrado morto dentro de casa em Nova Vi\u00e7osa; pol\u00edcia suspeita de feminic\u00eddio seguido de suic\u00eddio\",\"breadcrumb\":{\"@id\":\"https:\\\/\\\/2dejulhonoticias.com.br\\\/2jn\\\/casal-e-encontrado-morto-dentro-de-casa-em-nova-vicosa-policia-suspeita-de-feminicidio-seguido-de-suicidio\\\/#breadcrumb\"},\"inLanguage\":\"pt-BR\",\"potentialAction\":[{\"@type\":\"ReadAction\",\"target\":[\"https:\\\/\\\/2dejulhonoticias.com.br\\\/2jn\\\/casal-e-encontrado-morto-dentro-de-casa-em-nova-vicosa-policia-suspeita-de-feminicidio-seguido-de-suicidio\\\/\"]}]},{\"@type\":\"ImageObject\",\"inLanguage\":\"pt-BR\",\"@id\":\"https:\\\/\\\/2dejulhonoticias.com.br\\\/2jn\\\/casal-e-encontrado-morto-dentro-de-casa-em-nova-vicosa-policia-suspeita-de-feminicidio-seguido-de-suicidio\\\/#primaryimage\",\"url\":\"https:\\\/\\\/2dejulhonoticias.com.br\\\/2jn\\\/wp-content\\\/uploads\\\/2026\\\/09\\\/casal-mortos-em-nova-vicosa-ba.webp\",\"contentUrl\":\"https:\\\/\\\/2dejulhonoticias.com.br\\\/2jn\\\/wp-content\\\/uploads\\\/2026\\\/09\\\/casal-mortos-em-nova-vicosa-ba.webp\",\"width\":600,\"height\":400},{\"@type\":\"BreadcrumbList\",\"@id\":\"https:\\\/\\\/2dejulhonoticias.com.br\\\/2jn\\\/casal-e-encontrado-morto-dentro-de-casa-em-nova-vicosa-policia-suspeita-de-feminicidio-seguido-de-suicidio\\\/#breadcrumb\",\"itemListElement\":[{\"@type\":\"ListItem\",\"position\":1,\"name\":\"In\u00edcio\",\"item\":\"https:\\\/\\\/2dejulhonoticias.com.br\\\/2jn\\\/\"},{\"@type\":\"ListItem\",\"position\":2,\"name\":\"Casal \u00e9 encontrado morto dentro de casa em Nova Vi\u00e7osa; pol\u00edcia suspeita de feminic\u00eddio seguido de suic\u00eddio\"}]},{\"@type\":\"WebSite\",\"@id\":\"https:\\\/\\\/2dejulhonoticias.com.br\\\/2jn\\\/#website\",\"url\":\"https:\\\/\\\/2dejulhonoticias.com.br\\\/2jn\\\/\",\"name\":\"2 de Julho Noticias - A not\u00edcia ao seu alcance\",\"description\":\"Noticias sobre Politica, Policia,Esporte,Vida e Estilo, Sa\u00fade,Moda e Beleza,Mundo da Fama,Emprego e Concursos,Arte e Cultura,Cama\u00e7ari\",\"publisher\":{\"@id\":\"https:\\\/\\\/2dejulhonoticias.com.br\\\/2jn\\\/#\\\/schema\\\/person\\\/a61e2ab9ae920711c9622c249b03dc16\"},\"potentialAction\":[{\"@type\":\"SearchAction\",\"target\":{\"@type\":\"EntryPoint\",\"urlTemplate\":\"https:\\\/\\\/2dejulhonoticias.com.br\\\/2jn\\\/?s={search_term_string}\"},\"query-input\":{\"@type\":\"PropertyValueSpecification\",\"valueRequired\":true,\"valueName\":\"search_term_string\"}}],\"inLanguage\":\"pt-BR\"},{\"@type\":[\"Person\",\"Organization\"],\"@id\":\"https:\\\/\\\/2dejulhonoticias.com.br\\\/2jn\\\/#\\\/schema\\\/person\\\/a61e2ab9ae920711c9622c249b03dc16\",\"name\":\"Reda\u00e7\u00e3o\",\"image\":{\"@type\":\"ImageObject\",\"inLanguage\":\"pt-BR\",\"@id\":\"https:\\\/\\\/2dejulhonoticias.com.br\\\/2jn\\\/wp-content\\\/uploads\\\/2020\\\/11\\\/logo2dejulho.png\",\"url\":\"https:\\\/\\\/2dejulhonoticias.com.br\\\/2jn\\\/wp-content\\\/uploads\\\/2020\\\/11\\\/logo2dejulho.png\",\"contentUrl\":\"https:\\\/\\\/2dejulhonoticias.com.br\\\/2jn\\\/wp-content\\\/uploads\\\/2020\\\/11\\\/logo2dejulho.png\",\"width\":291,\"height\":96,\"caption\":\"Reda\u00e7\u00e3o\"},\"logo\":{\"@id\":\"https:\\\/\\\/2dejulhonoticias.com.br\\\/2jn\\\/wp-content\\\/uploads\\\/2020\\\/11\\\/logo2dejulho.png\"},\"sameAs\":[\"https:\\\/\\\/www.facebook.com\\\/J2deJulho\",\"https:\\\/\\\/www.instagram.com\\\/mirobaia\\\/\",\"https:\\\/\\\/www.linkedin.com\\\/in\\\/mirobaia\\\/\",\"https:\\\/\\\/x.com\\\/2_julho\",\"https:\\\/\\\/www.youtube.com\\\/c\\\/MiroBaia\"]}]}<\/script>\n<!-- \/ Yoast SEO Premium plugin. -->","yoast_head_json":{"title":"Casal \u00e9 encontrado morto dentro de casa em Nova Vi\u00e7osa; pol\u00edcia suspeita de feminic\u00eddio seguido de suic\u00eddio - 2 de Julho Not\u00edcias","description":"Casal \u00e9 encontrado morto dentro de casa em Nova Vi\u00e7osa; pol\u00edcia suspeita de feminic\u00eddio seguido de suic\u00eddio","robots":{"index":"index","follow":"follow","max-snippet":"max-snippet:-1","max-image-preview":"max-image-preview:large","max-video-preview":"max-video-preview:-1"},"canonical":"https:\/\/2dejulhonoticias.com.br\/2jn\/casal-e-encontrado-morto-dentro-de-casa-em-nova-vicosa-policia-suspeita-de-feminicidio-seguido-de-suicidio\/","twitter_card":"summary_large_image","twitter_title":"Casal \u00e9 encontrado morto dentro de casa em Nova Vi\u00e7osa; pol\u00edcia suspeita de feminic\u00eddio seguido de suic\u00eddio - 2 de Julho Not\u00edcias","twitter_description":"Casal \u00e9 encontrado morto dentro de casa em Nova Vi\u00e7osa; pol\u00edcia suspeita de feminic\u00eddio seguido de suic\u00eddio","twitter_image":"https:\/\/2dejulhonoticias.com.br\/2jn\/wp-content\/uploads\/2026\/09\/casal-mortos-em-nova-vicosa-ba.webp","twitter_creator":"@2_julho","twitter_site":"@2_julho","twitter_misc":{"Escrito por":"Reda\u00e7\u00e3o","Est. tempo de leitura":"1 minuto"},"schema":{"@context":"https:\/\/schema.org","@graph":[{"@type":"Article","@id":"https:\/\/2dejulhonoticias.com.br\/2jn\/casal-e-encontrado-morto-dentro-de-casa-em-nova-vicosa-policia-suspeita-de-feminicidio-seguido-de-suicidio\/#article","isPartOf":{"@id":"https:\/\/2dejulhonoticias.com.br\/2jn\/casal-e-encontrado-morto-dentro-de-casa-em-nova-vicosa-policia-suspeita-de-feminicidio-seguido-de-suicidio\/"},"author":{"name":"Reda\u00e7\u00e3o","@id":"https:\/\/2dejulhonoticias.com.br\/2jn\/#\/schema\/person\/a61e2ab9ae920711c9622c249b03dc16"},"headline":"Casal \u00e9 encontrado morto dentro de casa em Nova Vi\u00e7osa; pol\u00edcia suspeita de feminic\u00eddio seguido de suic\u00eddio","datePublished":"2026-09-04T11:46:45+00:00","mainEntityOfPage":{"@id":"https:\/\/2dejulhonoticias.com.br\/2jn\/casal-e-encontrado-morto-dentro-de-casa-em-nova-vicosa-policia-suspeita-de-feminicidio-seguido-de-suicidio\/"},"wordCount":317,"publisher":{"@id":"https:\/\/2dejulhonoticias.com.br\/2jn\/#\/schema\/person\/a61e2ab9ae920711c9622c249b03dc16"},"image":{"@id":"https:\/\/2dejulhonoticias.com.br\/2jn\/casal-e-encontrado-morto-dentro-de-casa-em-nova-vicosa-policia-suspeita-de-feminicidio-seguido-de-suicidio\/#primaryimage"},"thumbnailUrl":"https:\/\/2dejulhonoticias.com.br\/2jn\/wp-content\/uploads\/2026\/09\/casal-mortos-em-nova-vicosa-ba.webp","keywords":["#corpos encontrados","#Nova Vi\u00e7osa - Ba"],"articleSection":["Bahia","Policia"],"inLanguage":"pt-BR"},{"@type":"WebPage","@id":"https:\/\/2dejulhonoticias.com.br\/2jn\/casal-e-encontrado-morto-dentro-de-casa-em-nova-vicosa-policia-suspeita-de-feminicidio-seguido-de-suicidio\/","url":"https:\/\/2dejulhonoticias.com.br\/2jn\/casal-e-encontrado-morto-dentro-de-casa-em-nova-vicosa-policia-suspeita-de-feminicidio-seguido-de-suicidio\/","name":"Casal \u00e9 encontrado morto dentro de casa em Nova Vi\u00e7osa; pol\u00edcia suspeita de feminic\u00eddio seguido de suic\u00eddio - 2 de Julho Not\u00edcias","isPartOf":{"@id":"https:\/\/2dejulhonoticias.com.br\/2jn\/#website"},"primaryImageOfPage":{"@id":"https:\/\/2dejulhonoticias.com.br\/2jn\/casal-e-encontrado-morto-dentro-de-casa-em-nova-vicosa-policia-suspeita-de-feminicidio-seguido-de-suicidio\/#primaryimage"},"image":{"@id":"https:\/\/2dejulhonoticias.com.br\/2jn\/casal-e-encontrado-morto-dentro-de-casa-em-nova-vicosa-policia-suspeita-de-feminicidio-seguido-de-suicidio\/#primaryimage"},"thumbnailUrl":"https:\/\/2dejulhonoticias.com.br\/2jn\/wp-content\/uploads\/2026\/09\/casal-mortos-em-nova-vicosa-ba.webp","datePublished":"2026-09-04T11:46:45+00:00","description":"Casal \u00e9 encontrado morto dentro de casa em Nova Vi\u00e7osa; pol\u00edcia suspeita de feminic\u00eddio seguido de suic\u00eddio","breadcrumb":{"@id":"https:\/\/2dejulhonoticias.com.br\/2jn\/casal-e-encontrado-morto-dentro-de-casa-em-nova-vicosa-policia-suspeita-de-feminicidio-seguido-de-suicidio\/#breadcrumb"},"inLanguage":"pt-BR","potentialAction":[{"@type":"ReadAction","target":["https:\/\/2dejulhonoticias.com.br\/2jn\/casal-e-encontrado-morto-dentro-de-casa-em-nova-vicosa-policia-suspeita-de-feminicidio-seguido-de-suicidio\/"]}]},{"@type":"ImageObject","inLanguage":"pt-BR","@id":"https:\/\/2dejulhonoticias.com.br\/2jn\/casal-e-encontrado-morto-dentro-de-casa-em-nova-vicosa-policia-suspeita-de-feminicidio-seguido-de-suicidio\/#primaryimage","url":"https:\/\/2dejulhonoticias.com.br\/2jn\/wp-content\/uploads\/2026\/09\/casal-mortos-em-nova-vicosa-ba.webp","contentUrl":"https:\/\/2dejulhonoticias.com.br\/2jn\/wp-content\/uploads\/2026\/09\/casal-mortos-em-nova-vicosa-ba.webp","width":600,"height":400},{"@type":"BreadcrumbList","@id":"https:\/\/2dejulhonoticias.com.br\/2jn\/casal-e-encontrado-morto-dentro-de-casa-em-nova-vicosa-policia-suspeita-de-feminicidio-seguido-de-suicidio\/#breadcrumb","itemListElement":[{"@type":"ListItem","position":1,"name":"In\u00edcio","item":"https:\/\/2dejulhonoticias.com.br\/2jn\/"},{"@type":"ListItem","position":2,"name":"Casal \u00e9 encontrado morto dentro de casa em Nova Vi\u00e7osa; pol\u00edcia suspeita de feminic\u00eddio seguido de suic\u00eddio"}]},{"@type":"WebSite","@id":"https:\/\/2dejulhonoticias.com.br\/2jn\/#website","url":"https:\/\/2dejulhonoticias.com.br\/2jn\/","name":"2 de Julho Noticias - A not\u00edcia ao seu alcance","description":"Noticias sobre Politica, Policia,Esporte,Vida e Estilo, Sa\u00fade,Moda e Beleza,Mundo da Fama,Emprego e Concursos,Arte e Cultura,Cama\u00e7ari","publisher":{"@id":"https:\/\/2dejulhonoticias.com.br\/2jn\/#\/schema\/person\/a61e2ab9ae920711c9622c249b03dc16"},"potentialAction":[{"@type":"SearchAction","target":{"@type":"EntryPoint","urlTemplate":"https:\/\/2dejulhonoticias.com.br\/2jn\/?s={search_term_string}"},"query-input":{"@type":"PropertyValueSpecification","valueRequired":true,"valueName":"search_term_string"}}],"inLanguage":"pt-BR"},{"@type":["Person","Organization"],"@id":"https:\/\/2dejulhonoticias.com.br\/2jn\/#\/schema\/person\/a61e2ab9ae920711c9622c249b03dc16","name":"Reda\u00e7\u00e3o","image":{"@type":"ImageObject","inLanguage":"pt-BR","@id":"https:\/\/2dejulhonoticias.com.br\/2jn\/wp-content\/uploads\/2020\/11\/logo2dejulho.png","url":"https:\/\/2dejulhonoticias.com.br\/2jn\/wp-content\/uploads\/2020\/11\/logo2dejulho.png","contentUrl":"https:\/\/2dejulhonoticias.com.br\/2jn\/wp-content\/uploads\/2020\/11\/logo2dejulho.png","width":291,"height":96,"caption":"Reda\u00e7\u00e3o"},"logo":{"@id":"https:\/\/2dejulhonoticias.com.br\/2jn\/wp-content\/uploads\/2020\/11\/logo2dejulho.png"},"sameAs":["https:\/\/www.facebook.com\/J2deJulho","https:\/\/www.instagram.com\/mirobaia\/","https:\/\/www.linkedin.com\/in\/mirobaia\/","https:\/\/x.com\/2_julho","https:\/\/www.youtube.com\/c\/MiroBaia"]}]}},"_links":{"self":[{"href":"https:\/\/2dejulhonoticias.com.br\/2jn\/wp-json\/wp\/v2\/posts\/42572","targetHints":{"allow":["GET"]}}],"collection":[{"href":"https:\/\/2dejulhonoticias.com.br\/2jn\/wp-json\/wp\/v2\/posts"}],"about":[{"href":"https:\/\/2dejulhonoticias.com.br\/2jn\/wp-json\/wp\/v2\/types\/post"}],"author":[{"embeddable":true,"href":"https:\/\/2dejulhonoticias.com.br\/2jn\/wp-json\/wp\/v2\/users\/1"}],"replies":[{"embeddable":true,"href":"https:\/\/2dejulhonoticias.com.br\/2jn\/wp-json\/wp\/v2\/comments?post=42572"}],"version-history":[{"count":1,"href":"https:\/\/2dejulhonoticias.com.br\/2jn\/wp-json\/wp\/v2\/posts\/42572\/revisions"}],"predecessor-version":[{"id":42574,"href":"https:\/\/2dejulhonoticias.com.br\/2jn\/wp-json\/wp\/v2\/posts\/42572\/revisions\/42574"}],"wp:featuredmedia":[{"embeddable":true,"href":"https:\/\/2dejulhonoticias.com.br\/2jn\/wp-json\/wp\/v2\/media\/42573"}],"wp:attachment":[{"href":"https:\/\/2dejulhonoticias.com.br\/2jn\/wp-json\/wp\/v2\/media?parent=42572"}],"wp:term":[{"taxonomy":"category","embeddable":true,"href":"https:\/\/2dejulhonoticias.com.br\/2jn\/wp-json\/wp\/v2\/categories?post=42572"},{"taxonomy":"post_tag","embeddable":true,"href":"https:\/\/2dejulhonoticias.com.br\/2jn\/wp-json\/wp\/v2\/tags?post=42572"}],"curies":[{"name":"wp","href":"https:\/\/api.w.org\/{rel}","templated":true}]}}