{"id":42561,"date":"2026-09-04T08:10:54","date_gmt":"2026-09-04T11:10:54","guid":{"rendered":"https:\/\/2dejulhonoticias.com.br\/2jn\/?p=42561"},"modified":"2026-09-04T08:10:54","modified_gmt":"2026-09-04T11:10:54","slug":"balconista-sera-indenizada-em-r-30-mil-por-transfobia-apos-ser-tratada-no-masculino-por-gerente-em-salvador","status":"publish","type":"post","link":"https:\/\/2dejulhonoticias.com.br\/2jn\/balconista-sera-indenizada-em-r-30-mil-por-transfobia-apos-ser-tratada-no-masculino-por-gerente-em-salvador\/","title":{"rendered":"Balconista ser\u00e1 indenizada em R$ 30 mil por transfobia ap\u00f3s ser tratada no masculino por gerente em Salvador"},"content":{"rendered":"<div style=\"text-align: justify;\">\nUma balconista de Salvador ser\u00e1 indenizada em R$ 30 mil por danos morais ap\u00f3s sofrer transfobia no ambiente de trabalho. A mulher trans afirmou que era tratada reiteradamente no masculino pelo gerente da unidade onde trabalhava, mesmo ap\u00f3s reclamar da situa\u00e7\u00e3o.<\/p>\n<p>A decis\u00e3o \u00e9 da Segunda Turma do Tribunal Regional do Trabalho da Bahia (TRT-BA), que tamb\u00e9m manteve o reconhecimento da rescis\u00e3o indireta do contrato de trabalho. Ainda cabe recurso.<\/p>\n<p>O caso envolve a empresa Almacen Pepe. O g1 entrou em contato com a assessoria de comunica\u00e7\u00e3o do estabelecimento, mas n\u00e3o obteve retorno at\u00e9 a \u00faltima atualiza\u00e7\u00e3o desta reportagem.<\/p>\n<p>Segundo o relato apresentado \u00e0 Justi\u00e7a do Trabalho, a trabalhadora era chamada pelo masculino pelo gerente e decidiu pedir demiss\u00e3o ap\u00f3s a situa\u00e7\u00e3o continuar mesmo depois de ela demonstrar inc\u00f4modo.<\/p>\n<p>Na a\u00e7\u00e3o, a balconista pediu que o pedido de demiss\u00e3o fosse convertido em rescis\u00e3o indireta, modalidade que ocorre quando uma falta grave do empregador torna insustent\u00e1vel a continuidade da rela\u00e7\u00e3o de trabalho. Ela tamb\u00e9m solicitou indeniza\u00e7\u00e3o por danos morais.<\/p>\n<p>Na primeira decis\u00e3o, da 12\u00aa Vara do Trabalho de Salvador, o juiz considerou que a empresa foi omissa diante do tratamento discriminat\u00f3rio. Para o magistrado, a situa\u00e7\u00e3o configurou falta grave suficiente para inviabilizar a continuidade do v\u00ednculo empregat\u00edcio.<\/p>\n<p>Com isso, o pedido de demiss\u00e3o foi considerado nulo e convertido em rescis\u00e3o indireta, com efeitos semelhantes aos de uma demiss\u00e3o sem justa causa. Na senten\u00e7a, a indeniza\u00e7\u00e3o por danos morais foi fixada em R$ 10 mil.<\/p>\n<p>As duas partes recorreram e a balconista pediu o aumento do valor da indeniza\u00e7\u00e3o, enquanto a empresa negou que tivesse havido inten\u00e7\u00e3o de humilhar, perseguir ou discriminar a trabalhadora.<\/p>\n<p>No recurso, a empresa alegou que os epis\u00f3dios teriam sido apenas \u201clapsos ocasionais no uso do g\u00eanero masculino\u201d, atribu\u00eddos \u00e0 exist\u00eancia do nome de registro nos sistemas oficiais e ao nome social utilizado pela funcion\u00e1ria.<\/p>\n<p>\ud83d\udcf1 <a href=\"https:\/\/chat.whatsapp.com\/L8KSLsjENzl5HrgtytuzCL\"> SIGA PRA MAIS NOT\u00cdCIAS: entre na comunidade do 2JN no WhatsApp<\/a>\n<\/div>\n<div>\n<!-- GoogleAdsense --><\/p>\n<p style=\"text-align: justify;\"><span style=\"font-size: 14pt;\"><strong> LEIA TAMB\u00c9M <\/strong><\/span><\/p>\n<p><script async src=\"https:\/\/pagead2.googlesyndication.com\/pagead\/js\/adsbygoogle.js?client=ca-pub-3129804789748719\" crossorigin=\"anonymous\"><\/script><br \/>\n<!-- Anuncio horizontal responsivo --><br \/>\n<ins class=\"adsbygoogle\" style=\"display: block;\" data-ad-client=\"ca-pub-3129804789748719\" data-ad-slot=\"1473312501\" data-ad-format=\"auto\" data-full-width-responsive=\"true\"><\/ins><br \/>\n<script>\n     (adsbygoogle = window.adsbygoogle || []).push({});\n<\/script>\n<\/div>\n<div style=\"text-align: justify;\">\n<div class=\"related bk-inline-post-box alignleft\" style=\"color: #fcfcfc; background-color: #fac8c8;\"><ul class=\"list-small-post row\"><li class=\"small-post content_out clearfix\">                        <div class=\"small-thumbnail-wrapper\">\n                <div class=\"thumb hide-thumb term-89\"><a href=\"https:\/\/2dejulhonoticias.com.br\/2jn\/casal-e-encontrado-morto-dentro-de-casa-em-nova-vicosa-policia-suspeita-de-feminicidio-seguido-de-suicidio\/\"><img decoding=\"async\" width=\"90\" height=\"65\" src=\"https:\/\/2dejulhonoticias.com.br\/2jn\/wp-content\/uploads\/2026\/09\/casal-mortos-em-nova-vicosa-ba-90x65.webp\" class=\"attachment-rubik-90-65 size-rubik-90-65 wp-post-image\" alt=\"\" \/><div class=\"rubik-post-icon-wrap\"><\/div><\/a> <!-- close a tag --><\/div> <!-- close thumb -->            <\/div>\n                        <div class=\"post-c-wrap\">\n                                \n                <h4 class=\"title\"><a class=\"term-89\" href=\"https:\/\/2dejulhonoticias.com.br\/2jn\/casal-e-encontrado-morto-dentro-de-casa-em-nova-vicosa-policia-suspeita-de-feminicidio-seguido-de-suicidio\/\">Casal \u00e9 encontrado morto dentro de casa em Nova Vi\u00e7osa; pol\u00edcia suspeita de feminic\u00eddio seguido ...<\/a><\/h4>                <div class=\"meta\"><div class=\"post-date\">4 de setembro de 2026<\/div><\/div> \n            <\/div>\n            <\/li><!-- End post --><li class=\"small-post content_out clearfix\">                        <div class=\"small-thumbnail-wrapper\">\n                <div class=\"thumb hide-thumb term-89\"><a href=\"https:\/\/2dejulhonoticias.com.br\/2jn\/tragedia-motorista-morre-apos-carreta-bater-de-frente-com-outra-na-br-101-em-itabela-na-bahia\/\"><img decoding=\"async\" width=\"90\" height=\"65\" src=\"https:\/\/2dejulhonoticias.com.br\/2jn\/wp-content\/uploads\/2026\/09\/acidente-na-BR-101-itabela-90x65.webp\" class=\"attachment-rubik-90-65 size-rubik-90-65 wp-post-image\" alt=\"\" \/><div class=\"rubik-post-icon-wrap\"><\/div><\/a> <!-- close a tag --><\/div> <!-- close thumb -->            <\/div>\n                        <div class=\"post-c-wrap\">\n                                \n                <h4 class=\"title\"><a class=\"term-89\" href=\"https:\/\/2dejulhonoticias.com.br\/2jn\/tragedia-motorista-morre-apos-carreta-bater-de-frente-com-outra-na-br-101-em-itabela-na-bahia\/\">TRAG\u00c9DIA! Motorista morre ap\u00f3s carreta bater de frente com outra na BR-101 em Itabela na ...<\/a><\/h4>                <div class=\"meta\"><div class=\"post-date\">4 de setembro de 2026<\/div><\/div> \n            <\/div>\n            <\/li><!-- End post --><li class=\"small-post content_out clearfix\">                        <div class=\"small-thumbnail-wrapper\">\n                <div class=\"thumb hide-thumb term-89\"><a href=\"https:\/\/2dejulhonoticias.com.br\/2jn\/sete-pessoas-sao-presas-em-operacao-contra-grupo-que-fazia-delivery-de-drogas-em-feira-de-santana-na-bahia-nesta-sexta-feira-4\/\"><img decoding=\"async\" width=\"90\" height=\"65\" src=\"https:\/\/2dejulhonoticias.com.br\/2jn\/wp-content\/uploads\/2026\/09\/Operacao-Linha-Sombria-90x65.webp\" class=\"attachment-rubik-90-65 size-rubik-90-65 wp-post-image\" alt=\"\" \/><div class=\"rubik-post-icon-wrap\"><\/div><\/a> <!-- close a tag --><\/div> <!-- close thumb -->            <\/div>\n                        <div class=\"post-c-wrap\">\n                                \n                <h4 class=\"title\"><a class=\"term-89\" href=\"https:\/\/2dejulhonoticias.com.br\/2jn\/sete-pessoas-sao-presas-em-operacao-contra-grupo-que-fazia-delivery-de-drogas-em-feira-de-santana-na-bahia-nesta-sexta-feira-4\/\">Sete pessoas s\u00e3o presas em opera\u00e7\u00e3o contra grupo que fazia \u2018delivery\u2019 de drogas em Feira ...<\/a><\/h4>                <div class=\"meta\"><div class=\"post-date\">4 de setembro de 2026<\/div><\/div> \n            <\/div>\n            <\/li><!-- End post --><\/ul> <!-- End list-post --><\/div><br \/>\nO recurso foi julgado pela Segunda Turma do TRT-BA, sob relatoria do desembargador Esequias Oliveira.<\/p>\n<p>Ao analisar o caso, o relator afirmou que a transfobia est\u00e1 relacionada \u00e0 identidade de g\u00eanero e \u00e0 forma como a pessoa se apresenta, se reconhece e deseja ser reconhecida socialmente.<\/p>\n<p>Segundo o desembargador, atos de discrimina\u00e7\u00e3o e preconceito baseados na identidade de g\u00eanero n\u00e3o podem ser tratados como \u201cbrincadeiras\u201d ou simples imprecis\u00f5es lingu\u00edsticas, principalmente quando ocorrem de maneira reiterada em uma rela\u00e7\u00e3o marcada pela subordina\u00e7\u00e3o entre empregado e empregador.<\/p>\n<p>O relator tamb\u00e9m destacou a vulnerabilidade social enfrentada por pessoas trans e citou princ\u00edpios constitucionais relacionados \u00e0 dignidade da pessoa humana, \u00e0 igualdade e \u00e0 promo\u00e7\u00e3o do bem de todos.<\/p>\n<p>Uma testemunha ouvida no processo confirmou que a balconista era chamada no masculino de forma reiterada. De acordo com o voto do relator, a empresa tamb\u00e9m n\u00e3o conseguiu demonstrar que os epis\u00f3dios n\u00e3o ocorreram ou que adotou medidas para impedir a continuidade da situa\u00e7\u00e3o.<\/p>\n<p>Outro ponto considerado pelo TRT-BA foi o uso do nome social nos contracheques apresentados pela pr\u00f3pria empresa. Para o desembargador, a documenta\u00e7\u00e3o demonstrava que a empresa tinha conhecimento do nome feminino utilizado pela trabalhadora.<\/p>\n<p>No voto, o desembargador afirmou que a justificativa apresentada pela empresa sobre uma suposta confus\u00e3o entre o nome de registro e o nome social \u201cbeira o esc\u00e1rnio e a goza\u00e7\u00e3o com este \u00f3rg\u00e3o jurisdicional\u201d, por contrariar os pr\u00f3prios documentos apresentados no processo.<\/p>\n<p>Por esses motivos, a Segunda Turma do TRT-BA decidiu aumentar de R$ 10 mil para R$ 30 mil o valor da indeniza\u00e7\u00e3o por danos morais. A decis\u00e3o ainda n\u00e3o \u00e9 definitiva e pode ser contestada por meio de recurso.\n<\/p><\/div>\n<hr \/>\n<p><!-- banner meio--><\/p>\n<div><script async src=\"https:\/\/pagead2.googlesyndication.com\/pagead\/js\/adsbygoogle.js?client=ca-pub-3129804789748719\" crossorigin=\"anonymous\"><\/script><br \/>\n<!-- Banner quadrado responsivo --><br \/>\n<ins class=\"adsbygoogle\" style=\"display: block;\" data-ad-client=\"ca-pub-3129804789748719\" data-ad-slot=\"2076857862\" data-ad-format=\"auto\" data-full-width-responsive=\"true\"><\/ins><br \/>\n<script>\n     (adsbygoogle = window.adsbygoogle || []).push({});\n<\/script><\/div>\n<p><!-- banner meio responsivo --><\/p>\n<hr \/>\n<p><!-- RODAP\u00c9 DA NOTICIA --><\/p>\n<div><strong> Siga a coluna no <a href=\"https:\/\/www.facebook.com\/jornal2jn\" target=\"_blank\" rel=\"noopener\">Facebook<\/a> e no <a href=\"https:\/\/www.instagram.com\/jornal2dejulho\/\" target=\"_blank\" rel=\"noopener\">Instagram<\/a> para n\u00e3o perder nada.<\/strong><\/div>\n<p style=\"text-align: right;\"><em> por Reda\u00e7\u00e3o 2JN &#8211; g1 ba<\/em><\/p>\n<p><!--\n\nO 2 de Julho Noticias \u00e9 um Jornal Independente, pois n\u00e3o tem apoios Pol\u00edticos Partid\u00e1rios, de Prefeitura e nem de Comercio, e precisa de seu apoio, caso possa em assinar nosso Livro de Parceiros e Colaboradores.\nSua colabora\u00e7\u00e3o \u00e9 muito importante para nossa continuidade! Chave PIX EMAIL: parceiro@2dejulhonoticias.com.br\n\n--><\/p>\n<hr \/>\n<p><!-- banner meio responsivo--><br \/>\n<script async src=\"https:\/\/pagead2.googlesyndication.com\/pagead\/js\/adsbygoogle.js?client=ca-pub-3129804789748719\" crossorigin=\"anonymous\"><\/script><br \/>\n<!-- banner 728x90 2jn --><br \/>\n<ins class=\"adsbygoogle\" style=\"display: inline-block; width: 728px; height: 90px;\" data-ad-client=\"ca-pub-3129804789748719\" data-ad-slot=\"1383288950\"><\/ins><br \/>\n<script>\n     (adsbygoogle = window.adsbygoogle || []).push({});\n<\/script><\/p>\n<p style=\"text-align: justify;\"><span style=\"font-size: 14pt;\"><strong> LEIA TAMB\u00c9M <\/strong><\/span><\/p>\n<p><!-- banner meio responsivo--><br \/>\n<script async src=\"https:\/\/pagead2.googlesyndication.com\/pagead\/js\/adsbygoogle.js?client=ca-pub-3129804789748719\" crossorigin=\"anonymous\"><\/script><br \/>\n<!-- banner 728x90 2jn --><br \/>\n<ins class=\"adsbygoogle\" style=\"display: inline-block; width: 728px; height: 90px;\" data-ad-client=\"ca-pub-3129804789748719\" data-ad-slot=\"1383288950\"><\/ins><br \/>\n<script>\n     (adsbygoogle = window.adsbygoogle || []).push({});\n<\/script><br \/>\n<amp-ad width=\"100vw\" height=\"320\"\n     type=\"adsense\"\n     data-ad-client=\"ca-pub-3129804789748719\"\n     data-ad-slot=\"4367194841\"\n     data-auto-format=\"mcrspv\"\n     data-full-width=\"\"><\/p>\n<div overflow=\"\"><\/div>\n<p><\/amp-ad><br \/>\n<amp-ad\n     layout=\"fixed\"\n     width=\"728\"\n     height=\"90\"\n     type=\"adsense\"\n     data-ad-client=\"ca-pub-3129804789748719\"\n     data-ad-slot=\"1383288950\"><br \/>\n<\/amp-ad><\/p>\n","protected":false},"excerpt":{"rendered":"<p>Uma balconista de Salvador ser\u00e1 indenizada em R$ 30 mil por danos morais ap\u00f3s sofrer transfobia no ambiente de trabalho. A mulher trans afirmou que era tratada reiteradamente no masculino pelo gerente da unidade onde trabalhava, mesmo ap\u00f3s reclamar da situa\u00e7\u00e3o. A decis\u00e3o \u00e9 da Segunda Turma do Tribunal Regional do Trabalho da Bahia (TRT-BA), que tamb\u00e9m manteve o reconhecimento da rescis\u00e3o indireta do contrato de trabalho. Ainda cabe recurso. O caso envolve a empresa Almacen Pepe. O g1 entrou em contato com a assessoria de comunica\u00e7\u00e3o do estabelecimento, mas n\u00e3o obteve retorno at\u00e9 a \u00faltima atualiza\u00e7\u00e3o desta reportagem. Segundo [&hellip;]<\/p>\n","protected":false},"author":1,"featured_media":26687,"comment_status":"closed","ping_status":"open","sticky":false,"template":"","format":"standard","meta":{"footnotes":""},"categories":[89,81,80],"tags":[1035,446,1534,1036],"class_list":["post-42561","post","type-post","status-publish","format-standard","has-post-thumbnail","hentry","category-bahia","category-politica","category-salvador","tag-justica-do-trabalho","tag-preconceito","tag-transfobia","tag-trt-ba"],"yoast_head":"<!-- This site is optimized with the Yoast SEO Premium plugin v23.7 (Yoast SEO v27.7) - https:\/\/yoast.com\/product\/yoast-seo-premium-wordpress\/ -->\n<title>Balconista ser\u00e1 indenizada em R$ 30 mil por transfobia ap\u00f3s ser tratada no masculino por gerente em Salvador - 2 de Julho Not\u00edcias<\/title>\n<meta name=\"description\" content=\"Balconista ser\u00e1 indenizada em R$ 30 mil por transfobia ap\u00f3s ser tratada no masculino por gerente em Salvador\" \/>\n<meta name=\"robots\" content=\"index, follow, max-snippet:-1, max-image-preview:large, max-video-preview:-1\" \/>\n<link rel=\"canonical\" href=\"https:\/\/2dejulhonoticias.com.br\/2jn\/balconista-sera-indenizada-em-r-30-mil-por-transfobia-apos-ser-tratada-no-masculino-por-gerente-em-salvador\/\" \/>\n<meta name=\"twitter:card\" content=\"summary_large_image\" \/>\n<meta name=\"twitter:title\" content=\"Balconista ser\u00e1 indenizada em R$ 30 mil por transfobia ap\u00f3s ser tratada no masculino por gerente em Salvador - 2 de Julho Not\u00edcias\" \/>\n<meta name=\"twitter:description\" content=\"Balconista ser\u00e1 indenizada em R$ 30 mil por transfobia ap\u00f3s ser tratada no masculino por gerente em Salvador\" \/>\n<meta name=\"twitter:image\" content=\"https:\/\/2dejulhonoticias.com.br\/2jn\/wp-content\/uploads\/2024\/07\/trt-ba.webp\" \/>\n<meta name=\"twitter:creator\" content=\"@2_julho\" \/>\n<meta name=\"twitter:site\" content=\"@2_julho\" \/>\n<meta name=\"twitter:label1\" content=\"Escrito por\" \/>\n\t<meta name=\"twitter:data1\" content=\"Reda\u00e7\u00e3o\" \/>\n\t<meta name=\"twitter:label2\" content=\"Est. tempo de leitura\" \/>\n\t<meta name=\"twitter:data2\" content=\"1 minuto\" \/>\n<script type=\"application\/ld+json\" class=\"yoast-schema-graph\">{\"@context\":\"https:\\\/\\\/schema.org\",\"@graph\":[{\"@type\":\"Article\",\"@id\":\"https:\\\/\\\/2dejulhonoticias.com.br\\\/2jn\\\/balconista-sera-indenizada-em-r-30-mil-por-transfobia-apos-ser-tratada-no-masculino-por-gerente-em-salvador\\\/#article\",\"isPartOf\":{\"@id\":\"https:\\\/\\\/2dejulhonoticias.com.br\\\/2jn\\\/balconista-sera-indenizada-em-r-30-mil-por-transfobia-apos-ser-tratada-no-masculino-por-gerente-em-salvador\\\/\"},\"author\":{\"name\":\"Reda\u00e7\u00e3o\",\"@id\":\"https:\\\/\\\/2dejulhonoticias.com.br\\\/2jn\\\/#\\\/schema\\\/person\\\/a61e2ab9ae920711c9622c249b03dc16\"},\"headline\":\"Balconista ser\u00e1 indenizada em R$ 30 mil por transfobia ap\u00f3s ser tratada no masculino por gerente em Salvador\",\"datePublished\":\"2026-09-04T11:10:54+00:00\",\"mainEntityOfPage\":{\"@id\":\"https:\\\/\\\/2dejulhonoticias.com.br\\\/2jn\\\/balconista-sera-indenizada-em-r-30-mil-por-transfobia-apos-ser-tratada-no-masculino-por-gerente-em-salvador\\\/\"},\"wordCount\":702,\"publisher\":{\"@id\":\"https:\\\/\\\/2dejulhonoticias.com.br\\\/2jn\\\/#\\\/schema\\\/person\\\/a61e2ab9ae920711c9622c249b03dc16\"},\"image\":{\"@id\":\"https:\\\/\\\/2dejulhonoticias.com.br\\\/2jn\\\/balconista-sera-indenizada-em-r-30-mil-por-transfobia-apos-ser-tratada-no-masculino-por-gerente-em-salvador\\\/#primaryimage\"},\"thumbnailUrl\":\"https:\\\/\\\/2dejulhonoticias.com.br\\\/2jn\\\/wp-content\\\/uploads\\\/2024\\\/07\\\/trt-ba.webp\",\"keywords\":[\"Justi\u00e7a do Trabalho\",\"Preconceito\",\"Transfobia\",\"TRT-Ba\"],\"articleSection\":[\"Bahia\",\"Politica\",\"Salvador\"],\"inLanguage\":\"pt-BR\"},{\"@type\":\"WebPage\",\"@id\":\"https:\\\/\\\/2dejulhonoticias.com.br\\\/2jn\\\/balconista-sera-indenizada-em-r-30-mil-por-transfobia-apos-ser-tratada-no-masculino-por-gerente-em-salvador\\\/\",\"url\":\"https:\\\/\\\/2dejulhonoticias.com.br\\\/2jn\\\/balconista-sera-indenizada-em-r-30-mil-por-transfobia-apos-ser-tratada-no-masculino-por-gerente-em-salvador\\\/\",\"name\":\"Balconista ser\u00e1 indenizada em R$ 30 mil por transfobia ap\u00f3s ser tratada no masculino por gerente em Salvador - 2 de Julho Not\u00edcias\",\"isPartOf\":{\"@id\":\"https:\\\/\\\/2dejulhonoticias.com.br\\\/2jn\\\/#website\"},\"primaryImageOfPage\":{\"@id\":\"https:\\\/\\\/2dejulhonoticias.com.br\\\/2jn\\\/balconista-sera-indenizada-em-r-30-mil-por-transfobia-apos-ser-tratada-no-masculino-por-gerente-em-salvador\\\/#primaryimage\"},\"image\":{\"@id\":\"https:\\\/\\\/2dejulhonoticias.com.br\\\/2jn\\\/balconista-sera-indenizada-em-r-30-mil-por-transfobia-apos-ser-tratada-no-masculino-por-gerente-em-salvador\\\/#primaryimage\"},\"thumbnailUrl\":\"https:\\\/\\\/2dejulhonoticias.com.br\\\/2jn\\\/wp-content\\\/uploads\\\/2024\\\/07\\\/trt-ba.webp\",\"datePublished\":\"2026-09-04T11:10:54+00:00\",\"description\":\"Balconista ser\u00e1 indenizada em R$ 30 mil por transfobia ap\u00f3s ser tratada no masculino por gerente em Salvador\",\"breadcrumb\":{\"@id\":\"https:\\\/\\\/2dejulhonoticias.com.br\\\/2jn\\\/balconista-sera-indenizada-em-r-30-mil-por-transfobia-apos-ser-tratada-no-masculino-por-gerente-em-salvador\\\/#breadcrumb\"},\"inLanguage\":\"pt-BR\",\"potentialAction\":[{\"@type\":\"ReadAction\",\"target\":[\"https:\\\/\\\/2dejulhonoticias.com.br\\\/2jn\\\/balconista-sera-indenizada-em-r-30-mil-por-transfobia-apos-ser-tratada-no-masculino-por-gerente-em-salvador\\\/\"]}]},{\"@type\":\"ImageObject\",\"inLanguage\":\"pt-BR\",\"@id\":\"https:\\\/\\\/2dejulhonoticias.com.br\\\/2jn\\\/balconista-sera-indenizada-em-r-30-mil-por-transfobia-apos-ser-tratada-no-masculino-por-gerente-em-salvador\\\/#primaryimage\",\"url\":\"https:\\\/\\\/2dejulhonoticias.com.br\\\/2jn\\\/wp-content\\\/uploads\\\/2024\\\/07\\\/trt-ba.webp\",\"contentUrl\":\"https:\\\/\\\/2dejulhonoticias.com.br\\\/2jn\\\/wp-content\\\/uploads\\\/2024\\\/07\\\/trt-ba.webp\",\"width\":600,\"height\":376},{\"@type\":\"BreadcrumbList\",\"@id\":\"https:\\\/\\\/2dejulhonoticias.com.br\\\/2jn\\\/balconista-sera-indenizada-em-r-30-mil-por-transfobia-apos-ser-tratada-no-masculino-por-gerente-em-salvador\\\/#breadcrumb\",\"itemListElement\":[{\"@type\":\"ListItem\",\"position\":1,\"name\":\"In\u00edcio\",\"item\":\"https:\\\/\\\/2dejulhonoticias.com.br\\\/2jn\\\/\"},{\"@type\":\"ListItem\",\"position\":2,\"name\":\"Balconista ser\u00e1 indenizada em R$ 30 mil por transfobia ap\u00f3s ser tratada no masculino por gerente em Salvador\"}]},{\"@type\":\"WebSite\",\"@id\":\"https:\\\/\\\/2dejulhonoticias.com.br\\\/2jn\\\/#website\",\"url\":\"https:\\\/\\\/2dejulhonoticias.com.br\\\/2jn\\\/\",\"name\":\"2 de Julho Noticias - A not\u00edcia ao seu alcance\",\"description\":\"Noticias sobre Politica, Policia,Esporte,Vida e Estilo, Sa\u00fade,Moda e Beleza,Mundo da Fama,Emprego e Concursos,Arte e Cultura,Cama\u00e7ari\",\"publisher\":{\"@id\":\"https:\\\/\\\/2dejulhonoticias.com.br\\\/2jn\\\/#\\\/schema\\\/person\\\/a61e2ab9ae920711c9622c249b03dc16\"},\"potentialAction\":[{\"@type\":\"SearchAction\",\"target\":{\"@type\":\"EntryPoint\",\"urlTemplate\":\"https:\\\/\\\/2dejulhonoticias.com.br\\\/2jn\\\/?s={search_term_string}\"},\"query-input\":{\"@type\":\"PropertyValueSpecification\",\"valueRequired\":true,\"valueName\":\"search_term_string\"}}],\"inLanguage\":\"pt-BR\"},{\"@type\":[\"Person\",\"Organization\"],\"@id\":\"https:\\\/\\\/2dejulhonoticias.com.br\\\/2jn\\\/#\\\/schema\\\/person\\\/a61e2ab9ae920711c9622c249b03dc16\",\"name\":\"Reda\u00e7\u00e3o\",\"image\":{\"@type\":\"ImageObject\",\"inLanguage\":\"pt-BR\",\"@id\":\"https:\\\/\\\/2dejulhonoticias.com.br\\\/2jn\\\/wp-content\\\/uploads\\\/2020\\\/11\\\/logo2dejulho.png\",\"url\":\"https:\\\/\\\/2dejulhonoticias.com.br\\\/2jn\\\/wp-content\\\/uploads\\\/2020\\\/11\\\/logo2dejulho.png\",\"contentUrl\":\"https:\\\/\\\/2dejulhonoticias.com.br\\\/2jn\\\/wp-content\\\/uploads\\\/2020\\\/11\\\/logo2dejulho.png\",\"width\":291,\"height\":96,\"caption\":\"Reda\u00e7\u00e3o\"},\"logo\":{\"@id\":\"https:\\\/\\\/2dejulhonoticias.com.br\\\/2jn\\\/wp-content\\\/uploads\\\/2020\\\/11\\\/logo2dejulho.png\"},\"sameAs\":[\"https:\\\/\\\/www.facebook.com\\\/J2deJulho\",\"https:\\\/\\\/www.instagram.com\\\/mirobaia\\\/\",\"https:\\\/\\\/www.linkedin.com\\\/in\\\/mirobaia\\\/\",\"https:\\\/\\\/x.com\\\/2_julho\",\"https:\\\/\\\/www.youtube.com\\\/c\\\/MiroBaia\"]}]}<\/script>\n<!-- \/ Yoast SEO Premium plugin. -->","yoast_head_json":{"title":"Balconista ser\u00e1 indenizada em R$ 30 mil por transfobia ap\u00f3s ser tratada no masculino por gerente em Salvador - 2 de Julho Not\u00edcias","description":"Balconista ser\u00e1 indenizada em R$ 30 mil por transfobia ap\u00f3s ser tratada no masculino por gerente em Salvador","robots":{"index":"index","follow":"follow","max-snippet":"max-snippet:-1","max-image-preview":"max-image-preview:large","max-video-preview":"max-video-preview:-1"},"canonical":"https:\/\/2dejulhonoticias.com.br\/2jn\/balconista-sera-indenizada-em-r-30-mil-por-transfobia-apos-ser-tratada-no-masculino-por-gerente-em-salvador\/","twitter_card":"summary_large_image","twitter_title":"Balconista ser\u00e1 indenizada em R$ 30 mil por transfobia ap\u00f3s ser tratada no masculino por gerente em Salvador - 2 de Julho Not\u00edcias","twitter_description":"Balconista ser\u00e1 indenizada em R$ 30 mil por transfobia ap\u00f3s ser tratada no masculino por gerente em Salvador","twitter_image":"https:\/\/2dejulhonoticias.com.br\/2jn\/wp-content\/uploads\/2024\/07\/trt-ba.webp","twitter_creator":"@2_julho","twitter_site":"@2_julho","twitter_misc":{"Escrito por":"Reda\u00e7\u00e3o","Est. tempo de leitura":"1 minuto"},"schema":{"@context":"https:\/\/schema.org","@graph":[{"@type":"Article","@id":"https:\/\/2dejulhonoticias.com.br\/2jn\/balconista-sera-indenizada-em-r-30-mil-por-transfobia-apos-ser-tratada-no-masculino-por-gerente-em-salvador\/#article","isPartOf":{"@id":"https:\/\/2dejulhonoticias.com.br\/2jn\/balconista-sera-indenizada-em-r-30-mil-por-transfobia-apos-ser-tratada-no-masculino-por-gerente-em-salvador\/"},"author":{"name":"Reda\u00e7\u00e3o","@id":"https:\/\/2dejulhonoticias.com.br\/2jn\/#\/schema\/person\/a61e2ab9ae920711c9622c249b03dc16"},"headline":"Balconista ser\u00e1 indenizada em R$ 30 mil por transfobia ap\u00f3s ser tratada no masculino por gerente em Salvador","datePublished":"2026-09-04T11:10:54+00:00","mainEntityOfPage":{"@id":"https:\/\/2dejulhonoticias.com.br\/2jn\/balconista-sera-indenizada-em-r-30-mil-por-transfobia-apos-ser-tratada-no-masculino-por-gerente-em-salvador\/"},"wordCount":702,"publisher":{"@id":"https:\/\/2dejulhonoticias.com.br\/2jn\/#\/schema\/person\/a61e2ab9ae920711c9622c249b03dc16"},"image":{"@id":"https:\/\/2dejulhonoticias.com.br\/2jn\/balconista-sera-indenizada-em-r-30-mil-por-transfobia-apos-ser-tratada-no-masculino-por-gerente-em-salvador\/#primaryimage"},"thumbnailUrl":"https:\/\/2dejulhonoticias.com.br\/2jn\/wp-content\/uploads\/2024\/07\/trt-ba.webp","keywords":["Justi\u00e7a do Trabalho","Preconceito","Transfobia","TRT-Ba"],"articleSection":["Bahia","Politica","Salvador"],"inLanguage":"pt-BR"},{"@type":"WebPage","@id":"https:\/\/2dejulhonoticias.com.br\/2jn\/balconista-sera-indenizada-em-r-30-mil-por-transfobia-apos-ser-tratada-no-masculino-por-gerente-em-salvador\/","url":"https:\/\/2dejulhonoticias.com.br\/2jn\/balconista-sera-indenizada-em-r-30-mil-por-transfobia-apos-ser-tratada-no-masculino-por-gerente-em-salvador\/","name":"Balconista ser\u00e1 indenizada em R$ 30 mil por transfobia ap\u00f3s ser tratada no masculino por gerente em Salvador - 2 de Julho Not\u00edcias","isPartOf":{"@id":"https:\/\/2dejulhonoticias.com.br\/2jn\/#website"},"primaryImageOfPage":{"@id":"https:\/\/2dejulhonoticias.com.br\/2jn\/balconista-sera-indenizada-em-r-30-mil-por-transfobia-apos-ser-tratada-no-masculino-por-gerente-em-salvador\/#primaryimage"},"image":{"@id":"https:\/\/2dejulhonoticias.com.br\/2jn\/balconista-sera-indenizada-em-r-30-mil-por-transfobia-apos-ser-tratada-no-masculino-por-gerente-em-salvador\/#primaryimage"},"thumbnailUrl":"https:\/\/2dejulhonoticias.com.br\/2jn\/wp-content\/uploads\/2024\/07\/trt-ba.webp","datePublished":"2026-09-04T11:10:54+00:00","description":"Balconista ser\u00e1 indenizada em R$ 30 mil por transfobia ap\u00f3s ser tratada no masculino por gerente em Salvador","breadcrumb":{"@id":"https:\/\/2dejulhonoticias.com.br\/2jn\/balconista-sera-indenizada-em-r-30-mil-por-transfobia-apos-ser-tratada-no-masculino-por-gerente-em-salvador\/#breadcrumb"},"inLanguage":"pt-BR","potentialAction":[{"@type":"ReadAction","target":["https:\/\/2dejulhonoticias.com.br\/2jn\/balconista-sera-indenizada-em-r-30-mil-por-transfobia-apos-ser-tratada-no-masculino-por-gerente-em-salvador\/"]}]},{"@type":"ImageObject","inLanguage":"pt-BR","@id":"https:\/\/2dejulhonoticias.com.br\/2jn\/balconista-sera-indenizada-em-r-30-mil-por-transfobia-apos-ser-tratada-no-masculino-por-gerente-em-salvador\/#primaryimage","url":"https:\/\/2dejulhonoticias.com.br\/2jn\/wp-content\/uploads\/2024\/07\/trt-ba.webp","contentUrl":"https:\/\/2dejulhonoticias.com.br\/2jn\/wp-content\/uploads\/2024\/07\/trt-ba.webp","width":600,"height":376},{"@type":"BreadcrumbList","@id":"https:\/\/2dejulhonoticias.com.br\/2jn\/balconista-sera-indenizada-em-r-30-mil-por-transfobia-apos-ser-tratada-no-masculino-por-gerente-em-salvador\/#breadcrumb","itemListElement":[{"@type":"ListItem","position":1,"name":"In\u00edcio","item":"https:\/\/2dejulhonoticias.com.br\/2jn\/"},{"@type":"ListItem","position":2,"name":"Balconista ser\u00e1 indenizada em R$ 30 mil por transfobia ap\u00f3s ser tratada no masculino por gerente em Salvador"}]},{"@type":"WebSite","@id":"https:\/\/2dejulhonoticias.com.br\/2jn\/#website","url":"https:\/\/2dejulhonoticias.com.br\/2jn\/","name":"2 de Julho Noticias - A not\u00edcia ao seu alcance","description":"Noticias sobre Politica, Policia,Esporte,Vida e Estilo, Sa\u00fade,Moda e Beleza,Mundo da Fama,Emprego e Concursos,Arte e Cultura,Cama\u00e7ari","publisher":{"@id":"https:\/\/2dejulhonoticias.com.br\/2jn\/#\/schema\/person\/a61e2ab9ae920711c9622c249b03dc16"},"potentialAction":[{"@type":"SearchAction","target":{"@type":"EntryPoint","urlTemplate":"https:\/\/2dejulhonoticias.com.br\/2jn\/?s={search_term_string}"},"query-input":{"@type":"PropertyValueSpecification","valueRequired":true,"valueName":"search_term_string"}}],"inLanguage":"pt-BR"},{"@type":["Person","Organization"],"@id":"https:\/\/2dejulhonoticias.com.br\/2jn\/#\/schema\/person\/a61e2ab9ae920711c9622c249b03dc16","name":"Reda\u00e7\u00e3o","image":{"@type":"ImageObject","inLanguage":"pt-BR","@id":"https:\/\/2dejulhonoticias.com.br\/2jn\/wp-content\/uploads\/2020\/11\/logo2dejulho.png","url":"https:\/\/2dejulhonoticias.com.br\/2jn\/wp-content\/uploads\/2020\/11\/logo2dejulho.png","contentUrl":"https:\/\/2dejulhonoticias.com.br\/2jn\/wp-content\/uploads\/2020\/11\/logo2dejulho.png","width":291,"height":96,"caption":"Reda\u00e7\u00e3o"},"logo":{"@id":"https:\/\/2dejulhonoticias.com.br\/2jn\/wp-content\/uploads\/2020\/11\/logo2dejulho.png"},"sameAs":["https:\/\/www.facebook.com\/J2deJulho","https:\/\/www.instagram.com\/mirobaia\/","https:\/\/www.linkedin.com\/in\/mirobaia\/","https:\/\/x.com\/2_julho","https:\/\/www.youtube.com\/c\/MiroBaia"]}]}},"_links":{"self":[{"href":"https:\/\/2dejulhonoticias.com.br\/2jn\/wp-json\/wp\/v2\/posts\/42561","targetHints":{"allow":["GET"]}}],"collection":[{"href":"https:\/\/2dejulhonoticias.com.br\/2jn\/wp-json\/wp\/v2\/posts"}],"about":[{"href":"https:\/\/2dejulhonoticias.com.br\/2jn\/wp-json\/wp\/v2\/types\/post"}],"author":[{"embeddable":true,"href":"https:\/\/2dejulhonoticias.com.br\/2jn\/wp-json\/wp\/v2\/users\/1"}],"replies":[{"embeddable":true,"href":"https:\/\/2dejulhonoticias.com.br\/2jn\/wp-json\/wp\/v2\/comments?post=42561"}],"version-history":[{"count":1,"href":"https:\/\/2dejulhonoticias.com.br\/2jn\/wp-json\/wp\/v2\/posts\/42561\/revisions"}],"predecessor-version":[{"id":42562,"href":"https:\/\/2dejulhonoticias.com.br\/2jn\/wp-json\/wp\/v2\/posts\/42561\/revisions\/42562"}],"wp:featuredmedia":[{"embeddable":true,"href":"https:\/\/2dejulhonoticias.com.br\/2jn\/wp-json\/wp\/v2\/media\/26687"}],"wp:attachment":[{"href":"https:\/\/2dejulhonoticias.com.br\/2jn\/wp-json\/wp\/v2\/media?parent=42561"}],"wp:term":[{"taxonomy":"category","embeddable":true,"href":"https:\/\/2dejulhonoticias.com.br\/2jn\/wp-json\/wp\/v2\/categories?post=42561"},{"taxonomy":"post_tag","embeddable":true,"href":"https:\/\/2dejulhonoticias.com.br\/2jn\/wp-json\/wp\/v2\/tags?post=42561"}],"curies":[{"name":"wp","href":"https:\/\/api.w.org\/{rel}","templated":true}]}}