{"id":42549,"date":"2026-09-03T09:50:47","date_gmt":"2026-09-03T12:50:47","guid":{"rendered":"https:\/\/2dejulhonoticias.com.br\/2jn\/?p=42549"},"modified":"2026-09-03T09:50:47","modified_gmt":"2026-09-03T12:50:47","slug":"exclusivo-instituto-de-andre-mendonca-faturou-ao-menos-r-108-milhoes-em-55-contratos-publicos-54-deles-sem-licitacao","status":"publish","type":"post","link":"https:\/\/2dejulhonoticias.com.br\/2jn\/exclusivo-instituto-de-andre-mendonca-faturou-ao-menos-r-108-milhoes-em-55-contratos-publicos-54-deles-sem-licitacao\/","title":{"rendered":"EXCLUSIVO: Instituto de Andr\u00e9 Mendon\u00e7a faturou ao menos R$ 10,8 milh\u00f5es em 55 contratos p\u00fablicos, 54 deles sem licita\u00e7\u00e3o"},"content":{"rendered":"<div style=\"text-align: justify;\">\nO Instituto Iter, fundado pelo ministro do Supremo Tribunal Federal (STF) Andr\u00e9 Mendon\u00e7a, est\u00e1 no centro de uma rede de contrata\u00e7\u00f5es com dinheiro p\u00fablico muito maior do que os neg\u00f3cios j\u00e1 revelados pelo F\u00f3rum Investiga.<\/p>\n<p>O n\u00facleo de jornalismo investigativo da F\u00f3rum h\u00e1 duas semanas realiza o levantamento e cruzamento de dados p\u00fablicos sobre contratos feitos pela institui\u00e7\u00e3o, fundada em 10 de novembro de 2023, quase dois anos ap\u00f3s o ex-ministro de Jair Bolsonaro assumir uma cadeira na corte.<\/p>\n<p>Levantamento nacional realizado pelo F\u00f3rum Investiga, a partir de dados p\u00fablicos, identificou ao menos 55 contratos e instrumentos de contrata\u00e7\u00e3o p\u00fablica firmados pelo Instituto Iter, que somam R$ 10.849.759,82.<\/p>\n<p>E h\u00e1 um dado que chama aten\u00e7\u00e3o: 54 dos 55 contratos \u2014 98,2% \u2014 foram realizados sem pr\u00e9via licita\u00e7\u00e3o p\u00fablica. A inexigibilidade, segundo Tribunal de Contas da Uni\u00e3o (TCU), ocorre quando a competi\u00e7\u00e3o entre fornecedores \u00e9 invi\u00e1vel, impossibilitando a licita\u00e7\u00e3o.<\/p>\n<p>A modalidade n\u00e3o \u00e9 crime. Mas, causa estranheza o percentual elevado na contrata\u00e7\u00e3o do Iter, uma institui\u00e7\u00e3o que oferece cursos encontrados no mercado, como o pr\u00f3prio estudo t\u00e9cnico feito para a contrata\u00e7\u00e3o pela Secretaria de Gest\u00e3o da administra\u00e7\u00e3o Ricardo Nunes (MDB), em S\u00e3o Paulo, aponta \u2013 veja aqui.<\/p>\n<p>S\u00e3o 42 contratos por inexigibilidade, tr\u00eas por dispensa e outros nove registros classificados como \u201ccontrata\u00e7\u00e3o direta\u201d.  Juntos, os 54 contratos representam R$ 10,46 milh\u00f5es, ou 96,4% de todo o valor mapeado.<\/p>\n<p>A classifica\u00e7\u00e3o dos nove registros como contrata\u00e7\u00e3o direta \u00e9 importante. Segundo o pr\u00f3prio Tribunal de Contas da Uni\u00e3o (TCU), contrata\u00e7\u00e3o direta \u00e9 aquela realizada sem pr\u00e9via licita\u00e7\u00e3o p\u00fablica, abrangendo justamente as hip\u00f3teses de inexigibilidade e dispensa.<\/p>\n<p>A contrata\u00e7\u00e3o direta, por si s\u00f3, n\u00e3o significa irregularidade. Inexigibilidade e dispensa s\u00e3o mecanismos previstos na legisla\u00e7\u00e3o. O que o levantamento revela \u00e9 a dimens\u00e3o e a recorr\u00eancia da contrata\u00e7\u00e3o direta na rela\u00e7\u00e3o do Iter com o poder p\u00fablico.<\/p>\n<p>H\u00e1 ainda um contrato identificado como preg\u00e3o, no valor de R$ 390 mil. O preg\u00e3o, segundo o TCU, \u00e9 uma modalidade de licita\u00e7\u00e3o adotada para a aquisi\u00e7\u00e3o de bens e servi\u00e7os comuns, conceituados pela Lei 14.133\/2021 como \u201caqueles cujos padr\u00f5es de desempenho e qualidade podem ser objetivamente definidos pelo edital, por meio de especifica\u00e7\u00f5es usuais de mercado\u201d.<\/p>\n<p>O levantamento foi feito principalmente nos dados p\u00fablicos dispon\u00edveis no Portal Nacional de Contrata\u00e7\u00f5es P\u00fablicas (PNCP) e confirmados em portais de transpar\u00eancias estaduais e municipais, contratos e di\u00e1rios oficiais.<\/p>\n<p>O estudo amplia a investiga\u00e7\u00e3o que o F\u00f3rum Investiga j\u00e1 divulgou. Em reportagem nessa ter\u00e7a-feira (2), a F\u00f3rum revelou que o Instituto Iter havia sido contratado sem licita\u00e7\u00e3o pela gest\u00e3o Ricardo Nunes (MDB) na Prefeitura de S\u00e3o Paulo.<\/p>\n<p>Em outra reportagem, divulgada na sexta-feira (28), o n\u00facleo investigativo mostrou um contrato de R$ 1,6 milh\u00e3o com a Funda\u00e7\u00e3o para o Desenvolvimento da Educa\u00e7\u00e3o (FDE), ligada ao governo de Tarc\u00edsio de Freitas (Republicanos).<\/p>\n<p>Agora, a amplia\u00e7\u00e3o da base mostra que aqueles contratos n\u00e3o eram casos isolados. Eles fazem parte de uma carteira nacional de neg\u00f3cios do Iter com \u00f3rg\u00e3os p\u00fablicos.<\/p>\n<div style=\"clear: both;\">\n<div class=\"separator\" style=\"clear: both; text-align: center;\"><img decoding=\"async\" border=\"0\" data-original-height=\"1821\" data-original-width=\"864\" height=\"640\" src=\"https:\/\/revistaforum.com.br\/wp-content\/uploads\/2026\/09\/ChatGPT-Image-3-de-set.-de-2026-07_16_20.png.webp\" width=\"304\" \/><\/div>\n<p>\ud83d\udcf1 <a href=\"https:\/\/chat.whatsapp.com\/L8KSLsjENzl5HrgtytuzCL\"> SIGA PRA MAIS NOT\u00cdCIAS: entre na comunidade do 2JN no WhatsApp<\/a>\n<\/div>\n<div>\n<!-- GoogleAdsense --><\/p>\n<p style=\"text-align: justify;\"><span style=\"font-size: 14pt;\"><strong> LEIA TAMB\u00c9M <\/strong><\/span><\/p>\n<p><script async src=\"https:\/\/pagead2.googlesyndication.com\/pagead\/js\/adsbygoogle.js?client=ca-pub-3129804789748719\" crossorigin=\"anonymous\"><\/script><br \/>\n<!-- Anuncio horizontal responsivo --><br \/>\n<ins class=\"adsbygoogle\" style=\"display: block;\" data-ad-client=\"ca-pub-3129804789748719\" data-ad-slot=\"1473312501\" data-ad-format=\"auto\" data-full-width-responsive=\"true\"><\/ins><br \/>\n<script>\n     (adsbygoogle = window.adsbygoogle || []).push({});\n<\/script>\n<\/div>\n<div style=\"text-align: justify;\">\n<div class=\"related bk-inline-post-box alignleft\" style=\"color: #fcfcfc; background-color: #fac8c8;\"><ul class=\"list-small-post row\"><li class=\"small-post content_out clearfix\">                        <div class=\"small-thumbnail-wrapper\">\n                <div class=\"thumb hide-thumb term-75\"><a href=\"https:\/\/2dejulhonoticias.com.br\/2jn\/jogadores-e-tecnico-mais-uma-vez-desrespeitam-a-torcida-do-vitoria-com-sequencias-de-derrotas\/\"><img decoding=\"async\" width=\"90\" height=\"65\" src=\"https:\/\/2dejulhonoticias.com.br\/2jn\/wp-content\/uploads\/2026\/09\/vitoria-x-vasco-90x65.webp\" class=\"attachment-rubik-90-65 size-rubik-90-65 wp-post-image\" alt=\"\" \/><div class=\"rubik-post-icon-wrap\"><\/div><\/a> <!-- close a tag --><\/div> <!-- close thumb -->            <\/div>\n                        <div class=\"post-c-wrap\">\n                                \n                <h4 class=\"title\"><a class=\"term-75\" href=\"https:\/\/2dejulhonoticias.com.br\/2jn\/jogadores-e-tecnico-mais-uma-vez-desrespeitam-a-torcida-do-vitoria-com-sequencias-de-derrotas\/\">Jogadores e T\u00e9cnico mais uma vez desrespeitam a torcida do Vitoria com sequencias de derrotas<\/a><\/h4>                <div class=\"meta\"><div class=\"post-date\">3 de setembro de 2026<\/div><\/div> \n            <\/div>\n            <\/li><!-- End post --><li class=\"small-post content_out clearfix\">                        <div class=\"small-thumbnail-wrapper\">\n                <div class=\"thumb hide-thumb term-75\"><a href=\"https:\/\/2dejulhonoticias.com.br\/2jn\/mendonca-teve-encontro-secreto-com-vorcaro-e-posou-com-advogado-vorcarinho-levei-andre-para-fazer-terno\/\"><img decoding=\"async\" width=\"90\" height=\"65\" src=\"https:\/\/2dejulhonoticias.com.br\/2jn\/wp-content\/uploads\/2026\/09\/Daniel-Vorcaro-Ciro-Rocha-Soares-com-Andre-Mendonca-90x65.webp\" class=\"attachment-rubik-90-65 size-rubik-90-65 wp-post-image\" alt=\"\" \/><div class=\"rubik-post-icon-wrap\"><\/div><\/a> <!-- close a tag --><\/div> <!-- close thumb -->            <\/div>\n                        <div class=\"post-c-wrap\">\n                                \n                <h4 class=\"title\"><a class=\"term-75\" href=\"https:\/\/2dejulhonoticias.com.br\/2jn\/mendonca-teve-encontro-secreto-com-vorcaro-e-posou-com-advogado-vorcarinho-levei-andre-para-fazer-terno\/\">Mendon\u00e7a teve encontro secreto com Vorcaro e posou com advogado: \u201cVorcarinho [\u2026] levei Andr\u00e9 para ...<\/a><\/h4>                <div class=\"meta\"><div class=\"post-date\">2 de setembro de 2026<\/div><\/div> \n            <\/div>\n            <\/li><!-- End post --><li class=\"small-post content_out clearfix\">                        <div class=\"small-thumbnail-wrapper\">\n                <div class=\"thumb hide-thumb term-75\"><a href=\"https:\/\/2dejulhonoticias.com.br\/2jn\/anvisa-aprova-nova-caneta-emagrecedora-a-base-de-semaglutida\/\"><img decoding=\"async\" width=\"90\" height=\"65\" src=\"https:\/\/2dejulhonoticias.com.br\/2jn\/wp-content\/uploads\/2026\/02\/caneta-imagrecedora-90x65.webp\" class=\"attachment-rubik-90-65 size-rubik-90-65 wp-post-image\" alt=\"Caneta Emagrecedora\" \/><div class=\"rubik-post-icon-wrap\"><\/div><\/a> <!-- close a tag --><\/div> <!-- close thumb -->            <\/div>\n                        <div class=\"post-c-wrap\">\n                                \n                <h4 class=\"title\"><a class=\"term-75\" href=\"https:\/\/2dejulhonoticias.com.br\/2jn\/anvisa-aprova-nova-caneta-emagrecedora-a-base-de-semaglutida\/\">Anvisa aprova nova caneta emagrecedora \u00e0 base de semaglutida<\/a><\/h4>                <div class=\"meta\"><div class=\"post-date\">1 de setembro de 2026<\/div><\/div> \n            <\/div>\n            <\/li><!-- End post --><\/ul> <!-- End list-post --><\/div><\/p>\n<div style=\"text-align: justify\">\n<div><b>Uma rede que chega a 14 estados<\/b><\/div>\n<div><\/div>\n<div>\n    Os 55 contratos est\u00e3o distribu\u00eddos por 14 unidades da Federa\u00e7\u00e3o. S\u00e3o Paulo concentra a maior quantidade: 26<br \/>\n    contratos, equivalentes a 47,3% do total, que somam R$ 4,52 milh\u00f5es.\n  <\/div>\n<div><\/div>\n<div>\n    Em seguida aparecem Amazonas, com dois contratos que somam R$ 2,10 milh\u00f5es, e Distrito Federal, com dois contratos<br \/>\n    no valor de R$ 1,73 milh\u00e3o.\n  <\/div>\n<div><\/div>\n<div>\n    O Rio de Janeiro tem cinco contratos, totalizando R$ 921,3 mil. Minas Gerais aparece com tr\u00eas, no valor de R$ 500,8<br \/>\n    mil, e o Piau\u00ed tem quatro, que somam R$ 407 mil.\n  <\/div>\n<div><\/div>\n<div>\n    Tamb\u00e9m h\u00e1 registros em Roraima, Goi\u00e1s, Pernambuco, Paran\u00e1, Alagoas, Amap\u00e1, Cear\u00e1, Esp\u00edrito Santo e Santa Catarina.\n  <\/div>\n<div><\/div>\n<div>\n    O mapa mostra, portanto, que o dinheiro p\u00fablico que chegou ao Iter n\u00e3o est\u00e1 concentrado em uma \u00fanica administra\u00e7\u00e3o<br \/>\n    ou regi\u00e3o. O instituto aparece em contratos de diferentes n\u00edveis e estruturas do Estado.\n  <\/div>\n<div><\/div>\n<div><b>Quem contrata o Iter<\/b><\/div>\n<div><\/div>\n<div>\n    Os registros identificados incluem prefeituras, governos estaduais, c\u00e2maras municipais, \u00f3rg\u00e3os do Judici\u00e1rio,<br \/>\n    Tribunais de Contas, conselho profissional e cons\u00f3rcio p\u00fablico intermunicipal. N\u00e3o h\u00e1 contrata\u00e7\u00e3o por \u00f3rg\u00e3os ligados<br \/>\n    \u00e0 estrutura do governo federal \u2013 cabe salientar que o Iter foi fundado por Andr\u00e9 Mendon\u00e7a em 2023, quando Lula j\u00e1<br \/>\n    havia assumido seu terceiro mandato na Presid\u00eancia.\n  <\/div>\n<div><\/div>\n<div>\n    Na divis\u00e3o por esfera, s\u00e3o 30 contratos municipais, que somam R$ 2,44 milh\u00f5es; 22 estaduais, no valor de R$ 5,45<br \/>\n    milh\u00f5es; dois federais, referentes ao Conselho Federal de Contabilidade, no total de R$ 1,73 milh\u00e3o; e um contrato<br \/>\n    de cons\u00f3rcio p\u00fablico intermunicipal, de R$ 1,23 milh\u00e3o.\n  <\/div>\n<div><\/div>\n<div>\n    Entre os \u00f3rg\u00e3os de controle, aparecem Tribunais de Contas de Goi\u00e1s, Minas Gerais, Pernambuco, Piau\u00ed, Rio de Janeiro,<br \/>\n    Amap\u00e1 e Cear\u00e1, al\u00e9m do TCE de S\u00e3o Paulo em registro de execu\u00e7\u00e3o contratual.\n  <\/div>\n<div><\/div>\n<div>\n    Tamb\u00e9m aparece o Tribunal de Justi\u00e7a do Amazonas (TJ-AM), respons\u00e1vel pelo maior contrato individual encontrado.\n  <\/div>\n<div><\/div>\n<div>\n    A presen\u00e7a de Tribunais de Contas \u00e9 particularmente relevante para a investiga\u00e7\u00e3o. S\u00e3o institui\u00e7\u00f5es que exercem<br \/>\n    controle externo sobre a administra\u00e7\u00e3o p\u00fablica e fiscalizam, entre outras coisas, justamente os processos de<br \/>\n    contrata\u00e7\u00e3o realizados por governos e prefeituras.\n  <\/div>\n<div><\/div>\n<div><b>O maior contrato: R$ 1,63 milh\u00e3o no Amazonas<\/b><\/div>\n<div><\/div>\n<div>\n    O maior contrato individual identificado pelo levantamento \u00e9 do Tribunal de Justi\u00e7a do Amazonas, por meio do<br \/>\n    FUNJEAM, no valor de R$ 1.635.900.\n  <\/div>\n<div><\/div>\n<div>\n    Na sequ\u00eancia aparece a Funda\u00e7\u00e3o para o Desenvolvimento da Educa\u00e7\u00e3o (FDE), ligada ao governo paulista, com R$<br \/>\n    1.630.758.\n  <\/div>\n<div><\/div>\n<div>\n    O terceiro maior contrato \u00e9 do Conselho Federal de Contabilidade (CFC), de R$ 1.382.000. Foram identificados dois<br \/>\n    contratos: um de R$ 1.382.000, referente a uma imers\u00e3o, e outro de R$ 349.800, para o curso \u201cA Arte e a Ci\u00eancia da<br \/>\n    Orat\u00f3ria\u201d.&nbsp; O CFC foi mantido no levantamento porque \u00e9 uma autarquia corporativa de direito p\u00fablico.\n  <\/div>\n<div><\/div>\n<div>\n    Em quarto lugar est\u00e1 o Cons\u00f3rcio Intermunicipal da Regi\u00e3o Oeste de S\u00e3o Paulo (CIOESTE), com contrato de R$<br \/>\n    1.228.505,55 para cursos e palestras destinados \u00e0 Escola de Governo do cons\u00f3rcio.\n  <\/div>\n<div><\/div>\n<div>O governo do Estado do Rio de Janeiro aparece em seguida, com contrato de R$ 518 mil.<\/div>\n<div><\/div>\n<div>\n    Os dez maiores contratos concentram R$ 8.358.031,42, nada menos que 77% de todo o dinheiro identificado na carteira.\n  <\/div>\n<div><\/div>\n<div>\n<div class=\"separator\" style=\"clear: both; text-align: center\">\n      <img decoding=\"async\"\n        border=\"0\"\n        data-original-height=\"1024\"\n        data-original-width=\"1535\"\n        height=\"427\"\n        src=\"https:\/\/revistaforum.com.br\/wp-content\/uploads\/2026\/09\/ChatGPT-Image-3-de-set.-de-2026-07_18_11.png.webp\"\n        width=\"640\"\n      \/>\n    <\/div>\n<\/p><\/div>\n<div><\/div>\n<div><b>S\u00e3o Paulo \u00e9 o principal mercado<\/b><\/div>\n<div><\/div>\n<div>\n    S\u00e3o Paulo \u00e9 o principal polo da carteira do instituto de Andr\u00e9 Mendon\u00e7a, tanto em n\u00famero de contratos quanto em<br \/>\n    volume financeiro.\n  <\/div>\n<div><\/div>\n<div>\n    Al\u00e9m do contrato de R$ 1,63 milh\u00e3o da FDE, a F\u00f3rum revelou o contrato de R$ 380 mil da Secretaria Municipal de<br \/>\n    Gest\u00e3o (SEGES), por meio da Escola Municipal de Administra\u00e7\u00e3o P\u00fablica (EMASP).\n  <\/div>\n<div><\/div>\n<div>\n    O contrato, firmado em setembro de 2025, teve como objeto a capacita\u00e7\u00e3o de servidores municipais em governan\u00e7a,<br \/>\n    gest\u00e3o estrat\u00e9gica de contrata\u00e7\u00f5es p\u00fablicas e fiscaliza\u00e7\u00e3o contratual. A pr\u00f3pria documenta\u00e7\u00e3o da Prefeitura de S\u00e3o<br \/>\n    Paulo registra a contrata\u00e7\u00e3o como inexigibilidade, fundamentada no artigo 74, III, \u201cf\u201d, da Lei 14.133\/2021.\n  <\/div>\n<div><\/div>\n<div>\n    O Iter tamb\u00e9m fechou em 2026 contrato de R$ 183.040 com a Secretaria Municipal de Seguran\u00e7a Urbana (SMSU) para o<br \/>\n    curso \u201cCapta\u00e7\u00e3o e Execu\u00e7\u00e3o Qualificada de Recursos na Seguran\u00e7a P\u00fablica\u201d. A contrata\u00e7\u00e3o igualmente ocorreu por<br \/>\n    inexigibilidade.\n  <\/div>\n<div><\/div>\n<div>\n    A C\u00e2mara Municipal de S\u00e3o Paulo aparece com dois contratos de R$ 2.508 cada, ambos por inexigibilidade. Somados, os<br \/>\n    neg\u00f3cios identificados na capital e no restante do estado ajudam a explicar por que S\u00e3o Paulo concentra quase metade<br \/>\n    dos contratos encontrados.\n  <\/div>\n<div><\/div>\n<div>\n    Outro caso que ganhou peso na atualiza\u00e7\u00e3o da investiga\u00e7\u00e3o \u00e9 o do CIOESTE, cons\u00f3rcio que re\u00fane munic\u00edpios da regi\u00e3o<br \/>\n    Oeste da Grande S\u00e3o Paulo.\n  <\/div>\n<div><\/div>\n<div>\n    O contrato n\u00ba 19\/2025 prev\u00ea R$ 1.228.505,55 para cursos e palestras em Direito e Administra\u00e7\u00e3o P\u00fablica dentro da<br \/>\n    Escola de Governo do cons\u00f3rcio. O valor faz do CIOESTE o quarto maior contratante individual do levantamento. O<br \/>\n    contrato foi assinado em julho de 2025 e tem vig\u00eancia de um ano.\n  <\/div>\n<div><\/div>\n<div><b>O instituto e a rela\u00e7\u00e3o com Andr\u00e9 Mendon\u00e7a<\/b><\/div>\n<div><\/div>\n<div>\n    O Instituto Iter come\u00e7ou suas atividades em novembro de 2023. \u00c9 uma sociedade an\u00f4nima fechada, com capital social de<br \/>\n    R$ 50 mil. No cadastro da Receita Federal, Victor Godoy Veiga aparece como presidente da empresa desde sua cria\u00e7\u00e3o.\n  <\/div>\n<div><\/div>\n<div>\n    Godoy foi ministro da Educa\u00e7\u00e3o durante o governo Jair Bolsonaro e, assim como Andr\u00e9 Mendon\u00e7a e Tarc\u00edsio de Freitas,<br \/>\n    integrou a administra\u00e7\u00e3o federal naquele per\u00edodo.\n  <\/div>\n<div><\/div>\n<div>\n    Mendon\u00e7a n\u00e3o aparece como administrador no cadastro p\u00fablico da Receita Federal. No entanto, a vincula\u00e7\u00e3o de Mendon\u00e7a<br \/>\n    ao Iter \u00e9 p\u00fablica e aparece inclusive na apresenta\u00e7\u00e3o institucional no site da entidade, que o identifica como<br \/>\n    fundador. O ministro tamb\u00e9m participa de atividades e cursos ligados ao instituto. No contrato da Prefeitura de S\u00e3o<br \/>\n    Paulo com a EMASP, por exemplo, ele aparece relacionado \u00e0 atividade educacional do Iter.\n  <\/div>\n<div><\/div>\n<table\n    align=\"center\"\n    cellpadding=\"0\"\n    cellspacing=\"0\"\n    class=\"tr-caption-container\"\n    style=\"margin-left: auto; margin-right: auto\"\n  ><\/p>\n<tbody>\n<tr>\n<td style=\"text-align: center\">\n          <img decoding=\"async\"\n            border=\"0\"\n            data-original-height=\"632\"\n            data-original-width=\"1536\"\n            height=\"263\"\n            src=\"https:\/\/revistaforum.com.br\/wp-content\/uploads\/2026\/09\/Untitled-12-de-dezembro-de-2025-as-10.32.50-2026-09-03T071944.931-e1788430824543-1536x632.jpeg\"\n            width=\"640\"\n          \/>\n        <\/td>\n<\/tr>\n<tr>\n<td class=\"tr-caption\" style=\"text-align: center\">\n          <span style=\"text-align: justify\"><br \/>\n            Andr\u00e9 Mendon\u00e7a em materiais de divulga\u00e7\u00e3o do Iter e palestras do Instituto (Divulga\u00e7\u00e3o \/ Facebook Iter)<br \/>\n          <\/span>\n        <\/td>\n<\/tr>\n<\/tbody>\n<\/table>\n<p><\/p>\n<div>\n    A carteira identificada pelo F\u00f3rum \u00e9 bastante concentrada em servi\u00e7os de capacita\u00e7\u00e3o, forma\u00e7\u00e3o e aperfei\u00e7oamento de<br \/>\n    servidores p\u00fablicos. Entre os objetos aparecem cursos de orat\u00f3ria jur\u00eddica, licita\u00e7\u00f5es e contratos, gest\u00e3o p\u00fablica,<br \/>\n    governan\u00e7a, fiscaliza\u00e7\u00e3o contratual, capta\u00e7\u00e3o de recursos e MBAs.\n  <\/div>\n<div><\/div>\n<div><b>Um instituto com menos de tr\u00eas anos e R$ 10,8 milh\u00f5es em contratos<\/b><\/div>\n<div><\/div>\n<div>\n    O Iter iniciou suas atividades em novembro de 2023. Menos de tr\u00eas anos depois, o levantamento realizado pelo F\u00f3rum<br \/>\n    Investiga, n\u00facleo de jornalismo investigativo da F\u00f3rum, em dados p\u00fablicos identifica ao menos R$ 10,85 milh\u00f5es em 55<br \/>\n    contratos e instrumentos p\u00fablicos, espalhados por 14 unidades da Federa\u00e7\u00e3o.\n  <\/div>\n<div><\/div>\n<div>\n    O n\u00famero n\u00e3o deve ser tratado como o universo definitivo. A investiga\u00e7\u00e3o encontrou documentos em diferentes sistemas<br \/>\n    de transpar\u00eancia, di\u00e1rios oficiais, portais de compras e bases p\u00fablicas. Em S\u00e3o Paulo, por exemplo, parte das<br \/>\n    contrata\u00e7\u00f5es precisa ser buscada nos sistemas pr\u00f3prios da Prefeitura e do governo estadual, e n\u00e3o apenas no Portal<br \/>\n    Nacional de Contrata\u00e7\u00f5es P\u00fablicas.\n  <\/div>\n<div><\/div>\n<div>\n    Tamb\u00e9m existem autoriza\u00e7\u00f5es e processos de contrata\u00e7\u00e3o encontrados pelo F\u00f3rum que ainda n\u00e3o foram incorporados ao<br \/>\n    n\u00famero final por falta da comprova\u00e7\u00e3o do contrato efetivamente formalizado.\n  <\/div>\n<div><\/div>\n<div><b>Outro lado<\/b><\/div>\n<div><\/div>\n<div>\n    O F\u00f3rum Investiga enviou, nessa quarta-feira (3), 20 perguntas ao Instituto Iter pelo endere\u00e7o de e-mail<br \/>\n    disponibilizado no site, com prazo para resposta at\u00e9 o final do dia. At\u00e9 a conclus\u00e3o dessa reportagem n\u00e3o houve<br \/>\n    resposta. O espa\u00e7o segue aberto para manifesta\u00e7\u00e3o do Iter.\n  <\/div>\n<div><\/div>\n<div>\n    As perguntas foram feitas ap\u00f3s o fechamento parcial da investiga\u00e7\u00e3o, quando a F\u00f3rum havia identificado 48 contratos.<br \/>\n    O teor, no entanto, n\u00e3o muda. Abaixo seguem as indaga\u00e7\u00f5es feitas ao Instituto Iter, de Andr\u00e9 Mendon\u00e7a, separadas por<br \/>\n    temas.\n  <\/div>\n<div><\/div>\n<div><b>1. CONTRATOS COM O PODER P\u00daBLICO<\/b><\/div>\n<div>\n<ol>\n<li>\n        O Instituto Iter confirma a exist\u00eancia de ao menos 48 contratos firmados com \u00f3rg\u00e3os p\u00fablicos, no valor total de<br \/>\n        R$ 8.841.303,47?\n      <\/li>\n<li>\n        Qual \u00e9 o n\u00famero total de contratos p\u00fablicos j\u00e1 firmados pelo Instituto Iter desde sua cria\u00e7\u00e3o, em novembro de<br \/>\n        2023, e qual o valor total desses contratos?\n      <\/li>\n<li>\n        O instituto pode fornecer a rela\u00e7\u00e3o completa de suas contrata\u00e7\u00f5es com \u00f3rg\u00e3os p\u00fablicos, indicando contratante,<br \/>\n        objeto, valor, data, prazo de vig\u00eancia e modalidade de contrata\u00e7\u00e3o?\n      <\/li>\n<li>\n        Quais s\u00e3o os crit\u00e9rios utilizados pelo Instituto Iter para definir os valores cobrados por cursos, palestras,<br \/>\n        MBAs, consultorias, imers\u00f5es e demais servi\u00e7os prestados a \u00f3rg\u00e3os p\u00fablicos?\n      <\/li>\n<\/ol><\/div>\n<div><b>2. CONTRATA\u00c7\u00d5ES DIRETAS<\/b><\/div>\n<div><\/div>\n<div>\n<ol>\n<li>\n        Quantos dos contratos p\u00fablicos do Instituto Iter foram realizados por inexigibilidade ou dispensa de licita\u00e7\u00e3o e<br \/>\n        quantos decorreram de processos competitivos?\n      <\/li>\n<li>\n        Nos casos de inexigibilidade, quais s\u00e3o os elementos utilizados pelo Instituto Iter para caracterizar sua<br \/>\n        not\u00f3ria especializa\u00e7\u00e3o ou singularidade do servi\u00e7o contratado?\n      <\/li>\n<li>\n        O Instituto Iter participa ativamente da prospec\u00e7\u00e3o desses contratos ou \u00e9 procurado diretamente pelos \u00f3rg\u00e3os<br \/>\n        p\u00fablicos? Como ocorre essa rela\u00e7\u00e3o comercial?\n      <\/li>\n<\/ol><\/div>\n<div><b>3. PARTICIPA\u00c7\u00c3O DE ANDR\u00c9 MENDON\u00c7A<\/b><\/div>\n<div>\n<ol>\n<li>\n        Qual \u00e9 atualmente a rela\u00e7\u00e3o institucional, societ\u00e1ria e financeira de Andr\u00e9 Mendon\u00e7a com o Instituto Iter?\n      <\/li>\n<li>\n        Andr\u00e9 Mendon\u00e7a possui participa\u00e7\u00e3o societ\u00e1ria, recebe remunera\u00e7\u00e3o, honor\u00e1rios, dividendos ou qualquer outra<br \/>\n        forma de pagamento do Instituto Iter?\n      <\/li>\n<li>\n        Em quais contratos ou atividades realizadas pelo Instituto Iter perante \u00f3rg\u00e3os p\u00fablicos Andr\u00e9 Mendon\u00e7a<br \/>\n        participou diretamente?\n      <\/li>\n<li>\n        No contrato firmado com o Conselho Federal de Contabilidade (CFC), no valor de R$ 1.382.000, a programa\u00e7\u00e3o prev\u00ea<br \/>\n        uma confer\u00eancia magna de abertura com Andr\u00e9 Mendon\u00e7a. O ministro efetivamente participou ou participar\u00e1 dessa<br \/>\n        atividade?\n      <\/li>\n<li>\n        Andr\u00e9 Mendon\u00e7a recebeu ou receber\u00e1 qualquer remunera\u00e7\u00e3o, direta ou indireta, pela participa\u00e7\u00e3o no evento do CFC?<br \/>\n        Em caso positivo, qual o valor e quem efetuar\u00e1 o pagamento?\n      <\/li>\n<li>\n        O Instituto Iter considera a participa\u00e7\u00e3o de um ministro do Supremo Tribunal Federal em atividades oferecidas a<br \/>\n        \u00f3rg\u00e3os p\u00fablicos como um elemento de valor agregado aos servi\u00e7os contratados?\n      <\/li>\n<\/ol><\/div>\n<div><b>4. VICTOR GODOY VEIGA<\/b><\/div>\n<div>\n<ol>\n<li>\n        Victor Godoy Veiga aparece no cadastro da Receita Federal como presidente do Instituto Iter desde sua cria\u00e7\u00e3o.<br \/>\n        Qual \u00e9 sua atual fun\u00e7\u00e3o no instituto e qual sua rela\u00e7\u00e3o societ\u00e1ria com a empresa?\n      <\/li>\n<li>Qual foi a participa\u00e7\u00e3o de Victor Godoy na cria\u00e7\u00e3o e na estrutura\u00e7\u00e3o do Instituto Iter?<\/li>\n<\/ol><\/div>\n<div><b>5. PRINCIPAIS CONTRATOS<\/b><\/div>\n<div>\n<ol>\n<li>\n        O Tribunal de Justi\u00e7a do Amazonas firmou contrato de R$ 1.635.900 com o Instituto Iter para um MBA em Jurisdi\u00e7\u00e3o<br \/>\n        Constitucional e Temas Contempor\u00e2neos do Direito P\u00fablico. Quem definiu o conte\u00fado e a estrutura do curso e quais<br \/>\n        profissionais participaram de sua execu\u00e7\u00e3o?\n      <\/li>\n<li>\n        O levantamento identificou tamb\u00e9m contrato de R$ 1.630.758 com a Funda\u00e7\u00e3o para o Desenvolvimento da Educa\u00e7\u00e3o<br \/>\n        (FDE), ligada ao governo de S\u00e3o Paulo. Quais servi\u00e7os foram efetivamente prestados no \u00e2mbito desse contrato?\n      <\/li>\n<li>\n        Al\u00e9m do contrato de R$ 1.382.000, o CFC tamb\u00e9m aparece com contrata\u00e7\u00e3o de R$ 349.800 para o curso \u201cA Arte e a<br \/>\n        Ci\u00eancia da Orat\u00f3ria\u201d. Quem ministrou o curso e quais foram os crit\u00e9rios utilizados para estabelecer o valor<br \/>\n        contratado?\n      <\/li>\n<\/ol><\/div>\n<div><b>6. RELA\u00c7\u00c3O COM O PODER P\u00daBLICO<\/b><\/div>\n<div>\n<ol>\n<li>\n        O Instituto Iter mant\u00e9m atualmente negocia\u00e7\u00f5es ou tratativas para novos contratos com governos, tribunais,<br \/>\n        c\u00e2maras municipais, assembleias legislativas, Tribunais de Contas ou outros \u00f3rg\u00e3os p\u00fablicos? Em caso positivo,<br \/>\n        quais?\n      <\/li>\n<li>\n        Que mecanismos internos o Instituto Iter adota para prevenir poss\u00edveis conflitos de interesse em contrata\u00e7\u00f5es<br \/>\n        com \u00f3rg\u00e3os p\u00fablicos, especialmente quando suas atividades envolvem a participa\u00e7\u00e3o de autoridades ou agentes<br \/>\n        p\u00fablicos?\n      <\/li>\n<\/ol><\/div>\n<\/div>\n<\/div>\n<hr \/>\n<p><!-- banner meio--><\/p>\n<div><script async src=\"https:\/\/pagead2.googlesyndication.com\/pagead\/js\/adsbygoogle.js?client=ca-pub-3129804789748719\" crossorigin=\"anonymous\"><\/script><br \/>\n<!-- Banner quadrado responsivo --><br \/>\n<ins class=\"adsbygoogle\" style=\"display: block;\" data-ad-client=\"ca-pub-3129804789748719\" data-ad-slot=\"2076857862\" data-ad-format=\"auto\" data-full-width-responsive=\"true\"><\/ins><br \/>\n<script>\n     (adsbygoogle = window.adsbygoogle || []).push({});\n<\/script><\/div>\n<p><!-- banner meio responsivo --><\/p>\n<hr \/>\n<p><!-- RODAP\u00c9 DA NOTICIA --><\/p>\n<div><strong> Siga a coluna no <a href=\"https:\/\/www.facebook.com\/jornal2jn\" target=\"_blank\" rel=\"noopener\">Facebook<\/a> e no <a href=\"https:\/\/www.instagram.com\/jornal2dejulho\/\" target=\"_blank\" rel=\"noopener\">Instagram<\/a> para n\u00e3o perder nada.<\/strong><\/div>\n<p style=\"text-align: right;\"><em> por Reda\u00e7\u00e3o Revista Forum<\/em><\/p>\n<p><!--\n\nO 2 de Julho Noticias \u00e9 um Jornal Independente, pois n\u00e3o tem apoios Pol\u00edticos Partid\u00e1rios, de Prefeitura e nem de Comercio, e precisa de seu apoio, caso possa em assinar nosso Livro de Parceiros e Colaboradores.\nSua colabora\u00e7\u00e3o \u00e9 muito importante para nossa continuidade! Chave PIX EMAIL: parceiro@2dejulhonoticias.com.br\n\n--><\/p>\n<hr \/>\n<p><!-- banner meio responsivo--><br \/>\n<script async src=\"https:\/\/pagead2.googlesyndication.com\/pagead\/js\/adsbygoogle.js?client=ca-pub-3129804789748719\" crossorigin=\"anonymous\"><\/script><br \/>\n<!-- banner 728x90 2jn --><br \/>\n<ins class=\"adsbygoogle\" style=\"display: inline-block; width: 728px; height: 90px;\" data-ad-client=\"ca-pub-3129804789748719\" data-ad-slot=\"1383288950\"><\/ins><br \/>\n<script>\n     (adsbygoogle = window.adsbygoogle || []).push({});\n<\/script><\/p>\n<p style=\"text-align: justify;\"><span style=\"font-size: 14pt;\"><strong> LEIA TAMB\u00c9M <\/strong><\/span><\/p>\n<p><!-- banner meio responsivo--><br \/>\n<script async src=\"https:\/\/pagead2.googlesyndication.com\/pagead\/js\/adsbygoogle.js?client=ca-pub-3129804789748719\" crossorigin=\"anonymous\"><\/script><br \/>\n<!-- banner 728x90 2jn --><br \/>\n<ins class=\"adsbygoogle\" style=\"display: inline-block; width: 728px; height: 90px;\" data-ad-client=\"ca-pub-3129804789748719\" data-ad-slot=\"1383288950\"><\/ins><br \/>\n<script>\n     (adsbygoogle = window.adsbygoogle || []).push({});\n<\/script><br \/>\n<amp-ad width=\"100vw\" height=\"320\"\n     type=\"adsense\"\n     data-ad-client=\"ca-pub-3129804789748719\"\n     data-ad-slot=\"4367194841\"\n     data-auto-format=\"mcrspv\"\n     data-full-width=\"\"><\/p>\n<div overflow=\"\"><\/div>\n<p><\/amp-ad><br \/>\n<amp-ad\n     layout=\"fixed\"\n     width=\"728\"\n     height=\"90\"\n     type=\"adsense\"\n     data-ad-client=\"ca-pub-3129804789748719\"\n     data-ad-slot=\"1383288950\"><br \/>\n<\/amp-ad><\/p>\n","protected":false},"excerpt":{"rendered":"<p>O Instituto Iter, fundado pelo ministro do Supremo Tribunal Federal (STF) Andr\u00e9 Mendon\u00e7a, est\u00e1 no centro de uma rede de contrata\u00e7\u00f5es com dinheiro p\u00fablico muito maior do que os neg\u00f3cios j\u00e1 revelados pelo F\u00f3rum Investiga. O n\u00facleo de jornalismo investigativo da F\u00f3rum h\u00e1 duas semanas realiza o levantamento e cruzamento de dados p\u00fablicos sobre contratos feitos pela institui\u00e7\u00e3o, fundada em 10 de novembro de 2023, quase dois anos ap\u00f3s o ex-ministro de Jair Bolsonaro assumir uma cadeira na corte. Levantamento nacional realizado pelo F\u00f3rum Investiga, a partir de dados p\u00fablicos, identificou ao menos 55 contratos e instrumentos de contrata\u00e7\u00e3o p\u00fablica [&hellip;]<\/p>\n","protected":false},"author":1,"featured_media":42550,"comment_status":"closed","ping_status":"open","sticky":false,"template":"","format":"standard","meta":{"footnotes":""},"categories":[75,107,81],"tags":[5584,5723,372],"class_list":["post-42549","post","type-post","status-publish","format-standard","has-post-thumbnail","hentry","category-brasil","category-eleicoes","category-politica","tag-andre-mendonca","tag-caso-vorcaro","tag-stf"],"yoast_head":"<!-- This site is optimized with the Yoast SEO Premium plugin v23.7 (Yoast SEO v27.7) - https:\/\/yoast.com\/product\/yoast-seo-premium-wordpress\/ -->\n<title>EXCLUSIVO: Instituto de Andr\u00e9 Mendon\u00e7a faturou ao menos R$ 10,8 milh\u00f5es em 55 contratos p\u00fablicos, 54 deles sem licita\u00e7\u00e3o - 2 de Julho Not\u00edcias<\/title>\n<meta name=\"description\" content=\"EXCLUSIVO: Instituto de Andr\u00e9 Mendon\u00e7a faturou ao menos R$ 10,8 milh\u00f5es em 55 contratos p\u00fablicos, 54 deles sem licita\u00e7\u00e3o\" \/>\n<meta name=\"robots\" content=\"index, follow, max-snippet:-1, max-image-preview:large, max-video-preview:-1\" \/>\n<link rel=\"canonical\" href=\"https:\/\/2dejulhonoticias.com.br\/2jn\/exclusivo-instituto-de-andre-mendonca-faturou-ao-menos-r-108-milhoes-em-55-contratos-publicos-54-deles-sem-licitacao\/\" \/>\n<meta name=\"twitter:card\" content=\"summary_large_image\" \/>\n<meta name=\"twitter:title\" content=\"EXCLUSIVO: Instituto de Andr\u00e9 Mendon\u00e7a faturou ao menos R$ 10,8 milh\u00f5es em 55 contratos p\u00fablicos, 54 deles sem licita\u00e7\u00e3o - 2 de Julho Not\u00edcias\" \/>\n<meta name=\"twitter:description\" content=\"EXCLUSIVO: Instituto de Andr\u00e9 Mendon\u00e7a faturou ao menos R$ 10,8 milh\u00f5es em 55 contratos p\u00fablicos, 54 deles sem licita\u00e7\u00e3o\" \/>\n<meta name=\"twitter:image\" content=\"https:\/\/2dejulhonoticias.com.br\/2jn\/wp-content\/uploads\/2026\/09\/andre-mendonca-stf.webp\" \/>\n<meta name=\"twitter:creator\" content=\"@2_julho\" \/>\n<meta name=\"twitter:site\" content=\"@2_julho\" \/>\n<meta name=\"twitter:label1\" content=\"Escrito por\" \/>\n\t<meta name=\"twitter:data1\" content=\"Reda\u00e7\u00e3o\" \/>\n\t<meta name=\"twitter:label2\" content=\"Est. tempo de leitura\" \/>\n\t<meta name=\"twitter:data2\" content=\"1 minuto\" \/>\n<script type=\"application\/ld+json\" class=\"yoast-schema-graph\">{\"@context\":\"https:\\\/\\\/schema.org\",\"@graph\":[{\"@type\":\"Article\",\"@id\":\"https:\\\/\\\/2dejulhonoticias.com.br\\\/2jn\\\/exclusivo-instituto-de-andre-mendonca-faturou-ao-menos-r-108-milhoes-em-55-contratos-publicos-54-deles-sem-licitacao\\\/#article\",\"isPartOf\":{\"@id\":\"https:\\\/\\\/2dejulhonoticias.com.br\\\/2jn\\\/exclusivo-instituto-de-andre-mendonca-faturou-ao-menos-r-108-milhoes-em-55-contratos-publicos-54-deles-sem-licitacao\\\/\"},\"author\":{\"name\":\"Reda\u00e7\u00e3o\",\"@id\":\"https:\\\/\\\/2dejulhonoticias.com.br\\\/2jn\\\/#\\\/schema\\\/person\\\/a61e2ab9ae920711c9622c249b03dc16\"},\"headline\":\"EXCLUSIVO: Instituto de Andr\u00e9 Mendon\u00e7a faturou ao menos R$ 10,8 milh\u00f5es em 55 contratos p\u00fablicos, 54 deles sem licita\u00e7\u00e3o\",\"datePublished\":\"2026-09-03T12:50:47+00:00\",\"mainEntityOfPage\":{\"@id\":\"https:\\\/\\\/2dejulhonoticias.com.br\\\/2jn\\\/exclusivo-instituto-de-andre-mendonca-faturou-ao-menos-r-108-milhoes-em-55-contratos-publicos-54-deles-sem-licitacao\\\/\"},\"wordCount\":2531,\"publisher\":{\"@id\":\"https:\\\/\\\/2dejulhonoticias.com.br\\\/2jn\\\/#\\\/schema\\\/person\\\/a61e2ab9ae920711c9622c249b03dc16\"},\"image\":{\"@id\":\"https:\\\/\\\/2dejulhonoticias.com.br\\\/2jn\\\/exclusivo-instituto-de-andre-mendonca-faturou-ao-menos-r-108-milhoes-em-55-contratos-publicos-54-deles-sem-licitacao\\\/#primaryimage\"},\"thumbnailUrl\":\"https:\\\/\\\/2dejulhonoticias.com.br\\\/2jn\\\/wp-content\\\/uploads\\\/2026\\\/09\\\/andre-mendonca-stf.webp\",\"keywords\":[\"Andr\u00e9 Mendon\u00e7a\",\"caso Vorcaro\",\"STF\"],\"articleSection\":[\"Brasil\",\"Elei\u00e7\u00f5es\",\"Politica\"],\"inLanguage\":\"pt-BR\"},{\"@type\":\"WebPage\",\"@id\":\"https:\\\/\\\/2dejulhonoticias.com.br\\\/2jn\\\/exclusivo-instituto-de-andre-mendonca-faturou-ao-menos-r-108-milhoes-em-55-contratos-publicos-54-deles-sem-licitacao\\\/\",\"url\":\"https:\\\/\\\/2dejulhonoticias.com.br\\\/2jn\\\/exclusivo-instituto-de-andre-mendonca-faturou-ao-menos-r-108-milhoes-em-55-contratos-publicos-54-deles-sem-licitacao\\\/\",\"name\":\"EXCLUSIVO: Instituto de Andr\u00e9 Mendon\u00e7a faturou ao menos R$ 10,8 milh\u00f5es em 55 contratos p\u00fablicos, 54 deles sem licita\u00e7\u00e3o - 2 de Julho Not\u00edcias\",\"isPartOf\":{\"@id\":\"https:\\\/\\\/2dejulhonoticias.com.br\\\/2jn\\\/#website\"},\"primaryImageOfPage\":{\"@id\":\"https:\\\/\\\/2dejulhonoticias.com.br\\\/2jn\\\/exclusivo-instituto-de-andre-mendonca-faturou-ao-menos-r-108-milhoes-em-55-contratos-publicos-54-deles-sem-licitacao\\\/#primaryimage\"},\"image\":{\"@id\":\"https:\\\/\\\/2dejulhonoticias.com.br\\\/2jn\\\/exclusivo-instituto-de-andre-mendonca-faturou-ao-menos-r-108-milhoes-em-55-contratos-publicos-54-deles-sem-licitacao\\\/#primaryimage\"},\"thumbnailUrl\":\"https:\\\/\\\/2dejulhonoticias.com.br\\\/2jn\\\/wp-content\\\/uploads\\\/2026\\\/09\\\/andre-mendonca-stf.webp\",\"datePublished\":\"2026-09-03T12:50:47+00:00\",\"description\":\"EXCLUSIVO: Instituto de Andr\u00e9 Mendon\u00e7a faturou ao menos R$ 10,8 milh\u00f5es em 55 contratos p\u00fablicos, 54 deles sem licita\u00e7\u00e3o\",\"breadcrumb\":{\"@id\":\"https:\\\/\\\/2dejulhonoticias.com.br\\\/2jn\\\/exclusivo-instituto-de-andre-mendonca-faturou-ao-menos-r-108-milhoes-em-55-contratos-publicos-54-deles-sem-licitacao\\\/#breadcrumb\"},\"inLanguage\":\"pt-BR\",\"potentialAction\":[{\"@type\":\"ReadAction\",\"target\":[\"https:\\\/\\\/2dejulhonoticias.com.br\\\/2jn\\\/exclusivo-instituto-de-andre-mendonca-faturou-ao-menos-r-108-milhoes-em-55-contratos-publicos-54-deles-sem-licitacao\\\/\"]}]},{\"@type\":\"ImageObject\",\"inLanguage\":\"pt-BR\",\"@id\":\"https:\\\/\\\/2dejulhonoticias.com.br\\\/2jn\\\/exclusivo-instituto-de-andre-mendonca-faturou-ao-menos-r-108-milhoes-em-55-contratos-publicos-54-deles-sem-licitacao\\\/#primaryimage\",\"url\":\"https:\\\/\\\/2dejulhonoticias.com.br\\\/2jn\\\/wp-content\\\/uploads\\\/2026\\\/09\\\/andre-mendonca-stf.webp\",\"contentUrl\":\"https:\\\/\\\/2dejulhonoticias.com.br\\\/2jn\\\/wp-content\\\/uploads\\\/2026\\\/09\\\/andre-mendonca-stf.webp\",\"width\":600,\"height\":338},{\"@type\":\"BreadcrumbList\",\"@id\":\"https:\\\/\\\/2dejulhonoticias.com.br\\\/2jn\\\/exclusivo-instituto-de-andre-mendonca-faturou-ao-menos-r-108-milhoes-em-55-contratos-publicos-54-deles-sem-licitacao\\\/#breadcrumb\",\"itemListElement\":[{\"@type\":\"ListItem\",\"position\":1,\"name\":\"In\u00edcio\",\"item\":\"https:\\\/\\\/2dejulhonoticias.com.br\\\/2jn\\\/\"},{\"@type\":\"ListItem\",\"position\":2,\"name\":\"EXCLUSIVO: Instituto de Andr\u00e9 Mendon\u00e7a faturou ao menos R$ 10,8 milh\u00f5es em 55 contratos p\u00fablicos, 54 deles sem licita\u00e7\u00e3o\"}]},{\"@type\":\"WebSite\",\"@id\":\"https:\\\/\\\/2dejulhonoticias.com.br\\\/2jn\\\/#website\",\"url\":\"https:\\\/\\\/2dejulhonoticias.com.br\\\/2jn\\\/\",\"name\":\"2 de Julho Noticias - A not\u00edcia ao seu alcance\",\"description\":\"Noticias sobre Politica, Policia,Esporte,Vida e Estilo, Sa\u00fade,Moda e Beleza,Mundo da Fama,Emprego e Concursos,Arte e Cultura,Cama\u00e7ari\",\"publisher\":{\"@id\":\"https:\\\/\\\/2dejulhonoticias.com.br\\\/2jn\\\/#\\\/schema\\\/person\\\/a61e2ab9ae920711c9622c249b03dc16\"},\"potentialAction\":[{\"@type\":\"SearchAction\",\"target\":{\"@type\":\"EntryPoint\",\"urlTemplate\":\"https:\\\/\\\/2dejulhonoticias.com.br\\\/2jn\\\/?s={search_term_string}\"},\"query-input\":{\"@type\":\"PropertyValueSpecification\",\"valueRequired\":true,\"valueName\":\"search_term_string\"}}],\"inLanguage\":\"pt-BR\"},{\"@type\":[\"Person\",\"Organization\"],\"@id\":\"https:\\\/\\\/2dejulhonoticias.com.br\\\/2jn\\\/#\\\/schema\\\/person\\\/a61e2ab9ae920711c9622c249b03dc16\",\"name\":\"Reda\u00e7\u00e3o\",\"image\":{\"@type\":\"ImageObject\",\"inLanguage\":\"pt-BR\",\"@id\":\"https:\\\/\\\/2dejulhonoticias.com.br\\\/2jn\\\/wp-content\\\/uploads\\\/2020\\\/11\\\/logo2dejulho.png\",\"url\":\"https:\\\/\\\/2dejulhonoticias.com.br\\\/2jn\\\/wp-content\\\/uploads\\\/2020\\\/11\\\/logo2dejulho.png\",\"contentUrl\":\"https:\\\/\\\/2dejulhonoticias.com.br\\\/2jn\\\/wp-content\\\/uploads\\\/2020\\\/11\\\/logo2dejulho.png\",\"width\":291,\"height\":96,\"caption\":\"Reda\u00e7\u00e3o\"},\"logo\":{\"@id\":\"https:\\\/\\\/2dejulhonoticias.com.br\\\/2jn\\\/wp-content\\\/uploads\\\/2020\\\/11\\\/logo2dejulho.png\"},\"sameAs\":[\"https:\\\/\\\/www.facebook.com\\\/J2deJulho\",\"https:\\\/\\\/www.instagram.com\\\/mirobaia\\\/\",\"https:\\\/\\\/www.linkedin.com\\\/in\\\/mirobaia\\\/\",\"https:\\\/\\\/x.com\\\/2_julho\",\"https:\\\/\\\/www.youtube.com\\\/c\\\/MiroBaia\"]}]}<\/script>\n<!-- \/ Yoast SEO Premium plugin. -->","yoast_head_json":{"title":"EXCLUSIVO: Instituto de Andr\u00e9 Mendon\u00e7a faturou ao menos R$ 10,8 milh\u00f5es em 55 contratos p\u00fablicos, 54 deles sem licita\u00e7\u00e3o - 2 de Julho Not\u00edcias","description":"EXCLUSIVO: Instituto de Andr\u00e9 Mendon\u00e7a faturou ao menos R$ 10,8 milh\u00f5es em 55 contratos p\u00fablicos, 54 deles sem licita\u00e7\u00e3o","robots":{"index":"index","follow":"follow","max-snippet":"max-snippet:-1","max-image-preview":"max-image-preview:large","max-video-preview":"max-video-preview:-1"},"canonical":"https:\/\/2dejulhonoticias.com.br\/2jn\/exclusivo-instituto-de-andre-mendonca-faturou-ao-menos-r-108-milhoes-em-55-contratos-publicos-54-deles-sem-licitacao\/","twitter_card":"summary_large_image","twitter_title":"EXCLUSIVO: Instituto de Andr\u00e9 Mendon\u00e7a faturou ao menos R$ 10,8 milh\u00f5es em 55 contratos p\u00fablicos, 54 deles sem licita\u00e7\u00e3o - 2 de Julho Not\u00edcias","twitter_description":"EXCLUSIVO: Instituto de Andr\u00e9 Mendon\u00e7a faturou ao menos R$ 10,8 milh\u00f5es em 55 contratos p\u00fablicos, 54 deles sem licita\u00e7\u00e3o","twitter_image":"https:\/\/2dejulhonoticias.com.br\/2jn\/wp-content\/uploads\/2026\/09\/andre-mendonca-stf.webp","twitter_creator":"@2_julho","twitter_site":"@2_julho","twitter_misc":{"Escrito por":"Reda\u00e7\u00e3o","Est. tempo de leitura":"1 minuto"},"schema":{"@context":"https:\/\/schema.org","@graph":[{"@type":"Article","@id":"https:\/\/2dejulhonoticias.com.br\/2jn\/exclusivo-instituto-de-andre-mendonca-faturou-ao-menos-r-108-milhoes-em-55-contratos-publicos-54-deles-sem-licitacao\/#article","isPartOf":{"@id":"https:\/\/2dejulhonoticias.com.br\/2jn\/exclusivo-instituto-de-andre-mendonca-faturou-ao-menos-r-108-milhoes-em-55-contratos-publicos-54-deles-sem-licitacao\/"},"author":{"name":"Reda\u00e7\u00e3o","@id":"https:\/\/2dejulhonoticias.com.br\/2jn\/#\/schema\/person\/a61e2ab9ae920711c9622c249b03dc16"},"headline":"EXCLUSIVO: Instituto de Andr\u00e9 Mendon\u00e7a faturou ao menos R$ 10,8 milh\u00f5es em 55 contratos p\u00fablicos, 54 deles sem licita\u00e7\u00e3o","datePublished":"2026-09-03T12:50:47+00:00","mainEntityOfPage":{"@id":"https:\/\/2dejulhonoticias.com.br\/2jn\/exclusivo-instituto-de-andre-mendonca-faturou-ao-menos-r-108-milhoes-em-55-contratos-publicos-54-deles-sem-licitacao\/"},"wordCount":2531,"publisher":{"@id":"https:\/\/2dejulhonoticias.com.br\/2jn\/#\/schema\/person\/a61e2ab9ae920711c9622c249b03dc16"},"image":{"@id":"https:\/\/2dejulhonoticias.com.br\/2jn\/exclusivo-instituto-de-andre-mendonca-faturou-ao-menos-r-108-milhoes-em-55-contratos-publicos-54-deles-sem-licitacao\/#primaryimage"},"thumbnailUrl":"https:\/\/2dejulhonoticias.com.br\/2jn\/wp-content\/uploads\/2026\/09\/andre-mendonca-stf.webp","keywords":["Andr\u00e9 Mendon\u00e7a","caso Vorcaro","STF"],"articleSection":["Brasil","Elei\u00e7\u00f5es","Politica"],"inLanguage":"pt-BR"},{"@type":"WebPage","@id":"https:\/\/2dejulhonoticias.com.br\/2jn\/exclusivo-instituto-de-andre-mendonca-faturou-ao-menos-r-108-milhoes-em-55-contratos-publicos-54-deles-sem-licitacao\/","url":"https:\/\/2dejulhonoticias.com.br\/2jn\/exclusivo-instituto-de-andre-mendonca-faturou-ao-menos-r-108-milhoes-em-55-contratos-publicos-54-deles-sem-licitacao\/","name":"EXCLUSIVO: Instituto de Andr\u00e9 Mendon\u00e7a faturou ao menos R$ 10,8 milh\u00f5es em 55 contratos p\u00fablicos, 54 deles sem licita\u00e7\u00e3o - 2 de Julho Not\u00edcias","isPartOf":{"@id":"https:\/\/2dejulhonoticias.com.br\/2jn\/#website"},"primaryImageOfPage":{"@id":"https:\/\/2dejulhonoticias.com.br\/2jn\/exclusivo-instituto-de-andre-mendonca-faturou-ao-menos-r-108-milhoes-em-55-contratos-publicos-54-deles-sem-licitacao\/#primaryimage"},"image":{"@id":"https:\/\/2dejulhonoticias.com.br\/2jn\/exclusivo-instituto-de-andre-mendonca-faturou-ao-menos-r-108-milhoes-em-55-contratos-publicos-54-deles-sem-licitacao\/#primaryimage"},"thumbnailUrl":"https:\/\/2dejulhonoticias.com.br\/2jn\/wp-content\/uploads\/2026\/09\/andre-mendonca-stf.webp","datePublished":"2026-09-03T12:50:47+00:00","description":"EXCLUSIVO: Instituto de Andr\u00e9 Mendon\u00e7a faturou ao menos R$ 10,8 milh\u00f5es em 55 contratos p\u00fablicos, 54 deles sem licita\u00e7\u00e3o","breadcrumb":{"@id":"https:\/\/2dejulhonoticias.com.br\/2jn\/exclusivo-instituto-de-andre-mendonca-faturou-ao-menos-r-108-milhoes-em-55-contratos-publicos-54-deles-sem-licitacao\/#breadcrumb"},"inLanguage":"pt-BR","potentialAction":[{"@type":"ReadAction","target":["https:\/\/2dejulhonoticias.com.br\/2jn\/exclusivo-instituto-de-andre-mendonca-faturou-ao-menos-r-108-milhoes-em-55-contratos-publicos-54-deles-sem-licitacao\/"]}]},{"@type":"ImageObject","inLanguage":"pt-BR","@id":"https:\/\/2dejulhonoticias.com.br\/2jn\/exclusivo-instituto-de-andre-mendonca-faturou-ao-menos-r-108-milhoes-em-55-contratos-publicos-54-deles-sem-licitacao\/#primaryimage","url":"https:\/\/2dejulhonoticias.com.br\/2jn\/wp-content\/uploads\/2026\/09\/andre-mendonca-stf.webp","contentUrl":"https:\/\/2dejulhonoticias.com.br\/2jn\/wp-content\/uploads\/2026\/09\/andre-mendonca-stf.webp","width":600,"height":338},{"@type":"BreadcrumbList","@id":"https:\/\/2dejulhonoticias.com.br\/2jn\/exclusivo-instituto-de-andre-mendonca-faturou-ao-menos-r-108-milhoes-em-55-contratos-publicos-54-deles-sem-licitacao\/#breadcrumb","itemListElement":[{"@type":"ListItem","position":1,"name":"In\u00edcio","item":"https:\/\/2dejulhonoticias.com.br\/2jn\/"},{"@type":"ListItem","position":2,"name":"EXCLUSIVO: Instituto de Andr\u00e9 Mendon\u00e7a faturou ao menos R$ 10,8 milh\u00f5es em 55 contratos p\u00fablicos, 54 deles sem licita\u00e7\u00e3o"}]},{"@type":"WebSite","@id":"https:\/\/2dejulhonoticias.com.br\/2jn\/#website","url":"https:\/\/2dejulhonoticias.com.br\/2jn\/","name":"2 de Julho Noticias - A not\u00edcia ao seu alcance","description":"Noticias sobre Politica, Policia,Esporte,Vida e Estilo, Sa\u00fade,Moda e Beleza,Mundo da Fama,Emprego e Concursos,Arte e Cultura,Cama\u00e7ari","publisher":{"@id":"https:\/\/2dejulhonoticias.com.br\/2jn\/#\/schema\/person\/a61e2ab9ae920711c9622c249b03dc16"},"potentialAction":[{"@type":"SearchAction","target":{"@type":"EntryPoint","urlTemplate":"https:\/\/2dejulhonoticias.com.br\/2jn\/?s={search_term_string}"},"query-input":{"@type":"PropertyValueSpecification","valueRequired":true,"valueName":"search_term_string"}}],"inLanguage":"pt-BR"},{"@type":["Person","Organization"],"@id":"https:\/\/2dejulhonoticias.com.br\/2jn\/#\/schema\/person\/a61e2ab9ae920711c9622c249b03dc16","name":"Reda\u00e7\u00e3o","image":{"@type":"ImageObject","inLanguage":"pt-BR","@id":"https:\/\/2dejulhonoticias.com.br\/2jn\/wp-content\/uploads\/2020\/11\/logo2dejulho.png","url":"https:\/\/2dejulhonoticias.com.br\/2jn\/wp-content\/uploads\/2020\/11\/logo2dejulho.png","contentUrl":"https:\/\/2dejulhonoticias.com.br\/2jn\/wp-content\/uploads\/2020\/11\/logo2dejulho.png","width":291,"height":96,"caption":"Reda\u00e7\u00e3o"},"logo":{"@id":"https:\/\/2dejulhonoticias.com.br\/2jn\/wp-content\/uploads\/2020\/11\/logo2dejulho.png"},"sameAs":["https:\/\/www.facebook.com\/J2deJulho","https:\/\/www.instagram.com\/mirobaia\/","https:\/\/www.linkedin.com\/in\/mirobaia\/","https:\/\/x.com\/2_julho","https:\/\/www.youtube.com\/c\/MiroBaia"]}]}},"_links":{"self":[{"href":"https:\/\/2dejulhonoticias.com.br\/2jn\/wp-json\/wp\/v2\/posts\/42549","targetHints":{"allow":["GET"]}}],"collection":[{"href":"https:\/\/2dejulhonoticias.com.br\/2jn\/wp-json\/wp\/v2\/posts"}],"about":[{"href":"https:\/\/2dejulhonoticias.com.br\/2jn\/wp-json\/wp\/v2\/types\/post"}],"author":[{"embeddable":true,"href":"https:\/\/2dejulhonoticias.com.br\/2jn\/wp-json\/wp\/v2\/users\/1"}],"replies":[{"embeddable":true,"href":"https:\/\/2dejulhonoticias.com.br\/2jn\/wp-json\/wp\/v2\/comments?post=42549"}],"version-history":[{"count":1,"href":"https:\/\/2dejulhonoticias.com.br\/2jn\/wp-json\/wp\/v2\/posts\/42549\/revisions"}],"predecessor-version":[{"id":42551,"href":"https:\/\/2dejulhonoticias.com.br\/2jn\/wp-json\/wp\/v2\/posts\/42549\/revisions\/42551"}],"wp:featuredmedia":[{"embeddable":true,"href":"https:\/\/2dejulhonoticias.com.br\/2jn\/wp-json\/wp\/v2\/media\/42550"}],"wp:attachment":[{"href":"https:\/\/2dejulhonoticias.com.br\/2jn\/wp-json\/wp\/v2\/media?parent=42549"}],"wp:term":[{"taxonomy":"category","embeddable":true,"href":"https:\/\/2dejulhonoticias.com.br\/2jn\/wp-json\/wp\/v2\/categories?post=42549"},{"taxonomy":"post_tag","embeddable":true,"href":"https:\/\/2dejulhonoticias.com.br\/2jn\/wp-json\/wp\/v2\/tags?post=42549"}],"curies":[{"name":"wp","href":"https:\/\/api.w.org\/{rel}","templated":true}]}}