{"id":42546,"date":"2026-09-03T09:26:46","date_gmt":"2026-09-03T12:26:46","guid":{"rendered":"https:\/\/2dejulhonoticias.com.br\/2jn\/?p=42546"},"modified":"2026-09-03T09:26:46","modified_gmt":"2026-09-03T12:26:46","slug":"jogadores-e-tecnico-mais-uma-vez-desrespeitam-a-torcida-do-vitoria-com-sequencias-de-derrotas","status":"publish","type":"post","link":"https:\/\/2dejulhonoticias.com.br\/2jn\/jogadores-e-tecnico-mais-uma-vez-desrespeitam-a-torcida-do-vitoria-com-sequencias-de-derrotas\/","title":{"rendered":"Jogadores e T\u00e9cnico mais uma vez desrespeitam a torcida do Vitoria com sequencias de derrotas"},"content":{"rendered":"<div style=\"text-align: justify;\">\nO le\u00e3o foi eliminado da Copa do Brasil ap\u00f3s perder para o Vasco por 2 a 0, nesta quarta-feira (2), no Barrad\u00e3o, pelo jogo de volta das quartas de final. Os gols vasca\u00ednos foram marcados por Andr\u00e9s G\u00f3mez, aos 35&#8242;, e Puma Rodr\u00edguez, aos 51&#8242;, do 2\u00b0 tempo. Ap\u00f3s reverter placares contra Flamengo e Athletico-PR nas fases anteriores, o Le\u00e3o n\u00e3o conseguiu repetir o feito diante do Cruz-Maltino, que venceu o jogo de ida por 1 a 0. <\/p>\n<p>Esta foi a quarta derrota consecutiva do Vit\u00f3ria na temporada, com o time acumulando reveses para Bahia, Vasco, em duas oportunidades, e Atl\u00e9tico-MG. Nos \u00faltimos seis jogos, o Le\u00e3o acumula cinco derrotas e apenas uma vit\u00f3ria. O Vit\u00f3ria tinha um hist\u00f3rico a seu favor, sempre foi favorito contra o Vasco que esta na zona do brasileir\u00e3o. O Vitoria virou mesmo um levanta defunto, sempre perde pra time que vem ladeira abaixo, e um t\u00e9cnico irrespons\u00e1vel com um time ganha sal\u00e1rios em dias.<\/p>\n<p>Com a classifica\u00e7\u00e3o para a semifinal, o Vasco enfrentar\u00e1 o Palmeiras, que se classificou ap\u00f3s passar pelo Santos. Na outra semifinal, o Atl\u00e9tico-MG espera o vencedor entre Gr\u00eamio e Internacional, que se enfrentam nesta quinta-feira (3), \u00e0s 20h, na Arena do Gr\u00eamio, ap\u00f3s empatarem por 0 a 0 na partida de ida.<\/p>\n<p>Agora, o Vit\u00f3ria foca no duelo contra o Gr\u00eamio, na segunda-feira (7), \u00e0s 20h, no Barrad\u00e3o, pela 26\u00aa rodada do Campeonato Brasileiro. Na S\u00e9rie A, o Le\u00e3o ocupa a 13\u00aa coloca\u00e7\u00e3o, com 29 pontos, quatro a mais que o Vasco, primeiro time dentro da zona de rebaixamento.<\/p>\n<p>\ud83d\udcf1 <a href=\"https:\/\/chat.whatsapp.com\/L8KSLsjENzl5HrgtytuzCL\"> SIGA PRA MAIS NOT\u00cdCIAS: entre na comunidade do 2JN no WhatsApp<\/a>\n<\/div>\n<div>\n<!-- GoogleAdsense --><\/p>\n<p style=\"text-align: justify;\"><span style=\"font-size: 14pt;\"><strong> LEIA TAMB\u00c9M <\/strong><\/span><\/p>\n<p><script async src=\"https:\/\/pagead2.googlesyndication.com\/pagead\/js\/adsbygoogle.js?client=ca-pub-3129804789748719\" crossorigin=\"anonymous\"><\/script><br \/>\n<!-- Anuncio horizontal responsivo --><br \/>\n<ins class=\"adsbygoogle\" style=\"display: block;\" data-ad-client=\"ca-pub-3129804789748719\" data-ad-slot=\"1473312501\" data-ad-format=\"auto\" data-full-width-responsive=\"true\"><\/ins><br \/>\n<script>\n     (adsbygoogle = window.adsbygoogle || []).push({});\n<\/script>\n<\/div>\n<div style=\"text-align: justify;\">\n<div class=\"related bk-inline-post-box alignleft\" style=\"color: #fcfcfc; background-color: #fac8c8;\"><ul class=\"list-small-post row\"><li class=\"small-post content_out clearfix\">                        <div class=\"small-thumbnail-wrapper\">\n                <div class=\"thumb hide-thumb term-75\"><a href=\"https:\/\/2dejulhonoticias.com.br\/2jn\/exclusivo-instituto-de-andre-mendonca-faturou-ao-menos-r-108-milhoes-em-55-contratos-publicos-54-deles-sem-licitacao\/\"><img decoding=\"async\" width=\"90\" height=\"65\" src=\"https:\/\/2dejulhonoticias.com.br\/2jn\/wp-content\/uploads\/2026\/09\/andre-mendonca-stf-90x65.webp\" class=\"attachment-rubik-90-65 size-rubik-90-65 wp-post-image\" alt=\"\" \/><div class=\"rubik-post-icon-wrap\"><\/div><\/a> <!-- close a tag --><\/div> <!-- close thumb -->            <\/div>\n                        <div class=\"post-c-wrap\">\n                                \n                <h4 class=\"title\"><a class=\"term-75\" href=\"https:\/\/2dejulhonoticias.com.br\/2jn\/exclusivo-instituto-de-andre-mendonca-faturou-ao-menos-r-108-milhoes-em-55-contratos-publicos-54-deles-sem-licitacao\/\">EXCLUSIVO: Instituto de Andr\u00e9 Mendon\u00e7a faturou ao menos R$ 10,8 milh\u00f5es em 55 contratos p\u00fablicos, ...<\/a><\/h4>                <div class=\"meta\"><div class=\"post-date\">3 de setembro de 2026<\/div><\/div> \n            <\/div>\n            <\/li><!-- End post --><li class=\"small-post content_out clearfix\">                        <div class=\"small-thumbnail-wrapper\">\n                <div class=\"thumb hide-thumb term-75\"><a href=\"https:\/\/2dejulhonoticias.com.br\/2jn\/mendonca-teve-encontro-secreto-com-vorcaro-e-posou-com-advogado-vorcarinho-levei-andre-para-fazer-terno\/\"><img decoding=\"async\" width=\"90\" height=\"65\" src=\"https:\/\/2dejulhonoticias.com.br\/2jn\/wp-content\/uploads\/2026\/09\/Daniel-Vorcaro-Ciro-Rocha-Soares-com-Andre-Mendonca-90x65.webp\" class=\"attachment-rubik-90-65 size-rubik-90-65 wp-post-image\" alt=\"\" \/><div class=\"rubik-post-icon-wrap\"><\/div><\/a> <!-- close a tag --><\/div> <!-- close thumb -->            <\/div>\n                        <div class=\"post-c-wrap\">\n                                \n                <h4 class=\"title\"><a class=\"term-75\" href=\"https:\/\/2dejulhonoticias.com.br\/2jn\/mendonca-teve-encontro-secreto-com-vorcaro-e-posou-com-advogado-vorcarinho-levei-andre-para-fazer-terno\/\">Mendon\u00e7a teve encontro secreto com Vorcaro e posou com advogado: \u201cVorcarinho [\u2026] levei Andr\u00e9 para ...<\/a><\/h4>                <div class=\"meta\"><div class=\"post-date\">2 de setembro de 2026<\/div><\/div> \n            <\/div>\n            <\/li><!-- End post --><li class=\"small-post content_out clearfix\">                        <div class=\"small-thumbnail-wrapper\">\n                <div class=\"thumb hide-thumb term-75\"><a href=\"https:\/\/2dejulhonoticias.com.br\/2jn\/anvisa-aprova-nova-caneta-emagrecedora-a-base-de-semaglutida\/\"><img decoding=\"async\" width=\"90\" height=\"65\" src=\"https:\/\/2dejulhonoticias.com.br\/2jn\/wp-content\/uploads\/2026\/02\/caneta-imagrecedora-90x65.webp\" class=\"attachment-rubik-90-65 size-rubik-90-65 wp-post-image\" alt=\"Caneta Emagrecedora\" \/><div class=\"rubik-post-icon-wrap\"><\/div><\/a> <!-- close a tag --><\/div> <!-- close thumb -->            <\/div>\n                        <div class=\"post-c-wrap\">\n                                \n                <h4 class=\"title\"><a class=\"term-75\" href=\"https:\/\/2dejulhonoticias.com.br\/2jn\/anvisa-aprova-nova-caneta-emagrecedora-a-base-de-semaglutida\/\">Anvisa aprova nova caneta emagrecedora \u00e0 base de semaglutida<\/a><\/h4>                <div class=\"meta\"><div class=\"post-date\">1 de setembro de 2026<\/div><\/div> \n            <\/div>\n            <\/li><!-- End post --><\/ul> <!-- End list-post --><\/div><br \/>\nO JOGO<\/p>\n<p>Press\u00e3o do Le\u00e3o!<\/p>\n<p>Precisando reverter o resultado da ida, o Vit\u00f3ria come\u00e7ou pressionando o Vasco. Aos 7 minutos, a zaga visitante cortou de cabe\u00e7a e a bola sobrou para Renato Kayzer, que chegou emendando de primeira, tamb\u00e9m de cabe\u00e7a. A bola passou \u00e0 direita do gol vasca\u00edno. <\/p>\n<p>Chegada do Vasco<\/p>\n<p>A primeira finaliza\u00e7\u00e3o do Vasco aconteceu aos 15 minutos. Adson pegou o rebote na entrada, finalizou e a bola saiu em escanteio. <\/p>\n<p>Z\u00e9 Vitor arrisca de longe <\/p>\n<p>Aos 26&#8242;, Z\u00e9 Vitor arriscou de fora da \u00e1rea, mas a bola subiu demais. <\/p>\n<p>Vasco acerta a trave!<\/p>\n<p>Tr\u00eas minutos depois, Mateus Silva errou na sa\u00edda de bola e Lucas Piton cruzou na medida para Spinelli, que deslocou Arcanjo e a bola acertou a trave. <\/p>\n<p>Mateus Silva chuta com perigo<\/p>\n<p>Aos 41&#8242;, Mateus Silva bateu falta cruzada e obrigou L\u00e9o Jardim fazer boa defesa.<\/p>\n<p>Resposta do Vasco <\/p>\n<p>Na sequ\u00eancia do lance, o Vasco saiu em velocidade e Piton cruzou para Thiago Mendes cabecear com perigo.<\/p>\n<p>Mais uma chance do Vasco<\/p>\n<p>Nos acr\u00e9scismos do 1\u00b0 tempo, G\u00f3mez ganhou de Mateus Silva, avan\u00e7ou pela esquerda, invadiu a \u00e1rea e bateu de perna direita. A bola pegou na rede pelo lado de fora. <\/p>\n<p>Grande defesa de Jardim!<\/p>\n<p>No \u00faltimo lance da 1\u00aa etapa, Matheuzinho cruzou para Renato Kayzer, que cabeceou para grande defesa de L\u00e9o Jardim.<\/p>\n<p>2\u00b0 TEMPO<\/p>\n<p>Gol do Vit\u00f3ria anulado por impedimento<\/p>\n<p>Aos 12 minutos, o Vit\u00f3ria abriu o placar com Luan C\u00e2ndido, que completou pro fundo do gol ap\u00f3s jogada ensaiada. Por\u00e9m, a jogada foi anulada por impedimento. <\/p>\n<p>Mudan\u00e7as no Le\u00e3o<\/p>\n<p>As primeiras substitui\u00e7\u00f5es de Jair Ventura foram aos 15 minutos. Tarzia e Mateus Silva sa\u00edram para as entradas de Ren\u00ea e Fabiano, respectivamente. <\/p>\n<p>Col\u00eddio perde cara a cara <\/p>\n<p>Aos 34&#8242;, Colidio deu belo passe de calcanhar para David, que devolveu para o atacante. O argentino conduziu, ficou cara a cara com Lucas Arcanjo e parou na defesa do goleiro. <\/p>\n<p>Gol do Vasco<\/p>\n<p>Um minuto depois, o Vasco abriu o placar aos 35 minutos ap\u00f3s Andr\u00e9s G\u00f3mez acertar um belo chute de fora da \u00e1rea e vencer Lucas Arcanjo. <\/p>\n<p>Z\u00e9 Vitor chuta para defesa de Jardim <\/p>\n<p>Aos 40&#8242;, Z\u00e9 Vitor chutou da ponta direita e Jardim fez a defesa. <\/p>\n<p>FICHA T\u00c9CNICA<\/p>\n<p>Vit\u00f3ria 0x2 Vasco da Gama<br \/>\nCopa do Brasil &#8211; Quartas de final (jogo de volta)<br \/>\nLocal: Barrad\u00e3o<br \/>\nData: 2\/9\/2026 (quarta-feira)<br \/>\nHor\u00e1rio: 21h30<br \/>\n\u00c1rbitro: Rafael Rodrigo Klein (RS)<br \/>\nAssistentes: Bruno Boschilia (PR) e Nailton Junior de Sousa Oliveira (CE)<br \/>\nVAR: Daiane Muniz (SP)<br \/>\nCart\u00f5es amarelos: Cac\u00e1, Luan C\u00e2ndido (Vit\u00f3ria); Puma Rodr\u00edguez (Vasco)<br \/>\nGols: Andr\u00e9s G\u00f3mez aos 35&#8242; e Pum Rodr\u00edguez aos 51&#8242; do 2\u00b0 tempo<\/p>\n<p>Vit\u00f3ria: Lucas Arcanjo; Mateus Silva (Fabiano), Cac\u00e1, Luan C\u00e2ndido e Ramon (Edenilson); Z\u00e9 Vitor, Walace (Osvaldo) e Matheuzinho; Erick, Tarzia e Renato Kayzer (Ren\u00ea). T\u00e9cnico: Jair Ventura. <\/p>\n<p>Vasco: L\u00e9o Jardim; Puma Rodr\u00edguez, Cuesta, Robert Renan e Lucas Piton (Lucas Freitas); Sosa, Thiago Mendes e Ramon Rique; Andr\u00e9s G\u00f3mez (Hinestroza), Adson (Col\u00eddio) e Spinelli. T\u00e9cnico: Pedro Emanuel.\n<\/p><\/div>\n<hr \/>\n<p><!-- banner meio--><\/p>\n<div><script async src=\"https:\/\/pagead2.googlesyndication.com\/pagead\/js\/adsbygoogle.js?client=ca-pub-3129804789748719\" crossorigin=\"anonymous\"><\/script><br \/>\n<!-- Banner quadrado responsivo --><br \/>\n<ins class=\"adsbygoogle\" style=\"display: block;\" data-ad-client=\"ca-pub-3129804789748719\" data-ad-slot=\"2076857862\" data-ad-format=\"auto\" data-full-width-responsive=\"true\"><\/ins><br \/>\n<script>\n     (adsbygoogle = window.adsbygoogle || []).push({});\n<\/script><\/div>\n<p><!-- banner meio responsivo --><\/p>\n<hr \/>\n<p><!-- RODAP\u00c9 DA NOTICIA --><\/p>\n<div><strong> Siga a coluna no <a href=\"https:\/\/www.facebook.com\/jornal2jn\" target=\"_blank\" rel=\"noopener\">Facebook<\/a> e no <a href=\"https:\/\/www.instagram.com\/jornal2dejulho\/\" target=\"_blank\" rel=\"noopener\">Instagram<\/a> para n\u00e3o perder nada.<\/strong><\/div>\n<p style=\"text-align: right;\"><em> por Reda\u00e7\u00e3o 2JN <\/em><\/p>\n<p><!--\n\nO 2 de Julho Noticias \u00e9 um Jornal Independente, pois n\u00e3o tem apoios Pol\u00edticos Partid\u00e1rios, de Prefeitura e nem de Comercio, e precisa de seu apoio, caso possa em assinar nosso Livro de Parceiros e Colaboradores.\nSua colabora\u00e7\u00e3o \u00e9 muito importante para nossa continuidade! Chave PIX EMAIL: parceiro@2dejulhonoticias.com.br\n\n--><\/p>\n<hr \/>\n<p><!-- banner meio responsivo--><br \/>\n<script async src=\"https:\/\/pagead2.googlesyndication.com\/pagead\/js\/adsbygoogle.js?client=ca-pub-3129804789748719\" crossorigin=\"anonymous\"><\/script><br \/>\n<!-- banner 728x90 2jn --><br \/>\n<ins class=\"adsbygoogle\" style=\"display: inline-block; width: 728px; height: 90px;\" data-ad-client=\"ca-pub-3129804789748719\" data-ad-slot=\"1383288950\"><\/ins><br \/>\n<script>\n     (adsbygoogle = window.adsbygoogle || []).push({});\n<\/script><\/p>\n<p style=\"text-align: justify;\"><span style=\"font-size: 14pt;\"><strong> LEIA TAMB\u00c9M <\/strong><\/span><\/p>\n<p><!-- banner meio responsivo--><br \/>\n<script async src=\"https:\/\/pagead2.googlesyndication.com\/pagead\/js\/adsbygoogle.js?client=ca-pub-3129804789748719\" crossorigin=\"anonymous\"><\/script><br \/>\n<!-- banner 728x90 2jn --><br \/>\n<ins class=\"adsbygoogle\" style=\"display: inline-block; width: 728px; height: 90px;\" data-ad-client=\"ca-pub-3129804789748719\" data-ad-slot=\"1383288950\"><\/ins><br \/>\n<script>\n     (adsbygoogle = window.adsbygoogle || []).push({});\n<\/script><br \/>\n<amp-ad width=\"100vw\" height=\"320\"\n     type=\"adsense\"\n     data-ad-client=\"ca-pub-3129804789748719\"\n     data-ad-slot=\"4367194841\"\n     data-auto-format=\"mcrspv\"\n     data-full-width=\"\"><\/p>\n<div overflow=\"\"><\/div>\n<p><\/amp-ad><br \/>\n<amp-ad\n     layout=\"fixed\"\n     width=\"728\"\n     height=\"90\"\n     type=\"adsense\"\n     data-ad-client=\"ca-pub-3129804789748719\"\n     data-ad-slot=\"1383288950\"><br \/>\n<\/amp-ad><\/p>\n","protected":false},"excerpt":{"rendered":"<p>O le\u00e3o foi eliminado da Copa do Brasil ap\u00f3s perder para o Vasco por 2 a 0, nesta quarta-feira (2), no Barrad\u00e3o, pelo jogo de volta das quartas de final. Os gols vasca\u00ednos foram marcados por Andr\u00e9s G\u00f3mez, aos 35&#8242;, e Puma Rodr\u00edguez, aos 51&#8242;, do 2\u00b0 tempo. Ap\u00f3s reverter placares contra Flamengo e Athletico-PR nas fases anteriores, o Le\u00e3o n\u00e3o conseguiu repetir o feito diante do Cruz-Maltino, que venceu o jogo de ida por 1 a 0. Esta foi a quarta derrota consecutiva do Vit\u00f3ria na temporada, com o time acumulando reveses para Bahia, Vasco, em duas oportunidades, e [&hellip;]<\/p>\n","protected":false},"author":1,"featured_media":42547,"comment_status":"closed","ping_status":"open","sticky":false,"template":"","format":"standard","meta":{"footnotes":""},"categories":[75,7],"tags":[1252,5869,1043],"class_list":["post-42546","post","type-post","status-publish","format-standard","has-post-thumbnail","hentry","category-brasil","category-esporte","tag-copadobrasil","tag-vasco-rj","tag-ecvitoria"],"yoast_head":"<!-- This site is optimized with the Yoast SEO Premium plugin v23.7 (Yoast SEO v27.7) - https:\/\/yoast.com\/product\/yoast-seo-premium-wordpress\/ -->\n<title>Jogadores e T\u00e9cnico mais uma vez desrespeitam a torcida do Vitoria com sequencias de derrotas - 2 de Julho Not\u00edcias<\/title>\n<meta name=\"description\" content=\"Jogadores e T\u00e9cnico mais uma vez desrespeitam a torcida do Vitoria com sequencias de derrotas\" \/>\n<meta name=\"robots\" content=\"index, follow, max-snippet:-1, max-image-preview:large, max-video-preview:-1\" \/>\n<link rel=\"canonical\" href=\"https:\/\/2dejulhonoticias.com.br\/2jn\/jogadores-e-tecnico-mais-uma-vez-desrespeitam-a-torcida-do-vitoria-com-sequencias-de-derrotas\/\" \/>\n<meta name=\"twitter:card\" content=\"summary_large_image\" \/>\n<meta name=\"twitter:title\" content=\"Jogadores e T\u00e9cnico mais uma vez desrespeitam a torcida do Vitoria com sequencias de derrotas - 2 de Julho Not\u00edcias\" \/>\n<meta name=\"twitter:description\" content=\"Jogadores e T\u00e9cnico mais uma vez desrespeitam a torcida do Vitoria com sequencias de derrotas\" \/>\n<meta name=\"twitter:image\" content=\"https:\/\/2dejulhonoticias.com.br\/2jn\/wp-content\/uploads\/2026\/09\/vitoria-x-vasco.webp\" \/>\n<meta name=\"twitter:creator\" content=\"@2_julho\" \/>\n<meta name=\"twitter:site\" content=\"@2_julho\" \/>\n<meta name=\"twitter:label1\" content=\"Escrito por\" \/>\n\t<meta name=\"twitter:data1\" content=\"Reda\u00e7\u00e3o\" \/>\n\t<meta name=\"twitter:label2\" content=\"Est. tempo de leitura\" \/>\n\t<meta name=\"twitter:data2\" content=\"1 minuto\" \/>\n<script type=\"application\/ld+json\" class=\"yoast-schema-graph\">{\"@context\":\"https:\\\/\\\/schema.org\",\"@graph\":[{\"@type\":\"Article\",\"@id\":\"https:\\\/\\\/2dejulhonoticias.com.br\\\/2jn\\\/jogadores-e-tecnico-mais-uma-vez-desrespeitam-a-torcida-do-vitoria-com-sequencias-de-derrotas\\\/#article\",\"isPartOf\":{\"@id\":\"https:\\\/\\\/2dejulhonoticias.com.br\\\/2jn\\\/jogadores-e-tecnico-mais-uma-vez-desrespeitam-a-torcida-do-vitoria-com-sequencias-de-derrotas\\\/\"},\"author\":{\"name\":\"Reda\u00e7\u00e3o\",\"@id\":\"https:\\\/\\\/2dejulhonoticias.com.br\\\/2jn\\\/#\\\/schema\\\/person\\\/a61e2ab9ae920711c9622c249b03dc16\"},\"headline\":\"Jogadores e T\u00e9cnico mais uma vez desrespeitam a torcida do Vitoria com sequencias de derrotas\",\"datePublished\":\"2026-09-03T12:26:46+00:00\",\"mainEntityOfPage\":{\"@id\":\"https:\\\/\\\/2dejulhonoticias.com.br\\\/2jn\\\/jogadores-e-tecnico-mais-uma-vez-desrespeitam-a-torcida-do-vitoria-com-sequencias-de-derrotas\\\/\"},\"wordCount\":865,\"publisher\":{\"@id\":\"https:\\\/\\\/2dejulhonoticias.com.br\\\/2jn\\\/#\\\/schema\\\/person\\\/a61e2ab9ae920711c9622c249b03dc16\"},\"image\":{\"@id\":\"https:\\\/\\\/2dejulhonoticias.com.br\\\/2jn\\\/jogadores-e-tecnico-mais-uma-vez-desrespeitam-a-torcida-do-vitoria-com-sequencias-de-derrotas\\\/#primaryimage\"},\"thumbnailUrl\":\"https:\\\/\\\/2dejulhonoticias.com.br\\\/2jn\\\/wp-content\\\/uploads\\\/2026\\\/09\\\/vitoria-x-vasco.webp\",\"keywords\":[\"#CopaDoBrasil\",\"#Vasco-RJ\",\"ECVitoria\"],\"articleSection\":[\"Brasil\",\"Esporte\"],\"inLanguage\":\"pt-BR\"},{\"@type\":\"WebPage\",\"@id\":\"https:\\\/\\\/2dejulhonoticias.com.br\\\/2jn\\\/jogadores-e-tecnico-mais-uma-vez-desrespeitam-a-torcida-do-vitoria-com-sequencias-de-derrotas\\\/\",\"url\":\"https:\\\/\\\/2dejulhonoticias.com.br\\\/2jn\\\/jogadores-e-tecnico-mais-uma-vez-desrespeitam-a-torcida-do-vitoria-com-sequencias-de-derrotas\\\/\",\"name\":\"Jogadores e T\u00e9cnico mais uma vez desrespeitam a torcida do Vitoria com sequencias de derrotas - 2 de Julho Not\u00edcias\",\"isPartOf\":{\"@id\":\"https:\\\/\\\/2dejulhonoticias.com.br\\\/2jn\\\/#website\"},\"primaryImageOfPage\":{\"@id\":\"https:\\\/\\\/2dejulhonoticias.com.br\\\/2jn\\\/jogadores-e-tecnico-mais-uma-vez-desrespeitam-a-torcida-do-vitoria-com-sequencias-de-derrotas\\\/#primaryimage\"},\"image\":{\"@id\":\"https:\\\/\\\/2dejulhonoticias.com.br\\\/2jn\\\/jogadores-e-tecnico-mais-uma-vez-desrespeitam-a-torcida-do-vitoria-com-sequencias-de-derrotas\\\/#primaryimage\"},\"thumbnailUrl\":\"https:\\\/\\\/2dejulhonoticias.com.br\\\/2jn\\\/wp-content\\\/uploads\\\/2026\\\/09\\\/vitoria-x-vasco.webp\",\"datePublished\":\"2026-09-03T12:26:46+00:00\",\"description\":\"Jogadores e T\u00e9cnico mais uma vez desrespeitam a torcida do Vitoria com sequencias de derrotas\",\"breadcrumb\":{\"@id\":\"https:\\\/\\\/2dejulhonoticias.com.br\\\/2jn\\\/jogadores-e-tecnico-mais-uma-vez-desrespeitam-a-torcida-do-vitoria-com-sequencias-de-derrotas\\\/#breadcrumb\"},\"inLanguage\":\"pt-BR\",\"potentialAction\":[{\"@type\":\"ReadAction\",\"target\":[\"https:\\\/\\\/2dejulhonoticias.com.br\\\/2jn\\\/jogadores-e-tecnico-mais-uma-vez-desrespeitam-a-torcida-do-vitoria-com-sequencias-de-derrotas\\\/\"]}]},{\"@type\":\"ImageObject\",\"inLanguage\":\"pt-BR\",\"@id\":\"https:\\\/\\\/2dejulhonoticias.com.br\\\/2jn\\\/jogadores-e-tecnico-mais-uma-vez-desrespeitam-a-torcida-do-vitoria-com-sequencias-de-derrotas\\\/#primaryimage\",\"url\":\"https:\\\/\\\/2dejulhonoticias.com.br\\\/2jn\\\/wp-content\\\/uploads\\\/2026\\\/09\\\/vitoria-x-vasco.webp\",\"contentUrl\":\"https:\\\/\\\/2dejulhonoticias.com.br\\\/2jn\\\/wp-content\\\/uploads\\\/2026\\\/09\\\/vitoria-x-vasco.webp\",\"width\":600,\"height\":315},{\"@type\":\"BreadcrumbList\",\"@id\":\"https:\\\/\\\/2dejulhonoticias.com.br\\\/2jn\\\/jogadores-e-tecnico-mais-uma-vez-desrespeitam-a-torcida-do-vitoria-com-sequencias-de-derrotas\\\/#breadcrumb\",\"itemListElement\":[{\"@type\":\"ListItem\",\"position\":1,\"name\":\"In\u00edcio\",\"item\":\"https:\\\/\\\/2dejulhonoticias.com.br\\\/2jn\\\/\"},{\"@type\":\"ListItem\",\"position\":2,\"name\":\"Jogadores e T\u00e9cnico mais uma vez desrespeitam a torcida do Vitoria com sequencias de derrotas\"}]},{\"@type\":\"WebSite\",\"@id\":\"https:\\\/\\\/2dejulhonoticias.com.br\\\/2jn\\\/#website\",\"url\":\"https:\\\/\\\/2dejulhonoticias.com.br\\\/2jn\\\/\",\"name\":\"2 de Julho Noticias - A not\u00edcia ao seu alcance\",\"description\":\"Noticias sobre Politica, Policia,Esporte,Vida e Estilo, Sa\u00fade,Moda e Beleza,Mundo da Fama,Emprego e Concursos,Arte e Cultura,Cama\u00e7ari\",\"publisher\":{\"@id\":\"https:\\\/\\\/2dejulhonoticias.com.br\\\/2jn\\\/#\\\/schema\\\/person\\\/a61e2ab9ae920711c9622c249b03dc16\"},\"potentialAction\":[{\"@type\":\"SearchAction\",\"target\":{\"@type\":\"EntryPoint\",\"urlTemplate\":\"https:\\\/\\\/2dejulhonoticias.com.br\\\/2jn\\\/?s={search_term_string}\"},\"query-input\":{\"@type\":\"PropertyValueSpecification\",\"valueRequired\":true,\"valueName\":\"search_term_string\"}}],\"inLanguage\":\"pt-BR\"},{\"@type\":[\"Person\",\"Organization\"],\"@id\":\"https:\\\/\\\/2dejulhonoticias.com.br\\\/2jn\\\/#\\\/schema\\\/person\\\/a61e2ab9ae920711c9622c249b03dc16\",\"name\":\"Reda\u00e7\u00e3o\",\"image\":{\"@type\":\"ImageObject\",\"inLanguage\":\"pt-BR\",\"@id\":\"https:\\\/\\\/2dejulhonoticias.com.br\\\/2jn\\\/wp-content\\\/uploads\\\/2020\\\/11\\\/logo2dejulho.png\",\"url\":\"https:\\\/\\\/2dejulhonoticias.com.br\\\/2jn\\\/wp-content\\\/uploads\\\/2020\\\/11\\\/logo2dejulho.png\",\"contentUrl\":\"https:\\\/\\\/2dejulhonoticias.com.br\\\/2jn\\\/wp-content\\\/uploads\\\/2020\\\/11\\\/logo2dejulho.png\",\"width\":291,\"height\":96,\"caption\":\"Reda\u00e7\u00e3o\"},\"logo\":{\"@id\":\"https:\\\/\\\/2dejulhonoticias.com.br\\\/2jn\\\/wp-content\\\/uploads\\\/2020\\\/11\\\/logo2dejulho.png\"},\"sameAs\":[\"https:\\\/\\\/www.facebook.com\\\/J2deJulho\",\"https:\\\/\\\/www.instagram.com\\\/mirobaia\\\/\",\"https:\\\/\\\/www.linkedin.com\\\/in\\\/mirobaia\\\/\",\"https:\\\/\\\/x.com\\\/2_julho\",\"https:\\\/\\\/www.youtube.com\\\/c\\\/MiroBaia\"]}]}<\/script>\n<!-- \/ Yoast SEO Premium plugin. -->","yoast_head_json":{"title":"Jogadores e T\u00e9cnico mais uma vez desrespeitam a torcida do Vitoria com sequencias de derrotas - 2 de Julho Not\u00edcias","description":"Jogadores e T\u00e9cnico mais uma vez desrespeitam a torcida do Vitoria com sequencias de derrotas","robots":{"index":"index","follow":"follow","max-snippet":"max-snippet:-1","max-image-preview":"max-image-preview:large","max-video-preview":"max-video-preview:-1"},"canonical":"https:\/\/2dejulhonoticias.com.br\/2jn\/jogadores-e-tecnico-mais-uma-vez-desrespeitam-a-torcida-do-vitoria-com-sequencias-de-derrotas\/","twitter_card":"summary_large_image","twitter_title":"Jogadores e T\u00e9cnico mais uma vez desrespeitam a torcida do Vitoria com sequencias de derrotas - 2 de Julho Not\u00edcias","twitter_description":"Jogadores e T\u00e9cnico mais uma vez desrespeitam a torcida do Vitoria com sequencias de derrotas","twitter_image":"https:\/\/2dejulhonoticias.com.br\/2jn\/wp-content\/uploads\/2026\/09\/vitoria-x-vasco.webp","twitter_creator":"@2_julho","twitter_site":"@2_julho","twitter_misc":{"Escrito por":"Reda\u00e7\u00e3o","Est. tempo de leitura":"1 minuto"},"schema":{"@context":"https:\/\/schema.org","@graph":[{"@type":"Article","@id":"https:\/\/2dejulhonoticias.com.br\/2jn\/jogadores-e-tecnico-mais-uma-vez-desrespeitam-a-torcida-do-vitoria-com-sequencias-de-derrotas\/#article","isPartOf":{"@id":"https:\/\/2dejulhonoticias.com.br\/2jn\/jogadores-e-tecnico-mais-uma-vez-desrespeitam-a-torcida-do-vitoria-com-sequencias-de-derrotas\/"},"author":{"name":"Reda\u00e7\u00e3o","@id":"https:\/\/2dejulhonoticias.com.br\/2jn\/#\/schema\/person\/a61e2ab9ae920711c9622c249b03dc16"},"headline":"Jogadores e T\u00e9cnico mais uma vez desrespeitam a torcida do Vitoria com sequencias de derrotas","datePublished":"2026-09-03T12:26:46+00:00","mainEntityOfPage":{"@id":"https:\/\/2dejulhonoticias.com.br\/2jn\/jogadores-e-tecnico-mais-uma-vez-desrespeitam-a-torcida-do-vitoria-com-sequencias-de-derrotas\/"},"wordCount":865,"publisher":{"@id":"https:\/\/2dejulhonoticias.com.br\/2jn\/#\/schema\/person\/a61e2ab9ae920711c9622c249b03dc16"},"image":{"@id":"https:\/\/2dejulhonoticias.com.br\/2jn\/jogadores-e-tecnico-mais-uma-vez-desrespeitam-a-torcida-do-vitoria-com-sequencias-de-derrotas\/#primaryimage"},"thumbnailUrl":"https:\/\/2dejulhonoticias.com.br\/2jn\/wp-content\/uploads\/2026\/09\/vitoria-x-vasco.webp","keywords":["#CopaDoBrasil","#Vasco-RJ","ECVitoria"],"articleSection":["Brasil","Esporte"],"inLanguage":"pt-BR"},{"@type":"WebPage","@id":"https:\/\/2dejulhonoticias.com.br\/2jn\/jogadores-e-tecnico-mais-uma-vez-desrespeitam-a-torcida-do-vitoria-com-sequencias-de-derrotas\/","url":"https:\/\/2dejulhonoticias.com.br\/2jn\/jogadores-e-tecnico-mais-uma-vez-desrespeitam-a-torcida-do-vitoria-com-sequencias-de-derrotas\/","name":"Jogadores e T\u00e9cnico mais uma vez desrespeitam a torcida do Vitoria com sequencias de derrotas - 2 de Julho Not\u00edcias","isPartOf":{"@id":"https:\/\/2dejulhonoticias.com.br\/2jn\/#website"},"primaryImageOfPage":{"@id":"https:\/\/2dejulhonoticias.com.br\/2jn\/jogadores-e-tecnico-mais-uma-vez-desrespeitam-a-torcida-do-vitoria-com-sequencias-de-derrotas\/#primaryimage"},"image":{"@id":"https:\/\/2dejulhonoticias.com.br\/2jn\/jogadores-e-tecnico-mais-uma-vez-desrespeitam-a-torcida-do-vitoria-com-sequencias-de-derrotas\/#primaryimage"},"thumbnailUrl":"https:\/\/2dejulhonoticias.com.br\/2jn\/wp-content\/uploads\/2026\/09\/vitoria-x-vasco.webp","datePublished":"2026-09-03T12:26:46+00:00","description":"Jogadores e T\u00e9cnico mais uma vez desrespeitam a torcida do Vitoria com sequencias de derrotas","breadcrumb":{"@id":"https:\/\/2dejulhonoticias.com.br\/2jn\/jogadores-e-tecnico-mais-uma-vez-desrespeitam-a-torcida-do-vitoria-com-sequencias-de-derrotas\/#breadcrumb"},"inLanguage":"pt-BR","potentialAction":[{"@type":"ReadAction","target":["https:\/\/2dejulhonoticias.com.br\/2jn\/jogadores-e-tecnico-mais-uma-vez-desrespeitam-a-torcida-do-vitoria-com-sequencias-de-derrotas\/"]}]},{"@type":"ImageObject","inLanguage":"pt-BR","@id":"https:\/\/2dejulhonoticias.com.br\/2jn\/jogadores-e-tecnico-mais-uma-vez-desrespeitam-a-torcida-do-vitoria-com-sequencias-de-derrotas\/#primaryimage","url":"https:\/\/2dejulhonoticias.com.br\/2jn\/wp-content\/uploads\/2026\/09\/vitoria-x-vasco.webp","contentUrl":"https:\/\/2dejulhonoticias.com.br\/2jn\/wp-content\/uploads\/2026\/09\/vitoria-x-vasco.webp","width":600,"height":315},{"@type":"BreadcrumbList","@id":"https:\/\/2dejulhonoticias.com.br\/2jn\/jogadores-e-tecnico-mais-uma-vez-desrespeitam-a-torcida-do-vitoria-com-sequencias-de-derrotas\/#breadcrumb","itemListElement":[{"@type":"ListItem","position":1,"name":"In\u00edcio","item":"https:\/\/2dejulhonoticias.com.br\/2jn\/"},{"@type":"ListItem","position":2,"name":"Jogadores e T\u00e9cnico mais uma vez desrespeitam a torcida do Vitoria com sequencias de derrotas"}]},{"@type":"WebSite","@id":"https:\/\/2dejulhonoticias.com.br\/2jn\/#website","url":"https:\/\/2dejulhonoticias.com.br\/2jn\/","name":"2 de Julho Noticias - A not\u00edcia ao seu alcance","description":"Noticias sobre Politica, Policia,Esporte,Vida e Estilo, Sa\u00fade,Moda e Beleza,Mundo da Fama,Emprego e Concursos,Arte e Cultura,Cama\u00e7ari","publisher":{"@id":"https:\/\/2dejulhonoticias.com.br\/2jn\/#\/schema\/person\/a61e2ab9ae920711c9622c249b03dc16"},"potentialAction":[{"@type":"SearchAction","target":{"@type":"EntryPoint","urlTemplate":"https:\/\/2dejulhonoticias.com.br\/2jn\/?s={search_term_string}"},"query-input":{"@type":"PropertyValueSpecification","valueRequired":true,"valueName":"search_term_string"}}],"inLanguage":"pt-BR"},{"@type":["Person","Organization"],"@id":"https:\/\/2dejulhonoticias.com.br\/2jn\/#\/schema\/person\/a61e2ab9ae920711c9622c249b03dc16","name":"Reda\u00e7\u00e3o","image":{"@type":"ImageObject","inLanguage":"pt-BR","@id":"https:\/\/2dejulhonoticias.com.br\/2jn\/wp-content\/uploads\/2020\/11\/logo2dejulho.png","url":"https:\/\/2dejulhonoticias.com.br\/2jn\/wp-content\/uploads\/2020\/11\/logo2dejulho.png","contentUrl":"https:\/\/2dejulhonoticias.com.br\/2jn\/wp-content\/uploads\/2020\/11\/logo2dejulho.png","width":291,"height":96,"caption":"Reda\u00e7\u00e3o"},"logo":{"@id":"https:\/\/2dejulhonoticias.com.br\/2jn\/wp-content\/uploads\/2020\/11\/logo2dejulho.png"},"sameAs":["https:\/\/www.facebook.com\/J2deJulho","https:\/\/www.instagram.com\/mirobaia\/","https:\/\/www.linkedin.com\/in\/mirobaia\/","https:\/\/x.com\/2_julho","https:\/\/www.youtube.com\/c\/MiroBaia"]}]}},"_links":{"self":[{"href":"https:\/\/2dejulhonoticias.com.br\/2jn\/wp-json\/wp\/v2\/posts\/42546","targetHints":{"allow":["GET"]}}],"collection":[{"href":"https:\/\/2dejulhonoticias.com.br\/2jn\/wp-json\/wp\/v2\/posts"}],"about":[{"href":"https:\/\/2dejulhonoticias.com.br\/2jn\/wp-json\/wp\/v2\/types\/post"}],"author":[{"embeddable":true,"href":"https:\/\/2dejulhonoticias.com.br\/2jn\/wp-json\/wp\/v2\/users\/1"}],"replies":[{"embeddable":true,"href":"https:\/\/2dejulhonoticias.com.br\/2jn\/wp-json\/wp\/v2\/comments?post=42546"}],"version-history":[{"count":1,"href":"https:\/\/2dejulhonoticias.com.br\/2jn\/wp-json\/wp\/v2\/posts\/42546\/revisions"}],"predecessor-version":[{"id":42548,"href":"https:\/\/2dejulhonoticias.com.br\/2jn\/wp-json\/wp\/v2\/posts\/42546\/revisions\/42548"}],"wp:featuredmedia":[{"embeddable":true,"href":"https:\/\/2dejulhonoticias.com.br\/2jn\/wp-json\/wp\/v2\/media\/42547"}],"wp:attachment":[{"href":"https:\/\/2dejulhonoticias.com.br\/2jn\/wp-json\/wp\/v2\/media?parent=42546"}],"wp:term":[{"taxonomy":"category","embeddable":true,"href":"https:\/\/2dejulhonoticias.com.br\/2jn\/wp-json\/wp\/v2\/categories?post=42546"},{"taxonomy":"post_tag","embeddable":true,"href":"https:\/\/2dejulhonoticias.com.br\/2jn\/wp-json\/wp\/v2\/tags?post=42546"}],"curies":[{"name":"wp","href":"https:\/\/api.w.org\/{rel}","templated":true}]}}