{"id":42537,"date":"2026-09-02T09:08:16","date_gmt":"2026-09-02T12:08:16","guid":{"rendered":"https:\/\/2dejulhonoticias.com.br\/2jn\/?p=42537"},"modified":"2026-09-02T09:08:45","modified_gmt":"2026-09-02T12:08:45","slug":"mendonca-teve-encontro-secreto-com-vorcaro-e-posou-com-advogado-vorcarinho-levei-andre-para-fazer-terno","status":"publish","type":"post","link":"https:\/\/2dejulhonoticias.com.br\/2jn\/mendonca-teve-encontro-secreto-com-vorcaro-e-posou-com-advogado-vorcarinho-levei-andre-para-fazer-terno\/","title":{"rendered":"Mendon\u00e7a teve encontro secreto com Vorcaro e posou com advogado: \u201cVorcarinho [\u2026] levei Andr\u00e9 para fazer terno\u201d"},"content":{"rendered":"<div style=\"text-align: justify;\">\nMensagens e \u00e1udios extra\u00eddos do celular de Daniel Vorcaro, dono do Banco Master, revelam que o banqueiro teve um encontro secreto com o ministro Andr\u00e9 Mendon\u00e7a, do Supremo Tribunal Federal, em 14 de mar\u00e7o de 2025, em S\u00e3o Paulo. A reuni\u00e3o, realizada no endere\u00e7o do Instituto Iter, fundado pelo pr\u00f3prio magistrado, durou cerca de duas horas e foi articulada durante semanas pelo advogado baiano Ciro Rocha Soares e pelo deputado federal Cezinha de Madureira (PL-SP).<\/p>\n<p>O material foi obtido com exclusividade pela newsletter Noites H\u00fangaras, do jornalista Paulo Motoryn, e indica ainda que Mendon\u00e7a tinha conhecimento pr\u00e9vio dos problemas enfrentados pelo Banco Master no Banco Central antes de se reunir com Vorcaro \u2013 leia a \u00edntegra da reportagem de Paulo Motoryn na newsletter Noites H\u00fangaras<\/p>\n<p><strong>O Encontro Secreto<\/strong><\/p>\n<p>No dia 14 de mar\u00e7o de 2025, Daniel Vorcaro e o ministro Andr\u00e9 Mendon\u00e7a se encontraram em S\u00e3o Paulo por cerca de duas horas. O local escolhido foi o endere\u00e7o de um instituto fundado pelo pr\u00f3prio ministro, o que conferia ao encontro um car\u00e1ter reservado, fora das instala\u00e7\u00f5es oficiais do Supremo Tribunal Federal. A reuni\u00e3o n\u00e3o constava de nenhuma agenda p\u00fablica conhecida.<\/p>\n<p>As informa\u00e7\u00f5es foram obtidas com exclusividade pela newsletter Noites H\u00fangaras, de Paulo Motoryn, a partir de mensagens e \u00e1udios extra\u00eddos do celular de Daniel Vorcaro. A apura\u00e7\u00e3o incluiu checagem minuciosa de datas, hor\u00e1rios, interlocutores e endere\u00e7os, com cruzamento de registros e dados p\u00fablicos para verifica\u00e7\u00e3o independente dos fatos. Todos os principais envolvidos foram procurados antes da publica\u00e7\u00e3o e tiveram a oportunidade de apresentar sua vers\u00e3o ou contestar as informa\u00e7\u00f5es.<\/p>\n<p>O encontro entre o controlador de uma das maiores institui\u00e7\u00f5es financeiras do pa\u00eds e um ministro da mais alta corte do Judici\u00e1rio, realizado em local privado e sem registro p\u00fablico, ganha peso adicional diante do contexto revelado pelo pr\u00f3prio material: Mendon\u00e7a havia sido informado previamente sobre os problemas que o Banco Master enfrentava no Banco Central, e a reuni\u00e3o foi o resultado de uma articula\u00e7\u00e3o deliberada conduzida por pessoas de sua proximidade.<\/p>\n<p><strong>A Articula\u00e7\u00e3o da Reuni\u00e3o<\/strong><\/p>\n<p>A aproxima\u00e7\u00e3o entre Vorcaro e Mendon\u00e7a n\u00e3o foi espont\u00e2nea. Durante semanas, o advogado baiano Ciro Rocha Soares e o deputado federal Cezinha de Madureira (PL-SP) trabalharam para viabilizar o contato entre o banqueiro e o ministro do STF. O processo come\u00e7ou a ganhar forma em 7 de fevereiro de 2025, quando Ciro fez sucessivas tentativas de telefonar para Vorcaro. Ap\u00f3s as chamadas perdidas, enviou mensagens curtas: \u201cOpa\u201d, \u201cme liga\u201d e, \u00e0s 14h03, acrescentou: \u201cT\u00f4 [com] Andr\u00e9 M.\u201d.<\/p>\n<p>No dia seguinte, 8 de fevereiro, Ciro encaminhou ao banqueiro uma fotografia na qual aparecia ao lado de Andr\u00e9 Mendon\u00e7a, supostamente tirada em uma unidade da Alfaiataria Vasco Vasconcelos, empresa com endere\u00e7os em S\u00e3o Paulo e Bras\u00edlia. A imagem veio acompanhada de um \u00e1udio que deixava pouco espa\u00e7o para interpreta\u00e7\u00e3o: \u201cFala, Vorcarinho, trabalhando por voc\u00ea! Levei o Andr\u00e9 l\u00e1 no Vasco [alfaiataria] agora, pra fazer um terno.\u201d<\/p>\n<p>\u201cFala, Vorcarinho, trabalhando por voc\u00ea! Levei o Andr\u00e9 l\u00e1 no Vasco [alfaiataria] agora, pra fazer um terno.\u201d<\/p>\n<p><iframe src=\"https:\/\/revistaforum.com.br\/wp-content\/uploads\/2026\/09\/WhatsApp-Video-2026-09-02-at-07.12.47.mp4?_=2\" height=\"300\" width=\"200\" title=\"Iframe Example\"><\/iframe><\/p>\n<p>\ud83d\udcf1 <a href=\"https:\/\/chat.whatsapp.com\/L8KSLsjENzl5HrgtytuzCL\"> SIGA PRA MAIS NOT\u00cdCIAS: entre na comunidade do 2JN no WhatsApp<\/a>\n<\/div>\n<div>\n<!-- GoogleAdsense --><\/p>\n<p style=\"text-align: justify;\"><span style=\"font-size: 14pt;\"><strong> LEIA TAMB\u00c9M <\/strong><\/span><\/p>\n<p><script async src=\"https:\/\/pagead2.googlesyndication.com\/pagead\/js\/adsbygoogle.js?client=ca-pub-3129804789748719\" crossorigin=\"anonymous\"><\/script><br \/>\n<!-- Anuncio horizontal responsivo --><br \/>\n<ins class=\"adsbygoogle\" style=\"display: block;\" data-ad-client=\"ca-pub-3129804789748719\" data-ad-slot=\"1473312501\" data-ad-format=\"auto\" data-full-width-responsive=\"true\"><\/ins><br \/>\n<script>\n     (adsbygoogle = window.adsbygoogle || []).push({});\n<\/script>\n<\/div>\n<div style=\"text-align: justify;\">\n<div class=\"related bk-inline-post-box alignleft\" style=\"color: #fcfcfc; background-color: #fac8c8;\"><ul class=\"list-small-post row\"><li class=\"small-post content_out clearfix\">                        <div class=\"small-thumbnail-wrapper\">\n                <div class=\"thumb hide-thumb term-75\"><a href=\"https:\/\/2dejulhonoticias.com.br\/2jn\/anvisa-aprova-nova-caneta-emagrecedora-a-base-de-semaglutida\/\"><img decoding=\"async\" width=\"90\" height=\"65\" src=\"https:\/\/2dejulhonoticias.com.br\/2jn\/wp-content\/uploads\/2026\/02\/caneta-imagrecedora-90x65.webp\" class=\"attachment-rubik-90-65 size-rubik-90-65 wp-post-image\" alt=\"Caneta Emagrecedora\" \/><div class=\"rubik-post-icon-wrap\"><\/div><\/a> <!-- close a tag --><\/div> <!-- close thumb -->            <\/div>\n                        <div class=\"post-c-wrap\">\n                                \n                <h4 class=\"title\"><a class=\"term-75\" href=\"https:\/\/2dejulhonoticias.com.br\/2jn\/anvisa-aprova-nova-caneta-emagrecedora-a-base-de-semaglutida\/\">Anvisa aprova nova caneta emagrecedora \u00e0 base de semaglutida<\/a><\/h4>                <div class=\"meta\"><div class=\"post-date\">1 de setembro de 2026<\/div><\/div> \n            <\/div>\n            <\/li><!-- End post --><li class=\"small-post content_out clearfix\">                        <div class=\"small-thumbnail-wrapper\">\n                <div class=\"thumb hide-thumb term-75\"><a href=\"https:\/\/2dejulhonoticias.com.br\/2jn\/escala-6x1-luciano-hang-e-acionado-na-pge-por-assedio-eleitoral-apos-suposta-ameaca-a-funcionarios\/\"><img decoding=\"async\" width=\"90\" height=\"65\" src=\"https:\/\/2dejulhonoticias.com.br\/2jn\/wp-content\/uploads\/2026\/09\/luciano-hang-90x65.webp\" class=\"attachment-rubik-90-65 size-rubik-90-65 wp-post-image\" alt=\"\" \/><div class=\"rubik-post-icon-wrap\"><\/div><\/a> <!-- close a tag --><\/div> <!-- close thumb -->            <\/div>\n                        <div class=\"post-c-wrap\">\n                                \n                <h4 class=\"title\"><a class=\"term-75\" href=\"https:\/\/2dejulhonoticias.com.br\/2jn\/escala-6x1-luciano-hang-e-acionado-na-pge-por-assedio-eleitoral-apos-suposta-ameaca-a-funcionarios\/\">Escala 6\u00d71: Luciano Hang \u00e9 acionado na PGE por ass\u00e9dio eleitoral ap\u00f3s suposta amea\u00e7a a ...<\/a><\/h4>                <div class=\"meta\"><div class=\"post-date\">1 de setembro de 2026<\/div><\/div> \n            <\/div>\n            <\/li><!-- End post --><li class=\"small-post content_out clearfix\">                        <div class=\"small-thumbnail-wrapper\">\n                <div class=\"thumb hide-thumb term-75\"><a href=\"https:\/\/2dejulhonoticias.com.br\/2jn\/david-correa-jogador-do-vasco-e-alvo-de-buscas-por-trafico-de-armas-e-drogas-renyer-ex-santos-acaba-detido-por-desacato\/\"><img decoding=\"async\" width=\"90\" height=\"65\" src=\"https:\/\/2dejulhonoticias.com.br\/2jn\/wp-content\/uploads\/2026\/08\/Renyer-Oliveira-e-David-Correa-90x65.webp\" class=\"attachment-rubik-90-65 size-rubik-90-65 wp-post-image\" alt=\"\" \/><div class=\"rubik-post-icon-wrap\"><\/div><\/a> <!-- close a tag --><\/div> <!-- close thumb -->            <\/div>\n                        <div class=\"post-c-wrap\">\n                                \n                <h4 class=\"title\"><a class=\"term-75\" href=\"https:\/\/2dejulhonoticias.com.br\/2jn\/david-correa-jogador-do-vasco-e-alvo-de-buscas-por-trafico-de-armas-e-drogas-renyer-ex-santos-acaba-detido-por-desacato\/\">David Corr\u00eaa, jogador do Vasco, \u00e9 alvo de buscas por tr\u00e1fico de armas e drogas; ...<\/a><\/h4>                <div class=\"meta\"><div class=\"post-date\">31 de agosto de 2026<\/div><\/div> \n            <\/div>\n            <\/li><!-- End post --><\/ul> <!-- End list-post --><\/div><br \/>\nA sequ\u00eancia de mensagens, que vai de fevereiro at\u00e9 a realiza\u00e7\u00e3o do encontro em mar\u00e7o, tra\u00e7a uma linha clara de articula\u00e7\u00e3o: Ciro se apresentava a Vorcaro como algu\u00e9m que operava em seu favor junto ao ministro, cultivando a proximidade com Mendon\u00e7a e reportando os avan\u00e7os ao banqueiro.<\/p>\n<p><strong>O Conhecimento Pr\u00e9vio de Mendon\u00e7a<\/strong><\/p>\n<p>O material vai al\u00e9m da simples confirma\u00e7\u00e3o de um encontro. Segundo os \u00e1udios obtidos pela Noites H\u00fangaras, o ministro Andr\u00e9 Mendon\u00e7a j\u00e1 havia sido informado sobre os problemas do Banco Master no Banco Central antes de se reunir com Daniel Vorcaro. A informa\u00e7\u00e3o chegou a ele por duas vias: pelo pr\u00f3prio Ciro Rocha Soares e pelo deputado Cezinha de Madureira, que teria conversado com o ministro sobre o assunto em momento anterior.<\/p>\n<p>Em um dos \u00e1udios, Ciro relatou ter deixado Mendon\u00e7a \u201cbalan\u00e7ado\u201d com o tema e afirmou que o ministro havia manifestado interesse em receber o banqueiro pessoalmente. A fala de Ciro, registrada nas mensagens, \u00e9 direta.<\/p>\n<p>\u201cO Andr\u00e9 Mendon\u00e7a disse que quer te receber junto comigo. Ele sabe, soube da situa\u00e7\u00e3o do Banco Central toda. Eu contei. Ele j\u00e1 sabia que o Cezinha j\u00e1 tinha falado com ele.\u201d<\/p>\n<p>A declara\u00e7\u00e3o, atribu\u00edda por Ciro ao pr\u00f3prio Mendon\u00e7a, indica que o ministro n\u00e3o apenas aceitou o encontro, mas o fez com conhecimento do contexto regulat\u00f3rio que envolvia o Banco Master. O material n\u00e3o esclarece o que foi discutido durante a reuni\u00e3o de duas horas em mar\u00e7o, nem qual provid\u00eancia Vorcaro pretendia obter. O que os \u00e1udios comprovam \u00e9 que a pauta chegou ao ministro antes mesmo de Vorcaro entrar pela porta.<\/p>\n<p><strong>O Papel dos Intermedi\u00e1rios<\/strong><\/p>\n<p>Ciro Rocha Soares \u00e9 advogado com atua\u00e7\u00e3o na Bahia e s\u00f3cio do escrit\u00f3rio Rocha Soares Advogados Associados, sediado em Salvador. Nas mensagens e \u00e1udios, ele se posicionava como algu\u00e9m com acesso direto a Mendon\u00e7a e disposto a usar essa proximidade em benef\u00edcio de Vorcaro. O material, no entanto, n\u00e3o esclarece se Ciro mantinha algum contrato formal com o banqueiro, com o Banco Master ou com empresas ligadas ao grupo. O que as mensagens mostram \u00e9 que ele apresentava sua atua\u00e7\u00e3o junto ao ministro como um servi\u00e7o prestado ao banqueiro, usando express\u00f5es como \u201ctrabalhando por voc\u00ea\u201d.<\/p>\n<p>O deputado federal Cezinha de Madureira (PL-SP) tamb\u00e9m teve papel ativo na articula\u00e7\u00e3o. Segundo os \u00e1udios, ele conversou com Mendon\u00e7a sobre os problemas do Banco Master no Banco Central antes do encontro de mar\u00e7o, abrindo caminho para que o ministro chegasse \u00e0 reuni\u00e3o j\u00e1 informado sobre o contexto. A participa\u00e7\u00e3o de um parlamentar federal na intermedia\u00e7\u00e3o entre um banqueiro com dificuldades regulat\u00f3rias e um ministro do STF \u00e9 um dos elementos mais sens\u00edveis revelados pelo material.<\/p>\n<p>A combina\u00e7\u00e3o de um advogado que se apresenta como operador junto ao ministro e de um deputado que prepara o terreno com informa\u00e7\u00f5es sobre o caso configura uma articula\u00e7\u00e3o de bastidores estruturada, ainda que o material n\u00e3o permita afirmar a exist\u00eancia de qualquer acordo formal ou il\u00edcito entre as partes. O que os registros demonstram \u00e9 que o acesso ao ministro foi constru\u00eddo de forma deliberada, ao longo de semanas, por pessoas com proximidade ao STF.\n<\/p><\/div>\n<hr \/>\n<p><!-- banner meio--><\/p>\n<div><script async src=\"https:\/\/pagead2.googlesyndication.com\/pagead\/js\/adsbygoogle.js?client=ca-pub-3129804789748719\" crossorigin=\"anonymous\"><\/script><br \/>\n<!-- Banner quadrado responsivo --><br \/>\n<ins class=\"adsbygoogle\" style=\"display: block;\" data-ad-client=\"ca-pub-3129804789748719\" data-ad-slot=\"2076857862\" data-ad-format=\"auto\" data-full-width-responsive=\"true\"><\/ins><br \/>\n<script>\n     (adsbygoogle = window.adsbygoogle || []).push({});\n<\/script><\/div>\n<p><!-- banner meio responsivo --><\/p>\n<hr \/>\n<p><!-- RODAP\u00c9 DA NOTICIA --><\/p>\n<div><strong> Siga a coluna no <a href=\"https:\/\/www.facebook.com\/jornal2jn\" target=\"_blank\" rel=\"noopener\">Facebook<\/a> e no <a href=\"https:\/\/www.instagram.com\/jornal2dejulho\/\" target=\"_blank\" rel=\"noopener\">Instagram<\/a> para n\u00e3o perder nada.<\/strong><\/div>\n<p style=\"text-align: right;\"><em> por Reda\u00e7\u00e3o Revista Forum<\/em><\/p>\n<p><!--\n\nO 2 de Julho Noticias \u00e9 um Jornal Independente, pois n\u00e3o tem apoios Pol\u00edticos Partid\u00e1rios, de Prefeitura e nem de Comercio, e precisa de seu apoio, caso possa em assinar nosso Livro de Parceiros e Colaboradores.\nSua colabora\u00e7\u00e3o \u00e9 muito importante para nossa continuidade! Chave PIX EMAIL: parceiro@2dejulhonoticias.com.br\n\n--><\/p>\n<hr \/>\n<p><!-- banner meio responsivo--><br \/>\n<script async src=\"https:\/\/pagead2.googlesyndication.com\/pagead\/js\/adsbygoogle.js?client=ca-pub-3129804789748719\" crossorigin=\"anonymous\"><\/script><br \/>\n<!-- banner 728x90 2jn --><br \/>\n<ins class=\"adsbygoogle\" style=\"display: inline-block; width: 728px; height: 90px;\" data-ad-client=\"ca-pub-3129804789748719\" data-ad-slot=\"1383288950\"><\/ins><br \/>\n<script>\n     (adsbygoogle = window.adsbygoogle || []).push({});\n<\/script><\/p>\n<p style=\"text-align: justify;\"><span style=\"font-size: 14pt;\"><strong> LEIA TAMB\u00c9M <\/strong><\/span><\/p>\n<p><!-- banner meio responsivo--><br \/>\n<script async src=\"https:\/\/pagead2.googlesyndication.com\/pagead\/js\/adsbygoogle.js?client=ca-pub-3129804789748719\" crossorigin=\"anonymous\"><\/script><br \/>\n<!-- banner 728x90 2jn --><br \/>\n<ins class=\"adsbygoogle\" style=\"display: inline-block; width: 728px; height: 90px;\" data-ad-client=\"ca-pub-3129804789748719\" data-ad-slot=\"1383288950\"><\/ins><br \/>\n<script>\n     (adsbygoogle = window.adsbygoogle || []).push({});\n<\/script><br \/>\n<amp-ad width=\"100vw\" height=\"320\"\n     type=\"adsense\"\n     data-ad-client=\"ca-pub-3129804789748719\"\n     data-ad-slot=\"4367194841\"\n     data-auto-format=\"mcrspv\"\n     data-full-width=\"\"><\/p>\n<div overflow=\"\"><\/div>\n<p><\/amp-ad><br \/>\n<amp-ad\n     layout=\"fixed\"\n     width=\"728\"\n     height=\"90\"\n     type=\"adsense\"\n     data-ad-client=\"ca-pub-3129804789748719\"\n     data-ad-slot=\"1383288950\"><br \/>\n<\/amp-ad><\/p>\n","protected":false},"excerpt":{"rendered":"<p>Mensagens e \u00e1udios extra\u00eddos do celular de Daniel Vorcaro, dono do Banco Master, revelam que o banqueiro teve um encontro secreto com o ministro Andr\u00e9 Mendon\u00e7a, do Supremo Tribunal Federal, em 14 de mar\u00e7o de 2025, em S\u00e3o Paulo. A reuni\u00e3o, realizada no endere\u00e7o do Instituto Iter, fundado pelo pr\u00f3prio magistrado, durou cerca de duas horas e foi articulada durante semanas pelo advogado baiano Ciro Rocha Soares e pelo deputado federal Cezinha de Madureira (PL-SP). O material foi obtido com exclusividade pela newsletter Noites H\u00fangaras, do jornalista Paulo Motoryn, e indica ainda que Mendon\u00e7a tinha conhecimento pr\u00e9vio dos problemas enfrentados [&hellip;]<\/p>\n","protected":false},"author":1,"featured_media":42538,"comment_status":"closed","ping_status":"open","sticky":false,"template":"","format":"standard","meta":{"footnotes":""},"categories":[75,81],"tags":[5584,5723,372],"class_list":["post-42537","post","type-post","status-publish","format-standard","has-post-thumbnail","hentry","category-brasil","category-politica","tag-andre-mendonca","tag-caso-vorcaro","tag-stf"],"yoast_head":"<!-- This site is optimized with the Yoast SEO Premium plugin v23.7 (Yoast SEO v27.7) - https:\/\/yoast.com\/product\/yoast-seo-premium-wordpress\/ -->\n<title>Mendon\u00e7a teve encontro secreto com Vorcaro e posou com advogado: \u201cVorcarinho [\u2026] levei Andr\u00e9 para fazer terno\u201d - 2 de Julho Not\u00edcias<\/title>\n<meta name=\"description\" content=\"Mendon\u00e7a teve encontro secreto com Vorcaro e posou com advogado: \u201cVorcarinho [\u2026] levei Andr\u00e9 para fazer terno\u201d\" \/>\n<meta name=\"robots\" content=\"index, follow, max-snippet:-1, max-image-preview:large, max-video-preview:-1\" \/>\n<link rel=\"canonical\" href=\"https:\/\/2dejulhonoticias.com.br\/2jn\/mendonca-teve-encontro-secreto-com-vorcaro-e-posou-com-advogado-vorcarinho-levei-andre-para-fazer-terno\/\" \/>\n<meta name=\"twitter:card\" content=\"summary_large_image\" \/>\n<meta name=\"twitter:title\" content=\"Mendon\u00e7a teve encontro secreto com Vorcaro e posou com advogado: \u201cVorcarinho [\u2026] levei Andr\u00e9 para fazer terno\u201d - 2 de Julho Not\u00edcias\" \/>\n<meta name=\"twitter:description\" content=\"Mendon\u00e7a teve encontro secreto com Vorcaro e posou com advogado: \u201cVorcarinho [\u2026] levei Andr\u00e9 para fazer terno\u201d\" \/>\n<meta name=\"twitter:image\" content=\"https:\/\/2dejulhonoticias.com.br\/2jn\/wp-content\/uploads\/2026\/09\/Daniel-Vorcaro-Ciro-Rocha-Soares-com-Andre-Mendonca.webp\" \/>\n<meta name=\"twitter:creator\" content=\"@2_julho\" \/>\n<meta name=\"twitter:site\" content=\"@2_julho\" \/>\n<meta name=\"twitter:label1\" content=\"Escrito por\" \/>\n\t<meta name=\"twitter:data1\" content=\"Reda\u00e7\u00e3o\" \/>\n\t<meta name=\"twitter:label2\" content=\"Est. tempo de leitura\" \/>\n\t<meta name=\"twitter:data2\" content=\"6 minutos\" \/>\n<script type=\"application\/ld+json\" class=\"yoast-schema-graph\">{\"@context\":\"https:\\\/\\\/schema.org\",\"@graph\":[{\"@type\":\"Article\",\"@id\":\"https:\\\/\\\/2dejulhonoticias.com.br\\\/2jn\\\/mendonca-teve-encontro-secreto-com-vorcaro-e-posou-com-advogado-vorcarinho-levei-andre-para-fazer-terno\\\/#article\",\"isPartOf\":{\"@id\":\"https:\\\/\\\/2dejulhonoticias.com.br\\\/2jn\\\/mendonca-teve-encontro-secreto-com-vorcaro-e-posou-com-advogado-vorcarinho-levei-andre-para-fazer-terno\\\/\"},\"author\":{\"name\":\"Reda\u00e7\u00e3o\",\"@id\":\"https:\\\/\\\/2dejulhonoticias.com.br\\\/2jn\\\/#\\\/schema\\\/person\\\/a61e2ab9ae920711c9622c249b03dc16\"},\"headline\":\"Mendon\u00e7a teve encontro secreto com Vorcaro e posou com advogado: \u201cVorcarinho [\u2026] levei Andr\u00e9 para fazer terno\u201d\",\"datePublished\":\"2026-09-02T12:08:16+00:00\",\"dateModified\":\"2026-09-02T12:08:45+00:00\",\"mainEntityOfPage\":{\"@id\":\"https:\\\/\\\/2dejulhonoticias.com.br\\\/2jn\\\/mendonca-teve-encontro-secreto-com-vorcaro-e-posou-com-advogado-vorcarinho-levei-andre-para-fazer-terno\\\/\"},\"wordCount\":1173,\"publisher\":{\"@id\":\"https:\\\/\\\/2dejulhonoticias.com.br\\\/2jn\\\/#\\\/schema\\\/person\\\/a61e2ab9ae920711c9622c249b03dc16\"},\"image\":{\"@id\":\"https:\\\/\\\/2dejulhonoticias.com.br\\\/2jn\\\/mendonca-teve-encontro-secreto-com-vorcaro-e-posou-com-advogado-vorcarinho-levei-andre-para-fazer-terno\\\/#primaryimage\"},\"thumbnailUrl\":\"https:\\\/\\\/2dejulhonoticias.com.br\\\/2jn\\\/wp-content\\\/uploads\\\/2026\\\/09\\\/Daniel-Vorcaro-Ciro-Rocha-Soares-com-Andre-Mendonca.webp\",\"keywords\":[\"Andr\u00e9 Mendon\u00e7a\",\"caso Vorcaro\",\"STF\"],\"articleSection\":[\"Brasil\",\"Politica\"],\"inLanguage\":\"pt-BR\"},{\"@type\":\"WebPage\",\"@id\":\"https:\\\/\\\/2dejulhonoticias.com.br\\\/2jn\\\/mendonca-teve-encontro-secreto-com-vorcaro-e-posou-com-advogado-vorcarinho-levei-andre-para-fazer-terno\\\/\",\"url\":\"https:\\\/\\\/2dejulhonoticias.com.br\\\/2jn\\\/mendonca-teve-encontro-secreto-com-vorcaro-e-posou-com-advogado-vorcarinho-levei-andre-para-fazer-terno\\\/\",\"name\":\"Mendon\u00e7a teve encontro secreto com Vorcaro e posou com advogado: \u201cVorcarinho [\u2026] levei Andr\u00e9 para fazer terno\u201d - 2 de Julho Not\u00edcias\",\"isPartOf\":{\"@id\":\"https:\\\/\\\/2dejulhonoticias.com.br\\\/2jn\\\/#website\"},\"primaryImageOfPage\":{\"@id\":\"https:\\\/\\\/2dejulhonoticias.com.br\\\/2jn\\\/mendonca-teve-encontro-secreto-com-vorcaro-e-posou-com-advogado-vorcarinho-levei-andre-para-fazer-terno\\\/#primaryimage\"},\"image\":{\"@id\":\"https:\\\/\\\/2dejulhonoticias.com.br\\\/2jn\\\/mendonca-teve-encontro-secreto-com-vorcaro-e-posou-com-advogado-vorcarinho-levei-andre-para-fazer-terno\\\/#primaryimage\"},\"thumbnailUrl\":\"https:\\\/\\\/2dejulhonoticias.com.br\\\/2jn\\\/wp-content\\\/uploads\\\/2026\\\/09\\\/Daniel-Vorcaro-Ciro-Rocha-Soares-com-Andre-Mendonca.webp\",\"datePublished\":\"2026-09-02T12:08:16+00:00\",\"dateModified\":\"2026-09-02T12:08:45+00:00\",\"description\":\"Mendon\u00e7a teve encontro secreto com Vorcaro e posou com advogado: \u201cVorcarinho [\u2026] levei Andr\u00e9 para fazer terno\u201d\",\"breadcrumb\":{\"@id\":\"https:\\\/\\\/2dejulhonoticias.com.br\\\/2jn\\\/mendonca-teve-encontro-secreto-com-vorcaro-e-posou-com-advogado-vorcarinho-levei-andre-para-fazer-terno\\\/#breadcrumb\"},\"inLanguage\":\"pt-BR\",\"potentialAction\":[{\"@type\":\"ReadAction\",\"target\":[\"https:\\\/\\\/2dejulhonoticias.com.br\\\/2jn\\\/mendonca-teve-encontro-secreto-com-vorcaro-e-posou-com-advogado-vorcarinho-levei-andre-para-fazer-terno\\\/\"]}]},{\"@type\":\"ImageObject\",\"inLanguage\":\"pt-BR\",\"@id\":\"https:\\\/\\\/2dejulhonoticias.com.br\\\/2jn\\\/mendonca-teve-encontro-secreto-com-vorcaro-e-posou-com-advogado-vorcarinho-levei-andre-para-fazer-terno\\\/#primaryimage\",\"url\":\"https:\\\/\\\/2dejulhonoticias.com.br\\\/2jn\\\/wp-content\\\/uploads\\\/2026\\\/09\\\/Daniel-Vorcaro-Ciro-Rocha-Soares-com-Andre-Mendonca.webp\",\"contentUrl\":\"https:\\\/\\\/2dejulhonoticias.com.br\\\/2jn\\\/wp-content\\\/uploads\\\/2026\\\/09\\\/Daniel-Vorcaro-Ciro-Rocha-Soares-com-Andre-Mendonca.webp\",\"width\":600,\"height\":338},{\"@type\":\"BreadcrumbList\",\"@id\":\"https:\\\/\\\/2dejulhonoticias.com.br\\\/2jn\\\/mendonca-teve-encontro-secreto-com-vorcaro-e-posou-com-advogado-vorcarinho-levei-andre-para-fazer-terno\\\/#breadcrumb\",\"itemListElement\":[{\"@type\":\"ListItem\",\"position\":1,\"name\":\"In\u00edcio\",\"item\":\"https:\\\/\\\/2dejulhonoticias.com.br\\\/2jn\\\/\"},{\"@type\":\"ListItem\",\"position\":2,\"name\":\"Mendon\u00e7a teve encontro secreto com Vorcaro e posou com advogado: \u201cVorcarinho [\u2026] levei Andr\u00e9 para fazer terno\u201d\"}]},{\"@type\":\"WebSite\",\"@id\":\"https:\\\/\\\/2dejulhonoticias.com.br\\\/2jn\\\/#website\",\"url\":\"https:\\\/\\\/2dejulhonoticias.com.br\\\/2jn\\\/\",\"name\":\"2 de Julho Noticias - A not\u00edcia ao seu alcance\",\"description\":\"Noticias sobre Politica, Policia,Esporte,Vida e Estilo, Sa\u00fade,Moda e Beleza,Mundo da Fama,Emprego e Concursos,Arte e Cultura,Cama\u00e7ari\",\"publisher\":{\"@id\":\"https:\\\/\\\/2dejulhonoticias.com.br\\\/2jn\\\/#\\\/schema\\\/person\\\/a61e2ab9ae920711c9622c249b03dc16\"},\"potentialAction\":[{\"@type\":\"SearchAction\",\"target\":{\"@type\":\"EntryPoint\",\"urlTemplate\":\"https:\\\/\\\/2dejulhonoticias.com.br\\\/2jn\\\/?s={search_term_string}\"},\"query-input\":{\"@type\":\"PropertyValueSpecification\",\"valueRequired\":true,\"valueName\":\"search_term_string\"}}],\"inLanguage\":\"pt-BR\"},{\"@type\":[\"Person\",\"Organization\"],\"@id\":\"https:\\\/\\\/2dejulhonoticias.com.br\\\/2jn\\\/#\\\/schema\\\/person\\\/a61e2ab9ae920711c9622c249b03dc16\",\"name\":\"Reda\u00e7\u00e3o\",\"image\":{\"@type\":\"ImageObject\",\"inLanguage\":\"pt-BR\",\"@id\":\"https:\\\/\\\/2dejulhonoticias.com.br\\\/2jn\\\/wp-content\\\/uploads\\\/2020\\\/11\\\/logo2dejulho.png\",\"url\":\"https:\\\/\\\/2dejulhonoticias.com.br\\\/2jn\\\/wp-content\\\/uploads\\\/2020\\\/11\\\/logo2dejulho.png\",\"contentUrl\":\"https:\\\/\\\/2dejulhonoticias.com.br\\\/2jn\\\/wp-content\\\/uploads\\\/2020\\\/11\\\/logo2dejulho.png\",\"width\":291,\"height\":96,\"caption\":\"Reda\u00e7\u00e3o\"},\"logo\":{\"@id\":\"https:\\\/\\\/2dejulhonoticias.com.br\\\/2jn\\\/wp-content\\\/uploads\\\/2020\\\/11\\\/logo2dejulho.png\"},\"sameAs\":[\"https:\\\/\\\/www.facebook.com\\\/J2deJulho\",\"https:\\\/\\\/www.instagram.com\\\/mirobaia\\\/\",\"https:\\\/\\\/www.linkedin.com\\\/in\\\/mirobaia\\\/\",\"https:\\\/\\\/x.com\\\/2_julho\",\"https:\\\/\\\/www.youtube.com\\\/c\\\/MiroBaia\"]}]}<\/script>\n<!-- \/ Yoast SEO Premium plugin. -->","yoast_head_json":{"title":"Mendon\u00e7a teve encontro secreto com Vorcaro e posou com advogado: \u201cVorcarinho [\u2026] levei Andr\u00e9 para fazer terno\u201d - 2 de Julho Not\u00edcias","description":"Mendon\u00e7a teve encontro secreto com Vorcaro e posou com advogado: \u201cVorcarinho [\u2026] levei Andr\u00e9 para fazer terno\u201d","robots":{"index":"index","follow":"follow","max-snippet":"max-snippet:-1","max-image-preview":"max-image-preview:large","max-video-preview":"max-video-preview:-1"},"canonical":"https:\/\/2dejulhonoticias.com.br\/2jn\/mendonca-teve-encontro-secreto-com-vorcaro-e-posou-com-advogado-vorcarinho-levei-andre-para-fazer-terno\/","twitter_card":"summary_large_image","twitter_title":"Mendon\u00e7a teve encontro secreto com Vorcaro e posou com advogado: \u201cVorcarinho [\u2026] levei Andr\u00e9 para fazer terno\u201d - 2 de Julho Not\u00edcias","twitter_description":"Mendon\u00e7a teve encontro secreto com Vorcaro e posou com advogado: \u201cVorcarinho [\u2026] levei Andr\u00e9 para fazer terno\u201d","twitter_image":"https:\/\/2dejulhonoticias.com.br\/2jn\/wp-content\/uploads\/2026\/09\/Daniel-Vorcaro-Ciro-Rocha-Soares-com-Andre-Mendonca.webp","twitter_creator":"@2_julho","twitter_site":"@2_julho","twitter_misc":{"Escrito por":"Reda\u00e7\u00e3o","Est. tempo de leitura":"6 minutos"},"schema":{"@context":"https:\/\/schema.org","@graph":[{"@type":"Article","@id":"https:\/\/2dejulhonoticias.com.br\/2jn\/mendonca-teve-encontro-secreto-com-vorcaro-e-posou-com-advogado-vorcarinho-levei-andre-para-fazer-terno\/#article","isPartOf":{"@id":"https:\/\/2dejulhonoticias.com.br\/2jn\/mendonca-teve-encontro-secreto-com-vorcaro-e-posou-com-advogado-vorcarinho-levei-andre-para-fazer-terno\/"},"author":{"name":"Reda\u00e7\u00e3o","@id":"https:\/\/2dejulhonoticias.com.br\/2jn\/#\/schema\/person\/a61e2ab9ae920711c9622c249b03dc16"},"headline":"Mendon\u00e7a teve encontro secreto com Vorcaro e posou com advogado: \u201cVorcarinho [\u2026] levei Andr\u00e9 para fazer terno\u201d","datePublished":"2026-09-02T12:08:16+00:00","dateModified":"2026-09-02T12:08:45+00:00","mainEntityOfPage":{"@id":"https:\/\/2dejulhonoticias.com.br\/2jn\/mendonca-teve-encontro-secreto-com-vorcaro-e-posou-com-advogado-vorcarinho-levei-andre-para-fazer-terno\/"},"wordCount":1173,"publisher":{"@id":"https:\/\/2dejulhonoticias.com.br\/2jn\/#\/schema\/person\/a61e2ab9ae920711c9622c249b03dc16"},"image":{"@id":"https:\/\/2dejulhonoticias.com.br\/2jn\/mendonca-teve-encontro-secreto-com-vorcaro-e-posou-com-advogado-vorcarinho-levei-andre-para-fazer-terno\/#primaryimage"},"thumbnailUrl":"https:\/\/2dejulhonoticias.com.br\/2jn\/wp-content\/uploads\/2026\/09\/Daniel-Vorcaro-Ciro-Rocha-Soares-com-Andre-Mendonca.webp","keywords":["Andr\u00e9 Mendon\u00e7a","caso Vorcaro","STF"],"articleSection":["Brasil","Politica"],"inLanguage":"pt-BR"},{"@type":"WebPage","@id":"https:\/\/2dejulhonoticias.com.br\/2jn\/mendonca-teve-encontro-secreto-com-vorcaro-e-posou-com-advogado-vorcarinho-levei-andre-para-fazer-terno\/","url":"https:\/\/2dejulhonoticias.com.br\/2jn\/mendonca-teve-encontro-secreto-com-vorcaro-e-posou-com-advogado-vorcarinho-levei-andre-para-fazer-terno\/","name":"Mendon\u00e7a teve encontro secreto com Vorcaro e posou com advogado: \u201cVorcarinho [\u2026] levei Andr\u00e9 para fazer terno\u201d - 2 de Julho Not\u00edcias","isPartOf":{"@id":"https:\/\/2dejulhonoticias.com.br\/2jn\/#website"},"primaryImageOfPage":{"@id":"https:\/\/2dejulhonoticias.com.br\/2jn\/mendonca-teve-encontro-secreto-com-vorcaro-e-posou-com-advogado-vorcarinho-levei-andre-para-fazer-terno\/#primaryimage"},"image":{"@id":"https:\/\/2dejulhonoticias.com.br\/2jn\/mendonca-teve-encontro-secreto-com-vorcaro-e-posou-com-advogado-vorcarinho-levei-andre-para-fazer-terno\/#primaryimage"},"thumbnailUrl":"https:\/\/2dejulhonoticias.com.br\/2jn\/wp-content\/uploads\/2026\/09\/Daniel-Vorcaro-Ciro-Rocha-Soares-com-Andre-Mendonca.webp","datePublished":"2026-09-02T12:08:16+00:00","dateModified":"2026-09-02T12:08:45+00:00","description":"Mendon\u00e7a teve encontro secreto com Vorcaro e posou com advogado: \u201cVorcarinho [\u2026] levei Andr\u00e9 para fazer terno\u201d","breadcrumb":{"@id":"https:\/\/2dejulhonoticias.com.br\/2jn\/mendonca-teve-encontro-secreto-com-vorcaro-e-posou-com-advogado-vorcarinho-levei-andre-para-fazer-terno\/#breadcrumb"},"inLanguage":"pt-BR","potentialAction":[{"@type":"ReadAction","target":["https:\/\/2dejulhonoticias.com.br\/2jn\/mendonca-teve-encontro-secreto-com-vorcaro-e-posou-com-advogado-vorcarinho-levei-andre-para-fazer-terno\/"]}]},{"@type":"ImageObject","inLanguage":"pt-BR","@id":"https:\/\/2dejulhonoticias.com.br\/2jn\/mendonca-teve-encontro-secreto-com-vorcaro-e-posou-com-advogado-vorcarinho-levei-andre-para-fazer-terno\/#primaryimage","url":"https:\/\/2dejulhonoticias.com.br\/2jn\/wp-content\/uploads\/2026\/09\/Daniel-Vorcaro-Ciro-Rocha-Soares-com-Andre-Mendonca.webp","contentUrl":"https:\/\/2dejulhonoticias.com.br\/2jn\/wp-content\/uploads\/2026\/09\/Daniel-Vorcaro-Ciro-Rocha-Soares-com-Andre-Mendonca.webp","width":600,"height":338},{"@type":"BreadcrumbList","@id":"https:\/\/2dejulhonoticias.com.br\/2jn\/mendonca-teve-encontro-secreto-com-vorcaro-e-posou-com-advogado-vorcarinho-levei-andre-para-fazer-terno\/#breadcrumb","itemListElement":[{"@type":"ListItem","position":1,"name":"In\u00edcio","item":"https:\/\/2dejulhonoticias.com.br\/2jn\/"},{"@type":"ListItem","position":2,"name":"Mendon\u00e7a teve encontro secreto com Vorcaro e posou com advogado: \u201cVorcarinho [\u2026] levei Andr\u00e9 para fazer terno\u201d"}]},{"@type":"WebSite","@id":"https:\/\/2dejulhonoticias.com.br\/2jn\/#website","url":"https:\/\/2dejulhonoticias.com.br\/2jn\/","name":"2 de Julho Noticias - A not\u00edcia ao seu alcance","description":"Noticias sobre Politica, Policia,Esporte,Vida e Estilo, Sa\u00fade,Moda e Beleza,Mundo da Fama,Emprego e Concursos,Arte e Cultura,Cama\u00e7ari","publisher":{"@id":"https:\/\/2dejulhonoticias.com.br\/2jn\/#\/schema\/person\/a61e2ab9ae920711c9622c249b03dc16"},"potentialAction":[{"@type":"SearchAction","target":{"@type":"EntryPoint","urlTemplate":"https:\/\/2dejulhonoticias.com.br\/2jn\/?s={search_term_string}"},"query-input":{"@type":"PropertyValueSpecification","valueRequired":true,"valueName":"search_term_string"}}],"inLanguage":"pt-BR"},{"@type":["Person","Organization"],"@id":"https:\/\/2dejulhonoticias.com.br\/2jn\/#\/schema\/person\/a61e2ab9ae920711c9622c249b03dc16","name":"Reda\u00e7\u00e3o","image":{"@type":"ImageObject","inLanguage":"pt-BR","@id":"https:\/\/2dejulhonoticias.com.br\/2jn\/wp-content\/uploads\/2020\/11\/logo2dejulho.png","url":"https:\/\/2dejulhonoticias.com.br\/2jn\/wp-content\/uploads\/2020\/11\/logo2dejulho.png","contentUrl":"https:\/\/2dejulhonoticias.com.br\/2jn\/wp-content\/uploads\/2020\/11\/logo2dejulho.png","width":291,"height":96,"caption":"Reda\u00e7\u00e3o"},"logo":{"@id":"https:\/\/2dejulhonoticias.com.br\/2jn\/wp-content\/uploads\/2020\/11\/logo2dejulho.png"},"sameAs":["https:\/\/www.facebook.com\/J2deJulho","https:\/\/www.instagram.com\/mirobaia\/","https:\/\/www.linkedin.com\/in\/mirobaia\/","https:\/\/x.com\/2_julho","https:\/\/www.youtube.com\/c\/MiroBaia"]}]}},"_links":{"self":[{"href":"https:\/\/2dejulhonoticias.com.br\/2jn\/wp-json\/wp\/v2\/posts\/42537","targetHints":{"allow":["GET"]}}],"collection":[{"href":"https:\/\/2dejulhonoticias.com.br\/2jn\/wp-json\/wp\/v2\/posts"}],"about":[{"href":"https:\/\/2dejulhonoticias.com.br\/2jn\/wp-json\/wp\/v2\/types\/post"}],"author":[{"embeddable":true,"href":"https:\/\/2dejulhonoticias.com.br\/2jn\/wp-json\/wp\/v2\/users\/1"}],"replies":[{"embeddable":true,"href":"https:\/\/2dejulhonoticias.com.br\/2jn\/wp-json\/wp\/v2\/comments?post=42537"}],"version-history":[{"count":2,"href":"https:\/\/2dejulhonoticias.com.br\/2jn\/wp-json\/wp\/v2\/posts\/42537\/revisions"}],"predecessor-version":[{"id":42540,"href":"https:\/\/2dejulhonoticias.com.br\/2jn\/wp-json\/wp\/v2\/posts\/42537\/revisions\/42540"}],"wp:featuredmedia":[{"embeddable":true,"href":"https:\/\/2dejulhonoticias.com.br\/2jn\/wp-json\/wp\/v2\/media\/42538"}],"wp:attachment":[{"href":"https:\/\/2dejulhonoticias.com.br\/2jn\/wp-json\/wp\/v2\/media?parent=42537"}],"wp:term":[{"taxonomy":"category","embeddable":true,"href":"https:\/\/2dejulhonoticias.com.br\/2jn\/wp-json\/wp\/v2\/categories?post=42537"},{"taxonomy":"post_tag","embeddable":true,"href":"https:\/\/2dejulhonoticias.com.br\/2jn\/wp-json\/wp\/v2\/tags?post=42537"}],"curies":[{"name":"wp","href":"https:\/\/api.w.org\/{rel}","templated":true}]}}