{"id":42534,"date":"2026-09-02T08:54:42","date_gmt":"2026-09-02T11:54:42","guid":{"rendered":"https:\/\/2dejulhonoticias.com.br\/2jn\/?p=42534"},"modified":"2026-09-02T08:54:42","modified_gmt":"2026-09-02T11:54:42","slug":"turistas-eram-alvo-operacao-prende-suspeitos-de-trafico-e-extorsao-no-farol-da-barra-nesta-quarta-02-09","status":"publish","type":"post","link":"https:\/\/2dejulhonoticias.com.br\/2jn\/turistas-eram-alvo-operacao-prende-suspeitos-de-trafico-e-extorsao-no-farol-da-barra-nesta-quarta-02-09\/","title":{"rendered":"Turistas eram alvo: opera\u00e7\u00e3o prende suspeitos de tr\u00e1fico e extors\u00e3o no Farol da Barra nesta quarta (02\/09)"},"content":{"rendered":"<div style=\"text-align: justify;\">\nTuristas que frequentavam o Farol da Barra, em Salvador, estariam entre os principais alvos de um grupo investigado por tr\u00e1fico de drogas e extors\u00e3o. Suspeitos de integrar o esquema foram presos nesta quarta-feira (2), durante a Opera\u00e7\u00e3o Lighthouse, deflagrada pela Pol\u00edcia Civil da Bahia.<\/p>\n<p>Al\u00e9m das pris\u00f5es, a opera\u00e7\u00e3o cumpre mandados de busca e apreens\u00e3o em Salvador e no munic\u00edpio de Valen\u00e7a. As investiga\u00e7\u00f5es apontam para a exist\u00eancia de uma estrutura organizada, com divis\u00e3o de tarefas entre os envolvidos na distribui\u00e7\u00e3o de drogas e na movimenta\u00e7\u00e3o financeira do grupo.<\/p>\n<p>\ud83d\udcf1 <a href=\"https:\/\/chat.whatsapp.com\/L8KSLsjENzl5HrgtytuzCL\"> SIGA PRA MAIS NOT\u00cdCIAS: entre na comunidade do 2JN no WhatsApp<\/a>\n<\/div>\n<div>\n<!-- GoogleAdsense --><\/p>\n<p style=\"text-align: justify;\"><span style=\"font-size: 14pt;\"><strong> LEIA TAMB\u00c9M <\/strong><\/span><\/p>\n<p><script async src=\"https:\/\/pagead2.googlesyndication.com\/pagead\/js\/adsbygoogle.js?client=ca-pub-3129804789748719\" crossorigin=\"anonymous\"><\/script><br \/>\n<!-- Anuncio horizontal responsivo --><br \/>\n<ins class=\"adsbygoogle\" style=\"display: block;\" data-ad-client=\"ca-pub-3129804789748719\" data-ad-slot=\"1473312501\" data-ad-format=\"auto\" data-full-width-responsive=\"true\"><\/ins><br \/>\n<script>\n     (adsbygoogle = window.adsbygoogle || []).push({});\n<\/script>\n<\/div>\n<div style=\"text-align: justify;\">\n<div class=\"related bk-inline-post-box alignleft\" style=\"color: #fcfcfc; background-color: #fac8c8;\"><ul class=\"list-small-post row\"><li class=\"small-post content_out clearfix\">                        <div class=\"small-thumbnail-wrapper\">\n                <div class=\"thumb hide-thumb term-89\"><a href=\"https:\/\/2dejulhonoticias.com.br\/2jn\/triplo-homicidio-mae-e-dois-filhos-sao-mortos-a-tiros-em-correntina-no-oeste-da-bahia-nesta-terca-feira-1o\/\"><img decoding=\"async\" width=\"90\" height=\"65\" src=\"https:\/\/2dejulhonoticias.com.br\/2jn\/wp-content\/uploads\/2026\/09\/triplo-homicidio-correntina-ba-90x65.webp\" class=\"attachment-rubik-90-65 size-rubik-90-65 wp-post-image\" alt=\"\" \/><div class=\"rubik-post-icon-wrap\"><\/div><\/a> <!-- close a tag --><\/div> <!-- close thumb -->            <\/div>\n                        <div class=\"post-c-wrap\">\n                                \n                <h4 class=\"title\"><a class=\"term-89\" href=\"https:\/\/2dejulhonoticias.com.br\/2jn\/triplo-homicidio-mae-e-dois-filhos-sao-mortos-a-tiros-em-correntina-no-oeste-da-bahia-nesta-terca-feira-1o\/\">TRIPLO HOMIC\u00cdDIO! M\u00e3e e dois filhos s\u00e3o mortos a tiros em Correntina no oeste da ...<\/a><\/h4>                <div class=\"meta\"><div class=\"post-date\">2 de setembro de 2026<\/div><\/div> \n            <\/div>\n            <\/li><!-- End post --><li class=\"small-post content_out clearfix\">                        <div class=\"small-thumbnail-wrapper\">\n                <div class=\"thumb hide-thumb term-89\"><a href=\"https:\/\/2dejulhonoticias.com.br\/2jn\/advogado-e-outros-seis-suspeitos-sao-presos-em-operacao-contra-lavagem-de-dinheiro-e-homicidios-na-bahia\/\"><img decoding=\"async\" width=\"90\" height=\"65\" src=\"https:\/\/2dejulhonoticias.com.br\/2jn\/wp-content\/uploads\/2026\/09\/operacao-premium-mandatum-juazeiro-90x65.webp\" class=\"attachment-rubik-90-65 size-rubik-90-65 wp-post-image\" alt=\"\" \/><div class=\"rubik-post-icon-wrap\"><\/div><\/a> <!-- close a tag --><\/div> <!-- close thumb -->            <\/div>\n                        <div class=\"post-c-wrap\">\n                                \n                <h4 class=\"title\"><a class=\"term-89\" href=\"https:\/\/2dejulhonoticias.com.br\/2jn\/advogado-e-outros-seis-suspeitos-sao-presos-em-operacao-contra-lavagem-de-dinheiro-e-homicidios-na-bahia\/\">Advogado e outros seis suspeitos s\u00e3o presos em opera\u00e7\u00e3o contra lavagem de dinheiro e homic\u00eddios ...<\/a><\/h4>                <div class=\"meta\"><div class=\"post-date\">2 de setembro de 2026<\/div><\/div> \n            <\/div>\n            <\/li><!-- End post --><li class=\"small-post content_out clearfix\">                        <div class=\"small-thumbnail-wrapper\">\n                <div class=\"thumb hide-thumb term-5\"><a href=\"https:\/\/2dejulhonoticias.com.br\/2jn\/praia-do-porto-da-barra-em-salvador-e-tera-area-exclusiva-para-banhistas-a-partir-desta-terca-1-9\/\"><img decoding=\"async\" width=\"90\" height=\"65\" src=\"https:\/\/2dejulhonoticias.com.br\/2jn\/wp-content\/uploads\/2026\/09\/praia-da-barra-90x65.webp\" class=\"attachment-rubik-90-65 size-rubik-90-65 wp-post-image\" alt=\"\" \/><div class=\"rubik-post-icon-wrap\"><\/div><\/a> <!-- close a tag --><\/div> <!-- close thumb -->            <\/div>\n                        <div class=\"post-c-wrap\">\n                                \n                <h4 class=\"title\"><a class=\"term-5\" href=\"https:\/\/2dejulhonoticias.com.br\/2jn\/praia-do-porto-da-barra-em-salvador-e-tera-area-exclusiva-para-banhistas-a-partir-desta-terca-1-9\/\">Praia do Porto da Barra em Salvador e ter\u00e1 \u00e1rea exclusiva para banhistas a partir ...<\/a><\/h4>                <div class=\"meta\"><div class=\"post-date\">1 de setembro de 2026<\/div><\/div> \n            <\/div>\n            <\/li><!-- End post --><\/ul> <!-- End list-post --><\/div><br \/>\nAs investiga\u00e7\u00f5es tiveram in\u00edcio em abril, quando dois suspeitos foram presos em flagrante. Na ocasi\u00e3o, os policiais apreenderam mais de 2,5 quilos de entorpecentes, uma arma de fogo, muni\u00e7\u00f5es, balan\u00e7as de precis\u00e3o e materiais usados para fracionar e acondicionar as drogas.<\/p>\n<p>Com o avan\u00e7o das apura\u00e7\u00f5es, a Pol\u00edcia Civil identificou ind\u00edcios de que outros integrantes participavam do abastecimento, distribui\u00e7\u00e3o dos entorpecentes e controle financeiro da atividade criminosa.<\/p>\n<p>Coordenada pelo Departamento Especializado de Investiga\u00e7\u00f5es Criminais (DEIC), a Opera\u00e7\u00e3o Lighthouse tem como objetivo desarticular o grupo investigado por tr\u00e1fico de drogas, associa\u00e7\u00e3o para o tr\u00e1fico, crimes contra o patrim\u00f4nio e porte ilegal de arma de fogo.<\/p>\n<p>A a\u00e7\u00e3o conta com apoio do Departamento de Pol\u00edcia do Interior (DEPIN) e da Coordena\u00e7\u00e3o de Opera\u00e7\u00f5es Especiais (CORE). As dilig\u00eancias seguem em andamento.\n<\/p><\/div>\n<hr \/>\n<p><!-- banner meio--><\/p>\n<div><script async src=\"https:\/\/pagead2.googlesyndication.com\/pagead\/js\/adsbygoogle.js?client=ca-pub-3129804789748719\" crossorigin=\"anonymous\"><\/script><br \/>\n<!-- Banner quadrado responsivo --><br \/>\n<ins class=\"adsbygoogle\" style=\"display: block;\" data-ad-client=\"ca-pub-3129804789748719\" data-ad-slot=\"2076857862\" data-ad-format=\"auto\" data-full-width-responsive=\"true\"><\/ins><br \/>\n<script>\n     (adsbygoogle = window.adsbygoogle || []).push({});\n<\/script><\/div>\n<p><!-- banner meio responsivo --><\/p>\n<hr \/>\n<p><!-- RODAP\u00c9 DA NOTICIA --><\/p>\n<div><strong> Siga a coluna no <a href=\"https:\/\/www.facebook.com\/jornal2jn\" target=\"_blank\" rel=\"noopener\">Facebook<\/a> e no <a href=\"https:\/\/www.instagram.com\/jornal2dejulho\/\" target=\"_blank\" rel=\"noopener\">Instagram<\/a> para n\u00e3o perder nada.<\/strong><\/div>\n<p style=\"text-align: right;\"><em> por Reda\u00e7\u00e3o 2JN <\/em><\/p>\n<p><!--\n\nO 2 de Julho Noticias \u00e9 um Jornal Independente, pois n\u00e3o tem apoios Pol\u00edticos Partid\u00e1rios, de Prefeitura e nem de Comercio, e precisa de seu apoio, caso possa em assinar nosso Livro de Parceiros e Colaboradores.\nSua colabora\u00e7\u00e3o \u00e9 muito importante para nossa continuidade! Chave PIX EMAIL: parceiro@2dejulhonoticias.com.br\n\n--><\/p>\n<hr \/>\n<p><!-- banner meio responsivo--><br \/>\n<script async src=\"https:\/\/pagead2.googlesyndication.com\/pagead\/js\/adsbygoogle.js?client=ca-pub-3129804789748719\" crossorigin=\"anonymous\"><\/script><br \/>\n<!-- banner 728x90 2jn --><br \/>\n<ins class=\"adsbygoogle\" style=\"display: inline-block; width: 728px; height: 90px;\" data-ad-client=\"ca-pub-3129804789748719\" data-ad-slot=\"1383288950\"><\/ins><br \/>\n<script>\n     (adsbygoogle = window.adsbygoogle || []).push({});\n<\/script><\/p>\n<p style=\"text-align: justify;\"><span style=\"font-size: 14pt;\"><strong> LEIA TAMB\u00c9M <\/strong><\/span><\/p>\n<p><!-- banner meio responsivo--><br \/>\n<script async src=\"https:\/\/pagead2.googlesyndication.com\/pagead\/js\/adsbygoogle.js?client=ca-pub-3129804789748719\" crossorigin=\"anonymous\"><\/script><br \/>\n<!-- banner 728x90 2jn --><br \/>\n<ins class=\"adsbygoogle\" style=\"display: inline-block; width: 728px; height: 90px;\" data-ad-client=\"ca-pub-3129804789748719\" data-ad-slot=\"1383288950\"><\/ins><br \/>\n<script>\n     (adsbygoogle = window.adsbygoogle || []).push({});\n<\/script><br \/>\n<amp-ad width=\"100vw\" height=\"320\"\n     type=\"adsense\"\n     data-ad-client=\"ca-pub-3129804789748719\"\n     data-ad-slot=\"4367194841\"\n     data-auto-format=\"mcrspv\"\n     data-full-width=\"\"><\/p>\n<div overflow=\"\"><\/div>\n<p><\/amp-ad><br \/>\n<amp-ad\n     layout=\"fixed\"\n     width=\"728\"\n     height=\"90\"\n     type=\"adsense\"\n     data-ad-client=\"ca-pub-3129804789748719\"\n     data-ad-slot=\"1383288950\"><br \/>\n<\/amp-ad><\/p>\n","protected":false},"excerpt":{"rendered":"<p>Turistas que frequentavam o Farol da Barra, em Salvador, estariam entre os principais alvos de um grupo investigado por tr\u00e1fico de drogas e extors\u00e3o. Suspeitos de integrar o esquema foram presos nesta quarta-feira (2), durante a Opera\u00e7\u00e3o Lighthouse, deflagrada pela Pol\u00edcia Civil da Bahia. Al\u00e9m das pris\u00f5es, a opera\u00e7\u00e3o cumpre mandados de busca e apreens\u00e3o em Salvador e no munic\u00edpio de Valen\u00e7a. As investiga\u00e7\u00f5es apontam para a exist\u00eancia de uma estrutura organizada, com divis\u00e3o de tarefas entre os envolvidos na distribui\u00e7\u00e3o de drogas e na movimenta\u00e7\u00e3o financeira do grupo. \ud83d\udcf1 SIGA PRA MAIS NOT\u00cdCIAS: entre na comunidade do 2JN no [&hellip;]<\/p>\n","protected":false},"author":1,"featured_media":42535,"comment_status":"closed","ping_status":"open","sticky":false,"template":"","format":"standard","meta":{"footnotes":""},"categories":[87,80],"tags":[1335,824],"class_list":["post-42534","post","type-post","status-publish","format-standard","has-post-thumbnail","hentry","category-policia","category-salvador","tag-mandatosdeprisao","tag-busca-e-apreensao"],"yoast_head":"<!-- This site is optimized with the Yoast SEO Premium plugin v23.7 (Yoast SEO v27.7) - https:\/\/yoast.com\/product\/yoast-seo-premium-wordpress\/ -->\n<title>Turistas eram alvo: opera\u00e7\u00e3o prende suspeitos de tr\u00e1fico e extors\u00e3o no Farol da Barra nesta quarta (02\/09) - 2 de Julho Not\u00edcias<\/title>\n<meta name=\"description\" content=\"Turistas eram alvo: opera\u00e7\u00e3o prende suspeitos de tr\u00e1fico e extors\u00e3o no Farol da Barra nesta quarta (02\/09)\" \/>\n<meta name=\"robots\" content=\"index, follow, max-snippet:-1, max-image-preview:large, max-video-preview:-1\" \/>\n<link rel=\"canonical\" href=\"https:\/\/2dejulhonoticias.com.br\/2jn\/turistas-eram-alvo-operacao-prende-suspeitos-de-trafico-e-extorsao-no-farol-da-barra-nesta-quarta-02-09\/\" \/>\n<meta name=\"twitter:card\" content=\"summary_large_image\" \/>\n<meta name=\"twitter:title\" content=\"Turistas eram alvo: opera\u00e7\u00e3o prende suspeitos de tr\u00e1fico e extors\u00e3o no Farol da Barra nesta quarta (02\/09) - 2 de Julho Not\u00edcias\" \/>\n<meta name=\"twitter:description\" content=\"Turistas eram alvo: opera\u00e7\u00e3o prende suspeitos de tr\u00e1fico e extors\u00e3o no Farol da Barra nesta quarta (02\/09)\" \/>\n<meta name=\"twitter:image\" content=\"https:\/\/2dejulhonoticias.com.br\/2jn\/wp-content\/uploads\/2026\/09\/operacao-prende-suspeitos-de-trafico-e-extorsao-no-Farol-da-Barra.webp\" \/>\n<meta name=\"twitter:creator\" content=\"@2_julho\" \/>\n<meta name=\"twitter:site\" content=\"@2_julho\" \/>\n<meta name=\"twitter:label1\" content=\"Escrito por\" \/>\n\t<meta name=\"twitter:data1\" content=\"Reda\u00e7\u00e3o\" \/>\n\t<meta name=\"twitter:label2\" content=\"Est. tempo de leitura\" \/>\n\t<meta name=\"twitter:data2\" content=\"1 minuto\" \/>\n<script type=\"application\/ld+json\" class=\"yoast-schema-graph\">{\"@context\":\"https:\\\/\\\/schema.org\",\"@graph\":[{\"@type\":\"Article\",\"@id\":\"https:\\\/\\\/2dejulhonoticias.com.br\\\/2jn\\\/turistas-eram-alvo-operacao-prende-suspeitos-de-trafico-e-extorsao-no-farol-da-barra-nesta-quarta-02-09\\\/#article\",\"isPartOf\":{\"@id\":\"https:\\\/\\\/2dejulhonoticias.com.br\\\/2jn\\\/turistas-eram-alvo-operacao-prende-suspeitos-de-trafico-e-extorsao-no-farol-da-barra-nesta-quarta-02-09\\\/\"},\"author\":{\"name\":\"Reda\u00e7\u00e3o\",\"@id\":\"https:\\\/\\\/2dejulhonoticias.com.br\\\/2jn\\\/#\\\/schema\\\/person\\\/a61e2ab9ae920711c9622c249b03dc16\"},\"headline\":\"Turistas eram alvo: opera\u00e7\u00e3o prende suspeitos de tr\u00e1fico e extors\u00e3o no Farol da Barra nesta quarta (02\\\/09)\",\"datePublished\":\"2026-09-02T11:54:42+00:00\",\"mainEntityOfPage\":{\"@id\":\"https:\\\/\\\/2dejulhonoticias.com.br\\\/2jn\\\/turistas-eram-alvo-operacao-prende-suspeitos-de-trafico-e-extorsao-no-farol-da-barra-nesta-quarta-02-09\\\/\"},\"wordCount\":321,\"publisher\":{\"@id\":\"https:\\\/\\\/2dejulhonoticias.com.br\\\/2jn\\\/#\\\/schema\\\/person\\\/a61e2ab9ae920711c9622c249b03dc16\"},\"image\":{\"@id\":\"https:\\\/\\\/2dejulhonoticias.com.br\\\/2jn\\\/turistas-eram-alvo-operacao-prende-suspeitos-de-trafico-e-extorsao-no-farol-da-barra-nesta-quarta-02-09\\\/#primaryimage\"},\"thumbnailUrl\":\"https:\\\/\\\/2dejulhonoticias.com.br\\\/2jn\\\/wp-content\\\/uploads\\\/2026\\\/09\\\/operacao-prende-suspeitos-de-trafico-e-extorsao-no-Farol-da-Barra.webp\",\"keywords\":[\"#MandatosDePris\u00e3o\",\"Busca e Apreens\u00e3o\"],\"articleSection\":[\"Policia\",\"Salvador\"],\"inLanguage\":\"pt-BR\"},{\"@type\":\"WebPage\",\"@id\":\"https:\\\/\\\/2dejulhonoticias.com.br\\\/2jn\\\/turistas-eram-alvo-operacao-prende-suspeitos-de-trafico-e-extorsao-no-farol-da-barra-nesta-quarta-02-09\\\/\",\"url\":\"https:\\\/\\\/2dejulhonoticias.com.br\\\/2jn\\\/turistas-eram-alvo-operacao-prende-suspeitos-de-trafico-e-extorsao-no-farol-da-barra-nesta-quarta-02-09\\\/\",\"name\":\"Turistas eram alvo: opera\u00e7\u00e3o prende suspeitos de tr\u00e1fico e extors\u00e3o no Farol da Barra nesta quarta (02\\\/09) - 2 de Julho Not\u00edcias\",\"isPartOf\":{\"@id\":\"https:\\\/\\\/2dejulhonoticias.com.br\\\/2jn\\\/#website\"},\"primaryImageOfPage\":{\"@id\":\"https:\\\/\\\/2dejulhonoticias.com.br\\\/2jn\\\/turistas-eram-alvo-operacao-prende-suspeitos-de-trafico-e-extorsao-no-farol-da-barra-nesta-quarta-02-09\\\/#primaryimage\"},\"image\":{\"@id\":\"https:\\\/\\\/2dejulhonoticias.com.br\\\/2jn\\\/turistas-eram-alvo-operacao-prende-suspeitos-de-trafico-e-extorsao-no-farol-da-barra-nesta-quarta-02-09\\\/#primaryimage\"},\"thumbnailUrl\":\"https:\\\/\\\/2dejulhonoticias.com.br\\\/2jn\\\/wp-content\\\/uploads\\\/2026\\\/09\\\/operacao-prende-suspeitos-de-trafico-e-extorsao-no-Farol-da-Barra.webp\",\"datePublished\":\"2026-09-02T11:54:42+00:00\",\"description\":\"Turistas eram alvo: opera\u00e7\u00e3o prende suspeitos de tr\u00e1fico e extors\u00e3o no Farol da Barra nesta quarta (02\\\/09)\",\"breadcrumb\":{\"@id\":\"https:\\\/\\\/2dejulhonoticias.com.br\\\/2jn\\\/turistas-eram-alvo-operacao-prende-suspeitos-de-trafico-e-extorsao-no-farol-da-barra-nesta-quarta-02-09\\\/#breadcrumb\"},\"inLanguage\":\"pt-BR\",\"potentialAction\":[{\"@type\":\"ReadAction\",\"target\":[\"https:\\\/\\\/2dejulhonoticias.com.br\\\/2jn\\\/turistas-eram-alvo-operacao-prende-suspeitos-de-trafico-e-extorsao-no-farol-da-barra-nesta-quarta-02-09\\\/\"]}]},{\"@type\":\"ImageObject\",\"inLanguage\":\"pt-BR\",\"@id\":\"https:\\\/\\\/2dejulhonoticias.com.br\\\/2jn\\\/turistas-eram-alvo-operacao-prende-suspeitos-de-trafico-e-extorsao-no-farol-da-barra-nesta-quarta-02-09\\\/#primaryimage\",\"url\":\"https:\\\/\\\/2dejulhonoticias.com.br\\\/2jn\\\/wp-content\\\/uploads\\\/2026\\\/09\\\/operacao-prende-suspeitos-de-trafico-e-extorsao-no-Farol-da-Barra.webp\",\"contentUrl\":\"https:\\\/\\\/2dejulhonoticias.com.br\\\/2jn\\\/wp-content\\\/uploads\\\/2026\\\/09\\\/operacao-prende-suspeitos-de-trafico-e-extorsao-no-Farol-da-Barra.webp\",\"width\":600,\"height\":331},{\"@type\":\"BreadcrumbList\",\"@id\":\"https:\\\/\\\/2dejulhonoticias.com.br\\\/2jn\\\/turistas-eram-alvo-operacao-prende-suspeitos-de-trafico-e-extorsao-no-farol-da-barra-nesta-quarta-02-09\\\/#breadcrumb\",\"itemListElement\":[{\"@type\":\"ListItem\",\"position\":1,\"name\":\"In\u00edcio\",\"item\":\"https:\\\/\\\/2dejulhonoticias.com.br\\\/2jn\\\/\"},{\"@type\":\"ListItem\",\"position\":2,\"name\":\"Turistas eram alvo: opera\u00e7\u00e3o prende suspeitos de tr\u00e1fico e extors\u00e3o no Farol da Barra nesta quarta (02\\\/09)\"}]},{\"@type\":\"WebSite\",\"@id\":\"https:\\\/\\\/2dejulhonoticias.com.br\\\/2jn\\\/#website\",\"url\":\"https:\\\/\\\/2dejulhonoticias.com.br\\\/2jn\\\/\",\"name\":\"2 de Julho Noticias - A not\u00edcia ao seu alcance\",\"description\":\"Noticias sobre Politica, Policia,Esporte,Vida e Estilo, Sa\u00fade,Moda e Beleza,Mundo da Fama,Emprego e Concursos,Arte e Cultura,Cama\u00e7ari\",\"publisher\":{\"@id\":\"https:\\\/\\\/2dejulhonoticias.com.br\\\/2jn\\\/#\\\/schema\\\/person\\\/a61e2ab9ae920711c9622c249b03dc16\"},\"potentialAction\":[{\"@type\":\"SearchAction\",\"target\":{\"@type\":\"EntryPoint\",\"urlTemplate\":\"https:\\\/\\\/2dejulhonoticias.com.br\\\/2jn\\\/?s={search_term_string}\"},\"query-input\":{\"@type\":\"PropertyValueSpecification\",\"valueRequired\":true,\"valueName\":\"search_term_string\"}}],\"inLanguage\":\"pt-BR\"},{\"@type\":[\"Person\",\"Organization\"],\"@id\":\"https:\\\/\\\/2dejulhonoticias.com.br\\\/2jn\\\/#\\\/schema\\\/person\\\/a61e2ab9ae920711c9622c249b03dc16\",\"name\":\"Reda\u00e7\u00e3o\",\"image\":{\"@type\":\"ImageObject\",\"inLanguage\":\"pt-BR\",\"@id\":\"https:\\\/\\\/2dejulhonoticias.com.br\\\/2jn\\\/wp-content\\\/uploads\\\/2020\\\/11\\\/logo2dejulho.png\",\"url\":\"https:\\\/\\\/2dejulhonoticias.com.br\\\/2jn\\\/wp-content\\\/uploads\\\/2020\\\/11\\\/logo2dejulho.png\",\"contentUrl\":\"https:\\\/\\\/2dejulhonoticias.com.br\\\/2jn\\\/wp-content\\\/uploads\\\/2020\\\/11\\\/logo2dejulho.png\",\"width\":291,\"height\":96,\"caption\":\"Reda\u00e7\u00e3o\"},\"logo\":{\"@id\":\"https:\\\/\\\/2dejulhonoticias.com.br\\\/2jn\\\/wp-content\\\/uploads\\\/2020\\\/11\\\/logo2dejulho.png\"},\"sameAs\":[\"https:\\\/\\\/www.facebook.com\\\/J2deJulho\",\"https:\\\/\\\/www.instagram.com\\\/mirobaia\\\/\",\"https:\\\/\\\/www.linkedin.com\\\/in\\\/mirobaia\\\/\",\"https:\\\/\\\/x.com\\\/2_julho\",\"https:\\\/\\\/www.youtube.com\\\/c\\\/MiroBaia\"]}]}<\/script>\n<!-- \/ Yoast SEO Premium plugin. -->","yoast_head_json":{"title":"Turistas eram alvo: opera\u00e7\u00e3o prende suspeitos de tr\u00e1fico e extors\u00e3o no Farol da Barra nesta quarta (02\/09) - 2 de Julho Not\u00edcias","description":"Turistas eram alvo: opera\u00e7\u00e3o prende suspeitos de tr\u00e1fico e extors\u00e3o no Farol da Barra nesta quarta (02\/09)","robots":{"index":"index","follow":"follow","max-snippet":"max-snippet:-1","max-image-preview":"max-image-preview:large","max-video-preview":"max-video-preview:-1"},"canonical":"https:\/\/2dejulhonoticias.com.br\/2jn\/turistas-eram-alvo-operacao-prende-suspeitos-de-trafico-e-extorsao-no-farol-da-barra-nesta-quarta-02-09\/","twitter_card":"summary_large_image","twitter_title":"Turistas eram alvo: opera\u00e7\u00e3o prende suspeitos de tr\u00e1fico e extors\u00e3o no Farol da Barra nesta quarta (02\/09) - 2 de Julho Not\u00edcias","twitter_description":"Turistas eram alvo: opera\u00e7\u00e3o prende suspeitos de tr\u00e1fico e extors\u00e3o no Farol da Barra nesta quarta (02\/09)","twitter_image":"https:\/\/2dejulhonoticias.com.br\/2jn\/wp-content\/uploads\/2026\/09\/operacao-prende-suspeitos-de-trafico-e-extorsao-no-Farol-da-Barra.webp","twitter_creator":"@2_julho","twitter_site":"@2_julho","twitter_misc":{"Escrito por":"Reda\u00e7\u00e3o","Est. tempo de leitura":"1 minuto"},"schema":{"@context":"https:\/\/schema.org","@graph":[{"@type":"Article","@id":"https:\/\/2dejulhonoticias.com.br\/2jn\/turistas-eram-alvo-operacao-prende-suspeitos-de-trafico-e-extorsao-no-farol-da-barra-nesta-quarta-02-09\/#article","isPartOf":{"@id":"https:\/\/2dejulhonoticias.com.br\/2jn\/turistas-eram-alvo-operacao-prende-suspeitos-de-trafico-e-extorsao-no-farol-da-barra-nesta-quarta-02-09\/"},"author":{"name":"Reda\u00e7\u00e3o","@id":"https:\/\/2dejulhonoticias.com.br\/2jn\/#\/schema\/person\/a61e2ab9ae920711c9622c249b03dc16"},"headline":"Turistas eram alvo: opera\u00e7\u00e3o prende suspeitos de tr\u00e1fico e extors\u00e3o no Farol da Barra nesta quarta (02\/09)","datePublished":"2026-09-02T11:54:42+00:00","mainEntityOfPage":{"@id":"https:\/\/2dejulhonoticias.com.br\/2jn\/turistas-eram-alvo-operacao-prende-suspeitos-de-trafico-e-extorsao-no-farol-da-barra-nesta-quarta-02-09\/"},"wordCount":321,"publisher":{"@id":"https:\/\/2dejulhonoticias.com.br\/2jn\/#\/schema\/person\/a61e2ab9ae920711c9622c249b03dc16"},"image":{"@id":"https:\/\/2dejulhonoticias.com.br\/2jn\/turistas-eram-alvo-operacao-prende-suspeitos-de-trafico-e-extorsao-no-farol-da-barra-nesta-quarta-02-09\/#primaryimage"},"thumbnailUrl":"https:\/\/2dejulhonoticias.com.br\/2jn\/wp-content\/uploads\/2026\/09\/operacao-prende-suspeitos-de-trafico-e-extorsao-no-Farol-da-Barra.webp","keywords":["#MandatosDePris\u00e3o","Busca e Apreens\u00e3o"],"articleSection":["Policia","Salvador"],"inLanguage":"pt-BR"},{"@type":"WebPage","@id":"https:\/\/2dejulhonoticias.com.br\/2jn\/turistas-eram-alvo-operacao-prende-suspeitos-de-trafico-e-extorsao-no-farol-da-barra-nesta-quarta-02-09\/","url":"https:\/\/2dejulhonoticias.com.br\/2jn\/turistas-eram-alvo-operacao-prende-suspeitos-de-trafico-e-extorsao-no-farol-da-barra-nesta-quarta-02-09\/","name":"Turistas eram alvo: opera\u00e7\u00e3o prende suspeitos de tr\u00e1fico e extors\u00e3o no Farol da Barra nesta quarta (02\/09) - 2 de Julho Not\u00edcias","isPartOf":{"@id":"https:\/\/2dejulhonoticias.com.br\/2jn\/#website"},"primaryImageOfPage":{"@id":"https:\/\/2dejulhonoticias.com.br\/2jn\/turistas-eram-alvo-operacao-prende-suspeitos-de-trafico-e-extorsao-no-farol-da-barra-nesta-quarta-02-09\/#primaryimage"},"image":{"@id":"https:\/\/2dejulhonoticias.com.br\/2jn\/turistas-eram-alvo-operacao-prende-suspeitos-de-trafico-e-extorsao-no-farol-da-barra-nesta-quarta-02-09\/#primaryimage"},"thumbnailUrl":"https:\/\/2dejulhonoticias.com.br\/2jn\/wp-content\/uploads\/2026\/09\/operacao-prende-suspeitos-de-trafico-e-extorsao-no-Farol-da-Barra.webp","datePublished":"2026-09-02T11:54:42+00:00","description":"Turistas eram alvo: opera\u00e7\u00e3o prende suspeitos de tr\u00e1fico e extors\u00e3o no Farol da Barra nesta quarta (02\/09)","breadcrumb":{"@id":"https:\/\/2dejulhonoticias.com.br\/2jn\/turistas-eram-alvo-operacao-prende-suspeitos-de-trafico-e-extorsao-no-farol-da-barra-nesta-quarta-02-09\/#breadcrumb"},"inLanguage":"pt-BR","potentialAction":[{"@type":"ReadAction","target":["https:\/\/2dejulhonoticias.com.br\/2jn\/turistas-eram-alvo-operacao-prende-suspeitos-de-trafico-e-extorsao-no-farol-da-barra-nesta-quarta-02-09\/"]}]},{"@type":"ImageObject","inLanguage":"pt-BR","@id":"https:\/\/2dejulhonoticias.com.br\/2jn\/turistas-eram-alvo-operacao-prende-suspeitos-de-trafico-e-extorsao-no-farol-da-barra-nesta-quarta-02-09\/#primaryimage","url":"https:\/\/2dejulhonoticias.com.br\/2jn\/wp-content\/uploads\/2026\/09\/operacao-prende-suspeitos-de-trafico-e-extorsao-no-Farol-da-Barra.webp","contentUrl":"https:\/\/2dejulhonoticias.com.br\/2jn\/wp-content\/uploads\/2026\/09\/operacao-prende-suspeitos-de-trafico-e-extorsao-no-Farol-da-Barra.webp","width":600,"height":331},{"@type":"BreadcrumbList","@id":"https:\/\/2dejulhonoticias.com.br\/2jn\/turistas-eram-alvo-operacao-prende-suspeitos-de-trafico-e-extorsao-no-farol-da-barra-nesta-quarta-02-09\/#breadcrumb","itemListElement":[{"@type":"ListItem","position":1,"name":"In\u00edcio","item":"https:\/\/2dejulhonoticias.com.br\/2jn\/"},{"@type":"ListItem","position":2,"name":"Turistas eram alvo: opera\u00e7\u00e3o prende suspeitos de tr\u00e1fico e extors\u00e3o no Farol da Barra nesta quarta (02\/09)"}]},{"@type":"WebSite","@id":"https:\/\/2dejulhonoticias.com.br\/2jn\/#website","url":"https:\/\/2dejulhonoticias.com.br\/2jn\/","name":"2 de Julho Noticias - A not\u00edcia ao seu alcance","description":"Noticias sobre Politica, Policia,Esporte,Vida e Estilo, Sa\u00fade,Moda e Beleza,Mundo da Fama,Emprego e Concursos,Arte e Cultura,Cama\u00e7ari","publisher":{"@id":"https:\/\/2dejulhonoticias.com.br\/2jn\/#\/schema\/person\/a61e2ab9ae920711c9622c249b03dc16"},"potentialAction":[{"@type":"SearchAction","target":{"@type":"EntryPoint","urlTemplate":"https:\/\/2dejulhonoticias.com.br\/2jn\/?s={search_term_string}"},"query-input":{"@type":"PropertyValueSpecification","valueRequired":true,"valueName":"search_term_string"}}],"inLanguage":"pt-BR"},{"@type":["Person","Organization"],"@id":"https:\/\/2dejulhonoticias.com.br\/2jn\/#\/schema\/person\/a61e2ab9ae920711c9622c249b03dc16","name":"Reda\u00e7\u00e3o","image":{"@type":"ImageObject","inLanguage":"pt-BR","@id":"https:\/\/2dejulhonoticias.com.br\/2jn\/wp-content\/uploads\/2020\/11\/logo2dejulho.png","url":"https:\/\/2dejulhonoticias.com.br\/2jn\/wp-content\/uploads\/2020\/11\/logo2dejulho.png","contentUrl":"https:\/\/2dejulhonoticias.com.br\/2jn\/wp-content\/uploads\/2020\/11\/logo2dejulho.png","width":291,"height":96,"caption":"Reda\u00e7\u00e3o"},"logo":{"@id":"https:\/\/2dejulhonoticias.com.br\/2jn\/wp-content\/uploads\/2020\/11\/logo2dejulho.png"},"sameAs":["https:\/\/www.facebook.com\/J2deJulho","https:\/\/www.instagram.com\/mirobaia\/","https:\/\/www.linkedin.com\/in\/mirobaia\/","https:\/\/x.com\/2_julho","https:\/\/www.youtube.com\/c\/MiroBaia"]}]}},"_links":{"self":[{"href":"https:\/\/2dejulhonoticias.com.br\/2jn\/wp-json\/wp\/v2\/posts\/42534","targetHints":{"allow":["GET"]}}],"collection":[{"href":"https:\/\/2dejulhonoticias.com.br\/2jn\/wp-json\/wp\/v2\/posts"}],"about":[{"href":"https:\/\/2dejulhonoticias.com.br\/2jn\/wp-json\/wp\/v2\/types\/post"}],"author":[{"embeddable":true,"href":"https:\/\/2dejulhonoticias.com.br\/2jn\/wp-json\/wp\/v2\/users\/1"}],"replies":[{"embeddable":true,"href":"https:\/\/2dejulhonoticias.com.br\/2jn\/wp-json\/wp\/v2\/comments?post=42534"}],"version-history":[{"count":1,"href":"https:\/\/2dejulhonoticias.com.br\/2jn\/wp-json\/wp\/v2\/posts\/42534\/revisions"}],"predecessor-version":[{"id":42536,"href":"https:\/\/2dejulhonoticias.com.br\/2jn\/wp-json\/wp\/v2\/posts\/42534\/revisions\/42536"}],"wp:featuredmedia":[{"embeddable":true,"href":"https:\/\/2dejulhonoticias.com.br\/2jn\/wp-json\/wp\/v2\/media\/42535"}],"wp:attachment":[{"href":"https:\/\/2dejulhonoticias.com.br\/2jn\/wp-json\/wp\/v2\/media?parent=42534"}],"wp:term":[{"taxonomy":"category","embeddable":true,"href":"https:\/\/2dejulhonoticias.com.br\/2jn\/wp-json\/wp\/v2\/categories?post=42534"},{"taxonomy":"post_tag","embeddable":true,"href":"https:\/\/2dejulhonoticias.com.br\/2jn\/wp-json\/wp\/v2\/tags?post=42534"}],"curies":[{"name":"wp","href":"https:\/\/api.w.org\/{rel}","templated":true}]}}