{"id":42531,"date":"2026-09-02T08:45:10","date_gmt":"2026-09-02T11:45:10","guid":{"rendered":"https:\/\/2dejulhonoticias.com.br\/2jn\/?p=42531"},"modified":"2026-09-02T08:45:10","modified_gmt":"2026-09-02T11:45:10","slug":"iel-abre-mais-de-500-vagas-de-estagio-em-camacari-e-outras-cidades-da-bahia-bolsas-chegam-a-r-2-4-mil","status":"publish","type":"post","link":"https:\/\/2dejulhonoticias.com.br\/2jn\/iel-abre-mais-de-500-vagas-de-estagio-em-camacari-e-outras-cidades-da-bahia-bolsas-chegam-a-r-2-4-mil\/","title":{"rendered":"IEL abre mais de 500 vagas de est\u00e1gio em Cama\u00e7ari e outras cidades da Bahia; bolsas chegam a R$ 2.4 mil"},"content":{"rendered":"<div style=\"text-align: justify;\">\nO Instituto Euvaldo Lodi (IEL) abre 551 vagas de est\u00e1gio em diferentes cidades da Bahia. As oportunidades abrangem n\u00edveis m\u00e9dio, t\u00e9cnico e superior, com bolsas que variam de R$ 450 a R$ 2.400, dependendo da unidade e da \u00e1rea de atua\u00e7\u00e3o.<\/p>\n<p>Os interessados devem realizar o cadastro no site do IEL, e manter sempre atualizado para facilitar a participa\u00e7\u00e3o nos processos seletivos.<\/p>\n<p>\ud83d\udcf1 <a href=\"https:\/\/chat.whatsapp.com\/L8KSLsjENzl5HrgtytuzCL\"> SIGA PRA MAIS NOT\u00cdCIAS: entre na comunidade do 2JN no WhatsApp<\/a>\n<\/div>\n<div>\n<!-- GoogleAdsense --><\/p>\n<p style=\"text-align: justify;\"><span style=\"font-size: 14pt;\"><strong> LEIA TAMB\u00c9M <\/strong><\/span><\/p>\n<p><script async src=\"https:\/\/pagead2.googlesyndication.com\/pagead\/js\/adsbygoogle.js?client=ca-pub-3129804789748719\" crossorigin=\"anonymous\"><\/script><br \/>\n<!-- Anuncio horizontal responsivo --><br \/>\n<ins class=\"adsbygoogle\" style=\"display: block;\" data-ad-client=\"ca-pub-3129804789748719\" data-ad-slot=\"1473312501\" data-ad-format=\"auto\" data-full-width-responsive=\"true\"><\/ins><br \/>\n<script>\n     (adsbygoogle = window.adsbygoogle || []).push({});\n<\/script>\n<\/div>\n<div style=\"text-align: justify;\">\n<div class=\"related bk-inline-post-box alignleft\" style=\"color: #fcfcfc; background-color: #fac8c8;\"><ul class=\"list-small-post row\"><li class=\"small-post content_out clearfix\">                        <div class=\"small-thumbnail-wrapper\">\n                <div class=\"thumb hide-thumb term-89\"><a href=\"https:\/\/2dejulhonoticias.com.br\/2jn\/triplo-homicidio-mae-e-dois-filhos-sao-mortos-a-tiros-em-correntina-no-oeste-da-bahia-nesta-terca-feira-1o\/\"><img decoding=\"async\" width=\"90\" height=\"65\" src=\"https:\/\/2dejulhonoticias.com.br\/2jn\/wp-content\/uploads\/2026\/09\/triplo-homicidio-correntina-ba-90x65.webp\" class=\"attachment-rubik-90-65 size-rubik-90-65 wp-post-image\" alt=\"\" \/><div class=\"rubik-post-icon-wrap\"><\/div><\/a> <!-- close a tag --><\/div> <!-- close thumb -->            <\/div>\n                        <div class=\"post-c-wrap\">\n                                \n                <h4 class=\"title\"><a class=\"term-89\" href=\"https:\/\/2dejulhonoticias.com.br\/2jn\/triplo-homicidio-mae-e-dois-filhos-sao-mortos-a-tiros-em-correntina-no-oeste-da-bahia-nesta-terca-feira-1o\/\">TRIPLO HOMIC\u00cdDIO! M\u00e3e e dois filhos s\u00e3o mortos a tiros em Correntina no oeste da ...<\/a><\/h4>                <div class=\"meta\"><div class=\"post-date\">2 de setembro de 2026<\/div><\/div> \n            <\/div>\n            <\/li><!-- End post --><li class=\"small-post content_out clearfix\">                        <div class=\"small-thumbnail-wrapper\">\n                <div class=\"thumb hide-thumb term-89\"><a href=\"https:\/\/2dejulhonoticias.com.br\/2jn\/advogado-e-outros-seis-suspeitos-sao-presos-em-operacao-contra-lavagem-de-dinheiro-e-homicidios-na-bahia\/\"><img decoding=\"async\" width=\"90\" height=\"65\" src=\"https:\/\/2dejulhonoticias.com.br\/2jn\/wp-content\/uploads\/2026\/09\/operacao-premium-mandatum-juazeiro-90x65.webp\" class=\"attachment-rubik-90-65 size-rubik-90-65 wp-post-image\" alt=\"\" \/><div class=\"rubik-post-icon-wrap\"><\/div><\/a> <!-- close a tag --><\/div> <!-- close thumb -->            <\/div>\n                        <div class=\"post-c-wrap\">\n                                \n                <h4 class=\"title\"><a class=\"term-89\" href=\"https:\/\/2dejulhonoticias.com.br\/2jn\/advogado-e-outros-seis-suspeitos-sao-presos-em-operacao-contra-lavagem-de-dinheiro-e-homicidios-na-bahia\/\">Advogado e outros seis suspeitos s\u00e3o presos em opera\u00e7\u00e3o contra lavagem de dinheiro e homic\u00eddios ...<\/a><\/h4>                <div class=\"meta\"><div class=\"post-date\">2 de setembro de 2026<\/div><\/div> \n            <\/div>\n            <\/li><!-- End post --><li class=\"small-post content_out clearfix\">                        <div class=\"small-thumbnail-wrapper\">\n                <div class=\"thumb hide-thumb term-89\"><a href=\"https:\/\/2dejulhonoticias.com.br\/2jn\/a-multinacional-acelen-aumenta-o-botijao-de-gas-na-bahia-a-partir-desta-terca-1o-e-valor-pode-chegar-a-r-160\/\"><img decoding=\"async\" width=\"90\" height=\"65\" src=\"https:\/\/2dejulhonoticias.com.br\/2jn\/wp-content\/uploads\/2026\/03\/gas-botijao-90x65.webp\" class=\"attachment-rubik-90-65 size-rubik-90-65 wp-post-image\" alt=\"G\u00e1s\" \/><div class=\"rubik-post-icon-wrap\"><\/div><\/a> <!-- close a tag --><\/div> <!-- close thumb -->            <\/div>\n                        <div class=\"post-c-wrap\">\n                                \n                <h4 class=\"title\"><a class=\"term-89\" href=\"https:\/\/2dejulhonoticias.com.br\/2jn\/a-multinacional-acelen-aumenta-o-botijao-de-gas-na-bahia-a-partir-desta-terca-1o-e-valor-pode-chegar-a-r-160\/\">A multinacional Acelen aumenta o botij\u00e3o de g\u00e1s na Bahia a partir desta ter\u00e7a (1\u00ba) ...<\/a><\/h4>                <div class=\"meta\"><div class=\"post-date\">1 de setembro de 2026<\/div><\/div> \n            <\/div>\n            <\/li><!-- End post --><\/ul> <!-- End list-post --><\/div><br \/>\n<strong>Confira as vagas dispon\u00edveis por regi\u00e3o:<\/p>\n<p>Salvador e Regi\u00e3o Metropolitana \u2014 339 vagas<\/strong><\/p>\n<p>\ud83d\udccd Cidades: Salvador, Alagoinhas, Cama\u00e7ari, Lauro de Freitas, Sim\u00f5es Filho, Mata de S\u00e3o Jo\u00e3o, Entre Rios, Madre de Deus e Candeias.<\/p>\n<p>H\u00e1 vagas para \u00e1reas como Comunica\u00e7\u00e3o, Pedagogia, Arquitetura, Administra\u00e7\u00e3o, Engenharia, Ci\u00eancias Cont\u00e1beis, Psicologia, Direito, Educa\u00e7\u00e3o F\u00edsica, Enfermagem, Farm\u00e1cia, Tecnologia da Informa\u00e7\u00e3o, Marketing, Recursos Humanos, al\u00e9m de cursos t\u00e9cnicos e para estudantes do ensino m\u00e9dio.<br \/>\nBolsas: R$ 600 a R$ 2.400.<\/p>\n<p><strong>Sul e Extremo Sul \u2014 88 vagas<\/strong><\/p>\n<p>\ud83d\udccd Cidades: Eun\u00e1polis, Ilh\u00e9us, Itabuna, Porto Seguro, Itamaraju, Ipia\u00fa, Mucuri e Teixeira de Freitas.<\/p>\n<p>H\u00e1 vagas para Administra\u00e7\u00e3o, Arquitetura, Comunica\u00e7\u00e3o Social, Marketing, Contabilidade, Direito, Educa\u00e7\u00e3o F\u00edsica, Eletromec\u00e2nica, Enfermagem, Engenharia, Pedagogia, al\u00e9m de cursos t\u00e9cnicos e ensino m\u00e9dio.<br \/>\nBolsas: R$ 550 a R$ 1.621.<\/p>\n<p><strong>Feira de Santana e regi\u00e3o \u2014 60 vagas<\/strong><\/p>\n<p>H\u00e1 oportunidades para estudantes das \u00e1reas administrativa, atendimento, comercial, comunica\u00e7\u00e3o, contabilidade, educa\u00e7\u00e3o, eletrot\u00e9cnica, enfermagem, laborat\u00f3rio, log\u00edstica, manuten\u00e7\u00e3o, produ\u00e7\u00e3o e vendas.<br \/>\nBolsas: R$ 450 a R$ 1.621.<\/p>\n<p><strong>Vit\u00f3ria da Conquista e regi\u00e3o \u2014 25 vagas<\/strong><br \/>\n\ud83d\udccd Cidades: Vit\u00f3ria da Conquista, Jequi\u00e9, Guanambi e Itapetinga.<\/p>\n<p>H\u00e1 vagas para Enfermagem, Pedagogia, Marketing, Ci\u00eancias da Computa\u00e7\u00e3o, Administra\u00e7\u00e3o, Ci\u00eancias Cont\u00e1beis, Economia, Agropecu\u00e1ria, Meio Ambiente, Design, Recursos Humanos e Engenharia Civil.<br \/>\nBolsas: R$ 550 a R$ 1.621.<\/p>\n<p><strong>Barreiras e regi\u00e3o \u2014 22 vagas<\/strong><br \/>\n\ud83d\udccd Cidades: Barreiras, Lu\u00eds Eduardo Magalh\u00e3es e Santa Maria da Vit\u00f3ria.<\/p>\n<p>H\u00e1 vagas para Administra\u00e7\u00e3o, Pedagogia, Ci\u00eancias Cont\u00e1beis, Educa\u00e7\u00e3o F\u00edsica, Economia, Log\u00edstica, Gest\u00e3o Comercial, Recursos Humanos, Letras, Secretariado, Matem\u00e1tica, Gest\u00e3o Financeira, Agronomia, Enfermagem, Engenharia, Arquitetura, Biomedicina, Geografia, Hist\u00f3ria e Seguran\u00e7a do Trabalho.<br \/>\nBolsas: R$ 450 a R$ 1.575.<\/p>\n<p><strong>Juazeiro e regi\u00e3o \u2014 17 vagas<\/strong><br \/>\n\ud83d\udccd Cidades: Juazeiro e Jacobina<\/p>\n<p>H\u00e1 vagas para Administra\u00e7\u00e3o, Engenharia Agron\u00f4mica, Ci\u00eancias Cont\u00e1beis, Engenharia da Computa\u00e7\u00e3o, Engenharia Civil, Engenharia El\u00e9trica, Ensino M\u00e9dio e cursos t\u00e9cnicos em Edifica\u00e7\u00f5es, Seguran\u00e7a do Trabalho, Administra\u00e7\u00e3o e Recursos Humanos.<br \/>\nBolsas: R$ 550 a R$ 1.645.<\/p>\n<p><strong>Inova Talentos<\/strong><\/p>\n<p>Al\u00e9m das vagas de est\u00e1gio, o IEL tamb\u00e9m oferece 20 oportunidades pelo programa Inova Talentos, voltado para profissionais com n\u00edvel superior completo ou estudantes de gradua\u00e7\u00e3o a partir do 5\u00ba semestre. As vagas s\u00e3o para as \u00e1reas de Engenharia e Tecnologia, com oportunidades em Salvador e Cama\u00e7ari, na Bahia, em S\u00e3o Paulo e tamb\u00e9m na modalidade 100% remota. As bolsas variam de R$ 2.500 a R$ 5.500.\n<\/p><\/div>\n<hr \/>\n<p><!-- banner meio--><\/p>\n<div><script async src=\"https:\/\/pagead2.googlesyndication.com\/pagead\/js\/adsbygoogle.js?client=ca-pub-3129804789748719\" crossorigin=\"anonymous\"><\/script><br \/>\n<!-- Banner quadrado responsivo --><br \/>\n<ins class=\"adsbygoogle\" style=\"display: block;\" data-ad-client=\"ca-pub-3129804789748719\" data-ad-slot=\"2076857862\" data-ad-format=\"auto\" data-full-width-responsive=\"true\"><\/ins><br \/>\n<script>\n     (adsbygoogle = window.adsbygoogle || []).push({});\n<\/script><\/div>\n<p><!-- banner meio responsivo --><\/p>\n<hr \/>\n<p><!-- RODAP\u00c9 DA NOTICIA --><\/p>\n<div><strong> Siga a coluna no <a href=\"https:\/\/www.facebook.com\/jornal2jn\" target=\"_blank\" rel=\"noopener\">Facebook<\/a> e no <a href=\"https:\/\/www.instagram.com\/jornal2dejulho\/\" target=\"_blank\" rel=\"noopener\">Instagram<\/a> para n\u00e3o perder nada.<\/strong><\/div>\n<p style=\"text-align: right;\"><em> por Reda\u00e7\u00e3o 2JN <\/em><\/p>\n<p><!--\n\nO 2 de Julho Noticias \u00e9 um Jornal Independente, pois n\u00e3o tem apoios Pol\u00edticos Partid\u00e1rios, de Prefeitura e nem de Comercio, e precisa de seu apoio, caso possa em assinar nosso Livro de Parceiros e Colaboradores.\nSua colabora\u00e7\u00e3o \u00e9 muito importante para nossa continuidade! Chave PIX EMAIL: parceiro@2dejulhonoticias.com.br\n\n--><\/p>\n<hr \/>\n<p><!-- banner meio responsivo--><br \/>\n<script async src=\"https:\/\/pagead2.googlesyndication.com\/pagead\/js\/adsbygoogle.js?client=ca-pub-3129804789748719\" crossorigin=\"anonymous\"><\/script><br \/>\n<!-- banner 728x90 2jn --><br \/>\n<ins class=\"adsbygoogle\" style=\"display: inline-block; width: 728px; height: 90px;\" data-ad-client=\"ca-pub-3129804789748719\" data-ad-slot=\"1383288950\"><\/ins><br \/>\n<script>\n     (adsbygoogle = window.adsbygoogle || []).push({});\n<\/script><\/p>\n<p style=\"text-align: justify;\"><span style=\"font-size: 14pt;\"><strong> LEIA TAMB\u00c9M <\/strong><\/span><\/p>\n<p><!-- banner meio responsivo--><br \/>\n<script async src=\"https:\/\/pagead2.googlesyndication.com\/pagead\/js\/adsbygoogle.js?client=ca-pub-3129804789748719\" crossorigin=\"anonymous\"><\/script><br \/>\n<!-- banner 728x90 2jn --><br \/>\n<ins class=\"adsbygoogle\" style=\"display: inline-block; width: 728px; height: 90px;\" data-ad-client=\"ca-pub-3129804789748719\" data-ad-slot=\"1383288950\"><\/ins><br \/>\n<script>\n     (adsbygoogle = window.adsbygoogle || []).push({});\n<\/script><br \/>\n<amp-ad width=\"100vw\" height=\"320\"\n     type=\"adsense\"\n     data-ad-client=\"ca-pub-3129804789748719\"\n     data-ad-slot=\"4367194841\"\n     data-auto-format=\"mcrspv\"\n     data-full-width=\"\"><\/p>\n<div overflow=\"\"><\/div>\n<p><\/amp-ad><br \/>\n<amp-ad\n     layout=\"fixed\"\n     width=\"728\"\n     height=\"90\"\n     type=\"adsense\"\n     data-ad-client=\"ca-pub-3129804789748719\"\n     data-ad-slot=\"1383288950\"><br \/>\n<\/amp-ad><\/p>\n","protected":false},"excerpt":{"rendered":"<p>O Instituto Euvaldo Lodi (IEL) abre 551 vagas de est\u00e1gio em diferentes cidades da Bahia. As oportunidades abrangem n\u00edveis m\u00e9dio, t\u00e9cnico e superior, com bolsas que variam de R$ 450 a R$ 2.400, dependendo da unidade e da \u00e1rea de atua\u00e7\u00e3o. Os interessados devem realizar o cadastro no site do IEL, e manter sempre atualizado para facilitar a participa\u00e7\u00e3o nos processos seletivos. \ud83d\udcf1 SIGA PRA MAIS NOT\u00cdCIAS: entre na comunidade do 2JN no WhatsApp LEIA TAMB\u00c9M Confira as vagas dispon\u00edveis por regi\u00e3o: Salvador e Regi\u00e3o Metropolitana \u2014 339 vagas \ud83d\udccd Cidades: Salvador, Alagoinhas, Cama\u00e7ari, Lauro de Freitas, Sim\u00f5es Filho, Mata [&hellip;]<\/p>\n","protected":false},"author":1,"featured_media":42532,"comment_status":"closed","ping_status":"open","sticky":false,"template":"","format":"standard","meta":{"footnotes":""},"categories":[89,91,84],"tags":[1362,1344],"class_list":["post-42531","post","type-post","status-publish","format-standard","has-post-thumbnail","hentry","category-bahia","category-economia","category-empregos","tag-estagios","tag-iel"],"yoast_head":"<!-- This site is optimized with the Yoast SEO Premium plugin v23.7 (Yoast SEO v27.7) - https:\/\/yoast.com\/product\/yoast-seo-premium-wordpress\/ -->\n<title>IEL abre mais de 500 vagas de est\u00e1gio em Cama\u00e7ari e outras cidades da Bahia; bolsas chegam a R$ 2.4 mil - 2 de Julho Not\u00edcias<\/title>\n<meta name=\"description\" content=\"IEL abre mais de 500 vagas de est\u00e1gio em Cama\u00e7ari e outras cidades da Bahia; bolsas chegam a R$ 2.4 mil\" \/>\n<meta name=\"robots\" content=\"index, follow, max-snippet:-1, max-image-preview:large, max-video-preview:-1\" \/>\n<link rel=\"canonical\" href=\"https:\/\/2dejulhonoticias.com.br\/2jn\/iel-abre-mais-de-500-vagas-de-estagio-em-camacari-e-outras-cidades-da-bahia-bolsas-chegam-a-r-2-4-mil\/\" \/>\n<meta name=\"twitter:card\" content=\"summary_large_image\" \/>\n<meta name=\"twitter:title\" content=\"IEL abre mais de 500 vagas de est\u00e1gio em Cama\u00e7ari e outras cidades da Bahia; bolsas chegam a R$ 2.4 mil - 2 de Julho Not\u00edcias\" \/>\n<meta name=\"twitter:description\" content=\"IEL abre mais de 500 vagas de est\u00e1gio em Cama\u00e7ari e outras cidades da Bahia; bolsas chegam a R$ 2.4 mil\" \/>\n<meta name=\"twitter:image\" content=\"https:\/\/2dejulhonoticias.com.br\/2jn\/wp-content\/uploads\/2026\/09\/iel-sistema-fieb.webp\" \/>\n<meta name=\"twitter:creator\" content=\"@2_julho\" \/>\n<meta name=\"twitter:site\" content=\"@2_julho\" \/>\n<meta name=\"twitter:label1\" content=\"Escrito por\" \/>\n\t<meta name=\"twitter:data1\" content=\"Reda\u00e7\u00e3o\" \/>\n\t<meta name=\"twitter:label2\" content=\"Est. tempo de leitura\" \/>\n\t<meta name=\"twitter:data2\" content=\"1 minuto\" \/>\n<script type=\"application\/ld+json\" class=\"yoast-schema-graph\">{\"@context\":\"https:\\\/\\\/schema.org\",\"@graph\":[{\"@type\":\"Article\",\"@id\":\"https:\\\/\\\/2dejulhonoticias.com.br\\\/2jn\\\/iel-abre-mais-de-500-vagas-de-estagio-em-camacari-e-outras-cidades-da-bahia-bolsas-chegam-a-r-2-4-mil\\\/#article\",\"isPartOf\":{\"@id\":\"https:\\\/\\\/2dejulhonoticias.com.br\\\/2jn\\\/iel-abre-mais-de-500-vagas-de-estagio-em-camacari-e-outras-cidades-da-bahia-bolsas-chegam-a-r-2-4-mil\\\/\"},\"author\":{\"name\":\"Reda\u00e7\u00e3o\",\"@id\":\"https:\\\/\\\/2dejulhonoticias.com.br\\\/2jn\\\/#\\\/schema\\\/person\\\/a61e2ab9ae920711c9622c249b03dc16\"},\"headline\":\"IEL abre mais de 500 vagas de est\u00e1gio em Cama\u00e7ari e outras cidades da Bahia; bolsas chegam a R$ 2.4 mil\",\"datePublished\":\"2026-09-02T11:45:10+00:00\",\"mainEntityOfPage\":{\"@id\":\"https:\\\/\\\/2dejulhonoticias.com.br\\\/2jn\\\/iel-abre-mais-de-500-vagas-de-estagio-em-camacari-e-outras-cidades-da-bahia-bolsas-chegam-a-r-2-4-mil\\\/\"},\"wordCount\":555,\"publisher\":{\"@id\":\"https:\\\/\\\/2dejulhonoticias.com.br\\\/2jn\\\/#\\\/schema\\\/person\\\/a61e2ab9ae920711c9622c249b03dc16\"},\"image\":{\"@id\":\"https:\\\/\\\/2dejulhonoticias.com.br\\\/2jn\\\/iel-abre-mais-de-500-vagas-de-estagio-em-camacari-e-outras-cidades-da-bahia-bolsas-chegam-a-r-2-4-mil\\\/#primaryimage\"},\"thumbnailUrl\":\"https:\\\/\\\/2dejulhonoticias.com.br\\\/2jn\\\/wp-content\\\/uploads\\\/2026\\\/09\\\/iel-sistema-fieb.webp\",\"keywords\":[\"#Estagios\",\"#IEL\"],\"articleSection\":[\"Bahia\",\"Economia\",\"Empregos\"],\"inLanguage\":\"pt-BR\"},{\"@type\":\"WebPage\",\"@id\":\"https:\\\/\\\/2dejulhonoticias.com.br\\\/2jn\\\/iel-abre-mais-de-500-vagas-de-estagio-em-camacari-e-outras-cidades-da-bahia-bolsas-chegam-a-r-2-4-mil\\\/\",\"url\":\"https:\\\/\\\/2dejulhonoticias.com.br\\\/2jn\\\/iel-abre-mais-de-500-vagas-de-estagio-em-camacari-e-outras-cidades-da-bahia-bolsas-chegam-a-r-2-4-mil\\\/\",\"name\":\"IEL abre mais de 500 vagas de est\u00e1gio em Cama\u00e7ari e outras cidades da Bahia; bolsas chegam a R$ 2.4 mil - 2 de Julho Not\u00edcias\",\"isPartOf\":{\"@id\":\"https:\\\/\\\/2dejulhonoticias.com.br\\\/2jn\\\/#website\"},\"primaryImageOfPage\":{\"@id\":\"https:\\\/\\\/2dejulhonoticias.com.br\\\/2jn\\\/iel-abre-mais-de-500-vagas-de-estagio-em-camacari-e-outras-cidades-da-bahia-bolsas-chegam-a-r-2-4-mil\\\/#primaryimage\"},\"image\":{\"@id\":\"https:\\\/\\\/2dejulhonoticias.com.br\\\/2jn\\\/iel-abre-mais-de-500-vagas-de-estagio-em-camacari-e-outras-cidades-da-bahia-bolsas-chegam-a-r-2-4-mil\\\/#primaryimage\"},\"thumbnailUrl\":\"https:\\\/\\\/2dejulhonoticias.com.br\\\/2jn\\\/wp-content\\\/uploads\\\/2026\\\/09\\\/iel-sistema-fieb.webp\",\"datePublished\":\"2026-09-02T11:45:10+00:00\",\"description\":\"IEL abre mais de 500 vagas de est\u00e1gio em Cama\u00e7ari e outras cidades da Bahia; bolsas chegam a R$ 2.4 mil\",\"breadcrumb\":{\"@id\":\"https:\\\/\\\/2dejulhonoticias.com.br\\\/2jn\\\/iel-abre-mais-de-500-vagas-de-estagio-em-camacari-e-outras-cidades-da-bahia-bolsas-chegam-a-r-2-4-mil\\\/#breadcrumb\"},\"inLanguage\":\"pt-BR\",\"potentialAction\":[{\"@type\":\"ReadAction\",\"target\":[\"https:\\\/\\\/2dejulhonoticias.com.br\\\/2jn\\\/iel-abre-mais-de-500-vagas-de-estagio-em-camacari-e-outras-cidades-da-bahia-bolsas-chegam-a-r-2-4-mil\\\/\"]}]},{\"@type\":\"ImageObject\",\"inLanguage\":\"pt-BR\",\"@id\":\"https:\\\/\\\/2dejulhonoticias.com.br\\\/2jn\\\/iel-abre-mais-de-500-vagas-de-estagio-em-camacari-e-outras-cidades-da-bahia-bolsas-chegam-a-r-2-4-mil\\\/#primaryimage\",\"url\":\"https:\\\/\\\/2dejulhonoticias.com.br\\\/2jn\\\/wp-content\\\/uploads\\\/2026\\\/09\\\/iel-sistema-fieb.webp\",\"contentUrl\":\"https:\\\/\\\/2dejulhonoticias.com.br\\\/2jn\\\/wp-content\\\/uploads\\\/2026\\\/09\\\/iel-sistema-fieb.webp\",\"width\":600,\"height\":417},{\"@type\":\"BreadcrumbList\",\"@id\":\"https:\\\/\\\/2dejulhonoticias.com.br\\\/2jn\\\/iel-abre-mais-de-500-vagas-de-estagio-em-camacari-e-outras-cidades-da-bahia-bolsas-chegam-a-r-2-4-mil\\\/#breadcrumb\",\"itemListElement\":[{\"@type\":\"ListItem\",\"position\":1,\"name\":\"In\u00edcio\",\"item\":\"https:\\\/\\\/2dejulhonoticias.com.br\\\/2jn\\\/\"},{\"@type\":\"ListItem\",\"position\":2,\"name\":\"IEL abre mais de 500 vagas de est\u00e1gio em Cama\u00e7ari e outras cidades da Bahia; bolsas chegam a R$ 2.4 mil\"}]},{\"@type\":\"WebSite\",\"@id\":\"https:\\\/\\\/2dejulhonoticias.com.br\\\/2jn\\\/#website\",\"url\":\"https:\\\/\\\/2dejulhonoticias.com.br\\\/2jn\\\/\",\"name\":\"2 de Julho Noticias - A not\u00edcia ao seu alcance\",\"description\":\"Noticias sobre Politica, Policia,Esporte,Vida e Estilo, Sa\u00fade,Moda e Beleza,Mundo da Fama,Emprego e Concursos,Arte e Cultura,Cama\u00e7ari\",\"publisher\":{\"@id\":\"https:\\\/\\\/2dejulhonoticias.com.br\\\/2jn\\\/#\\\/schema\\\/person\\\/a61e2ab9ae920711c9622c249b03dc16\"},\"potentialAction\":[{\"@type\":\"SearchAction\",\"target\":{\"@type\":\"EntryPoint\",\"urlTemplate\":\"https:\\\/\\\/2dejulhonoticias.com.br\\\/2jn\\\/?s={search_term_string}\"},\"query-input\":{\"@type\":\"PropertyValueSpecification\",\"valueRequired\":true,\"valueName\":\"search_term_string\"}}],\"inLanguage\":\"pt-BR\"},{\"@type\":[\"Person\",\"Organization\"],\"@id\":\"https:\\\/\\\/2dejulhonoticias.com.br\\\/2jn\\\/#\\\/schema\\\/person\\\/a61e2ab9ae920711c9622c249b03dc16\",\"name\":\"Reda\u00e7\u00e3o\",\"image\":{\"@type\":\"ImageObject\",\"inLanguage\":\"pt-BR\",\"@id\":\"https:\\\/\\\/2dejulhonoticias.com.br\\\/2jn\\\/wp-content\\\/uploads\\\/2020\\\/11\\\/logo2dejulho.png\",\"url\":\"https:\\\/\\\/2dejulhonoticias.com.br\\\/2jn\\\/wp-content\\\/uploads\\\/2020\\\/11\\\/logo2dejulho.png\",\"contentUrl\":\"https:\\\/\\\/2dejulhonoticias.com.br\\\/2jn\\\/wp-content\\\/uploads\\\/2020\\\/11\\\/logo2dejulho.png\",\"width\":291,\"height\":96,\"caption\":\"Reda\u00e7\u00e3o\"},\"logo\":{\"@id\":\"https:\\\/\\\/2dejulhonoticias.com.br\\\/2jn\\\/wp-content\\\/uploads\\\/2020\\\/11\\\/logo2dejulho.png\"},\"sameAs\":[\"https:\\\/\\\/www.facebook.com\\\/J2deJulho\",\"https:\\\/\\\/www.instagram.com\\\/mirobaia\\\/\",\"https:\\\/\\\/www.linkedin.com\\\/in\\\/mirobaia\\\/\",\"https:\\\/\\\/x.com\\\/2_julho\",\"https:\\\/\\\/www.youtube.com\\\/c\\\/MiroBaia\"]}]}<\/script>\n<!-- \/ Yoast SEO Premium plugin. -->","yoast_head_json":{"title":"IEL abre mais de 500 vagas de est\u00e1gio em Cama\u00e7ari e outras cidades da Bahia; bolsas chegam a R$ 2.4 mil - 2 de Julho Not\u00edcias","description":"IEL abre mais de 500 vagas de est\u00e1gio em Cama\u00e7ari e outras cidades da Bahia; bolsas chegam a R$ 2.4 mil","robots":{"index":"index","follow":"follow","max-snippet":"max-snippet:-1","max-image-preview":"max-image-preview:large","max-video-preview":"max-video-preview:-1"},"canonical":"https:\/\/2dejulhonoticias.com.br\/2jn\/iel-abre-mais-de-500-vagas-de-estagio-em-camacari-e-outras-cidades-da-bahia-bolsas-chegam-a-r-2-4-mil\/","twitter_card":"summary_large_image","twitter_title":"IEL abre mais de 500 vagas de est\u00e1gio em Cama\u00e7ari e outras cidades da Bahia; bolsas chegam a R$ 2.4 mil - 2 de Julho Not\u00edcias","twitter_description":"IEL abre mais de 500 vagas de est\u00e1gio em Cama\u00e7ari e outras cidades da Bahia; bolsas chegam a R$ 2.4 mil","twitter_image":"https:\/\/2dejulhonoticias.com.br\/2jn\/wp-content\/uploads\/2026\/09\/iel-sistema-fieb.webp","twitter_creator":"@2_julho","twitter_site":"@2_julho","twitter_misc":{"Escrito por":"Reda\u00e7\u00e3o","Est. tempo de leitura":"1 minuto"},"schema":{"@context":"https:\/\/schema.org","@graph":[{"@type":"Article","@id":"https:\/\/2dejulhonoticias.com.br\/2jn\/iel-abre-mais-de-500-vagas-de-estagio-em-camacari-e-outras-cidades-da-bahia-bolsas-chegam-a-r-2-4-mil\/#article","isPartOf":{"@id":"https:\/\/2dejulhonoticias.com.br\/2jn\/iel-abre-mais-de-500-vagas-de-estagio-em-camacari-e-outras-cidades-da-bahia-bolsas-chegam-a-r-2-4-mil\/"},"author":{"name":"Reda\u00e7\u00e3o","@id":"https:\/\/2dejulhonoticias.com.br\/2jn\/#\/schema\/person\/a61e2ab9ae920711c9622c249b03dc16"},"headline":"IEL abre mais de 500 vagas de est\u00e1gio em Cama\u00e7ari e outras cidades da Bahia; bolsas chegam a R$ 2.4 mil","datePublished":"2026-09-02T11:45:10+00:00","mainEntityOfPage":{"@id":"https:\/\/2dejulhonoticias.com.br\/2jn\/iel-abre-mais-de-500-vagas-de-estagio-em-camacari-e-outras-cidades-da-bahia-bolsas-chegam-a-r-2-4-mil\/"},"wordCount":555,"publisher":{"@id":"https:\/\/2dejulhonoticias.com.br\/2jn\/#\/schema\/person\/a61e2ab9ae920711c9622c249b03dc16"},"image":{"@id":"https:\/\/2dejulhonoticias.com.br\/2jn\/iel-abre-mais-de-500-vagas-de-estagio-em-camacari-e-outras-cidades-da-bahia-bolsas-chegam-a-r-2-4-mil\/#primaryimage"},"thumbnailUrl":"https:\/\/2dejulhonoticias.com.br\/2jn\/wp-content\/uploads\/2026\/09\/iel-sistema-fieb.webp","keywords":["#Estagios","#IEL"],"articleSection":["Bahia","Economia","Empregos"],"inLanguage":"pt-BR"},{"@type":"WebPage","@id":"https:\/\/2dejulhonoticias.com.br\/2jn\/iel-abre-mais-de-500-vagas-de-estagio-em-camacari-e-outras-cidades-da-bahia-bolsas-chegam-a-r-2-4-mil\/","url":"https:\/\/2dejulhonoticias.com.br\/2jn\/iel-abre-mais-de-500-vagas-de-estagio-em-camacari-e-outras-cidades-da-bahia-bolsas-chegam-a-r-2-4-mil\/","name":"IEL abre mais de 500 vagas de est\u00e1gio em Cama\u00e7ari e outras cidades da Bahia; bolsas chegam a R$ 2.4 mil - 2 de Julho Not\u00edcias","isPartOf":{"@id":"https:\/\/2dejulhonoticias.com.br\/2jn\/#website"},"primaryImageOfPage":{"@id":"https:\/\/2dejulhonoticias.com.br\/2jn\/iel-abre-mais-de-500-vagas-de-estagio-em-camacari-e-outras-cidades-da-bahia-bolsas-chegam-a-r-2-4-mil\/#primaryimage"},"image":{"@id":"https:\/\/2dejulhonoticias.com.br\/2jn\/iel-abre-mais-de-500-vagas-de-estagio-em-camacari-e-outras-cidades-da-bahia-bolsas-chegam-a-r-2-4-mil\/#primaryimage"},"thumbnailUrl":"https:\/\/2dejulhonoticias.com.br\/2jn\/wp-content\/uploads\/2026\/09\/iel-sistema-fieb.webp","datePublished":"2026-09-02T11:45:10+00:00","description":"IEL abre mais de 500 vagas de est\u00e1gio em Cama\u00e7ari e outras cidades da Bahia; bolsas chegam a R$ 2.4 mil","breadcrumb":{"@id":"https:\/\/2dejulhonoticias.com.br\/2jn\/iel-abre-mais-de-500-vagas-de-estagio-em-camacari-e-outras-cidades-da-bahia-bolsas-chegam-a-r-2-4-mil\/#breadcrumb"},"inLanguage":"pt-BR","potentialAction":[{"@type":"ReadAction","target":["https:\/\/2dejulhonoticias.com.br\/2jn\/iel-abre-mais-de-500-vagas-de-estagio-em-camacari-e-outras-cidades-da-bahia-bolsas-chegam-a-r-2-4-mil\/"]}]},{"@type":"ImageObject","inLanguage":"pt-BR","@id":"https:\/\/2dejulhonoticias.com.br\/2jn\/iel-abre-mais-de-500-vagas-de-estagio-em-camacari-e-outras-cidades-da-bahia-bolsas-chegam-a-r-2-4-mil\/#primaryimage","url":"https:\/\/2dejulhonoticias.com.br\/2jn\/wp-content\/uploads\/2026\/09\/iel-sistema-fieb.webp","contentUrl":"https:\/\/2dejulhonoticias.com.br\/2jn\/wp-content\/uploads\/2026\/09\/iel-sistema-fieb.webp","width":600,"height":417},{"@type":"BreadcrumbList","@id":"https:\/\/2dejulhonoticias.com.br\/2jn\/iel-abre-mais-de-500-vagas-de-estagio-em-camacari-e-outras-cidades-da-bahia-bolsas-chegam-a-r-2-4-mil\/#breadcrumb","itemListElement":[{"@type":"ListItem","position":1,"name":"In\u00edcio","item":"https:\/\/2dejulhonoticias.com.br\/2jn\/"},{"@type":"ListItem","position":2,"name":"IEL abre mais de 500 vagas de est\u00e1gio em Cama\u00e7ari e outras cidades da Bahia; bolsas chegam a R$ 2.4 mil"}]},{"@type":"WebSite","@id":"https:\/\/2dejulhonoticias.com.br\/2jn\/#website","url":"https:\/\/2dejulhonoticias.com.br\/2jn\/","name":"2 de Julho Noticias - A not\u00edcia ao seu alcance","description":"Noticias sobre Politica, Policia,Esporte,Vida e Estilo, Sa\u00fade,Moda e Beleza,Mundo da Fama,Emprego e Concursos,Arte e Cultura,Cama\u00e7ari","publisher":{"@id":"https:\/\/2dejulhonoticias.com.br\/2jn\/#\/schema\/person\/a61e2ab9ae920711c9622c249b03dc16"},"potentialAction":[{"@type":"SearchAction","target":{"@type":"EntryPoint","urlTemplate":"https:\/\/2dejulhonoticias.com.br\/2jn\/?s={search_term_string}"},"query-input":{"@type":"PropertyValueSpecification","valueRequired":true,"valueName":"search_term_string"}}],"inLanguage":"pt-BR"},{"@type":["Person","Organization"],"@id":"https:\/\/2dejulhonoticias.com.br\/2jn\/#\/schema\/person\/a61e2ab9ae920711c9622c249b03dc16","name":"Reda\u00e7\u00e3o","image":{"@type":"ImageObject","inLanguage":"pt-BR","@id":"https:\/\/2dejulhonoticias.com.br\/2jn\/wp-content\/uploads\/2020\/11\/logo2dejulho.png","url":"https:\/\/2dejulhonoticias.com.br\/2jn\/wp-content\/uploads\/2020\/11\/logo2dejulho.png","contentUrl":"https:\/\/2dejulhonoticias.com.br\/2jn\/wp-content\/uploads\/2020\/11\/logo2dejulho.png","width":291,"height":96,"caption":"Reda\u00e7\u00e3o"},"logo":{"@id":"https:\/\/2dejulhonoticias.com.br\/2jn\/wp-content\/uploads\/2020\/11\/logo2dejulho.png"},"sameAs":["https:\/\/www.facebook.com\/J2deJulho","https:\/\/www.instagram.com\/mirobaia\/","https:\/\/www.linkedin.com\/in\/mirobaia\/","https:\/\/x.com\/2_julho","https:\/\/www.youtube.com\/c\/MiroBaia"]}]}},"_links":{"self":[{"href":"https:\/\/2dejulhonoticias.com.br\/2jn\/wp-json\/wp\/v2\/posts\/42531","targetHints":{"allow":["GET"]}}],"collection":[{"href":"https:\/\/2dejulhonoticias.com.br\/2jn\/wp-json\/wp\/v2\/posts"}],"about":[{"href":"https:\/\/2dejulhonoticias.com.br\/2jn\/wp-json\/wp\/v2\/types\/post"}],"author":[{"embeddable":true,"href":"https:\/\/2dejulhonoticias.com.br\/2jn\/wp-json\/wp\/v2\/users\/1"}],"replies":[{"embeddable":true,"href":"https:\/\/2dejulhonoticias.com.br\/2jn\/wp-json\/wp\/v2\/comments?post=42531"}],"version-history":[{"count":1,"href":"https:\/\/2dejulhonoticias.com.br\/2jn\/wp-json\/wp\/v2\/posts\/42531\/revisions"}],"predecessor-version":[{"id":42533,"href":"https:\/\/2dejulhonoticias.com.br\/2jn\/wp-json\/wp\/v2\/posts\/42531\/revisions\/42533"}],"wp:featuredmedia":[{"embeddable":true,"href":"https:\/\/2dejulhonoticias.com.br\/2jn\/wp-json\/wp\/v2\/media\/42532"}],"wp:attachment":[{"href":"https:\/\/2dejulhonoticias.com.br\/2jn\/wp-json\/wp\/v2\/media?parent=42531"}],"wp:term":[{"taxonomy":"category","embeddable":true,"href":"https:\/\/2dejulhonoticias.com.br\/2jn\/wp-json\/wp\/v2\/categories?post=42531"},{"taxonomy":"post_tag","embeddable":true,"href":"https:\/\/2dejulhonoticias.com.br\/2jn\/wp-json\/wp\/v2\/tags?post=42531"}],"curies":[{"name":"wp","href":"https:\/\/api.w.org\/{rel}","templated":true}]}}