{"id":42528,"date":"2026-09-02T08:23:20","date_gmt":"2026-09-02T11:23:20","guid":{"rendered":"https:\/\/2dejulhonoticias.com.br\/2jn\/?p=42528"},"modified":"2026-09-02T09:43:30","modified_gmt":"2026-09-02T12:43:30","slug":"advogado-e-outros-seis-suspeitos-sao-presos-em-operacao-contra-lavagem-de-dinheiro-e-homicidios-na-bahia","status":"publish","type":"post","link":"https:\/\/2dejulhonoticias.com.br\/2jn\/advogado-e-outros-seis-suspeitos-sao-presos-em-operacao-contra-lavagem-de-dinheiro-e-homicidios-na-bahia\/","title":{"rendered":"Advogado e outros seis suspeitos s\u00e3o presos em opera\u00e7\u00e3o contra lavagem de dinheiro e homic\u00eddios na Bahia"},"content":{"rendered":"<div style=\"text-align: justify;\">\nUm advogado e outras seis pessoas foram presas suspeitas de envolvimento com uma organiza\u00e7\u00e3o criminosa respons\u00e1vel por tr\u00e1fico de drogas, lavagem de dinheiro e homic\u00eddios em Juazeiro, no norte da Bahia. As pris\u00f5es aconteceram durante a quinta e sexta fases da Opera\u00e7\u00e3o Premium Mandatum, deflagradas pelo Minist\u00e9rio P\u00fablico da Bahia (MP-BA) nesta ter\u00e7a-feira (1\u00ba).<\/p>\n<p>A a\u00e7\u00e3o, que tem o objetivo de desarticular a organiza\u00e7\u00e3o criminosa, contou com o apoio do Grupo de Atua\u00e7\u00e3o Especial de Combate \u00e0s Organiza\u00e7\u00f5es Criminosas e Investiga\u00e7\u00f5es Criminais Norte (Gaeco Norte). Ao todo, foram cumpridos oito mandados de pris\u00e3o preventiva, tr\u00eas deles contra pessoas j\u00e1 encarceradas no Conjunto Penal de Juazeiro. As outras duas pris\u00f5es foram executadas em flagrante.<\/p>\n<p>\u00c0 TV S\u00e3o Francisco, afiliada da TV Bahia na regi\u00e3o, a Ordem dos Advogados do Brasil (OAB) Se\u00e7\u00e3o Bahia afirmou que acompanhou o cumprimento dos mandados contra o advogado. O investigado \u00e9 inscrito na subse\u00e7\u00e3o do \u00f3rg\u00e3o em Juazeiro e foi alvo de um mandado de busca e apreens\u00e3o e pris\u00e3o preventiva.<\/p>\n<p>\ud83d\udcf1 <a href=\"https:\/\/chat.whatsapp.com\/L8KSLsjENzl5HrgtytuzCL\"> SIGA PRA MAIS NOT\u00cdCIAS: entre na comunidade do 2JN no WhatsApp<\/a>\n<\/div>\n<div>\n<!-- GoogleAdsense --><\/p>\n<p style=\"text-align: justify;\"><span style=\"font-size: 14pt;\"><strong> LEIA TAMB\u00c9M <\/strong><\/span><\/p>\n<p><script async src=\"https:\/\/pagead2.googlesyndication.com\/pagead\/js\/adsbygoogle.js?client=ca-pub-3129804789748719\" crossorigin=\"anonymous\"><\/script><br \/>\n<!-- Anuncio horizontal responsivo --><br \/>\n<ins class=\"adsbygoogle\" style=\"display: block;\" data-ad-client=\"ca-pub-3129804789748719\" data-ad-slot=\"1473312501\" data-ad-format=\"auto\" data-full-width-responsive=\"true\"><\/ins><br \/>\n<script>\n     (adsbygoogle = window.adsbygoogle || []).push({});\n<\/script>\n<\/div>\n<div style=\"text-align: justify;\">\n<div class=\"related bk-inline-post-box alignleft\" style=\"color: #fcfcfc; background-color: #fac8c8;\"><ul class=\"list-small-post row\"><li class=\"small-post content_out clearfix\">                        <div class=\"small-thumbnail-wrapper\">\n                <div class=\"thumb hide-thumb term-89\"><a href=\"https:\/\/2dejulhonoticias.com.br\/2jn\/triplo-homicidio-mae-e-dois-filhos-sao-mortos-a-tiros-em-correntina-no-oeste-da-bahia-nesta-terca-feira-1o\/\"><img decoding=\"async\" width=\"90\" height=\"65\" src=\"https:\/\/2dejulhonoticias.com.br\/2jn\/wp-content\/uploads\/2026\/09\/triplo-homicidio-correntina-ba-90x65.webp\" class=\"attachment-rubik-90-65 size-rubik-90-65 wp-post-image\" alt=\"\" \/><div class=\"rubik-post-icon-wrap\"><\/div><\/a> <!-- close a tag --><\/div> <!-- close thumb -->            <\/div>\n                        <div class=\"post-c-wrap\">\n                                \n                <h4 class=\"title\"><a class=\"term-89\" href=\"https:\/\/2dejulhonoticias.com.br\/2jn\/triplo-homicidio-mae-e-dois-filhos-sao-mortos-a-tiros-em-correntina-no-oeste-da-bahia-nesta-terca-feira-1o\/\">TRIPLO HOMIC\u00cdDIO! M\u00e3e e dois filhos s\u00e3o mortos a tiros em Correntina no oeste da ...<\/a><\/h4>                <div class=\"meta\"><div class=\"post-date\">2 de setembro de 2026<\/div><\/div> \n            <\/div>\n            <\/li><!-- End post --><li class=\"small-post content_out clearfix\">                        <div class=\"small-thumbnail-wrapper\">\n                <div class=\"thumb hide-thumb term-87\"><a href=\"https:\/\/2dejulhonoticias.com.br\/2jn\/turistas-eram-alvo-operacao-prende-suspeitos-de-trafico-e-extorsao-no-farol-da-barra-nesta-quarta-02-09\/\"><img decoding=\"async\" width=\"90\" height=\"65\" src=\"https:\/\/2dejulhonoticias.com.br\/2jn\/wp-content\/uploads\/2026\/09\/operacao-prende-suspeitos-de-trafico-e-extorsao-no-Farol-da-Barra-90x65.webp\" class=\"attachment-rubik-90-65 size-rubik-90-65 wp-post-image\" alt=\"\" srcset=\"https:\/\/2dejulhonoticias.com.br\/2jn\/wp-content\/uploads\/2026\/09\/operacao-prende-suspeitos-de-trafico-e-extorsao-no-Farol-da-Barra-90x65.webp 90w, https:\/\/2dejulhonoticias.com.br\/2jn\/wp-content\/uploads\/2026\/09\/operacao-prende-suspeitos-de-trafico-e-extorsao-no-Farol-da-Barra-450x331.webp 450w\" sizes=\"(max-width: 90px) 100vw, 90px\" \/><div class=\"rubik-post-icon-wrap\"><\/div><\/a> <!-- close a tag --><\/div> <!-- close thumb -->            <\/div>\n                        <div class=\"post-c-wrap\">\n                                \n                <h4 class=\"title\"><a class=\"term-87\" href=\"https:\/\/2dejulhonoticias.com.br\/2jn\/turistas-eram-alvo-operacao-prende-suspeitos-de-trafico-e-extorsao-no-farol-da-barra-nesta-quarta-02-09\/\">Turistas eram alvo: opera\u00e7\u00e3o prende suspeitos de tr\u00e1fico e extors\u00e3o no Farol da Barra nesta ...<\/a><\/h4>                <div class=\"meta\"><div class=\"post-date\">2 de setembro de 2026<\/div><\/div> \n            <\/div>\n            <\/li><!-- End post --><li class=\"small-post content_out clearfix\">                        <div class=\"small-thumbnail-wrapper\">\n                <div class=\"thumb hide-thumb term-89\"><a href=\"https:\/\/2dejulhonoticias.com.br\/2jn\/iel-abre-mais-de-500-vagas-de-estagio-em-camacari-e-outras-cidades-da-bahia-bolsas-chegam-a-r-2-4-mil\/\"><img decoding=\"async\" width=\"90\" height=\"65\" src=\"https:\/\/2dejulhonoticias.com.br\/2jn\/wp-content\/uploads\/2026\/09\/iel-sistema-fieb-90x65.webp\" class=\"attachment-rubik-90-65 size-rubik-90-65 wp-post-image\" alt=\"\" \/><div class=\"rubik-post-icon-wrap\"><\/div><\/a> <!-- close a tag --><\/div> <!-- close thumb -->            <\/div>\n                        <div class=\"post-c-wrap\">\n                                \n                <h4 class=\"title\"><a class=\"term-89\" href=\"https:\/\/2dejulhonoticias.com.br\/2jn\/iel-abre-mais-de-500-vagas-de-estagio-em-camacari-e-outras-cidades-da-bahia-bolsas-chegam-a-r-2-4-mil\/\">IEL abre mais de 500 vagas de est\u00e1gio em Cama\u00e7ari e outras cidades da Bahia; ...<\/a><\/h4>                <div class=\"meta\"><div class=\"post-date\">2 de setembro de 2026<\/div><\/div> \n            <\/div>\n            <\/li><!-- End post --><\/ul> <!-- End list-post --><\/div><br \/>\nA OAB-BA afirmou que a participa\u00e7\u00e3o no processo foi apenas institucional. A investiga\u00e7\u00e3o acontece em segredo de justi\u00e7a, mas o MP-BA detalhou que o advogado \u00e9 investigado por envolvimento com uma ramifica\u00e7\u00e3o do grupo criminoso em Senhor do Bonfim, tamb\u00e9m no norte do estado.<\/p>\n<p>A opera\u00e7\u00e3o tamb\u00e9m resultou no cumprimento de 18 mandados de busca e apreens\u00e3o em endere\u00e7os ligados aos investigados. Conforme o MP-BA, os suspeitos que estavam no pres\u00eddio da cidade eram respons\u00e1veis por comandar e determinar as atividades il\u00edcitas executadas pelos investigados em liberdade.<\/p>\n<p>Os suspeitos presos nestas duas fases da opera\u00e7\u00e3o foram encontrados ap\u00f3s a Justi\u00e7a permitir a quebra de sigilo de dados telef\u00f4nicos e telem\u00e1ticos de dispositivos eletr\u00f4nicos apreendidos em outros momentos. Por meio disso, os policiais aprofundaram as an\u00e1lises sobre as redes de contato e movimenta\u00e7\u00f5es do grupo criminoso.<\/p>\n<table align=\"center\" cellpadding=\"0\" cellspacing=\"0\" class=\"tr-caption-container\" style=\"margin-left: auto; margin-right: auto;\">\n<tbody>\n<tr>\n<td style=\"text-align: center;\"><img decoding=\"async\" border=\"0\" data-original-height=\"590\" data-original-width=\"984\" height=\"384\" src=\"https:\/\/s2-g1.glbimg.com\/G5DX4Ygup8-dkG9Y5IYaJ3JocB4=\/0x0:1200x720\/984x0\/smart\/filters:strip_icc()\/i.s3.glbimg.com\/v1\/AUTH_59edd422c0c84a879bd37670ae4f538a\/internal_photos\/bs\/2026\/b\/Z\/HfzMdJQRKTx3vj9gIjqA\/operacao-premium-mandatum-juazeiro-2-.jpg\" width=\"640\" \/><\/td>\n<\/tr>\n<tr>\n<td class=\"tr-caption\" style=\"text-align: center;\"><span style=\"text-align: justify;\">Advogado e outros seis suspeitos s\u00e3o presos em opera\u00e7\u00e3o contra grupo suspeito de lavagem de dinheiro e homic\u00eddios na Bahia \u2014 Foto: Mp-BA<\/span><\/td>\n<\/tr>\n<\/tbody>\n<\/table>\n<p>Outras fases da Opera\u00e7\u00e3o Premium Mandatum tamb\u00e9m j\u00e1 cumpriram ordens judiciais nas cidades de Sobradinho, Casa Nova, Paulo Afonso, Vit\u00f3ria da Conquista e Brumado. Nas fases anteriores da a\u00e7\u00e3o, o Ministorio P\u00fablico da Bahia ofereceu den\u00fancia contra 48 pessoas e obteve o bloqueio judicial de R$ 44 milh\u00f5es, al\u00e9m do cumprimento de mandados de busca e apreens\u00e3o contra 84 investigados.<\/p>\n<p>Na quarta fase da a\u00e7\u00e3o policial, realizada em abril deste ano, seis pessoas foram presas entre Juazeiro e Petrolina, no estado de Pernambuco.<\/p>\n<p><a href=\"#\">Juazeiro<\/a>, <a href=\"#\">Sobradinho<\/a>, <a href=\"#\">Casa Nova<\/a>, <a href=\"#\">Paulo Afonso<\/a>, <a href=\"#\">Vit\u00f3ria da Conquista<\/a> e <a href=\"#\">Brumado<\/a>.\n<\/div>\n<hr \/>\n<p><!-- banner meio--><\/p>\n<div><script async src=\"https:\/\/pagead2.googlesyndication.com\/pagead\/js\/adsbygoogle.js?client=ca-pub-3129804789748719\" crossorigin=\"anonymous\"><\/script><br \/>\n<!-- Banner quadrado responsivo --><br \/>\n<ins class=\"adsbygoogle\" style=\"display: block;\" data-ad-client=\"ca-pub-3129804789748719\" data-ad-slot=\"2076857862\" data-ad-format=\"auto\" data-full-width-responsive=\"true\"><\/ins><br \/>\n<script>\n     (adsbygoogle = window.adsbygoogle || []).push({});\n<\/script><\/div>\n<p><!-- banner meio responsivo --><\/p>\n<hr \/>\n<p><!-- RODAP\u00c9 DA NOTICIA --><\/p>\n<div><strong> Siga a coluna no <a href=\"https:\/\/www.facebook.com\/jornal2jn\" target=\"_blank\" rel=\"noopener\">Facebook<\/a> e no <a href=\"https:\/\/www.instagram.com\/jornal2dejulho\/\" target=\"_blank\" rel=\"noopener\">Instagram<\/a> para n\u00e3o perder nada.<\/strong><\/div>\n<p style=\"text-align: right;\"><em> por Reda\u00e7\u00e3o 2JN &#8211; g1 ba<\/em><\/p>\n<p><!--\n\nO 2 de Julho Noticias \u00e9 um Jornal Independente, pois n\u00e3o tem apoios Pol\u00edticos Partid\u00e1rios, de Prefeitura e nem de Comercio, e precisa de seu apoio, caso possa em assinar nosso Livro de Parceiros e Colaboradores.\nSua colabora\u00e7\u00e3o \u00e9 muito importante para nossa continuidade! Chave PIX EMAIL: parceiro@2dejulhonoticias.com.br\n\n--><\/p>\n<hr \/>\n<p><!-- banner meio responsivo--><br \/>\n<script async src=\"https:\/\/pagead2.googlesyndication.com\/pagead\/js\/adsbygoogle.js?client=ca-pub-3129804789748719\" crossorigin=\"anonymous\"><\/script><br \/>\n<!-- banner 728x90 2jn --><br \/>\n<ins class=\"adsbygoogle\" style=\"display: inline-block; width: 728px; height: 90px;\" data-ad-client=\"ca-pub-3129804789748719\" data-ad-slot=\"1383288950\"><\/ins><br \/>\n<script>\n     (adsbygoogle = window.adsbygoogle || []).push({});\n<\/script><\/p>\n<p style=\"text-align: justify;\"><span style=\"font-size: 14pt;\"><strong> LEIA TAMB\u00c9M <\/strong><\/span><\/p>\n<p><!-- banner meio responsivo--><br \/>\n<script async src=\"https:\/\/pagead2.googlesyndication.com\/pagead\/js\/adsbygoogle.js?client=ca-pub-3129804789748719\" crossorigin=\"anonymous\"><\/script><br \/>\n<!-- banner 728x90 2jn --><br \/>\n<ins class=\"adsbygoogle\" style=\"display: inline-block; width: 728px; height: 90px;\" data-ad-client=\"ca-pub-3129804789748719\" data-ad-slot=\"1383288950\"><\/ins><br \/>\n<script>\n     (adsbygoogle = window.adsbygoogle || []).push({});\n<\/script><br \/>\n<amp-ad width=\"100vw\" height=\"320\"\n     type=\"adsense\"\n     data-ad-client=\"ca-pub-3129804789748719\"\n     data-ad-slot=\"4367194841\"\n     data-auto-format=\"mcrspv\"\n     data-full-width=\"\"><\/p>\n<div overflow=\"\"><\/div>\n<p><\/amp-ad><br \/>\n<amp-ad\n     layout=\"fixed\"\n     width=\"728\"\n     height=\"90\"\n     type=\"adsense\"\n     data-ad-client=\"ca-pub-3129804789748719\"\n     data-ad-slot=\"1383288950\"><br \/>\n<\/amp-ad><\/p>\n","protected":false},"excerpt":{"rendered":"<p>Um advogado e outras seis pessoas foram presas suspeitas de envolvimento com uma organiza\u00e7\u00e3o criminosa respons\u00e1vel por tr\u00e1fico de drogas, lavagem de dinheiro e homic\u00eddios em Juazeiro, no norte da Bahia. As pris\u00f5es aconteceram durante a quinta e sexta fases da Opera\u00e7\u00e3o Premium Mandatum, deflagradas pelo Minist\u00e9rio P\u00fablico da Bahia (MP-BA) nesta ter\u00e7a-feira (1\u00ba). A a\u00e7\u00e3o, que tem o objetivo de desarticular a organiza\u00e7\u00e3o criminosa, contou com o apoio do Grupo de Atua\u00e7\u00e3o Especial de Combate \u00e0s Organiza\u00e7\u00f5es Criminosas e Investiga\u00e7\u00f5es Criminais Norte (Gaeco Norte). Ao todo, foram cumpridos oito mandados de pris\u00e3o preventiva, tr\u00eas deles contra pessoas j\u00e1 encarceradas [&hellip;]<\/p>\n","protected":false},"author":1,"featured_media":42529,"comment_status":"closed","ping_status":"open","sticky":false,"template":"","format":"standard","meta":{"footnotes":""},"categories":[89,87],"tags":[1335,824,716,5873,4139],"class_list":["post-42528","post","type-post","status-publish","format-standard","has-post-thumbnail","hentry","category-bahia","category-policia","tag-mandatosdeprisao","tag-busca-e-apreensao","tag-juazeiro","tag-ministerio-publico-da-bahia","tag-operacao-premium-mandatum"],"yoast_head":"<!-- This site is optimized with the Yoast SEO Premium plugin v23.7 (Yoast SEO v27.7) - https:\/\/yoast.com\/product\/yoast-seo-premium-wordpress\/ -->\n<title>Advogado e outros seis suspeitos s\u00e3o presos em opera\u00e7\u00e3o contra lavagem de dinheiro e homic\u00eddios na Bahia - 2 de Julho Not\u00edcias<\/title>\n<meta name=\"description\" content=\"Advogado e outros seis suspeitos s\u00e3o presos em opera\u00e7\u00e3o contra lavagem de dinheiro e homic\u00eddios na Bahia\" \/>\n<meta name=\"robots\" content=\"index, follow, max-snippet:-1, max-image-preview:large, max-video-preview:-1\" \/>\n<link rel=\"canonical\" href=\"https:\/\/2dejulhonoticias.com.br\/2jn\/advogado-e-outros-seis-suspeitos-sao-presos-em-operacao-contra-lavagem-de-dinheiro-e-homicidios-na-bahia\/\" \/>\n<meta name=\"twitter:card\" content=\"summary_large_image\" \/>\n<meta name=\"twitter:title\" content=\"Advogado e outros seis suspeitos s\u00e3o presos em opera\u00e7\u00e3o contra lavagem de dinheiro e homic\u00eddios na Bahia - 2 de Julho Not\u00edcias\" \/>\n<meta name=\"twitter:description\" content=\"Advogado e outros seis suspeitos s\u00e3o presos em opera\u00e7\u00e3o contra lavagem de dinheiro e homic\u00eddios na Bahia\" \/>\n<meta name=\"twitter:image\" content=\"https:\/\/2dejulhonoticias.com.br\/2jn\/wp-content\/uploads\/2026\/09\/operacao-premium-mandatum-juazeiro.webp\" \/>\n<meta name=\"twitter:creator\" content=\"@2_julho\" \/>\n<meta name=\"twitter:site\" content=\"@2_julho\" \/>\n<meta name=\"twitter:label1\" content=\"Escrito por\" \/>\n\t<meta name=\"twitter:data1\" content=\"Reda\u00e7\u00e3o\" \/>\n\t<meta name=\"twitter:label2\" content=\"Est. tempo de leitura\" \/>\n\t<meta name=\"twitter:data2\" content=\"3 minutos\" \/>\n<script type=\"application\/ld+json\" class=\"yoast-schema-graph\">{\"@context\":\"https:\\\/\\\/schema.org\",\"@graph\":[{\"@type\":\"Article\",\"@id\":\"https:\\\/\\\/2dejulhonoticias.com.br\\\/2jn\\\/advogado-e-outros-seis-suspeitos-sao-presos-em-operacao-contra-lavagem-de-dinheiro-e-homicidios-na-bahia\\\/#article\",\"isPartOf\":{\"@id\":\"https:\\\/\\\/2dejulhonoticias.com.br\\\/2jn\\\/advogado-e-outros-seis-suspeitos-sao-presos-em-operacao-contra-lavagem-de-dinheiro-e-homicidios-na-bahia\\\/\"},\"author\":{\"name\":\"Reda\u00e7\u00e3o\",\"@id\":\"https:\\\/\\\/2dejulhonoticias.com.br\\\/2jn\\\/#\\\/schema\\\/person\\\/a61e2ab9ae920711c9622c249b03dc16\"},\"headline\":\"Advogado e outros seis suspeitos s\u00e3o presos em opera\u00e7\u00e3o contra lavagem de dinheiro e homic\u00eddios na Bahia\",\"datePublished\":\"2026-09-02T11:23:20+00:00\",\"dateModified\":\"2026-09-02T12:43:30+00:00\",\"mainEntityOfPage\":{\"@id\":\"https:\\\/\\\/2dejulhonoticias.com.br\\\/2jn\\\/advogado-e-outros-seis-suspeitos-sao-presos-em-operacao-contra-lavagem-de-dinheiro-e-homicidios-na-bahia\\\/\"},\"wordCount\":539,\"publisher\":{\"@id\":\"https:\\\/\\\/2dejulhonoticias.com.br\\\/2jn\\\/#\\\/schema\\\/person\\\/a61e2ab9ae920711c9622c249b03dc16\"},\"image\":{\"@id\":\"https:\\\/\\\/2dejulhonoticias.com.br\\\/2jn\\\/advogado-e-outros-seis-suspeitos-sao-presos-em-operacao-contra-lavagem-de-dinheiro-e-homicidios-na-bahia\\\/#primaryimage\"},\"thumbnailUrl\":\"https:\\\/\\\/2dejulhonoticias.com.br\\\/2jn\\\/wp-content\\\/uploads\\\/2026\\\/09\\\/operacao-premium-mandatum-juazeiro.webp\",\"keywords\":[\"#MandatosDePris\u00e3o\",\"Busca e Apreens\u00e3o\",\"Juazeiro\",\"Minist\u00e9rio P\u00fablico da Bahia\",\"Opera\u00e7\u00e3o Premium Mandatum\"],\"articleSection\":[\"Bahia\",\"Policia\"],\"inLanguage\":\"pt-BR\"},{\"@type\":\"WebPage\",\"@id\":\"https:\\\/\\\/2dejulhonoticias.com.br\\\/2jn\\\/advogado-e-outros-seis-suspeitos-sao-presos-em-operacao-contra-lavagem-de-dinheiro-e-homicidios-na-bahia\\\/\",\"url\":\"https:\\\/\\\/2dejulhonoticias.com.br\\\/2jn\\\/advogado-e-outros-seis-suspeitos-sao-presos-em-operacao-contra-lavagem-de-dinheiro-e-homicidios-na-bahia\\\/\",\"name\":\"Advogado e outros seis suspeitos s\u00e3o presos em opera\u00e7\u00e3o contra lavagem de dinheiro e homic\u00eddios na Bahia - 2 de Julho Not\u00edcias\",\"isPartOf\":{\"@id\":\"https:\\\/\\\/2dejulhonoticias.com.br\\\/2jn\\\/#website\"},\"primaryImageOfPage\":{\"@id\":\"https:\\\/\\\/2dejulhonoticias.com.br\\\/2jn\\\/advogado-e-outros-seis-suspeitos-sao-presos-em-operacao-contra-lavagem-de-dinheiro-e-homicidios-na-bahia\\\/#primaryimage\"},\"image\":{\"@id\":\"https:\\\/\\\/2dejulhonoticias.com.br\\\/2jn\\\/advogado-e-outros-seis-suspeitos-sao-presos-em-operacao-contra-lavagem-de-dinheiro-e-homicidios-na-bahia\\\/#primaryimage\"},\"thumbnailUrl\":\"https:\\\/\\\/2dejulhonoticias.com.br\\\/2jn\\\/wp-content\\\/uploads\\\/2026\\\/09\\\/operacao-premium-mandatum-juazeiro.webp\",\"datePublished\":\"2026-09-02T11:23:20+00:00\",\"dateModified\":\"2026-09-02T12:43:30+00:00\",\"description\":\"Advogado e outros seis suspeitos s\u00e3o presos em opera\u00e7\u00e3o contra lavagem de dinheiro e homic\u00eddios na Bahia\",\"breadcrumb\":{\"@id\":\"https:\\\/\\\/2dejulhonoticias.com.br\\\/2jn\\\/advogado-e-outros-seis-suspeitos-sao-presos-em-operacao-contra-lavagem-de-dinheiro-e-homicidios-na-bahia\\\/#breadcrumb\"},\"inLanguage\":\"pt-BR\",\"potentialAction\":[{\"@type\":\"ReadAction\",\"target\":[\"https:\\\/\\\/2dejulhonoticias.com.br\\\/2jn\\\/advogado-e-outros-seis-suspeitos-sao-presos-em-operacao-contra-lavagem-de-dinheiro-e-homicidios-na-bahia\\\/\"]}]},{\"@type\":\"ImageObject\",\"inLanguage\":\"pt-BR\",\"@id\":\"https:\\\/\\\/2dejulhonoticias.com.br\\\/2jn\\\/advogado-e-outros-seis-suspeitos-sao-presos-em-operacao-contra-lavagem-de-dinheiro-e-homicidios-na-bahia\\\/#primaryimage\",\"url\":\"https:\\\/\\\/2dejulhonoticias.com.br\\\/2jn\\\/wp-content\\\/uploads\\\/2026\\\/09\\\/operacao-premium-mandatum-juazeiro.webp\",\"contentUrl\":\"https:\\\/\\\/2dejulhonoticias.com.br\\\/2jn\\\/wp-content\\\/uploads\\\/2026\\\/09\\\/operacao-premium-mandatum-juazeiro.webp\",\"width\":600,\"height\":360},{\"@type\":\"BreadcrumbList\",\"@id\":\"https:\\\/\\\/2dejulhonoticias.com.br\\\/2jn\\\/advogado-e-outros-seis-suspeitos-sao-presos-em-operacao-contra-lavagem-de-dinheiro-e-homicidios-na-bahia\\\/#breadcrumb\",\"itemListElement\":[{\"@type\":\"ListItem\",\"position\":1,\"name\":\"In\u00edcio\",\"item\":\"https:\\\/\\\/2dejulhonoticias.com.br\\\/2jn\\\/\"},{\"@type\":\"ListItem\",\"position\":2,\"name\":\"Advogado e outros seis suspeitos s\u00e3o presos em opera\u00e7\u00e3o contra lavagem de dinheiro e homic\u00eddios na Bahia\"}]},{\"@type\":\"WebSite\",\"@id\":\"https:\\\/\\\/2dejulhonoticias.com.br\\\/2jn\\\/#website\",\"url\":\"https:\\\/\\\/2dejulhonoticias.com.br\\\/2jn\\\/\",\"name\":\"2 de Julho Noticias - A not\u00edcia ao seu alcance\",\"description\":\"Noticias sobre Politica, Policia,Esporte,Vida e Estilo, Sa\u00fade,Moda e Beleza,Mundo da Fama,Emprego e Concursos,Arte e Cultura,Cama\u00e7ari\",\"publisher\":{\"@id\":\"https:\\\/\\\/2dejulhonoticias.com.br\\\/2jn\\\/#\\\/schema\\\/person\\\/a61e2ab9ae920711c9622c249b03dc16\"},\"potentialAction\":[{\"@type\":\"SearchAction\",\"target\":{\"@type\":\"EntryPoint\",\"urlTemplate\":\"https:\\\/\\\/2dejulhonoticias.com.br\\\/2jn\\\/?s={search_term_string}\"},\"query-input\":{\"@type\":\"PropertyValueSpecification\",\"valueRequired\":true,\"valueName\":\"search_term_string\"}}],\"inLanguage\":\"pt-BR\"},{\"@type\":[\"Person\",\"Organization\"],\"@id\":\"https:\\\/\\\/2dejulhonoticias.com.br\\\/2jn\\\/#\\\/schema\\\/person\\\/a61e2ab9ae920711c9622c249b03dc16\",\"name\":\"Reda\u00e7\u00e3o\",\"image\":{\"@type\":\"ImageObject\",\"inLanguage\":\"pt-BR\",\"@id\":\"https:\\\/\\\/2dejulhonoticias.com.br\\\/2jn\\\/wp-content\\\/uploads\\\/2020\\\/11\\\/logo2dejulho.png\",\"url\":\"https:\\\/\\\/2dejulhonoticias.com.br\\\/2jn\\\/wp-content\\\/uploads\\\/2020\\\/11\\\/logo2dejulho.png\",\"contentUrl\":\"https:\\\/\\\/2dejulhonoticias.com.br\\\/2jn\\\/wp-content\\\/uploads\\\/2020\\\/11\\\/logo2dejulho.png\",\"width\":291,\"height\":96,\"caption\":\"Reda\u00e7\u00e3o\"},\"logo\":{\"@id\":\"https:\\\/\\\/2dejulhonoticias.com.br\\\/2jn\\\/wp-content\\\/uploads\\\/2020\\\/11\\\/logo2dejulho.png\"},\"sameAs\":[\"https:\\\/\\\/www.facebook.com\\\/J2deJulho\",\"https:\\\/\\\/www.instagram.com\\\/mirobaia\\\/\",\"https:\\\/\\\/www.linkedin.com\\\/in\\\/mirobaia\\\/\",\"https:\\\/\\\/x.com\\\/2_julho\",\"https:\\\/\\\/www.youtube.com\\\/c\\\/MiroBaia\"]}]}<\/script>\n<!-- \/ Yoast SEO Premium plugin. -->","yoast_head_json":{"title":"Advogado e outros seis suspeitos s\u00e3o presos em opera\u00e7\u00e3o contra lavagem de dinheiro e homic\u00eddios na Bahia - 2 de Julho Not\u00edcias","description":"Advogado e outros seis suspeitos s\u00e3o presos em opera\u00e7\u00e3o contra lavagem de dinheiro e homic\u00eddios na Bahia","robots":{"index":"index","follow":"follow","max-snippet":"max-snippet:-1","max-image-preview":"max-image-preview:large","max-video-preview":"max-video-preview:-1"},"canonical":"https:\/\/2dejulhonoticias.com.br\/2jn\/advogado-e-outros-seis-suspeitos-sao-presos-em-operacao-contra-lavagem-de-dinheiro-e-homicidios-na-bahia\/","twitter_card":"summary_large_image","twitter_title":"Advogado e outros seis suspeitos s\u00e3o presos em opera\u00e7\u00e3o contra lavagem de dinheiro e homic\u00eddios na Bahia - 2 de Julho Not\u00edcias","twitter_description":"Advogado e outros seis suspeitos s\u00e3o presos em opera\u00e7\u00e3o contra lavagem de dinheiro e homic\u00eddios na Bahia","twitter_image":"https:\/\/2dejulhonoticias.com.br\/2jn\/wp-content\/uploads\/2026\/09\/operacao-premium-mandatum-juazeiro.webp","twitter_creator":"@2_julho","twitter_site":"@2_julho","twitter_misc":{"Escrito por":"Reda\u00e7\u00e3o","Est. tempo de leitura":"3 minutos"},"schema":{"@context":"https:\/\/schema.org","@graph":[{"@type":"Article","@id":"https:\/\/2dejulhonoticias.com.br\/2jn\/advogado-e-outros-seis-suspeitos-sao-presos-em-operacao-contra-lavagem-de-dinheiro-e-homicidios-na-bahia\/#article","isPartOf":{"@id":"https:\/\/2dejulhonoticias.com.br\/2jn\/advogado-e-outros-seis-suspeitos-sao-presos-em-operacao-contra-lavagem-de-dinheiro-e-homicidios-na-bahia\/"},"author":{"name":"Reda\u00e7\u00e3o","@id":"https:\/\/2dejulhonoticias.com.br\/2jn\/#\/schema\/person\/a61e2ab9ae920711c9622c249b03dc16"},"headline":"Advogado e outros seis suspeitos s\u00e3o presos em opera\u00e7\u00e3o contra lavagem de dinheiro e homic\u00eddios na Bahia","datePublished":"2026-09-02T11:23:20+00:00","dateModified":"2026-09-02T12:43:30+00:00","mainEntityOfPage":{"@id":"https:\/\/2dejulhonoticias.com.br\/2jn\/advogado-e-outros-seis-suspeitos-sao-presos-em-operacao-contra-lavagem-de-dinheiro-e-homicidios-na-bahia\/"},"wordCount":539,"publisher":{"@id":"https:\/\/2dejulhonoticias.com.br\/2jn\/#\/schema\/person\/a61e2ab9ae920711c9622c249b03dc16"},"image":{"@id":"https:\/\/2dejulhonoticias.com.br\/2jn\/advogado-e-outros-seis-suspeitos-sao-presos-em-operacao-contra-lavagem-de-dinheiro-e-homicidios-na-bahia\/#primaryimage"},"thumbnailUrl":"https:\/\/2dejulhonoticias.com.br\/2jn\/wp-content\/uploads\/2026\/09\/operacao-premium-mandatum-juazeiro.webp","keywords":["#MandatosDePris\u00e3o","Busca e Apreens\u00e3o","Juazeiro","Minist\u00e9rio P\u00fablico da Bahia","Opera\u00e7\u00e3o Premium Mandatum"],"articleSection":["Bahia","Policia"],"inLanguage":"pt-BR"},{"@type":"WebPage","@id":"https:\/\/2dejulhonoticias.com.br\/2jn\/advogado-e-outros-seis-suspeitos-sao-presos-em-operacao-contra-lavagem-de-dinheiro-e-homicidios-na-bahia\/","url":"https:\/\/2dejulhonoticias.com.br\/2jn\/advogado-e-outros-seis-suspeitos-sao-presos-em-operacao-contra-lavagem-de-dinheiro-e-homicidios-na-bahia\/","name":"Advogado e outros seis suspeitos s\u00e3o presos em opera\u00e7\u00e3o contra lavagem de dinheiro e homic\u00eddios na Bahia - 2 de Julho Not\u00edcias","isPartOf":{"@id":"https:\/\/2dejulhonoticias.com.br\/2jn\/#website"},"primaryImageOfPage":{"@id":"https:\/\/2dejulhonoticias.com.br\/2jn\/advogado-e-outros-seis-suspeitos-sao-presos-em-operacao-contra-lavagem-de-dinheiro-e-homicidios-na-bahia\/#primaryimage"},"image":{"@id":"https:\/\/2dejulhonoticias.com.br\/2jn\/advogado-e-outros-seis-suspeitos-sao-presos-em-operacao-contra-lavagem-de-dinheiro-e-homicidios-na-bahia\/#primaryimage"},"thumbnailUrl":"https:\/\/2dejulhonoticias.com.br\/2jn\/wp-content\/uploads\/2026\/09\/operacao-premium-mandatum-juazeiro.webp","datePublished":"2026-09-02T11:23:20+00:00","dateModified":"2026-09-02T12:43:30+00:00","description":"Advogado e outros seis suspeitos s\u00e3o presos em opera\u00e7\u00e3o contra lavagem de dinheiro e homic\u00eddios na Bahia","breadcrumb":{"@id":"https:\/\/2dejulhonoticias.com.br\/2jn\/advogado-e-outros-seis-suspeitos-sao-presos-em-operacao-contra-lavagem-de-dinheiro-e-homicidios-na-bahia\/#breadcrumb"},"inLanguage":"pt-BR","potentialAction":[{"@type":"ReadAction","target":["https:\/\/2dejulhonoticias.com.br\/2jn\/advogado-e-outros-seis-suspeitos-sao-presos-em-operacao-contra-lavagem-de-dinheiro-e-homicidios-na-bahia\/"]}]},{"@type":"ImageObject","inLanguage":"pt-BR","@id":"https:\/\/2dejulhonoticias.com.br\/2jn\/advogado-e-outros-seis-suspeitos-sao-presos-em-operacao-contra-lavagem-de-dinheiro-e-homicidios-na-bahia\/#primaryimage","url":"https:\/\/2dejulhonoticias.com.br\/2jn\/wp-content\/uploads\/2026\/09\/operacao-premium-mandatum-juazeiro.webp","contentUrl":"https:\/\/2dejulhonoticias.com.br\/2jn\/wp-content\/uploads\/2026\/09\/operacao-premium-mandatum-juazeiro.webp","width":600,"height":360},{"@type":"BreadcrumbList","@id":"https:\/\/2dejulhonoticias.com.br\/2jn\/advogado-e-outros-seis-suspeitos-sao-presos-em-operacao-contra-lavagem-de-dinheiro-e-homicidios-na-bahia\/#breadcrumb","itemListElement":[{"@type":"ListItem","position":1,"name":"In\u00edcio","item":"https:\/\/2dejulhonoticias.com.br\/2jn\/"},{"@type":"ListItem","position":2,"name":"Advogado e outros seis suspeitos s\u00e3o presos em opera\u00e7\u00e3o contra lavagem de dinheiro e homic\u00eddios na Bahia"}]},{"@type":"WebSite","@id":"https:\/\/2dejulhonoticias.com.br\/2jn\/#website","url":"https:\/\/2dejulhonoticias.com.br\/2jn\/","name":"2 de Julho Noticias - A not\u00edcia ao seu alcance","description":"Noticias sobre Politica, Policia,Esporte,Vida e Estilo, Sa\u00fade,Moda e Beleza,Mundo da Fama,Emprego e Concursos,Arte e Cultura,Cama\u00e7ari","publisher":{"@id":"https:\/\/2dejulhonoticias.com.br\/2jn\/#\/schema\/person\/a61e2ab9ae920711c9622c249b03dc16"},"potentialAction":[{"@type":"SearchAction","target":{"@type":"EntryPoint","urlTemplate":"https:\/\/2dejulhonoticias.com.br\/2jn\/?s={search_term_string}"},"query-input":{"@type":"PropertyValueSpecification","valueRequired":true,"valueName":"search_term_string"}}],"inLanguage":"pt-BR"},{"@type":["Person","Organization"],"@id":"https:\/\/2dejulhonoticias.com.br\/2jn\/#\/schema\/person\/a61e2ab9ae920711c9622c249b03dc16","name":"Reda\u00e7\u00e3o","image":{"@type":"ImageObject","inLanguage":"pt-BR","@id":"https:\/\/2dejulhonoticias.com.br\/2jn\/wp-content\/uploads\/2020\/11\/logo2dejulho.png","url":"https:\/\/2dejulhonoticias.com.br\/2jn\/wp-content\/uploads\/2020\/11\/logo2dejulho.png","contentUrl":"https:\/\/2dejulhonoticias.com.br\/2jn\/wp-content\/uploads\/2020\/11\/logo2dejulho.png","width":291,"height":96,"caption":"Reda\u00e7\u00e3o"},"logo":{"@id":"https:\/\/2dejulhonoticias.com.br\/2jn\/wp-content\/uploads\/2020\/11\/logo2dejulho.png"},"sameAs":["https:\/\/www.facebook.com\/J2deJulho","https:\/\/www.instagram.com\/mirobaia\/","https:\/\/www.linkedin.com\/in\/mirobaia\/","https:\/\/x.com\/2_julho","https:\/\/www.youtube.com\/c\/MiroBaia"]}]}},"_links":{"self":[{"href":"https:\/\/2dejulhonoticias.com.br\/2jn\/wp-json\/wp\/v2\/posts\/42528","targetHints":{"allow":["GET"]}}],"collection":[{"href":"https:\/\/2dejulhonoticias.com.br\/2jn\/wp-json\/wp\/v2\/posts"}],"about":[{"href":"https:\/\/2dejulhonoticias.com.br\/2jn\/wp-json\/wp\/v2\/types\/post"}],"author":[{"embeddable":true,"href":"https:\/\/2dejulhonoticias.com.br\/2jn\/wp-json\/wp\/v2\/users\/1"}],"replies":[{"embeddable":true,"href":"https:\/\/2dejulhonoticias.com.br\/2jn\/wp-json\/wp\/v2\/comments?post=42528"}],"version-history":[{"count":2,"href":"https:\/\/2dejulhonoticias.com.br\/2jn\/wp-json\/wp\/v2\/posts\/42528\/revisions"}],"predecessor-version":[{"id":42544,"href":"https:\/\/2dejulhonoticias.com.br\/2jn\/wp-json\/wp\/v2\/posts\/42528\/revisions\/42544"}],"wp:featuredmedia":[{"embeddable":true,"href":"https:\/\/2dejulhonoticias.com.br\/2jn\/wp-json\/wp\/v2\/media\/42529"}],"wp:attachment":[{"href":"https:\/\/2dejulhonoticias.com.br\/2jn\/wp-json\/wp\/v2\/media?parent=42528"}],"wp:term":[{"taxonomy":"category","embeddable":true,"href":"https:\/\/2dejulhonoticias.com.br\/2jn\/wp-json\/wp\/v2\/categories?post=42528"},{"taxonomy":"post_tag","embeddable":true,"href":"https:\/\/2dejulhonoticias.com.br\/2jn\/wp-json\/wp\/v2\/tags?post=42528"}],"curies":[{"name":"wp","href":"https:\/\/api.w.org\/{rel}","templated":true}]}}