{"id":42523,"date":"2026-09-01T09:47:24","date_gmt":"2026-09-01T12:47:24","guid":{"rendered":"https:\/\/2dejulhonoticias.com.br\/2jn\/?p=42523"},"modified":"2026-09-01T09:47:24","modified_gmt":"2026-09-01T12:47:24","slug":"escala-6x1-luciano-hang-e-acionado-na-pge-por-assedio-eleitoral-apos-suposta-ameaca-a-funcionarios","status":"publish","type":"post","link":"https:\/\/2dejulhonoticias.com.br\/2jn\/escala-6x1-luciano-hang-e-acionado-na-pge-por-assedio-eleitoral-apos-suposta-ameaca-a-funcionarios\/","title":{"rendered":"Escala 6\u00d71: Luciano Hang \u00e9 acionado na PGE por ass\u00e9dio eleitoral ap\u00f3s suposta amea\u00e7a a funcion\u00e1rios"},"content":{"rendered":"<div style=\"text-align: justify;\">\nO <a href=\"#\">deputado federal Lindbergh Farias (PT-RJ) <\/a>acionou a <a href=\"#\">Procuradoria-Geral Eleitoral (PGE)<\/a> contra o empres\u00e1rio <a href=\"#\">bolsonarista Luciano Hang<\/a> e a Havan ap\u00f3s um discurso feito pelo dono da rede de lojas a funcion\u00e1rios de uma unidade em Caldas Novas (GO), em que criticou a proposta de fim da <a href=\"#\">escala 6\u00d71<\/a> e supostamente fez amea\u00e7as veladas aos trabalhadores.<\/p>\n<p>A not\u00edcia de fato eleitoral, apresentada pelo parlamentar nesta segunda-feira (31), pede investiga\u00e7\u00e3o sobre poss\u00edvel ass\u00e9dio eleitoral e abuso de poder econ\u00f4mico. Segundo a representa\u00e7\u00e3o, o empres\u00e1rio teria utilizado o ambiente de trabalho e a rela\u00e7\u00e3o de depend\u00eancia dos empregados para transmitir uma mensagem pol\u00edtica relacionada \u00e0s elei\u00e7\u00f5es de outubro.<\/p>\n<p>O caso envolve um v\u00eddeo gravado em 29 de agosto, no qual Hang re\u00fane trabalhadores da loja e fala sobre os impactos que, segundo ele, a mudan\u00e7a na jornada poderia causar para a empresa e para os pr\u00f3prios funcion\u00e1rios. A grava\u00e7\u00e3o j\u00e1 chegou ao conhecimento do Minist\u00e9rio P\u00fablico do Trabalho (MPT), que abriu procedimento para apurar poss\u00edvel ass\u00e9dio eleitoral.<\/p>\n<p><strong>Hang disse que trabalhadores poderiam buscar outro emprego<\/strong><\/p>\n<p>Durante o discurso, Luciano Hang afirmou que o fim da escala 6\u00d71 aumentaria custos da empresa e poderia provocar eleva\u00e7\u00e3o de pre\u00e7os. O empres\u00e1rio bolsonarista tamb\u00e9m afirmou aos funcion\u00e1rios que, caso a jornada fosse reduzida sem altera\u00e7\u00e3o salarial, eles teriam de procurar uma segunda ocupa\u00e7\u00e3o.<\/p>\n<p>A representa\u00e7\u00e3o cita que Hang mencionou a possibilidade de trabalhadores recorrerem a um \u201csubemprego\u201d, sem registro em carteira e sem direitos trabalhistas, como consequ\u00eancia da aprova\u00e7\u00e3o da medida.<\/p>\n<p>Para Lindbergh, a quest\u00e3o a ser investigada n\u00e3o \u00e9 apenas a manifesta\u00e7\u00e3o de opini\u00e3o do empres\u00e1rio sobre uma proposta legislativa, mas o contexto em que ela ocorreu: uma fala feita pelo controlador da empresa diante de empregados reunidos no local de trabalho.<\/p>\n<p>A a\u00e7\u00e3o sustenta que, nessa situa\u00e7\u00e3o, a mensagem poderia representar uma forma de press\u00e3o pol\u00edtica sobre trabalhadores, j\u00e1 que existe uma rela\u00e7\u00e3o de subordina\u00e7\u00e3o e depend\u00eancia econ\u00f4mica entre empregador e funcion\u00e1rios.<\/p>\n<p><strong>Representa\u00e7\u00e3o aponta poss\u00edvel amea\u00e7a velada<\/strong><\/p>\n<p>Na not\u00edcia de fato encaminhada \u00e0 PGE, Lindbergh argumenta que o discurso deve ser analisado considerando a posi\u00e7\u00e3o de Hang como empregador e o impacto que uma fala desse tipo poderia produzir entre trabalhadores.<\/p>\n<p>A representa\u00e7\u00e3o afirma que a investiga\u00e7\u00e3o deve avaliar se houve uma forma de amea\u00e7a velada, considerando que o empres\u00e1rio teria associado uma decis\u00e3o pol\u00edtica \u2014 a aprova\u00e7\u00e3o ou n\u00e3o da proposta de extin\u00e7\u00e3o da escala 6\u00d71 \u2014 a consequ\u00eancias futuras sobre renda e condi\u00e7\u00f5es de trabalho dos empregados.<\/p>\n<p>O documento ressalta que a apura\u00e7\u00e3o dever\u00e1 verificar o conte\u00fado integral da grava\u00e7\u00e3o, o contexto do encontro, a forma de convoca\u00e7\u00e3o dos funcion\u00e1rios e a eventual reprodu\u00e7\u00e3o da mensagem em outras unidades da rede Havan.<\/p>\n<blockquote class=\"twitter-tweet\" data-media-max-width=\"560\">\n<p lang=\"pt\" dir=\"ltr\">O mau car\u00e1ter do Luciano Hang apavorando seus funcion\u00e1rios para fazer campanha contra a diminui\u00e7\u00e3o da jornada de trabalho. Essa cara \u00e9 o esgoto do empresariado. Ele quer a liberdade de poder chantagear funcion\u00e1rio para trabalhar por horas pagas. <a href=\"https:\/\/t.co\/RUnVn81HjJ\">pic.twitter.com\/RUnVn81HjJ<\/a><\/p>\n<p>&mdash; GugaNoblat (@GugaNoblat) <a href=\"https:\/\/x.com\/GugaNoblat\/status\/2094112666637709779?ref_src=twsrc%5Etfw\">August 30, 2026<\/a><\/p><\/blockquote>\n<p> <script async src=\"https:\/\/platform.x.com\/widgets.js\" charset=\"utf-8\"><\/script><\/p>\n<p>\ud83d\udcf1 <a href=\"https:\/\/chat.whatsapp.com\/L8KSLsjENzl5HrgtytuzCL\"> SIGA PRA MAIS NOT\u00cdCIAS: entre na comunidade do 2JN no WhatsApp<\/a>\n<\/div>\n<div>\n<!-- GoogleAdsense --><\/p>\n<p style=\"text-align: justify;\"><span style=\"font-size: 14pt;\"><strong> LEIA TAMB\u00c9M <\/strong><\/span><\/p>\n<p><script async src=\"https:\/\/pagead2.googlesyndication.com\/pagead\/js\/adsbygoogle.js?client=ca-pub-3129804789748719\" crossorigin=\"anonymous\"><\/script><br \/>\n<!-- Anuncio horizontal responsivo --><br \/>\n<ins class=\"adsbygoogle\" style=\"display: block;\" data-ad-client=\"ca-pub-3129804789748719\" data-ad-slot=\"1473312501\" data-ad-format=\"auto\" data-full-width-responsive=\"true\"><\/ins><br \/>\n<script>\n     (adsbygoogle = window.adsbygoogle || []).push({});\n<\/script>\n<\/div>\n<div style=\"text-align: justify;\">\n<div class=\"related bk-inline-post-box alignleft\" style=\"color: #fcfcfc; background-color: #fac8c8;\"><ul class=\"list-small-post row\"><li class=\"small-post content_out clearfix\">                        <div class=\"small-thumbnail-wrapper\">\n                <div class=\"thumb hide-thumb term-75\"><a href=\"https:\/\/2dejulhonoticias.com.br\/2jn\/anvisa-aprova-nova-caneta-emagrecedora-a-base-de-semaglutida\/\"><img decoding=\"async\" width=\"90\" height=\"65\" src=\"https:\/\/2dejulhonoticias.com.br\/2jn\/wp-content\/uploads\/2026\/02\/caneta-imagrecedora-90x65.webp\" class=\"attachment-rubik-90-65 size-rubik-90-65 wp-post-image\" alt=\"Caneta Emagrecedora\" \/><div class=\"rubik-post-icon-wrap\"><\/div><\/a> <!-- close a tag --><\/div> <!-- close thumb -->            <\/div>\n                        <div class=\"post-c-wrap\">\n                                \n                <h4 class=\"title\"><a class=\"term-75\" href=\"https:\/\/2dejulhonoticias.com.br\/2jn\/anvisa-aprova-nova-caneta-emagrecedora-a-base-de-semaglutida\/\">Anvisa aprova nova caneta emagrecedora \u00e0 base de semaglutida<\/a><\/h4>                <div class=\"meta\"><div class=\"post-date\">1 de setembro de 2026<\/div><\/div> \n            <\/div>\n            <\/li><!-- End post --><li class=\"small-post content_out clearfix\">                        <div class=\"small-thumbnail-wrapper\">\n                <div class=\"thumb hide-thumb term-75\"><a href=\"https:\/\/2dejulhonoticias.com.br\/2jn\/david-correa-jogador-do-vasco-e-alvo-de-buscas-por-trafico-de-armas-e-drogas-renyer-ex-santos-acaba-detido-por-desacato\/\"><img decoding=\"async\" width=\"90\" height=\"65\" src=\"https:\/\/2dejulhonoticias.com.br\/2jn\/wp-content\/uploads\/2026\/08\/Renyer-Oliveira-e-David-Correa-90x65.webp\" class=\"attachment-rubik-90-65 size-rubik-90-65 wp-post-image\" alt=\"\" \/><div class=\"rubik-post-icon-wrap\"><\/div><\/a> <!-- close a tag --><\/div> <!-- close thumb -->            <\/div>\n                        <div class=\"post-c-wrap\">\n                                \n                <h4 class=\"title\"><a class=\"term-75\" href=\"https:\/\/2dejulhonoticias.com.br\/2jn\/david-correa-jogador-do-vasco-e-alvo-de-buscas-por-trafico-de-armas-e-drogas-renyer-ex-santos-acaba-detido-por-desacato\/\">David Corr\u00eaa, jogador do Vasco, \u00e9 alvo de buscas por tr\u00e1fico de armas e drogas; ...<\/a><\/h4>                <div class=\"meta\"><div class=\"post-date\">31 de agosto de 2026<\/div><\/div> \n            <\/div>\n            <\/li><!-- End post --><li class=\"small-post content_out clearfix\">                        <div class=\"small-thumbnail-wrapper\">\n                <div class=\"thumb hide-thumb term-75\"><a href=\"https:\/\/2dejulhonoticias.com.br\/2jn\/nova-diretriz-muda-tratamento-da-tireoide-na-gestacao\/\"><img decoding=\"async\" width=\"90\" height=\"65\" src=\"https:\/\/2dejulhonoticias.com.br\/2jn\/wp-content\/uploads\/2026\/08\/mulher-gravida-gestante-90x65.webp\" class=\"attachment-rubik-90-65 size-rubik-90-65 wp-post-image\" alt=\"\" \/><div class=\"rubik-post-icon-wrap\"><\/div><\/a> <!-- close a tag --><\/div> <!-- close thumb -->            <\/div>\n                        <div class=\"post-c-wrap\">\n                                \n                <h4 class=\"title\"><a class=\"term-75\" href=\"https:\/\/2dejulhonoticias.com.br\/2jn\/nova-diretriz-muda-tratamento-da-tireoide-na-gestacao\/\">Nova diretriz muda tratamento da tireoide na gesta\u00e7\u00e3o<\/a><\/h4>                <div class=\"meta\"><div class=\"post-date\">28 de agosto de 2026<\/div><\/div> \n            <\/div>\n            <\/li><!-- End post --><\/ul> <!-- End list-post --><\/div><br \/>\n<strong>Abuso de poder econ\u00f4mico<\/strong><\/p>\n<p>Al\u00e9m do poss\u00edvel ass\u00e9dio eleitoral, a representa\u00e7\u00e3o questiona se a estrutura empresarial da Havan teria sido utilizada como instrumento de influ\u00eancia pol\u00edtica.<\/p>\n<p>Segundo Lindbergh, a utiliza\u00e7\u00e3o do ambiente de trabalho e do v\u00ednculo empregat\u00edcio poderia configurar uma forma de abuso de poder econ\u00f4mico, j\u00e1 que o empres\u00e1rio teria acesso direto a um grupo de trabalhadores em situa\u00e7\u00e3o de depend\u00eancia da empresa.<\/p>\n<p>Entre os pedidos apresentados \u00e0 PGE est\u00e3o a obten\u00e7\u00e3o da grava\u00e7\u00e3o integral do evento, registros internos da loja, identifica\u00e7\u00e3o dos trabalhadores presentes e informa\u00e7\u00f5es sobre eventuais comunica\u00e7\u00f5es corporativas que tenham levado o conte\u00fado do discurso a outras unidades da Havan.<\/p>\n<p>O deputado tamb\u00e9m pede que, caso sejam confirmados elementos suficientes, seja ajuizada uma a\u00e7\u00e3o de investiga\u00e7\u00e3o judicial eleitoral por abuso de poder econ\u00f4mico, com pedido de inelegibilidade de Luciano Hang por oito anos.<\/p>\n<p><strong>Hist\u00f3rico citado na a\u00e7\u00e3o envolve elei\u00e7\u00f5es anteriores<\/strong><\/p>\n<p>A representa\u00e7\u00e3o apresentada por Lindbergh afirma que o epis\u00f3dio de Caldas Novas deve ser analisado dentro de um hist\u00f3rico envolvendo Luciano Hang e a Havan em disputas eleitorais anteriores.<\/p>\n<p>O documento cita uma a\u00e7\u00e3o civil p\u00fablica do Minist\u00e9rio P\u00fablico do Trabalho em Santa Catarina relacionada \u00e0s elei\u00e7\u00f5es de 2018. Segundo a pe\u00e7a, a Justi\u00e7a do Trabalho determinou que a empresa e o empres\u00e1rio se abstivessem de realizar propaganda pol\u00edtica entre funcion\u00e1rios, coagir trabalhadores ou influenciar suas escolhas eleitorais.<\/p>\n<p>A not\u00edcia de fato tamb\u00e9m menciona condena\u00e7\u00f5es trabalhistas posteriores envolvendo a Havan e alega\u00e7\u00f5es de press\u00e3o pol\u00edtica sobre empregados em unidades da empresa.<\/p>\n<p>O pedido apresentado por Lindbergh Farias ser\u00e1 analisado pela Procuradoria-Geral Eleitoral, que dever\u00e1 avaliar a abertura de investiga\u00e7\u00e3o e as medidas cab\u00edveis.<\/p>\n<p><strong>\u201cTiraram de contexto\u201d<\/strong><\/p>\n<p>Em publica\u00e7\u00e3o nas redes sociais ap\u00f3s a viraliza\u00e7\u00e3o do v\u00eddeo em que supostamente comete ass\u00e9dio eleitoral, Luciano Hang disse que a grava\u00e7\u00e3o foi \u201ctirada de contexto\u201d e \u201cdistorcida\u201d.<\/p>\n<p><strong>\u201cPegaram um recorte, tiraram do contexto e distorceram. Mas eu apenas dei minha opini\u00e3o sobre uma pauta que est\u00e1 no Congresso e que impacta trabalhadores e, principalmente, pequenos empreendedores. Eu defendo que o trabalhador seja valorizado, mas tamb\u00e9m defendo LIBERDADE. Quem quiser trabalhar mais e ganhar mais, que possa. Quem quiser trabalhar menos e descansar mais, tamb\u00e9m. Mudan\u00e7as na jornada precisam ser discutidas com responsabilidade, ouvindo quem trabalha e quem gera empregos. O brasileiro n\u00e3o precisa de bab\u00e1. Precisa de liberdade, oportunidade e emprego\u201d, escreveu.\n<\/div>\n<p><\/strong><\/p>\n<hr \/>\n<p><!-- banner meio--><\/p>\n<div><script async src=\"https:\/\/pagead2.googlesyndication.com\/pagead\/js\/adsbygoogle.js?client=ca-pub-3129804789748719\" crossorigin=\"anonymous\"><\/script><br \/>\n<!-- Banner quadrado responsivo --><br \/>\n<ins class=\"adsbygoogle\" style=\"display: block;\" data-ad-client=\"ca-pub-3129804789748719\" data-ad-slot=\"2076857862\" data-ad-format=\"auto\" data-full-width-responsive=\"true\"><\/ins><br \/>\n<script>\n     (adsbygoogle = window.adsbygoogle || []).push({});\n<\/script><\/div>\n<p><!-- banner meio responsivo --><\/p>\n<hr \/>\n<p><!-- RODAP\u00c9 DA NOTICIA --><\/p>\n<div><strong> Siga a coluna no <a href=\"https:\/\/www.facebook.com\/jornal2jn\" target=\"_blank\" rel=\"noopener\">Facebook<\/a> e no <a href=\"https:\/\/www.instagram.com\/jornal2dejulho\/\" target=\"_blank\" rel=\"noopener\">Instagram<\/a> para n\u00e3o perder nada.<\/strong><\/div>\n<p style=\"text-align: right;\"><em> por Reda\u00e7\u00e3o Revista Forum<\/em><\/p>\n<p><!--\n\nO 2 de Julho Noticias \u00e9 um Jornal Independente, pois n\u00e3o tem apoios Pol\u00edticos Partid\u00e1rios, de Prefeitura e nem de Comercio, e precisa de seu apoio, caso possa em assinar nosso Livro de Parceiros e Colaboradores.\nSua colabora\u00e7\u00e3o \u00e9 muito importante para nossa continuidade! Chave PIX EMAIL: parceiro@2dejulhonoticias.com.br\n\n--><\/p>\n<hr \/>\n<p><!-- banner meio responsivo--><br \/>\n<script async src=\"https:\/\/pagead2.googlesyndication.com\/pagead\/js\/adsbygoogle.js?client=ca-pub-3129804789748719\" crossorigin=\"anonymous\"><\/script><br \/>\n<!-- banner 728x90 2jn --><br \/>\n<ins class=\"adsbygoogle\" style=\"display: inline-block; width: 728px; height: 90px;\" data-ad-client=\"ca-pub-3129804789748719\" data-ad-slot=\"1383288950\"><\/ins><br \/>\n<script>\n     (adsbygoogle = window.adsbygoogle || []).push({});\n<\/script><\/p>\n<p style=\"text-align: justify;\"><span style=\"font-size: 14pt;\"><strong> LEIA TAMB\u00c9M <\/strong><\/span><\/p>\n<p><!-- banner meio responsivo--><br \/>\n<script async src=\"https:\/\/pagead2.googlesyndication.com\/pagead\/js\/adsbygoogle.js?client=ca-pub-3129804789748719\" crossorigin=\"anonymous\"><\/script><br \/>\n<!-- banner 728x90 2jn --><br \/>\n<ins class=\"adsbygoogle\" style=\"display: inline-block; width: 728px; height: 90px;\" data-ad-client=\"ca-pub-3129804789748719\" data-ad-slot=\"1383288950\"><\/ins><br \/>\n<script>\n     (adsbygoogle = window.adsbygoogle || []).push({});\n<\/script><br \/>\n<amp-ad width=\"100vw\" height=\"320\"\n     type=\"adsense\"\n     data-ad-client=\"ca-pub-3129804789748719\"\n     data-ad-slot=\"4367194841\"\n     data-auto-format=\"mcrspv\"\n     data-full-width=\"\"><\/p>\n<div overflow=\"\"><\/div>\n<p><\/amp-ad><br \/>\n<amp-ad\n     layout=\"fixed\"\n     width=\"728\"\n     height=\"90\"\n     type=\"adsense\"\n     data-ad-client=\"ca-pub-3129804789748719\"\n     data-ad-slot=\"1383288950\"><br \/>\n<\/amp-ad><\/p>\n","protected":false},"excerpt":{"rendered":"<p>O deputado federal Lindbergh Farias (PT-RJ) acionou a Procuradoria-Geral Eleitoral (PGE) contra o empres\u00e1rio bolsonarista Luciano Hang e a Havan ap\u00f3s um discurso feito pelo dono da rede de lojas a funcion\u00e1rios de uma unidade em Caldas Novas (GO), em que criticou a proposta de fim da escala 6\u00d71 e supostamente fez amea\u00e7as veladas aos trabalhadores. A not\u00edcia de fato eleitoral, apresentada pelo parlamentar nesta segunda-feira (31), pede investiga\u00e7\u00e3o sobre poss\u00edvel ass\u00e9dio eleitoral e abuso de poder econ\u00f4mico. Segundo a representa\u00e7\u00e3o, o empres\u00e1rio teria utilizado o ambiente de trabalho e a rela\u00e7\u00e3o de depend\u00eancia dos empregados para transmitir uma mensagem [&hellip;]<\/p>\n","protected":false},"author":1,"featured_media":42524,"comment_status":"closed","ping_status":"open","sticky":false,"template":"","format":"standard","meta":{"footnotes":""},"categories":[75,107,81],"tags":[1814,4492,3203,5872],"class_list":["post-42523","post","type-post","status-publish","format-standard","has-post-thumbnail","hentry","category-brasil","category-eleicoes","category-politica","tag-assedio-eleitoral","tag-escala-6x1","tag-luciano-hang","tag-pge"],"yoast_head":"<!-- This site is optimized with the Yoast SEO Premium plugin v23.7 (Yoast SEO v27.7) - https:\/\/yoast.com\/product\/yoast-seo-premium-wordpress\/ -->\n<title>Escala 6\u00d71: Luciano Hang \u00e9 acionado na PGE por ass\u00e9dio eleitoral ap\u00f3s suposta amea\u00e7a a funcion\u00e1rios - 2 de Julho Not\u00edcias<\/title>\n<meta name=\"description\" content=\"Escala 6\u00d71: Luciano Hang \u00e9 acionado na PGE por ass\u00e9dio eleitoral ap\u00f3s suposta amea\u00e7a a funcion\u00e1rios\" \/>\n<meta name=\"robots\" content=\"index, follow, max-snippet:-1, max-image-preview:large, max-video-preview:-1\" \/>\n<link rel=\"canonical\" href=\"https:\/\/2dejulhonoticias.com.br\/2jn\/escala-6x1-luciano-hang-e-acionado-na-pge-por-assedio-eleitoral-apos-suposta-ameaca-a-funcionarios\/\" \/>\n<meta name=\"twitter:card\" content=\"summary_large_image\" \/>\n<meta name=\"twitter:title\" content=\"Escala 6\u00d71: Luciano Hang \u00e9 acionado na PGE por ass\u00e9dio eleitoral ap\u00f3s suposta amea\u00e7a a funcion\u00e1rios - 2 de Julho Not\u00edcias\" \/>\n<meta name=\"twitter:description\" content=\"Escala 6\u00d71: Luciano Hang \u00e9 acionado na PGE por ass\u00e9dio eleitoral ap\u00f3s suposta amea\u00e7a a funcion\u00e1rios\" \/>\n<meta name=\"twitter:image\" content=\"https:\/\/2dejulhonoticias.com.br\/2jn\/wp-content\/uploads\/2026\/09\/luciano-hang.webp\" \/>\n<meta name=\"twitter:creator\" content=\"@2_julho\" \/>\n<meta name=\"twitter:site\" content=\"@2_julho\" \/>\n<meta name=\"twitter:label1\" content=\"Escrito por\" \/>\n\t<meta name=\"twitter:data1\" content=\"Reda\u00e7\u00e3o\" \/>\n\t<meta name=\"twitter:label2\" content=\"Est. tempo de leitura\" \/>\n\t<meta name=\"twitter:data2\" content=\"1 minuto\" \/>\n<script type=\"application\/ld+json\" class=\"yoast-schema-graph\">{\"@context\":\"https:\\\/\\\/schema.org\",\"@graph\":[{\"@type\":\"Article\",\"@id\":\"https:\\\/\\\/2dejulhonoticias.com.br\\\/2jn\\\/escala-6x1-luciano-hang-e-acionado-na-pge-por-assedio-eleitoral-apos-suposta-ameaca-a-funcionarios\\\/#article\",\"isPartOf\":{\"@id\":\"https:\\\/\\\/2dejulhonoticias.com.br\\\/2jn\\\/escala-6x1-luciano-hang-e-acionado-na-pge-por-assedio-eleitoral-apos-suposta-ameaca-a-funcionarios\\\/\"},\"author\":{\"name\":\"Reda\u00e7\u00e3o\",\"@id\":\"https:\\\/\\\/2dejulhonoticias.com.br\\\/2jn\\\/#\\\/schema\\\/person\\\/a61e2ab9ae920711c9622c249b03dc16\"},\"headline\":\"Escala 6\u00d71: Luciano Hang \u00e9 acionado na PGE por ass\u00e9dio eleitoral ap\u00f3s suposta amea\u00e7a a funcion\u00e1rios\",\"datePublished\":\"2026-09-01T12:47:24+00:00\",\"mainEntityOfPage\":{\"@id\":\"https:\\\/\\\/2dejulhonoticias.com.br\\\/2jn\\\/escala-6x1-luciano-hang-e-acionado-na-pge-por-assedio-eleitoral-apos-suposta-ameaca-a-funcionarios\\\/\"},\"wordCount\":1065,\"publisher\":{\"@id\":\"https:\\\/\\\/2dejulhonoticias.com.br\\\/2jn\\\/#\\\/schema\\\/person\\\/a61e2ab9ae920711c9622c249b03dc16\"},\"image\":{\"@id\":\"https:\\\/\\\/2dejulhonoticias.com.br\\\/2jn\\\/escala-6x1-luciano-hang-e-acionado-na-pge-por-assedio-eleitoral-apos-suposta-ameaca-a-funcionarios\\\/#primaryimage\"},\"thumbnailUrl\":\"https:\\\/\\\/2dejulhonoticias.com.br\\\/2jn\\\/wp-content\\\/uploads\\\/2026\\\/09\\\/luciano-hang.webp\",\"keywords\":[\"Ass\u00e9dio Eleitoral\",\"escala 6x1\",\"Luciano Hang\",\"PGE\"],\"articleSection\":[\"Brasil\",\"Elei\u00e7\u00f5es\",\"Politica\"],\"inLanguage\":\"pt-BR\"},{\"@type\":\"WebPage\",\"@id\":\"https:\\\/\\\/2dejulhonoticias.com.br\\\/2jn\\\/escala-6x1-luciano-hang-e-acionado-na-pge-por-assedio-eleitoral-apos-suposta-ameaca-a-funcionarios\\\/\",\"url\":\"https:\\\/\\\/2dejulhonoticias.com.br\\\/2jn\\\/escala-6x1-luciano-hang-e-acionado-na-pge-por-assedio-eleitoral-apos-suposta-ameaca-a-funcionarios\\\/\",\"name\":\"Escala 6\u00d71: Luciano Hang \u00e9 acionado na PGE por ass\u00e9dio eleitoral ap\u00f3s suposta amea\u00e7a a funcion\u00e1rios - 2 de Julho Not\u00edcias\",\"isPartOf\":{\"@id\":\"https:\\\/\\\/2dejulhonoticias.com.br\\\/2jn\\\/#website\"},\"primaryImageOfPage\":{\"@id\":\"https:\\\/\\\/2dejulhonoticias.com.br\\\/2jn\\\/escala-6x1-luciano-hang-e-acionado-na-pge-por-assedio-eleitoral-apos-suposta-ameaca-a-funcionarios\\\/#primaryimage\"},\"image\":{\"@id\":\"https:\\\/\\\/2dejulhonoticias.com.br\\\/2jn\\\/escala-6x1-luciano-hang-e-acionado-na-pge-por-assedio-eleitoral-apos-suposta-ameaca-a-funcionarios\\\/#primaryimage\"},\"thumbnailUrl\":\"https:\\\/\\\/2dejulhonoticias.com.br\\\/2jn\\\/wp-content\\\/uploads\\\/2026\\\/09\\\/luciano-hang.webp\",\"datePublished\":\"2026-09-01T12:47:24+00:00\",\"description\":\"Escala 6\u00d71: Luciano Hang \u00e9 acionado na PGE por ass\u00e9dio eleitoral ap\u00f3s suposta amea\u00e7a a funcion\u00e1rios\",\"breadcrumb\":{\"@id\":\"https:\\\/\\\/2dejulhonoticias.com.br\\\/2jn\\\/escala-6x1-luciano-hang-e-acionado-na-pge-por-assedio-eleitoral-apos-suposta-ameaca-a-funcionarios\\\/#breadcrumb\"},\"inLanguage\":\"pt-BR\",\"potentialAction\":[{\"@type\":\"ReadAction\",\"target\":[\"https:\\\/\\\/2dejulhonoticias.com.br\\\/2jn\\\/escala-6x1-luciano-hang-e-acionado-na-pge-por-assedio-eleitoral-apos-suposta-ameaca-a-funcionarios\\\/\"]}]},{\"@type\":\"ImageObject\",\"inLanguage\":\"pt-BR\",\"@id\":\"https:\\\/\\\/2dejulhonoticias.com.br\\\/2jn\\\/escala-6x1-luciano-hang-e-acionado-na-pge-por-assedio-eleitoral-apos-suposta-ameaca-a-funcionarios\\\/#primaryimage\",\"url\":\"https:\\\/\\\/2dejulhonoticias.com.br\\\/2jn\\\/wp-content\\\/uploads\\\/2026\\\/09\\\/luciano-hang.webp\",\"contentUrl\":\"https:\\\/\\\/2dejulhonoticias.com.br\\\/2jn\\\/wp-content\\\/uploads\\\/2026\\\/09\\\/luciano-hang.webp\",\"width\":600,\"height\":338},{\"@type\":\"BreadcrumbList\",\"@id\":\"https:\\\/\\\/2dejulhonoticias.com.br\\\/2jn\\\/escala-6x1-luciano-hang-e-acionado-na-pge-por-assedio-eleitoral-apos-suposta-ameaca-a-funcionarios\\\/#breadcrumb\",\"itemListElement\":[{\"@type\":\"ListItem\",\"position\":1,\"name\":\"In\u00edcio\",\"item\":\"https:\\\/\\\/2dejulhonoticias.com.br\\\/2jn\\\/\"},{\"@type\":\"ListItem\",\"position\":2,\"name\":\"Escala 6\u00d71: Luciano Hang \u00e9 acionado na PGE por ass\u00e9dio eleitoral ap\u00f3s suposta amea\u00e7a a funcion\u00e1rios\"}]},{\"@type\":\"WebSite\",\"@id\":\"https:\\\/\\\/2dejulhonoticias.com.br\\\/2jn\\\/#website\",\"url\":\"https:\\\/\\\/2dejulhonoticias.com.br\\\/2jn\\\/\",\"name\":\"2 de Julho Noticias - A not\u00edcia ao seu alcance\",\"description\":\"Noticias sobre Politica, Policia,Esporte,Vida e Estilo, Sa\u00fade,Moda e Beleza,Mundo da Fama,Emprego e Concursos,Arte e Cultura,Cama\u00e7ari\",\"publisher\":{\"@id\":\"https:\\\/\\\/2dejulhonoticias.com.br\\\/2jn\\\/#\\\/schema\\\/person\\\/a61e2ab9ae920711c9622c249b03dc16\"},\"potentialAction\":[{\"@type\":\"SearchAction\",\"target\":{\"@type\":\"EntryPoint\",\"urlTemplate\":\"https:\\\/\\\/2dejulhonoticias.com.br\\\/2jn\\\/?s={search_term_string}\"},\"query-input\":{\"@type\":\"PropertyValueSpecification\",\"valueRequired\":true,\"valueName\":\"search_term_string\"}}],\"inLanguage\":\"pt-BR\"},{\"@type\":[\"Person\",\"Organization\"],\"@id\":\"https:\\\/\\\/2dejulhonoticias.com.br\\\/2jn\\\/#\\\/schema\\\/person\\\/a61e2ab9ae920711c9622c249b03dc16\",\"name\":\"Reda\u00e7\u00e3o\",\"image\":{\"@type\":\"ImageObject\",\"inLanguage\":\"pt-BR\",\"@id\":\"https:\\\/\\\/2dejulhonoticias.com.br\\\/2jn\\\/wp-content\\\/uploads\\\/2020\\\/11\\\/logo2dejulho.png\",\"url\":\"https:\\\/\\\/2dejulhonoticias.com.br\\\/2jn\\\/wp-content\\\/uploads\\\/2020\\\/11\\\/logo2dejulho.png\",\"contentUrl\":\"https:\\\/\\\/2dejulhonoticias.com.br\\\/2jn\\\/wp-content\\\/uploads\\\/2020\\\/11\\\/logo2dejulho.png\",\"width\":291,\"height\":96,\"caption\":\"Reda\u00e7\u00e3o\"},\"logo\":{\"@id\":\"https:\\\/\\\/2dejulhonoticias.com.br\\\/2jn\\\/wp-content\\\/uploads\\\/2020\\\/11\\\/logo2dejulho.png\"},\"sameAs\":[\"https:\\\/\\\/www.facebook.com\\\/J2deJulho\",\"https:\\\/\\\/www.instagram.com\\\/mirobaia\\\/\",\"https:\\\/\\\/www.linkedin.com\\\/in\\\/mirobaia\\\/\",\"https:\\\/\\\/x.com\\\/2_julho\",\"https:\\\/\\\/www.youtube.com\\\/c\\\/MiroBaia\"]}]}<\/script>\n<!-- \/ Yoast SEO Premium plugin. -->","yoast_head_json":{"title":"Escala 6\u00d71: Luciano Hang \u00e9 acionado na PGE por ass\u00e9dio eleitoral ap\u00f3s suposta amea\u00e7a a funcion\u00e1rios - 2 de Julho Not\u00edcias","description":"Escala 6\u00d71: Luciano Hang \u00e9 acionado na PGE por ass\u00e9dio eleitoral ap\u00f3s suposta amea\u00e7a a funcion\u00e1rios","robots":{"index":"index","follow":"follow","max-snippet":"max-snippet:-1","max-image-preview":"max-image-preview:large","max-video-preview":"max-video-preview:-1"},"canonical":"https:\/\/2dejulhonoticias.com.br\/2jn\/escala-6x1-luciano-hang-e-acionado-na-pge-por-assedio-eleitoral-apos-suposta-ameaca-a-funcionarios\/","twitter_card":"summary_large_image","twitter_title":"Escala 6\u00d71: Luciano Hang \u00e9 acionado na PGE por ass\u00e9dio eleitoral ap\u00f3s suposta amea\u00e7a a funcion\u00e1rios - 2 de Julho Not\u00edcias","twitter_description":"Escala 6\u00d71: Luciano Hang \u00e9 acionado na PGE por ass\u00e9dio eleitoral ap\u00f3s suposta amea\u00e7a a funcion\u00e1rios","twitter_image":"https:\/\/2dejulhonoticias.com.br\/2jn\/wp-content\/uploads\/2026\/09\/luciano-hang.webp","twitter_creator":"@2_julho","twitter_site":"@2_julho","twitter_misc":{"Escrito por":"Reda\u00e7\u00e3o","Est. tempo de leitura":"1 minuto"},"schema":{"@context":"https:\/\/schema.org","@graph":[{"@type":"Article","@id":"https:\/\/2dejulhonoticias.com.br\/2jn\/escala-6x1-luciano-hang-e-acionado-na-pge-por-assedio-eleitoral-apos-suposta-ameaca-a-funcionarios\/#article","isPartOf":{"@id":"https:\/\/2dejulhonoticias.com.br\/2jn\/escala-6x1-luciano-hang-e-acionado-na-pge-por-assedio-eleitoral-apos-suposta-ameaca-a-funcionarios\/"},"author":{"name":"Reda\u00e7\u00e3o","@id":"https:\/\/2dejulhonoticias.com.br\/2jn\/#\/schema\/person\/a61e2ab9ae920711c9622c249b03dc16"},"headline":"Escala 6\u00d71: Luciano Hang \u00e9 acionado na PGE por ass\u00e9dio eleitoral ap\u00f3s suposta amea\u00e7a a funcion\u00e1rios","datePublished":"2026-09-01T12:47:24+00:00","mainEntityOfPage":{"@id":"https:\/\/2dejulhonoticias.com.br\/2jn\/escala-6x1-luciano-hang-e-acionado-na-pge-por-assedio-eleitoral-apos-suposta-ameaca-a-funcionarios\/"},"wordCount":1065,"publisher":{"@id":"https:\/\/2dejulhonoticias.com.br\/2jn\/#\/schema\/person\/a61e2ab9ae920711c9622c249b03dc16"},"image":{"@id":"https:\/\/2dejulhonoticias.com.br\/2jn\/escala-6x1-luciano-hang-e-acionado-na-pge-por-assedio-eleitoral-apos-suposta-ameaca-a-funcionarios\/#primaryimage"},"thumbnailUrl":"https:\/\/2dejulhonoticias.com.br\/2jn\/wp-content\/uploads\/2026\/09\/luciano-hang.webp","keywords":["Ass\u00e9dio Eleitoral","escala 6x1","Luciano Hang","PGE"],"articleSection":["Brasil","Elei\u00e7\u00f5es","Politica"],"inLanguage":"pt-BR"},{"@type":"WebPage","@id":"https:\/\/2dejulhonoticias.com.br\/2jn\/escala-6x1-luciano-hang-e-acionado-na-pge-por-assedio-eleitoral-apos-suposta-ameaca-a-funcionarios\/","url":"https:\/\/2dejulhonoticias.com.br\/2jn\/escala-6x1-luciano-hang-e-acionado-na-pge-por-assedio-eleitoral-apos-suposta-ameaca-a-funcionarios\/","name":"Escala 6\u00d71: Luciano Hang \u00e9 acionado na PGE por ass\u00e9dio eleitoral ap\u00f3s suposta amea\u00e7a a funcion\u00e1rios - 2 de Julho Not\u00edcias","isPartOf":{"@id":"https:\/\/2dejulhonoticias.com.br\/2jn\/#website"},"primaryImageOfPage":{"@id":"https:\/\/2dejulhonoticias.com.br\/2jn\/escala-6x1-luciano-hang-e-acionado-na-pge-por-assedio-eleitoral-apos-suposta-ameaca-a-funcionarios\/#primaryimage"},"image":{"@id":"https:\/\/2dejulhonoticias.com.br\/2jn\/escala-6x1-luciano-hang-e-acionado-na-pge-por-assedio-eleitoral-apos-suposta-ameaca-a-funcionarios\/#primaryimage"},"thumbnailUrl":"https:\/\/2dejulhonoticias.com.br\/2jn\/wp-content\/uploads\/2026\/09\/luciano-hang.webp","datePublished":"2026-09-01T12:47:24+00:00","description":"Escala 6\u00d71: Luciano Hang \u00e9 acionado na PGE por ass\u00e9dio eleitoral ap\u00f3s suposta amea\u00e7a a funcion\u00e1rios","breadcrumb":{"@id":"https:\/\/2dejulhonoticias.com.br\/2jn\/escala-6x1-luciano-hang-e-acionado-na-pge-por-assedio-eleitoral-apos-suposta-ameaca-a-funcionarios\/#breadcrumb"},"inLanguage":"pt-BR","potentialAction":[{"@type":"ReadAction","target":["https:\/\/2dejulhonoticias.com.br\/2jn\/escala-6x1-luciano-hang-e-acionado-na-pge-por-assedio-eleitoral-apos-suposta-ameaca-a-funcionarios\/"]}]},{"@type":"ImageObject","inLanguage":"pt-BR","@id":"https:\/\/2dejulhonoticias.com.br\/2jn\/escala-6x1-luciano-hang-e-acionado-na-pge-por-assedio-eleitoral-apos-suposta-ameaca-a-funcionarios\/#primaryimage","url":"https:\/\/2dejulhonoticias.com.br\/2jn\/wp-content\/uploads\/2026\/09\/luciano-hang.webp","contentUrl":"https:\/\/2dejulhonoticias.com.br\/2jn\/wp-content\/uploads\/2026\/09\/luciano-hang.webp","width":600,"height":338},{"@type":"BreadcrumbList","@id":"https:\/\/2dejulhonoticias.com.br\/2jn\/escala-6x1-luciano-hang-e-acionado-na-pge-por-assedio-eleitoral-apos-suposta-ameaca-a-funcionarios\/#breadcrumb","itemListElement":[{"@type":"ListItem","position":1,"name":"In\u00edcio","item":"https:\/\/2dejulhonoticias.com.br\/2jn\/"},{"@type":"ListItem","position":2,"name":"Escala 6\u00d71: Luciano Hang \u00e9 acionado na PGE por ass\u00e9dio eleitoral ap\u00f3s suposta amea\u00e7a a funcion\u00e1rios"}]},{"@type":"WebSite","@id":"https:\/\/2dejulhonoticias.com.br\/2jn\/#website","url":"https:\/\/2dejulhonoticias.com.br\/2jn\/","name":"2 de Julho Noticias - A not\u00edcia ao seu alcance","description":"Noticias sobre Politica, Policia,Esporte,Vida e Estilo, Sa\u00fade,Moda e Beleza,Mundo da Fama,Emprego e Concursos,Arte e Cultura,Cama\u00e7ari","publisher":{"@id":"https:\/\/2dejulhonoticias.com.br\/2jn\/#\/schema\/person\/a61e2ab9ae920711c9622c249b03dc16"},"potentialAction":[{"@type":"SearchAction","target":{"@type":"EntryPoint","urlTemplate":"https:\/\/2dejulhonoticias.com.br\/2jn\/?s={search_term_string}"},"query-input":{"@type":"PropertyValueSpecification","valueRequired":true,"valueName":"search_term_string"}}],"inLanguage":"pt-BR"},{"@type":["Person","Organization"],"@id":"https:\/\/2dejulhonoticias.com.br\/2jn\/#\/schema\/person\/a61e2ab9ae920711c9622c249b03dc16","name":"Reda\u00e7\u00e3o","image":{"@type":"ImageObject","inLanguage":"pt-BR","@id":"https:\/\/2dejulhonoticias.com.br\/2jn\/wp-content\/uploads\/2020\/11\/logo2dejulho.png","url":"https:\/\/2dejulhonoticias.com.br\/2jn\/wp-content\/uploads\/2020\/11\/logo2dejulho.png","contentUrl":"https:\/\/2dejulhonoticias.com.br\/2jn\/wp-content\/uploads\/2020\/11\/logo2dejulho.png","width":291,"height":96,"caption":"Reda\u00e7\u00e3o"},"logo":{"@id":"https:\/\/2dejulhonoticias.com.br\/2jn\/wp-content\/uploads\/2020\/11\/logo2dejulho.png"},"sameAs":["https:\/\/www.facebook.com\/J2deJulho","https:\/\/www.instagram.com\/mirobaia\/","https:\/\/www.linkedin.com\/in\/mirobaia\/","https:\/\/x.com\/2_julho","https:\/\/www.youtube.com\/c\/MiroBaia"]}]}},"_links":{"self":[{"href":"https:\/\/2dejulhonoticias.com.br\/2jn\/wp-json\/wp\/v2\/posts\/42523","targetHints":{"allow":["GET"]}}],"collection":[{"href":"https:\/\/2dejulhonoticias.com.br\/2jn\/wp-json\/wp\/v2\/posts"}],"about":[{"href":"https:\/\/2dejulhonoticias.com.br\/2jn\/wp-json\/wp\/v2\/types\/post"}],"author":[{"embeddable":true,"href":"https:\/\/2dejulhonoticias.com.br\/2jn\/wp-json\/wp\/v2\/users\/1"}],"replies":[{"embeddable":true,"href":"https:\/\/2dejulhonoticias.com.br\/2jn\/wp-json\/wp\/v2\/comments?post=42523"}],"version-history":[{"count":1,"href":"https:\/\/2dejulhonoticias.com.br\/2jn\/wp-json\/wp\/v2\/posts\/42523\/revisions"}],"predecessor-version":[{"id":42525,"href":"https:\/\/2dejulhonoticias.com.br\/2jn\/wp-json\/wp\/v2\/posts\/42523\/revisions\/42525"}],"wp:featuredmedia":[{"embeddable":true,"href":"https:\/\/2dejulhonoticias.com.br\/2jn\/wp-json\/wp\/v2\/media\/42524"}],"wp:attachment":[{"href":"https:\/\/2dejulhonoticias.com.br\/2jn\/wp-json\/wp\/v2\/media?parent=42523"}],"wp:term":[{"taxonomy":"category","embeddable":true,"href":"https:\/\/2dejulhonoticias.com.br\/2jn\/wp-json\/wp\/v2\/categories?post=42523"},{"taxonomy":"post_tag","embeddable":true,"href":"https:\/\/2dejulhonoticias.com.br\/2jn\/wp-json\/wp\/v2\/tags?post=42523"}],"curies":[{"name":"wp","href":"https:\/\/api.w.org\/{rel}","templated":true}]}}