{"id":42518,"date":"2026-09-01T09:00:01","date_gmt":"2026-09-01T12:00:01","guid":{"rendered":"https:\/\/2dejulhonoticias.com.br\/2jn\/?p=42518"},"modified":"2026-09-01T09:00:01","modified_gmt":"2026-09-01T12:00:01","slug":"praia-do-porto-da-barra-em-salvador-e-tera-area-exclusiva-para-banhistas-a-partir-desta-terca-1-9","status":"publish","type":"post","link":"https:\/\/2dejulhonoticias.com.br\/2jn\/praia-do-porto-da-barra-em-salvador-e-tera-area-exclusiva-para-banhistas-a-partir-desta-terca-1-9\/","title":{"rendered":"Praia do Porto da Barra em Salvador e ter\u00e1 \u00e1rea exclusiva para banhistas a partir desta ter\u00e7a (1\/9)"},"content":{"rendered":"<div style=\"text-align: justify;\">\nA praia do Porto da Barra, um dos cart\u00f5es postais de Salvador, ter\u00e1 uma \u00e1rea exclusiva para banhistas a partir desta ter\u00e7a-feira (1\u00ba). Segundo a prefeitura, as boias v\u00e3o impedir a circula\u00e7\u00e3o de embarca\u00e7\u00f5es motorizadas no per\u00edmetro.<\/p>\n<p>A \u00e1rea, que tem como objetivo evitar acidentes com banhistas, vai ficar a 90 metros da faixa de areia.<\/p>\n<p>\ud83d\udcf1 <a href=\"https:\/\/chat.whatsapp.com\/L8KSLsjENzl5HrgtytuzCL\"> SIGA PRA MAIS NOT\u00cdCIAS: entre na comunidade do 2JN no WhatsApp<\/a>\n<\/div>\n<div>\n<!-- GoogleAdsense --><\/p>\n<p style=\"text-align: justify;\"><span style=\"font-size: 14pt;\"><strong> LEIA TAMB\u00c9M <\/strong><\/span><\/p>\n<p><script async src=\"https:\/\/pagead2.googlesyndication.com\/pagead\/js\/adsbygoogle.js?client=ca-pub-3129804789748719\" crossorigin=\"anonymous\"><\/script><br \/>\n<!-- Anuncio horizontal responsivo --><br \/>\n<ins class=\"adsbygoogle\" style=\"display: block;\" data-ad-client=\"ca-pub-3129804789748719\" data-ad-slot=\"1473312501\" data-ad-format=\"auto\" data-full-width-responsive=\"true\"><\/ins><br \/>\n<script>\n     (adsbygoogle = window.adsbygoogle || []).push({});\n<\/script>\n<\/div>\n<div style=\"text-align: justify;\">\n<div class=\"related bk-inline-post-box alignleft\" style=\"color: #fcfcfc; background-color: #fac8c8;\"><ul class=\"list-small-post row\"><li class=\"small-post content_out clearfix\">                        <div class=\"small-thumbnail-wrapper\">\n                <div class=\"thumb hide-thumb term-87\"><a href=\"https:\/\/2dejulhonoticias.com.br\/2jn\/noite-tenebrosa-homem-e-morto-a-facadas-no-centro-de-salvador-nesta-terca-25\/\"><img decoding=\"async\" width=\"90\" height=\"65\" src=\"https:\/\/2dejulhonoticias.com.br\/2jn\/wp-content\/uploads\/2026\/08\/crimeladeiradapreuica-90x65.webp\" class=\"attachment-rubik-90-65 size-rubik-90-65 wp-post-image\" alt=\"\" \/><div class=\"rubik-post-icon-wrap\"><\/div><\/a> <!-- close a tag --><\/div> <!-- close thumb -->            <\/div>\n                        <div class=\"post-c-wrap\">\n                                \n                <h4 class=\"title\"><a class=\"term-87\" href=\"https:\/\/2dejulhonoticias.com.br\/2jn\/noite-tenebrosa-homem-e-morto-a-facadas-no-centro-de-salvador-nesta-terca-25\/\">NOITE TENEBROSA: homem \u00e9 morto a facadas no centro de Salvador nesta ter\u00e7a (25)<\/a><\/h4>                <div class=\"meta\"><div class=\"post-date\">26 de agosto de 2026<\/div><\/div> \n            <\/div>\n            <\/li><!-- End post --><li class=\"small-post content_out clearfix\">                        <div class=\"small-thumbnail-wrapper\">\n                <div class=\"thumb hide-thumb term-87\"><a href=\"https:\/\/2dejulhonoticias.com.br\/2jn\/cena-chocante-homem-e-encontrado-morto-em-cima-de-poste-apos-tentativa-de-furto-de-cabos-em-sao-cristovao-nesta-quarta-26-8-veja-o-video\/\"><img decoding=\"async\" width=\"90\" height=\"65\" src=\"https:\/\/2dejulhonoticias.com.br\/2jn\/wp-content\/uploads\/2026\/08\/corpoemposte-90x65.webp\" class=\"attachment-rubik-90-65 size-rubik-90-65 wp-post-image\" alt=\"\" \/><div class=\"rubik-post-icon-wrap\"><\/div><\/a> <!-- close a tag --><\/div> <!-- close thumb -->            <\/div>\n                        <div class=\"post-c-wrap\">\n                                \n                <h4 class=\"title\"><a class=\"term-87\" href=\"https:\/\/2dejulhonoticias.com.br\/2jn\/cena-chocante-homem-e-encontrado-morto-em-cima-de-poste-apos-tentativa-de-furto-de-cabos-em-sao-cristovao-nesta-quarta-26-8-veja-o-video\/\">CENA CHOCANTE: homem \u00e9 encontrado morto em cima de poste ap\u00f3s tentativa de furto de ...<\/a><\/h4>                <div class=\"meta\"><div class=\"post-date\">26 de agosto de 2026<\/div><\/div> \n            <\/div>\n            <\/li><!-- End post --><li class=\"small-post content_out clearfix\">                        <div class=\"small-thumbnail-wrapper\">\n                <div class=\"thumb hide-thumb term-203\"><a href=\"https:\/\/2dejulhonoticias.com.br\/2jn\/bienal-nas-escolas-leva-autores-da-literatura-para-estudantes-da-rede-municipal-de-salvador\/\"><img decoding=\"async\" width=\"90\" height=\"65\" src=\"https:\/\/2dejulhonoticias.com.br\/2jn\/wp-content\/uploads\/2026\/08\/Bienal-do-Livro-Bahia-90x65.webp\" class=\"attachment-rubik-90-65 size-rubik-90-65 wp-post-image\" alt=\"\" \/><div class=\"rubik-post-icon-wrap\"><\/div><\/a> <!-- close a tag --><\/div> <!-- close thumb -->            <\/div>\n                        <div class=\"post-c-wrap\">\n                                \n                <h4 class=\"title\"><a class=\"term-203\" href=\"https:\/\/2dejulhonoticias.com.br\/2jn\/bienal-nas-escolas-leva-autores-da-literatura-para-estudantes-da-rede-municipal-de-salvador\/\">Bienal nas Escolas leva autores da literatura para estudantes da rede municipal de Salvador<\/a><\/h4>                <div class=\"meta\"><div class=\"post-date\">26 de agosto de 2026<\/div><\/div> \n            <\/div>\n            <\/li><!-- End post --><\/ul> <!-- End list-post --><\/div><br \/>\nA delimita\u00e7\u00e3o do per\u00edmetro para banho ocorrer\u00e1 em formato de &#8220;U&#8221;, com a utiliza\u00e7\u00e3o de cinco poitas, sendo que duas delas ser\u00e3o instaladas na faixa da areia e as outras tr\u00eas no mar.<\/p>\n<p>A instala\u00e7\u00e3o dos objetos come\u00e7ou \u00e0s 7h e tem previs\u00e3o de finaliza\u00e7\u00e3o \u00e0s 15h. Durante esse per\u00edodo, parte da praia ficar\u00e1 isolada.<\/p>\n<p>As boias n\u00e3o ficar\u00e3o pr\u00f3ximas as rampas de embarca\u00e7\u00f5es, ou seja, pequenas embarca\u00e7\u00f5es, canoas e praticantes de esportes n\u00e1uticos continuar\u00e3o tendo acesso ao mar.\n<\/p><\/div>\n<hr \/>\n<p><!-- banner meio--><\/p>\n<div><script async src=\"https:\/\/pagead2.googlesyndication.com\/pagead\/js\/adsbygoogle.js?client=ca-pub-3129804789748719\" crossorigin=\"anonymous\"><\/script><br \/>\n<!-- Banner quadrado responsivo --><br \/>\n<ins class=\"adsbygoogle\" style=\"display: block;\" data-ad-client=\"ca-pub-3129804789748719\" data-ad-slot=\"2076857862\" data-ad-format=\"auto\" data-full-width-responsive=\"true\"><\/ins><br \/>\n<script>\n     (adsbygoogle = window.adsbygoogle || []).push({});\n<\/script><\/div>\n<p><!-- banner meio responsivo --><\/p>\n<hr \/>\n<p><!-- RODAP\u00c9 DA NOTICIA --><\/p>\n<div><strong> Siga a coluna no <a href=\"https:\/\/www.facebook.com\/jornal2jn\" target=\"_blank\" rel=\"noopener\">Facebook<\/a> e no <a href=\"https:\/\/www.instagram.com\/jornal2dejulho\/\" target=\"_blank\" rel=\"noopener\">Instagram<\/a> para n\u00e3o perder nada.<\/strong><\/div>\n<p style=\"text-align: right;\"><em> por Reda\u00e7\u00e3o 2JN <\/em><\/p>\n<p><!--\n\nO 2 de Julho Noticias \u00e9 um Jornal Independente, pois n\u00e3o tem apoios Pol\u00edticos Partid\u00e1rios, de Prefeitura e nem de Comercio, e precisa de seu apoio, caso possa em assinar nosso Livro de Parceiros e Colaboradores.\nSua colabora\u00e7\u00e3o \u00e9 muito importante para nossa continuidade! Chave PIX EMAIL: parceiro@2dejulhonoticias.com.br\n\n--><\/p>\n<hr \/>\n<p><!-- banner meio responsivo--><br \/>\n<script async src=\"https:\/\/pagead2.googlesyndication.com\/pagead\/js\/adsbygoogle.js?client=ca-pub-3129804789748719\" crossorigin=\"anonymous\"><\/script><br \/>\n<!-- banner 728x90 2jn --><br \/>\n<ins class=\"adsbygoogle\" style=\"display: inline-block; width: 728px; height: 90px;\" data-ad-client=\"ca-pub-3129804789748719\" data-ad-slot=\"1383288950\"><\/ins><br \/>\n<script>\n     (adsbygoogle = window.adsbygoogle || []).push({});\n<\/script><\/p>\n<p style=\"text-align: justify;\"><span style=\"font-size: 14pt;\"><strong> LEIA TAMB\u00c9M <\/strong><\/span><\/p>\n<p><!-- banner meio responsivo--><br \/>\n<script async src=\"https:\/\/pagead2.googlesyndication.com\/pagead\/js\/adsbygoogle.js?client=ca-pub-3129804789748719\" crossorigin=\"anonymous\"><\/script><br \/>\n<!-- banner 728x90 2jn --><br \/>\n<ins class=\"adsbygoogle\" style=\"display: inline-block; width: 728px; height: 90px;\" data-ad-client=\"ca-pub-3129804789748719\" data-ad-slot=\"1383288950\"><\/ins><br \/>\n<script>\n     (adsbygoogle = window.adsbygoogle || []).push({});\n<\/script><br \/>\n<amp-ad width=\"100vw\" height=\"320\"\n     type=\"adsense\"\n     data-ad-client=\"ca-pub-3129804789748719\"\n     data-ad-slot=\"4367194841\"\n     data-auto-format=\"mcrspv\"\n     data-full-width=\"\"><\/p>\n<div overflow=\"\"><\/div>\n<p><\/amp-ad><br \/>\n<amp-ad\n     layout=\"fixed\"\n     width=\"728\"\n     height=\"90\"\n     type=\"adsense\"\n     data-ad-client=\"ca-pub-3129804789748719\"\n     data-ad-slot=\"1383288950\"><br \/>\n<\/amp-ad><\/p>\n","protected":false},"excerpt":{"rendered":"<p>A praia do Porto da Barra, um dos cart\u00f5es postais de Salvador, ter\u00e1 uma \u00e1rea exclusiva para banhistas a partir desta ter\u00e7a-feira (1\u00ba). Segundo a prefeitura, as boias v\u00e3o impedir a circula\u00e7\u00e3o de embarca\u00e7\u00f5es motorizadas no per\u00edmetro. A \u00e1rea, que tem como objetivo evitar acidentes com banhistas, vai ficar a 90 metros da faixa de areia. \ud83d\udcf1 SIGA PRA MAIS NOT\u00cdCIAS: entre na comunidade do 2JN no WhatsApp LEIA TAMB\u00c9M A delimita\u00e7\u00e3o do per\u00edmetro para banho ocorrer\u00e1 em formato de &#8220;U&#8221;, com a utiliza\u00e7\u00e3o de cinco poitas, sendo que duas delas ser\u00e3o instaladas na faixa da areia e as outras [&hellip;]<\/p>\n","protected":false},"author":1,"featured_media":42519,"comment_status":"closed","ping_status":"open","sticky":false,"template":"","format":"standard","meta":{"footnotes":""},"categories":[5,80,97,9],"tags":[2194,5871],"class_list":["post-42518","post","type-post","status-publish","format-standard","has-post-thumbnail","hentry","category-entretenimento","category-salvador","category-turismo","category-viagens","tag-praia-da-barra","tag-restrincoes"],"yoast_head":"<!-- This site is optimized with the Yoast SEO Premium plugin v23.7 (Yoast SEO v27.7) - https:\/\/yoast.com\/product\/yoast-seo-premium-wordpress\/ -->\n<title>Praia do Porto da Barra em Salvador e ter\u00e1 \u00e1rea exclusiva para banhistas a partir desta ter\u00e7a (1\/9) - 2 de Julho Not\u00edcias<\/title>\n<meta name=\"description\" content=\"Praia do Porto da Barra em Salvador e ter\u00e1 \u00e1rea exclusiva para banhistas a partir desta ter\u00e7a (1\/9)\" \/>\n<meta name=\"robots\" content=\"index, follow, max-snippet:-1, max-image-preview:large, max-video-preview:-1\" \/>\n<link rel=\"canonical\" href=\"https:\/\/2dejulhonoticias.com.br\/2jn\/praia-do-porto-da-barra-em-salvador-e-tera-area-exclusiva-para-banhistas-a-partir-desta-terca-1-9\/\" \/>\n<meta name=\"twitter:card\" content=\"summary_large_image\" \/>\n<meta name=\"twitter:title\" content=\"Praia do Porto da Barra em Salvador e ter\u00e1 \u00e1rea exclusiva para banhistas a partir desta ter\u00e7a (1\/9) - 2 de Julho Not\u00edcias\" \/>\n<meta name=\"twitter:description\" content=\"Praia do Porto da Barra em Salvador e ter\u00e1 \u00e1rea exclusiva para banhistas a partir desta ter\u00e7a (1\/9)\" \/>\n<meta name=\"twitter:image\" content=\"https:\/\/2dejulhonoticias.com.br\/2jn\/wp-content\/uploads\/2026\/09\/praia-da-barra.webp\" \/>\n<meta name=\"twitter:creator\" content=\"@2_julho\" \/>\n<meta name=\"twitter:site\" content=\"@2_julho\" \/>\n<meta name=\"twitter:label1\" content=\"Escrito por\" \/>\n\t<meta name=\"twitter:data1\" content=\"Reda\u00e7\u00e3o\" \/>\n\t<meta name=\"twitter:label2\" content=\"Est. tempo de leitura\" \/>\n\t<meta name=\"twitter:data2\" content=\"1 minuto\" \/>\n<script type=\"application\/ld+json\" class=\"yoast-schema-graph\">{\"@context\":\"https:\\\/\\\/schema.org\",\"@graph\":[{\"@type\":\"Article\",\"@id\":\"https:\\\/\\\/2dejulhonoticias.com.br\\\/2jn\\\/praia-do-porto-da-barra-em-salvador-e-tera-area-exclusiva-para-banhistas-a-partir-desta-terca-1-9\\\/#article\",\"isPartOf\":{\"@id\":\"https:\\\/\\\/2dejulhonoticias.com.br\\\/2jn\\\/praia-do-porto-da-barra-em-salvador-e-tera-area-exclusiva-para-banhistas-a-partir-desta-terca-1-9\\\/\"},\"author\":{\"name\":\"Reda\u00e7\u00e3o\",\"@id\":\"https:\\\/\\\/2dejulhonoticias.com.br\\\/2jn\\\/#\\\/schema\\\/person\\\/a61e2ab9ae920711c9622c249b03dc16\"},\"headline\":\"Praia do Porto da Barra em Salvador e ter\u00e1 \u00e1rea exclusiva para banhistas a partir desta ter\u00e7a (1\\\/9)\",\"datePublished\":\"2026-09-01T12:00:01+00:00\",\"mainEntityOfPage\":{\"@id\":\"https:\\\/\\\/2dejulhonoticias.com.br\\\/2jn\\\/praia-do-porto-da-barra-em-salvador-e-tera-area-exclusiva-para-banhistas-a-partir-desta-terca-1-9\\\/\"},\"wordCount\":224,\"publisher\":{\"@id\":\"https:\\\/\\\/2dejulhonoticias.com.br\\\/2jn\\\/#\\\/schema\\\/person\\\/a61e2ab9ae920711c9622c249b03dc16\"},\"image\":{\"@id\":\"https:\\\/\\\/2dejulhonoticias.com.br\\\/2jn\\\/praia-do-porto-da-barra-em-salvador-e-tera-area-exclusiva-para-banhistas-a-partir-desta-terca-1-9\\\/#primaryimage\"},\"thumbnailUrl\":\"https:\\\/\\\/2dejulhonoticias.com.br\\\/2jn\\\/wp-content\\\/uploads\\\/2026\\\/09\\\/praia-da-barra.webp\",\"keywords\":[\"Praia da Barra\",\"Restrin\u00e7\u00f5es\"],\"articleSection\":[\"Entretenimento\",\"Salvador\",\"Turismo\",\"Viagens\"],\"inLanguage\":\"pt-BR\"},{\"@type\":\"WebPage\",\"@id\":\"https:\\\/\\\/2dejulhonoticias.com.br\\\/2jn\\\/praia-do-porto-da-barra-em-salvador-e-tera-area-exclusiva-para-banhistas-a-partir-desta-terca-1-9\\\/\",\"url\":\"https:\\\/\\\/2dejulhonoticias.com.br\\\/2jn\\\/praia-do-porto-da-barra-em-salvador-e-tera-area-exclusiva-para-banhistas-a-partir-desta-terca-1-9\\\/\",\"name\":\"Praia do Porto da Barra em Salvador e ter\u00e1 \u00e1rea exclusiva para banhistas a partir desta ter\u00e7a (1\\\/9) - 2 de Julho Not\u00edcias\",\"isPartOf\":{\"@id\":\"https:\\\/\\\/2dejulhonoticias.com.br\\\/2jn\\\/#website\"},\"primaryImageOfPage\":{\"@id\":\"https:\\\/\\\/2dejulhonoticias.com.br\\\/2jn\\\/praia-do-porto-da-barra-em-salvador-e-tera-area-exclusiva-para-banhistas-a-partir-desta-terca-1-9\\\/#primaryimage\"},\"image\":{\"@id\":\"https:\\\/\\\/2dejulhonoticias.com.br\\\/2jn\\\/praia-do-porto-da-barra-em-salvador-e-tera-area-exclusiva-para-banhistas-a-partir-desta-terca-1-9\\\/#primaryimage\"},\"thumbnailUrl\":\"https:\\\/\\\/2dejulhonoticias.com.br\\\/2jn\\\/wp-content\\\/uploads\\\/2026\\\/09\\\/praia-da-barra.webp\",\"datePublished\":\"2026-09-01T12:00:01+00:00\",\"description\":\"Praia do Porto da Barra em Salvador e ter\u00e1 \u00e1rea exclusiva para banhistas a partir desta ter\u00e7a (1\\\/9)\",\"breadcrumb\":{\"@id\":\"https:\\\/\\\/2dejulhonoticias.com.br\\\/2jn\\\/praia-do-porto-da-barra-em-salvador-e-tera-area-exclusiva-para-banhistas-a-partir-desta-terca-1-9\\\/#breadcrumb\"},\"inLanguage\":\"pt-BR\",\"potentialAction\":[{\"@type\":\"ReadAction\",\"target\":[\"https:\\\/\\\/2dejulhonoticias.com.br\\\/2jn\\\/praia-do-porto-da-barra-em-salvador-e-tera-area-exclusiva-para-banhistas-a-partir-desta-terca-1-9\\\/\"]}]},{\"@type\":\"ImageObject\",\"inLanguage\":\"pt-BR\",\"@id\":\"https:\\\/\\\/2dejulhonoticias.com.br\\\/2jn\\\/praia-do-porto-da-barra-em-salvador-e-tera-area-exclusiva-para-banhistas-a-partir-desta-terca-1-9\\\/#primaryimage\",\"url\":\"https:\\\/\\\/2dejulhonoticias.com.br\\\/2jn\\\/wp-content\\\/uploads\\\/2026\\\/09\\\/praia-da-barra.webp\",\"contentUrl\":\"https:\\\/\\\/2dejulhonoticias.com.br\\\/2jn\\\/wp-content\\\/uploads\\\/2026\\\/09\\\/praia-da-barra.webp\",\"width\":600,\"height\":400},{\"@type\":\"BreadcrumbList\",\"@id\":\"https:\\\/\\\/2dejulhonoticias.com.br\\\/2jn\\\/praia-do-porto-da-barra-em-salvador-e-tera-area-exclusiva-para-banhistas-a-partir-desta-terca-1-9\\\/#breadcrumb\",\"itemListElement\":[{\"@type\":\"ListItem\",\"position\":1,\"name\":\"In\u00edcio\",\"item\":\"https:\\\/\\\/2dejulhonoticias.com.br\\\/2jn\\\/\"},{\"@type\":\"ListItem\",\"position\":2,\"name\":\"Praia do Porto da Barra em Salvador e ter\u00e1 \u00e1rea exclusiva para banhistas a partir desta ter\u00e7a (1\\\/9)\"}]},{\"@type\":\"WebSite\",\"@id\":\"https:\\\/\\\/2dejulhonoticias.com.br\\\/2jn\\\/#website\",\"url\":\"https:\\\/\\\/2dejulhonoticias.com.br\\\/2jn\\\/\",\"name\":\"2 de Julho Noticias - A not\u00edcia ao seu alcance\",\"description\":\"Noticias sobre Politica, Policia,Esporte,Vida e Estilo, Sa\u00fade,Moda e Beleza,Mundo da Fama,Emprego e Concursos,Arte e Cultura,Cama\u00e7ari\",\"publisher\":{\"@id\":\"https:\\\/\\\/2dejulhonoticias.com.br\\\/2jn\\\/#\\\/schema\\\/person\\\/a61e2ab9ae920711c9622c249b03dc16\"},\"potentialAction\":[{\"@type\":\"SearchAction\",\"target\":{\"@type\":\"EntryPoint\",\"urlTemplate\":\"https:\\\/\\\/2dejulhonoticias.com.br\\\/2jn\\\/?s={search_term_string}\"},\"query-input\":{\"@type\":\"PropertyValueSpecification\",\"valueRequired\":true,\"valueName\":\"search_term_string\"}}],\"inLanguage\":\"pt-BR\"},{\"@type\":[\"Person\",\"Organization\"],\"@id\":\"https:\\\/\\\/2dejulhonoticias.com.br\\\/2jn\\\/#\\\/schema\\\/person\\\/a61e2ab9ae920711c9622c249b03dc16\",\"name\":\"Reda\u00e7\u00e3o\",\"image\":{\"@type\":\"ImageObject\",\"inLanguage\":\"pt-BR\",\"@id\":\"https:\\\/\\\/2dejulhonoticias.com.br\\\/2jn\\\/wp-content\\\/uploads\\\/2020\\\/11\\\/logo2dejulho.png\",\"url\":\"https:\\\/\\\/2dejulhonoticias.com.br\\\/2jn\\\/wp-content\\\/uploads\\\/2020\\\/11\\\/logo2dejulho.png\",\"contentUrl\":\"https:\\\/\\\/2dejulhonoticias.com.br\\\/2jn\\\/wp-content\\\/uploads\\\/2020\\\/11\\\/logo2dejulho.png\",\"width\":291,\"height\":96,\"caption\":\"Reda\u00e7\u00e3o\"},\"logo\":{\"@id\":\"https:\\\/\\\/2dejulhonoticias.com.br\\\/2jn\\\/wp-content\\\/uploads\\\/2020\\\/11\\\/logo2dejulho.png\"},\"sameAs\":[\"https:\\\/\\\/www.facebook.com\\\/J2deJulho\",\"https:\\\/\\\/www.instagram.com\\\/mirobaia\\\/\",\"https:\\\/\\\/www.linkedin.com\\\/in\\\/mirobaia\\\/\",\"https:\\\/\\\/x.com\\\/2_julho\",\"https:\\\/\\\/www.youtube.com\\\/c\\\/MiroBaia\"]}]}<\/script>\n<!-- \/ Yoast SEO Premium plugin. -->","yoast_head_json":{"title":"Praia do Porto da Barra em Salvador e ter\u00e1 \u00e1rea exclusiva para banhistas a partir desta ter\u00e7a (1\/9) - 2 de Julho Not\u00edcias","description":"Praia do Porto da Barra em Salvador e ter\u00e1 \u00e1rea exclusiva para banhistas a partir desta ter\u00e7a (1\/9)","robots":{"index":"index","follow":"follow","max-snippet":"max-snippet:-1","max-image-preview":"max-image-preview:large","max-video-preview":"max-video-preview:-1"},"canonical":"https:\/\/2dejulhonoticias.com.br\/2jn\/praia-do-porto-da-barra-em-salvador-e-tera-area-exclusiva-para-banhistas-a-partir-desta-terca-1-9\/","twitter_card":"summary_large_image","twitter_title":"Praia do Porto da Barra em Salvador e ter\u00e1 \u00e1rea exclusiva para banhistas a partir desta ter\u00e7a (1\/9) - 2 de Julho Not\u00edcias","twitter_description":"Praia do Porto da Barra em Salvador e ter\u00e1 \u00e1rea exclusiva para banhistas a partir desta ter\u00e7a (1\/9)","twitter_image":"https:\/\/2dejulhonoticias.com.br\/2jn\/wp-content\/uploads\/2026\/09\/praia-da-barra.webp","twitter_creator":"@2_julho","twitter_site":"@2_julho","twitter_misc":{"Escrito por":"Reda\u00e7\u00e3o","Est. tempo de leitura":"1 minuto"},"schema":{"@context":"https:\/\/schema.org","@graph":[{"@type":"Article","@id":"https:\/\/2dejulhonoticias.com.br\/2jn\/praia-do-porto-da-barra-em-salvador-e-tera-area-exclusiva-para-banhistas-a-partir-desta-terca-1-9\/#article","isPartOf":{"@id":"https:\/\/2dejulhonoticias.com.br\/2jn\/praia-do-porto-da-barra-em-salvador-e-tera-area-exclusiva-para-banhistas-a-partir-desta-terca-1-9\/"},"author":{"name":"Reda\u00e7\u00e3o","@id":"https:\/\/2dejulhonoticias.com.br\/2jn\/#\/schema\/person\/a61e2ab9ae920711c9622c249b03dc16"},"headline":"Praia do Porto da Barra em Salvador e ter\u00e1 \u00e1rea exclusiva para banhistas a partir desta ter\u00e7a (1\/9)","datePublished":"2026-09-01T12:00:01+00:00","mainEntityOfPage":{"@id":"https:\/\/2dejulhonoticias.com.br\/2jn\/praia-do-porto-da-barra-em-salvador-e-tera-area-exclusiva-para-banhistas-a-partir-desta-terca-1-9\/"},"wordCount":224,"publisher":{"@id":"https:\/\/2dejulhonoticias.com.br\/2jn\/#\/schema\/person\/a61e2ab9ae920711c9622c249b03dc16"},"image":{"@id":"https:\/\/2dejulhonoticias.com.br\/2jn\/praia-do-porto-da-barra-em-salvador-e-tera-area-exclusiva-para-banhistas-a-partir-desta-terca-1-9\/#primaryimage"},"thumbnailUrl":"https:\/\/2dejulhonoticias.com.br\/2jn\/wp-content\/uploads\/2026\/09\/praia-da-barra.webp","keywords":["Praia da Barra","Restrin\u00e7\u00f5es"],"articleSection":["Entretenimento","Salvador","Turismo","Viagens"],"inLanguage":"pt-BR"},{"@type":"WebPage","@id":"https:\/\/2dejulhonoticias.com.br\/2jn\/praia-do-porto-da-barra-em-salvador-e-tera-area-exclusiva-para-banhistas-a-partir-desta-terca-1-9\/","url":"https:\/\/2dejulhonoticias.com.br\/2jn\/praia-do-porto-da-barra-em-salvador-e-tera-area-exclusiva-para-banhistas-a-partir-desta-terca-1-9\/","name":"Praia do Porto da Barra em Salvador e ter\u00e1 \u00e1rea exclusiva para banhistas a partir desta ter\u00e7a (1\/9) - 2 de Julho Not\u00edcias","isPartOf":{"@id":"https:\/\/2dejulhonoticias.com.br\/2jn\/#website"},"primaryImageOfPage":{"@id":"https:\/\/2dejulhonoticias.com.br\/2jn\/praia-do-porto-da-barra-em-salvador-e-tera-area-exclusiva-para-banhistas-a-partir-desta-terca-1-9\/#primaryimage"},"image":{"@id":"https:\/\/2dejulhonoticias.com.br\/2jn\/praia-do-porto-da-barra-em-salvador-e-tera-area-exclusiva-para-banhistas-a-partir-desta-terca-1-9\/#primaryimage"},"thumbnailUrl":"https:\/\/2dejulhonoticias.com.br\/2jn\/wp-content\/uploads\/2026\/09\/praia-da-barra.webp","datePublished":"2026-09-01T12:00:01+00:00","description":"Praia do Porto da Barra em Salvador e ter\u00e1 \u00e1rea exclusiva para banhistas a partir desta ter\u00e7a (1\/9)","breadcrumb":{"@id":"https:\/\/2dejulhonoticias.com.br\/2jn\/praia-do-porto-da-barra-em-salvador-e-tera-area-exclusiva-para-banhistas-a-partir-desta-terca-1-9\/#breadcrumb"},"inLanguage":"pt-BR","potentialAction":[{"@type":"ReadAction","target":["https:\/\/2dejulhonoticias.com.br\/2jn\/praia-do-porto-da-barra-em-salvador-e-tera-area-exclusiva-para-banhistas-a-partir-desta-terca-1-9\/"]}]},{"@type":"ImageObject","inLanguage":"pt-BR","@id":"https:\/\/2dejulhonoticias.com.br\/2jn\/praia-do-porto-da-barra-em-salvador-e-tera-area-exclusiva-para-banhistas-a-partir-desta-terca-1-9\/#primaryimage","url":"https:\/\/2dejulhonoticias.com.br\/2jn\/wp-content\/uploads\/2026\/09\/praia-da-barra.webp","contentUrl":"https:\/\/2dejulhonoticias.com.br\/2jn\/wp-content\/uploads\/2026\/09\/praia-da-barra.webp","width":600,"height":400},{"@type":"BreadcrumbList","@id":"https:\/\/2dejulhonoticias.com.br\/2jn\/praia-do-porto-da-barra-em-salvador-e-tera-area-exclusiva-para-banhistas-a-partir-desta-terca-1-9\/#breadcrumb","itemListElement":[{"@type":"ListItem","position":1,"name":"In\u00edcio","item":"https:\/\/2dejulhonoticias.com.br\/2jn\/"},{"@type":"ListItem","position":2,"name":"Praia do Porto da Barra em Salvador e ter\u00e1 \u00e1rea exclusiva para banhistas a partir desta ter\u00e7a (1\/9)"}]},{"@type":"WebSite","@id":"https:\/\/2dejulhonoticias.com.br\/2jn\/#website","url":"https:\/\/2dejulhonoticias.com.br\/2jn\/","name":"2 de Julho Noticias - A not\u00edcia ao seu alcance","description":"Noticias sobre Politica, Policia,Esporte,Vida e Estilo, Sa\u00fade,Moda e Beleza,Mundo da Fama,Emprego e Concursos,Arte e Cultura,Cama\u00e7ari","publisher":{"@id":"https:\/\/2dejulhonoticias.com.br\/2jn\/#\/schema\/person\/a61e2ab9ae920711c9622c249b03dc16"},"potentialAction":[{"@type":"SearchAction","target":{"@type":"EntryPoint","urlTemplate":"https:\/\/2dejulhonoticias.com.br\/2jn\/?s={search_term_string}"},"query-input":{"@type":"PropertyValueSpecification","valueRequired":true,"valueName":"search_term_string"}}],"inLanguage":"pt-BR"},{"@type":["Person","Organization"],"@id":"https:\/\/2dejulhonoticias.com.br\/2jn\/#\/schema\/person\/a61e2ab9ae920711c9622c249b03dc16","name":"Reda\u00e7\u00e3o","image":{"@type":"ImageObject","inLanguage":"pt-BR","@id":"https:\/\/2dejulhonoticias.com.br\/2jn\/wp-content\/uploads\/2020\/11\/logo2dejulho.png","url":"https:\/\/2dejulhonoticias.com.br\/2jn\/wp-content\/uploads\/2020\/11\/logo2dejulho.png","contentUrl":"https:\/\/2dejulhonoticias.com.br\/2jn\/wp-content\/uploads\/2020\/11\/logo2dejulho.png","width":291,"height":96,"caption":"Reda\u00e7\u00e3o"},"logo":{"@id":"https:\/\/2dejulhonoticias.com.br\/2jn\/wp-content\/uploads\/2020\/11\/logo2dejulho.png"},"sameAs":["https:\/\/www.facebook.com\/J2deJulho","https:\/\/www.instagram.com\/mirobaia\/","https:\/\/www.linkedin.com\/in\/mirobaia\/","https:\/\/x.com\/2_julho","https:\/\/www.youtube.com\/c\/MiroBaia"]}]}},"_links":{"self":[{"href":"https:\/\/2dejulhonoticias.com.br\/2jn\/wp-json\/wp\/v2\/posts\/42518","targetHints":{"allow":["GET"]}}],"collection":[{"href":"https:\/\/2dejulhonoticias.com.br\/2jn\/wp-json\/wp\/v2\/posts"}],"about":[{"href":"https:\/\/2dejulhonoticias.com.br\/2jn\/wp-json\/wp\/v2\/types\/post"}],"author":[{"embeddable":true,"href":"https:\/\/2dejulhonoticias.com.br\/2jn\/wp-json\/wp\/v2\/users\/1"}],"replies":[{"embeddable":true,"href":"https:\/\/2dejulhonoticias.com.br\/2jn\/wp-json\/wp\/v2\/comments?post=42518"}],"version-history":[{"count":1,"href":"https:\/\/2dejulhonoticias.com.br\/2jn\/wp-json\/wp\/v2\/posts\/42518\/revisions"}],"predecessor-version":[{"id":42520,"href":"https:\/\/2dejulhonoticias.com.br\/2jn\/wp-json\/wp\/v2\/posts\/42518\/revisions\/42520"}],"wp:featuredmedia":[{"embeddable":true,"href":"https:\/\/2dejulhonoticias.com.br\/2jn\/wp-json\/wp\/v2\/media\/42519"}],"wp:attachment":[{"href":"https:\/\/2dejulhonoticias.com.br\/2jn\/wp-json\/wp\/v2\/media?parent=42518"}],"wp:term":[{"taxonomy":"category","embeddable":true,"href":"https:\/\/2dejulhonoticias.com.br\/2jn\/wp-json\/wp\/v2\/categories?post=42518"},{"taxonomy":"post_tag","embeddable":true,"href":"https:\/\/2dejulhonoticias.com.br\/2jn\/wp-json\/wp\/v2\/tags?post=42518"}],"curies":[{"name":"wp","href":"https:\/\/api.w.org\/{rel}","templated":true}]}}