{"id":42515,"date":"2026-09-01T08:48:10","date_gmt":"2026-09-01T11:48:10","guid":{"rendered":"https:\/\/2dejulhonoticias.com.br\/2jn\/?p=42515"},"modified":"2026-09-01T08:48:10","modified_gmt":"2026-09-01T11:48:10","slug":"ex-pm-e-alvo-de-operacao-por-suspeita-de-fraude-para-obter-registro-de-cac-na-bahia","status":"publish","type":"post","link":"https:\/\/2dejulhonoticias.com.br\/2jn\/ex-pm-e-alvo-de-operacao-por-suspeita-de-fraude-para-obter-registro-de-cac-na-bahia\/","title":{"rendered":"Ex-PM \u00e9 alvo de opera\u00e7\u00e3o por suspeita de fraude para obter registro de CAC na Bahia"},"content":{"rendered":"<div style=\"text-align: justify;\">\nA Pol\u00edcia Federal e a Secretaria da Seguran\u00e7a P\u00fablica da Bahia (SSP-BA) fizeram, nesta ter\u00e7a-feira (1\u00ba), uma opera\u00e7\u00e3o para investigar um ex-policial militar suspeito de conseguir, de forma irregular, o registro de Colecionador, Atirador Desportivo e Ca\u00e7ador (CAC). Um mandado de busca e apreens\u00e3o foi cumprido em Salvador.<\/p>\n<p>A opera\u00e7\u00e3o, batizada de Guardi\u00f5es de Fogo, apura a posse de uma arma de fogo de uso restrito. Segundo as investiga\u00e7\u00f5es, o ex-PM teria fraudado o processo para conseguir o Certificado de Registro (CR) de CAC.<\/p>\n<p>A suspeita \u00e9 de que ele tenha omitido informa\u00e7\u00f5es e apresentado dados considerados falsos ou inadequados durante o processo de obten\u00e7\u00e3o do registro. Com isso, teria conseguido a autoriza\u00e7\u00e3o mesmo sem cumprir o requisito de idoneidade exigido pela legisla\u00e7\u00e3o.<\/p>\n<p>\ud83d\udcf1 <a href=\"https:\/\/chat.whatsapp.com\/L8KSLsjENzl5HrgtytuzCL\"> SIGA PRA MAIS NOT\u00cdCIAS: entre na comunidade do 2JN no WhatsApp<\/a>\n<\/div>\n<div>\n<!-- GoogleAdsense --><\/p>\n<p style=\"text-align: justify;\"><span style=\"font-size: 14pt;\"><strong> LEIA TAMB\u00c9M <\/strong><\/span><\/p>\n<p><script async src=\"https:\/\/pagead2.googlesyndication.com\/pagead\/js\/adsbygoogle.js?client=ca-pub-3129804789748719\" crossorigin=\"anonymous\"><\/script><br \/>\n<!-- Anuncio horizontal responsivo --><br \/>\n<ins class=\"adsbygoogle\" style=\"display: block;\" data-ad-client=\"ca-pub-3129804789748719\" data-ad-slot=\"1473312501\" data-ad-format=\"auto\" data-full-width-responsive=\"true\"><\/ins><br \/>\n<script>\n     (adsbygoogle = window.adsbygoogle || []).push({});\n<\/script>\n<\/div>\n<div style=\"text-align: justify;\">\n<div class=\"related bk-inline-post-box alignleft\" style=\"color: #fcfcfc; background-color: #fac8c8;\"><ul class=\"list-small-post row\"><li class=\"small-post content_out clearfix\">                        <div class=\"small-thumbnail-wrapper\">\n                <div class=\"thumb hide-thumb term-89\"><a href=\"https:\/\/2dejulhonoticias.com.br\/2jn\/a-multinacional-acelen-aumenta-o-botijao-de-gas-na-bahia-a-partir-desta-terca-1o-e-valor-pode-chegar-a-r-160\/\"><img decoding=\"async\" width=\"90\" height=\"65\" src=\"https:\/\/2dejulhonoticias.com.br\/2jn\/wp-content\/uploads\/2026\/03\/gas-botijao-90x65.webp\" class=\"attachment-rubik-90-65 size-rubik-90-65 wp-post-image\" alt=\"G\u00e1s\" \/><div class=\"rubik-post-icon-wrap\"><\/div><\/a> <!-- close a tag --><\/div> <!-- close thumb -->            <\/div>\n                        <div class=\"post-c-wrap\">\n                                \n                <h4 class=\"title\"><a class=\"term-89\" href=\"https:\/\/2dejulhonoticias.com.br\/2jn\/a-multinacional-acelen-aumenta-o-botijao-de-gas-na-bahia-a-partir-desta-terca-1o-e-valor-pode-chegar-a-r-160\/\">A multinacional Acelen aumenta o botij\u00e3o de g\u00e1s na Bahia a partir desta ter\u00e7a (1\u00ba) ...<\/a><\/h4>                <div class=\"meta\"><div class=\"post-date\">1 de setembro de 2026<\/div><\/div> \n            <\/div>\n            <\/li><!-- End post --><li class=\"small-post content_out clearfix\">                        <div class=\"small-thumbnail-wrapper\">\n                <div class=\"thumb hide-thumb term-89\"><a href=\"https:\/\/2dejulhonoticias.com.br\/2jn\/tragedia-em-paramirim-quatro-criancas-da-mesma-familia-morrem-afogadas\/\"><img decoding=\"async\" width=\"90\" height=\"65\" src=\"https:\/\/2dejulhonoticias.com.br\/2jn\/wp-content\/uploads\/2026\/08\/tragediaemParamirim-90x65.webp\" class=\"attachment-rubik-90-65 size-rubik-90-65 wp-post-image\" alt=\"\" \/><div class=\"rubik-post-icon-wrap\"><\/div><\/a> <!-- close a tag --><\/div> <!-- close thumb -->            <\/div>\n                        <div class=\"post-c-wrap\">\n                                \n                <h4 class=\"title\"><a class=\"term-89\" href=\"https:\/\/2dejulhonoticias.com.br\/2jn\/tragedia-em-paramirim-quatro-criancas-da-mesma-familia-morrem-afogadas\/\">TRAG\u00c9DIA EM PARAMIRIM: Quatro crian\u00e7as da mesma fam\u00edlia morrem afogadas<\/a><\/h4>                <div class=\"meta\"><div class=\"post-date\">31 de agosto de 2026<\/div><\/div> \n            <\/div>\n            <\/li><!-- End post --><li class=\"small-post content_out clearfix\">                        <div class=\"small-thumbnail-wrapper\">\n                <div class=\"thumb hide-thumb term-75\"><a href=\"https:\/\/2dejulhonoticias.com.br\/2jn\/david-correa-jogador-do-vasco-e-alvo-de-buscas-por-trafico-de-armas-e-drogas-renyer-ex-santos-acaba-detido-por-desacato\/\"><img decoding=\"async\" width=\"90\" height=\"65\" src=\"https:\/\/2dejulhonoticias.com.br\/2jn\/wp-content\/uploads\/2026\/08\/Renyer-Oliveira-e-David-Correa-90x65.webp\" class=\"attachment-rubik-90-65 size-rubik-90-65 wp-post-image\" alt=\"\" \/><div class=\"rubik-post-icon-wrap\"><\/div><\/a> <!-- close a tag --><\/div> <!-- close thumb -->            <\/div>\n                        <div class=\"post-c-wrap\">\n                                \n                <h4 class=\"title\"><a class=\"term-75\" href=\"https:\/\/2dejulhonoticias.com.br\/2jn\/david-correa-jogador-do-vasco-e-alvo-de-buscas-por-trafico-de-armas-e-drogas-renyer-ex-santos-acaba-detido-por-desacato\/\">David Corr\u00eaa, jogador do Vasco, \u00e9 alvo de buscas por tr\u00e1fico de armas e drogas; ...<\/a><\/h4>                <div class=\"meta\"><div class=\"post-date\">31 de agosto de 2026<\/div><\/div> \n            <\/div>\n            <\/li><!-- End post --><\/ul> <!-- End list-post --><\/div><br \/>\nO investigado est\u00e1 preso no Complexo Penal de Juazeiro. Segundo a SSP-BA, caso seja condenado pelos crimes investigados, as penas podem ultrapassar 10 anos de pris\u00e3o.<\/p>\n<p>A opera\u00e7\u00e3o \u00e9 realizada pela Pol\u00edcia Federal e pela Coordena\u00e7\u00e3o de Gest\u00e3o Estrat\u00e9gica da SSP-BA (COGER\/Force). As equipes tamb\u00e9m investigam se outras pessoas participaram do esquema.<\/p>\n<p>O CAC \u00e9 a pessoa autorizada a exercer uma dessas atividades, desde que cumpra as exig\u00eancias previstas na legisla\u00e7\u00e3o. O registro n\u00e3o significa que o cidad\u00e3o tenha autoriza\u00e7\u00e3o geral para portar uma arma de fogo, e a aquisi\u00e7\u00e3o e o uso de armas seguem regras espec\u00edficas.<\/p>\n<p>Para se tornar CAC, o interessado precisa solicitar o registro ao \u00f3rg\u00e3o respons\u00e1vel e apresentar documentos e comprova\u00e7\u00f5es exigidos pela legisla\u00e7\u00e3o, al\u00e9m de atender a requisitos como comprova\u00e7\u00e3o de idoneidade e aptid\u00e3o. O pedido passa por an\u00e1lise e, se aprovado, permite o exerc\u00edcio da atividade correspondente dentro das regras estabelecidas.\n<\/p><\/div>\n<hr \/>\n<p><!-- banner meio--><\/p>\n<div><script async src=\"https:\/\/pagead2.googlesyndication.com\/pagead\/js\/adsbygoogle.js?client=ca-pub-3129804789748719\" crossorigin=\"anonymous\"><\/script><br \/>\n<!-- Banner quadrado responsivo --><br \/>\n<ins class=\"adsbygoogle\" style=\"display: block;\" data-ad-client=\"ca-pub-3129804789748719\" data-ad-slot=\"2076857862\" data-ad-format=\"auto\" data-full-width-responsive=\"true\"><\/ins><br \/>\n<script>\n     (adsbygoogle = window.adsbygoogle || []).push({});\n<\/script><\/div>\n<p><!-- banner meio responsivo --><\/p>\n<hr \/>\n<p><!-- RODAP\u00c9 DA NOTICIA --><\/p>\n<div><strong> Siga a coluna no <a href=\"https:\/\/www.facebook.com\/jornal2jn\" target=\"_blank\" rel=\"noopener\">Facebook<\/a> e no <a href=\"https:\/\/www.instagram.com\/jornal2dejulho\/\" target=\"_blank\" rel=\"noopener\">Instagram<\/a> para n\u00e3o perder nada.<\/strong><\/div>\n<p style=\"text-align: right;\"><em> por Reda\u00e7\u00e3o 2JN &#8211; g1 ba<\/em><\/p>\n<p><!--\n\nO 2 de Julho Noticias \u00e9 um Jornal Independente, pois n\u00e3o tem apoios Pol\u00edticos Partid\u00e1rios, de Prefeitura e nem de Comercio, e precisa de seu apoio, caso possa em assinar nosso Livro de Parceiros e Colaboradores.\nSua colabora\u00e7\u00e3o \u00e9 muito importante para nossa continuidade! Chave PIX EMAIL: parceiro@2dejulhonoticias.com.br\n\n--><\/p>\n<hr \/>\n<p><!-- banner meio responsivo--><br \/>\n<script async src=\"https:\/\/pagead2.googlesyndication.com\/pagead\/js\/adsbygoogle.js?client=ca-pub-3129804789748719\" crossorigin=\"anonymous\"><\/script><br \/>\n<!-- banner 728x90 2jn --><br \/>\n<ins class=\"adsbygoogle\" style=\"display: inline-block; width: 728px; height: 90px;\" data-ad-client=\"ca-pub-3129804789748719\" data-ad-slot=\"1383288950\"><\/ins><br \/>\n<script>\n     (adsbygoogle = window.adsbygoogle || []).push({});\n<\/script><\/p>\n<p style=\"text-align: justify;\"><span style=\"font-size: 14pt;\"><strong> LEIA TAMB\u00c9M <\/strong><\/span><\/p>\n<p><!-- banner meio responsivo--><br \/>\n<script async src=\"https:\/\/pagead2.googlesyndication.com\/pagead\/js\/adsbygoogle.js?client=ca-pub-3129804789748719\" crossorigin=\"anonymous\"><\/script><br \/>\n<!-- banner 728x90 2jn --><br \/>\n<ins class=\"adsbygoogle\" style=\"display: inline-block; width: 728px; height: 90px;\" data-ad-client=\"ca-pub-3129804789748719\" data-ad-slot=\"1383288950\"><\/ins><br \/>\n<script>\n     (adsbygoogle = window.adsbygoogle || []).push({});\n<\/script><br \/>\n<amp-ad width=\"100vw\" height=\"320\"\n     type=\"adsense\"\n     data-ad-client=\"ca-pub-3129804789748719\"\n     data-ad-slot=\"4367194841\"\n     data-auto-format=\"mcrspv\"\n     data-full-width=\"\"><\/p>\n<div overflow=\"\"><\/div>\n<p><\/amp-ad><br \/>\n<amp-ad\n     layout=\"fixed\"\n     width=\"728\"\n     height=\"90\"\n     type=\"adsense\"\n     data-ad-client=\"ca-pub-3129804789748719\"\n     data-ad-slot=\"1383288950\"><br \/>\n<\/amp-ad><\/p>\n","protected":false},"excerpt":{"rendered":"<p>A Pol\u00edcia Federal e a Secretaria da Seguran\u00e7a P\u00fablica da Bahia (SSP-BA) fizeram, nesta ter\u00e7a-feira (1\u00ba), uma opera\u00e7\u00e3o para investigar um ex-policial militar suspeito de conseguir, de forma irregular, o registro de Colecionador, Atirador Desportivo e Ca\u00e7ador (CAC). Um mandado de busca e apreens\u00e3o foi cumprido em Salvador. A opera\u00e7\u00e3o, batizada de Guardi\u00f5es de Fogo, apura a posse de uma arma de fogo de uso restrito. Segundo as investiga\u00e7\u00f5es, o ex-PM teria fraudado o processo para conseguir o Certificado de Registro (CR) de CAC. A suspeita \u00e9 de que ele tenha omitido informa\u00e7\u00f5es e apresentado dados considerados falsos ou inadequados [&hellip;]<\/p>\n","protected":false},"author":1,"featured_media":42516,"comment_status":"closed","ping_status":"open","sticky":false,"template":"","format":"standard","meta":{"footnotes":""},"categories":[89,87],"tags":[824,5870],"class_list":["post-42515","post","type-post","status-publish","format-standard","has-post-thumbnail","hentry","category-bahia","category-policia","tag-busca-e-apreensao","tag-registro-cac"],"yoast_head":"<!-- This site is optimized with the Yoast SEO Premium plugin v23.7 (Yoast SEO v27.7) - https:\/\/yoast.com\/product\/yoast-seo-premium-wordpress\/ -->\n<title>Ex-PM \u00e9 alvo de opera\u00e7\u00e3o por suspeita de fraude para obter registro de CAC na Bahia - 2 de Julho Not\u00edcias<\/title>\n<meta name=\"description\" content=\"Ex-PM \u00e9 alvo de opera\u00e7\u00e3o por suspeita de fraude para obter registro de CAC na Bahia\" \/>\n<meta name=\"robots\" content=\"index, follow, max-snippet:-1, max-image-preview:large, max-video-preview:-1\" \/>\n<link rel=\"canonical\" href=\"https:\/\/2dejulhonoticias.com.br\/2jn\/ex-pm-e-alvo-de-operacao-por-suspeita-de-fraude-para-obter-registro-de-cac-na-bahia\/\" \/>\n<meta name=\"twitter:card\" content=\"summary_large_image\" \/>\n<meta name=\"twitter:title\" content=\"Ex-PM \u00e9 alvo de opera\u00e7\u00e3o por suspeita de fraude para obter registro de CAC na Bahia - 2 de Julho Not\u00edcias\" \/>\n<meta name=\"twitter:description\" content=\"Ex-PM \u00e9 alvo de opera\u00e7\u00e3o por suspeita de fraude para obter registro de CAC na Bahia\" \/>\n<meta name=\"twitter:image\" content=\"https:\/\/2dejulhonoticias.com.br\/2jn\/wp-content\/uploads\/2026\/09\/Ex-PM-foi-alvo-de-operacao-em-Salvador.webp\" \/>\n<meta name=\"twitter:creator\" content=\"@2_julho\" \/>\n<meta name=\"twitter:site\" content=\"@2_julho\" \/>\n<meta name=\"twitter:label1\" content=\"Escrito por\" \/>\n\t<meta name=\"twitter:data1\" content=\"Reda\u00e7\u00e3o\" \/>\n\t<meta name=\"twitter:label2\" content=\"Est. tempo de leitura\" \/>\n\t<meta name=\"twitter:data2\" content=\"1 minuto\" \/>\n<script type=\"application\/ld+json\" class=\"yoast-schema-graph\">{\"@context\":\"https:\\\/\\\/schema.org\",\"@graph\":[{\"@type\":\"Article\",\"@id\":\"https:\\\/\\\/2dejulhonoticias.com.br\\\/2jn\\\/ex-pm-e-alvo-de-operacao-por-suspeita-de-fraude-para-obter-registro-de-cac-na-bahia\\\/#article\",\"isPartOf\":{\"@id\":\"https:\\\/\\\/2dejulhonoticias.com.br\\\/2jn\\\/ex-pm-e-alvo-de-operacao-por-suspeita-de-fraude-para-obter-registro-de-cac-na-bahia\\\/\"},\"author\":{\"name\":\"Reda\u00e7\u00e3o\",\"@id\":\"https:\\\/\\\/2dejulhonoticias.com.br\\\/2jn\\\/#\\\/schema\\\/person\\\/a61e2ab9ae920711c9622c249b03dc16\"},\"headline\":\"Ex-PM \u00e9 alvo de opera\u00e7\u00e3o por suspeita de fraude para obter registro de CAC na Bahia\",\"datePublished\":\"2026-09-01T11:48:10+00:00\",\"mainEntityOfPage\":{\"@id\":\"https:\\\/\\\/2dejulhonoticias.com.br\\\/2jn\\\/ex-pm-e-alvo-de-operacao-por-suspeita-de-fraude-para-obter-registro-de-cac-na-bahia\\\/\"},\"wordCount\":373,\"publisher\":{\"@id\":\"https:\\\/\\\/2dejulhonoticias.com.br\\\/2jn\\\/#\\\/schema\\\/person\\\/a61e2ab9ae920711c9622c249b03dc16\"},\"image\":{\"@id\":\"https:\\\/\\\/2dejulhonoticias.com.br\\\/2jn\\\/ex-pm-e-alvo-de-operacao-por-suspeita-de-fraude-para-obter-registro-de-cac-na-bahia\\\/#primaryimage\"},\"thumbnailUrl\":\"https:\\\/\\\/2dejulhonoticias.com.br\\\/2jn\\\/wp-content\\\/uploads\\\/2026\\\/09\\\/Ex-PM-foi-alvo-de-operacao-em-Salvador.webp\",\"keywords\":[\"Busca e Apreens\u00e3o\",\"Registro CAC\"],\"articleSection\":[\"Bahia\",\"Policia\"],\"inLanguage\":\"pt-BR\"},{\"@type\":\"WebPage\",\"@id\":\"https:\\\/\\\/2dejulhonoticias.com.br\\\/2jn\\\/ex-pm-e-alvo-de-operacao-por-suspeita-de-fraude-para-obter-registro-de-cac-na-bahia\\\/\",\"url\":\"https:\\\/\\\/2dejulhonoticias.com.br\\\/2jn\\\/ex-pm-e-alvo-de-operacao-por-suspeita-de-fraude-para-obter-registro-de-cac-na-bahia\\\/\",\"name\":\"Ex-PM \u00e9 alvo de opera\u00e7\u00e3o por suspeita de fraude para obter registro de CAC na Bahia - 2 de Julho Not\u00edcias\",\"isPartOf\":{\"@id\":\"https:\\\/\\\/2dejulhonoticias.com.br\\\/2jn\\\/#website\"},\"primaryImageOfPage\":{\"@id\":\"https:\\\/\\\/2dejulhonoticias.com.br\\\/2jn\\\/ex-pm-e-alvo-de-operacao-por-suspeita-de-fraude-para-obter-registro-de-cac-na-bahia\\\/#primaryimage\"},\"image\":{\"@id\":\"https:\\\/\\\/2dejulhonoticias.com.br\\\/2jn\\\/ex-pm-e-alvo-de-operacao-por-suspeita-de-fraude-para-obter-registro-de-cac-na-bahia\\\/#primaryimage\"},\"thumbnailUrl\":\"https:\\\/\\\/2dejulhonoticias.com.br\\\/2jn\\\/wp-content\\\/uploads\\\/2026\\\/09\\\/Ex-PM-foi-alvo-de-operacao-em-Salvador.webp\",\"datePublished\":\"2026-09-01T11:48:10+00:00\",\"description\":\"Ex-PM \u00e9 alvo de opera\u00e7\u00e3o por suspeita de fraude para obter registro de CAC na Bahia\",\"breadcrumb\":{\"@id\":\"https:\\\/\\\/2dejulhonoticias.com.br\\\/2jn\\\/ex-pm-e-alvo-de-operacao-por-suspeita-de-fraude-para-obter-registro-de-cac-na-bahia\\\/#breadcrumb\"},\"inLanguage\":\"pt-BR\",\"potentialAction\":[{\"@type\":\"ReadAction\",\"target\":[\"https:\\\/\\\/2dejulhonoticias.com.br\\\/2jn\\\/ex-pm-e-alvo-de-operacao-por-suspeita-de-fraude-para-obter-registro-de-cac-na-bahia\\\/\"]}]},{\"@type\":\"ImageObject\",\"inLanguage\":\"pt-BR\",\"@id\":\"https:\\\/\\\/2dejulhonoticias.com.br\\\/2jn\\\/ex-pm-e-alvo-de-operacao-por-suspeita-de-fraude-para-obter-registro-de-cac-na-bahia\\\/#primaryimage\",\"url\":\"https:\\\/\\\/2dejulhonoticias.com.br\\\/2jn\\\/wp-content\\\/uploads\\\/2026\\\/09\\\/Ex-PM-foi-alvo-de-operacao-em-Salvador.webp\",\"contentUrl\":\"https:\\\/\\\/2dejulhonoticias.com.br\\\/2jn\\\/wp-content\\\/uploads\\\/2026\\\/09\\\/Ex-PM-foi-alvo-de-operacao-em-Salvador.webp\",\"width\":600,\"height\":401},{\"@type\":\"BreadcrumbList\",\"@id\":\"https:\\\/\\\/2dejulhonoticias.com.br\\\/2jn\\\/ex-pm-e-alvo-de-operacao-por-suspeita-de-fraude-para-obter-registro-de-cac-na-bahia\\\/#breadcrumb\",\"itemListElement\":[{\"@type\":\"ListItem\",\"position\":1,\"name\":\"In\u00edcio\",\"item\":\"https:\\\/\\\/2dejulhonoticias.com.br\\\/2jn\\\/\"},{\"@type\":\"ListItem\",\"position\":2,\"name\":\"Ex-PM \u00e9 alvo de opera\u00e7\u00e3o por suspeita de fraude para obter registro de CAC na Bahia\"}]},{\"@type\":\"WebSite\",\"@id\":\"https:\\\/\\\/2dejulhonoticias.com.br\\\/2jn\\\/#website\",\"url\":\"https:\\\/\\\/2dejulhonoticias.com.br\\\/2jn\\\/\",\"name\":\"2 de Julho Noticias - A not\u00edcia ao seu alcance\",\"description\":\"Noticias sobre Politica, Policia,Esporte,Vida e Estilo, Sa\u00fade,Moda e Beleza,Mundo da Fama,Emprego e Concursos,Arte e Cultura,Cama\u00e7ari\",\"publisher\":{\"@id\":\"https:\\\/\\\/2dejulhonoticias.com.br\\\/2jn\\\/#\\\/schema\\\/person\\\/a61e2ab9ae920711c9622c249b03dc16\"},\"potentialAction\":[{\"@type\":\"SearchAction\",\"target\":{\"@type\":\"EntryPoint\",\"urlTemplate\":\"https:\\\/\\\/2dejulhonoticias.com.br\\\/2jn\\\/?s={search_term_string}\"},\"query-input\":{\"@type\":\"PropertyValueSpecification\",\"valueRequired\":true,\"valueName\":\"search_term_string\"}}],\"inLanguage\":\"pt-BR\"},{\"@type\":[\"Person\",\"Organization\"],\"@id\":\"https:\\\/\\\/2dejulhonoticias.com.br\\\/2jn\\\/#\\\/schema\\\/person\\\/a61e2ab9ae920711c9622c249b03dc16\",\"name\":\"Reda\u00e7\u00e3o\",\"image\":{\"@type\":\"ImageObject\",\"inLanguage\":\"pt-BR\",\"@id\":\"https:\\\/\\\/2dejulhonoticias.com.br\\\/2jn\\\/wp-content\\\/uploads\\\/2020\\\/11\\\/logo2dejulho.png\",\"url\":\"https:\\\/\\\/2dejulhonoticias.com.br\\\/2jn\\\/wp-content\\\/uploads\\\/2020\\\/11\\\/logo2dejulho.png\",\"contentUrl\":\"https:\\\/\\\/2dejulhonoticias.com.br\\\/2jn\\\/wp-content\\\/uploads\\\/2020\\\/11\\\/logo2dejulho.png\",\"width\":291,\"height\":96,\"caption\":\"Reda\u00e7\u00e3o\"},\"logo\":{\"@id\":\"https:\\\/\\\/2dejulhonoticias.com.br\\\/2jn\\\/wp-content\\\/uploads\\\/2020\\\/11\\\/logo2dejulho.png\"},\"sameAs\":[\"https:\\\/\\\/www.facebook.com\\\/J2deJulho\",\"https:\\\/\\\/www.instagram.com\\\/mirobaia\\\/\",\"https:\\\/\\\/www.linkedin.com\\\/in\\\/mirobaia\\\/\",\"https:\\\/\\\/x.com\\\/2_julho\",\"https:\\\/\\\/www.youtube.com\\\/c\\\/MiroBaia\"]}]}<\/script>\n<!-- \/ Yoast SEO Premium plugin. -->","yoast_head_json":{"title":"Ex-PM \u00e9 alvo de opera\u00e7\u00e3o por suspeita de fraude para obter registro de CAC na Bahia - 2 de Julho Not\u00edcias","description":"Ex-PM \u00e9 alvo de opera\u00e7\u00e3o por suspeita de fraude para obter registro de CAC na Bahia","robots":{"index":"index","follow":"follow","max-snippet":"max-snippet:-1","max-image-preview":"max-image-preview:large","max-video-preview":"max-video-preview:-1"},"canonical":"https:\/\/2dejulhonoticias.com.br\/2jn\/ex-pm-e-alvo-de-operacao-por-suspeita-de-fraude-para-obter-registro-de-cac-na-bahia\/","twitter_card":"summary_large_image","twitter_title":"Ex-PM \u00e9 alvo de opera\u00e7\u00e3o por suspeita de fraude para obter registro de CAC na Bahia - 2 de Julho Not\u00edcias","twitter_description":"Ex-PM \u00e9 alvo de opera\u00e7\u00e3o por suspeita de fraude para obter registro de CAC na Bahia","twitter_image":"https:\/\/2dejulhonoticias.com.br\/2jn\/wp-content\/uploads\/2026\/09\/Ex-PM-foi-alvo-de-operacao-em-Salvador.webp","twitter_creator":"@2_julho","twitter_site":"@2_julho","twitter_misc":{"Escrito por":"Reda\u00e7\u00e3o","Est. tempo de leitura":"1 minuto"},"schema":{"@context":"https:\/\/schema.org","@graph":[{"@type":"Article","@id":"https:\/\/2dejulhonoticias.com.br\/2jn\/ex-pm-e-alvo-de-operacao-por-suspeita-de-fraude-para-obter-registro-de-cac-na-bahia\/#article","isPartOf":{"@id":"https:\/\/2dejulhonoticias.com.br\/2jn\/ex-pm-e-alvo-de-operacao-por-suspeita-de-fraude-para-obter-registro-de-cac-na-bahia\/"},"author":{"name":"Reda\u00e7\u00e3o","@id":"https:\/\/2dejulhonoticias.com.br\/2jn\/#\/schema\/person\/a61e2ab9ae920711c9622c249b03dc16"},"headline":"Ex-PM \u00e9 alvo de opera\u00e7\u00e3o por suspeita de fraude para obter registro de CAC na Bahia","datePublished":"2026-09-01T11:48:10+00:00","mainEntityOfPage":{"@id":"https:\/\/2dejulhonoticias.com.br\/2jn\/ex-pm-e-alvo-de-operacao-por-suspeita-de-fraude-para-obter-registro-de-cac-na-bahia\/"},"wordCount":373,"publisher":{"@id":"https:\/\/2dejulhonoticias.com.br\/2jn\/#\/schema\/person\/a61e2ab9ae920711c9622c249b03dc16"},"image":{"@id":"https:\/\/2dejulhonoticias.com.br\/2jn\/ex-pm-e-alvo-de-operacao-por-suspeita-de-fraude-para-obter-registro-de-cac-na-bahia\/#primaryimage"},"thumbnailUrl":"https:\/\/2dejulhonoticias.com.br\/2jn\/wp-content\/uploads\/2026\/09\/Ex-PM-foi-alvo-de-operacao-em-Salvador.webp","keywords":["Busca e Apreens\u00e3o","Registro CAC"],"articleSection":["Bahia","Policia"],"inLanguage":"pt-BR"},{"@type":"WebPage","@id":"https:\/\/2dejulhonoticias.com.br\/2jn\/ex-pm-e-alvo-de-operacao-por-suspeita-de-fraude-para-obter-registro-de-cac-na-bahia\/","url":"https:\/\/2dejulhonoticias.com.br\/2jn\/ex-pm-e-alvo-de-operacao-por-suspeita-de-fraude-para-obter-registro-de-cac-na-bahia\/","name":"Ex-PM \u00e9 alvo de opera\u00e7\u00e3o por suspeita de fraude para obter registro de CAC na Bahia - 2 de Julho Not\u00edcias","isPartOf":{"@id":"https:\/\/2dejulhonoticias.com.br\/2jn\/#website"},"primaryImageOfPage":{"@id":"https:\/\/2dejulhonoticias.com.br\/2jn\/ex-pm-e-alvo-de-operacao-por-suspeita-de-fraude-para-obter-registro-de-cac-na-bahia\/#primaryimage"},"image":{"@id":"https:\/\/2dejulhonoticias.com.br\/2jn\/ex-pm-e-alvo-de-operacao-por-suspeita-de-fraude-para-obter-registro-de-cac-na-bahia\/#primaryimage"},"thumbnailUrl":"https:\/\/2dejulhonoticias.com.br\/2jn\/wp-content\/uploads\/2026\/09\/Ex-PM-foi-alvo-de-operacao-em-Salvador.webp","datePublished":"2026-09-01T11:48:10+00:00","description":"Ex-PM \u00e9 alvo de opera\u00e7\u00e3o por suspeita de fraude para obter registro de CAC na Bahia","breadcrumb":{"@id":"https:\/\/2dejulhonoticias.com.br\/2jn\/ex-pm-e-alvo-de-operacao-por-suspeita-de-fraude-para-obter-registro-de-cac-na-bahia\/#breadcrumb"},"inLanguage":"pt-BR","potentialAction":[{"@type":"ReadAction","target":["https:\/\/2dejulhonoticias.com.br\/2jn\/ex-pm-e-alvo-de-operacao-por-suspeita-de-fraude-para-obter-registro-de-cac-na-bahia\/"]}]},{"@type":"ImageObject","inLanguage":"pt-BR","@id":"https:\/\/2dejulhonoticias.com.br\/2jn\/ex-pm-e-alvo-de-operacao-por-suspeita-de-fraude-para-obter-registro-de-cac-na-bahia\/#primaryimage","url":"https:\/\/2dejulhonoticias.com.br\/2jn\/wp-content\/uploads\/2026\/09\/Ex-PM-foi-alvo-de-operacao-em-Salvador.webp","contentUrl":"https:\/\/2dejulhonoticias.com.br\/2jn\/wp-content\/uploads\/2026\/09\/Ex-PM-foi-alvo-de-operacao-em-Salvador.webp","width":600,"height":401},{"@type":"BreadcrumbList","@id":"https:\/\/2dejulhonoticias.com.br\/2jn\/ex-pm-e-alvo-de-operacao-por-suspeita-de-fraude-para-obter-registro-de-cac-na-bahia\/#breadcrumb","itemListElement":[{"@type":"ListItem","position":1,"name":"In\u00edcio","item":"https:\/\/2dejulhonoticias.com.br\/2jn\/"},{"@type":"ListItem","position":2,"name":"Ex-PM \u00e9 alvo de opera\u00e7\u00e3o por suspeita de fraude para obter registro de CAC na Bahia"}]},{"@type":"WebSite","@id":"https:\/\/2dejulhonoticias.com.br\/2jn\/#website","url":"https:\/\/2dejulhonoticias.com.br\/2jn\/","name":"2 de Julho Noticias - A not\u00edcia ao seu alcance","description":"Noticias sobre Politica, Policia,Esporte,Vida e Estilo, Sa\u00fade,Moda e Beleza,Mundo da Fama,Emprego e Concursos,Arte e Cultura,Cama\u00e7ari","publisher":{"@id":"https:\/\/2dejulhonoticias.com.br\/2jn\/#\/schema\/person\/a61e2ab9ae920711c9622c249b03dc16"},"potentialAction":[{"@type":"SearchAction","target":{"@type":"EntryPoint","urlTemplate":"https:\/\/2dejulhonoticias.com.br\/2jn\/?s={search_term_string}"},"query-input":{"@type":"PropertyValueSpecification","valueRequired":true,"valueName":"search_term_string"}}],"inLanguage":"pt-BR"},{"@type":["Person","Organization"],"@id":"https:\/\/2dejulhonoticias.com.br\/2jn\/#\/schema\/person\/a61e2ab9ae920711c9622c249b03dc16","name":"Reda\u00e7\u00e3o","image":{"@type":"ImageObject","inLanguage":"pt-BR","@id":"https:\/\/2dejulhonoticias.com.br\/2jn\/wp-content\/uploads\/2020\/11\/logo2dejulho.png","url":"https:\/\/2dejulhonoticias.com.br\/2jn\/wp-content\/uploads\/2020\/11\/logo2dejulho.png","contentUrl":"https:\/\/2dejulhonoticias.com.br\/2jn\/wp-content\/uploads\/2020\/11\/logo2dejulho.png","width":291,"height":96,"caption":"Reda\u00e7\u00e3o"},"logo":{"@id":"https:\/\/2dejulhonoticias.com.br\/2jn\/wp-content\/uploads\/2020\/11\/logo2dejulho.png"},"sameAs":["https:\/\/www.facebook.com\/J2deJulho","https:\/\/www.instagram.com\/mirobaia\/","https:\/\/www.linkedin.com\/in\/mirobaia\/","https:\/\/x.com\/2_julho","https:\/\/www.youtube.com\/c\/MiroBaia"]}]}},"_links":{"self":[{"href":"https:\/\/2dejulhonoticias.com.br\/2jn\/wp-json\/wp\/v2\/posts\/42515","targetHints":{"allow":["GET"]}}],"collection":[{"href":"https:\/\/2dejulhonoticias.com.br\/2jn\/wp-json\/wp\/v2\/posts"}],"about":[{"href":"https:\/\/2dejulhonoticias.com.br\/2jn\/wp-json\/wp\/v2\/types\/post"}],"author":[{"embeddable":true,"href":"https:\/\/2dejulhonoticias.com.br\/2jn\/wp-json\/wp\/v2\/users\/1"}],"replies":[{"embeddable":true,"href":"https:\/\/2dejulhonoticias.com.br\/2jn\/wp-json\/wp\/v2\/comments?post=42515"}],"version-history":[{"count":1,"href":"https:\/\/2dejulhonoticias.com.br\/2jn\/wp-json\/wp\/v2\/posts\/42515\/revisions"}],"predecessor-version":[{"id":42517,"href":"https:\/\/2dejulhonoticias.com.br\/2jn\/wp-json\/wp\/v2\/posts\/42515\/revisions\/42517"}],"wp:featuredmedia":[{"embeddable":true,"href":"https:\/\/2dejulhonoticias.com.br\/2jn\/wp-json\/wp\/v2\/media\/42516"}],"wp:attachment":[{"href":"https:\/\/2dejulhonoticias.com.br\/2jn\/wp-json\/wp\/v2\/media?parent=42515"}],"wp:term":[{"taxonomy":"category","embeddable":true,"href":"https:\/\/2dejulhonoticias.com.br\/2jn\/wp-json\/wp\/v2\/categories?post=42515"},{"taxonomy":"post_tag","embeddable":true,"href":"https:\/\/2dejulhonoticias.com.br\/2jn\/wp-json\/wp\/v2\/tags?post=42515"}],"curies":[{"name":"wp","href":"https:\/\/api.w.org\/{rel}","templated":true}]}}