{"id":42511,"date":"2026-08-31T09:32:40","date_gmt":"2026-08-31T12:32:40","guid":{"rendered":"https:\/\/2dejulhonoticias.com.br\/2jn\/?p=42511"},"modified":"2026-08-31T09:32:40","modified_gmt":"2026-08-31T12:32:40","slug":"jovem-de-22-anos-e-morto-durante-ataque-em-santo-estevao-neste-domingo-30-8","status":"publish","type":"post","link":"https:\/\/2dejulhonoticias.com.br\/2jn\/jovem-de-22-anos-e-morto-durante-ataque-em-santo-estevao-neste-domingo-30-8\/","title":{"rendered":"Jovem de 22 anos \u00e9 morto durante ataque em Santo Est\u00eav\u00e3o neste domingo (30\/8)"},"content":{"rendered":"<div style=\"text-align: justify;\">\nUm homem de 22 anos foi encontrado morto ap\u00f3s ser atingido por disparos de arma de fogo na noite de domingo (30\/08), no Conjunto Ismael Ferreira, em Santo Est\u00eav\u00e3o. A ocorr\u00eancia foi registrada por volta das 23h, na Rua A.<\/p>\n<p>De acordo com informa\u00e7\u00f5es preliminares apuradas, Kayky de Souza estava em uma motocicleta acompanhado do primo quando os dois foram surpreendidos por disparos de arma de fogo.<\/p>\n<p>\ud83d\udcf1 <a href=\"https:\/\/chat.whatsapp.com\/L8KSLsjENzl5HrgtytuzCL\"> SIGA PRA MAIS NOT\u00cdCIAS: entre na comunidade do 2JN no WhatsApp<\/a>\n<\/div>\n<div>\n<!-- GoogleAdsense --><\/p>\n<p style=\"text-align: justify;\"><span style=\"font-size: 14pt;\"><strong> LEIA TAMB\u00c9M <\/strong><\/span><\/p>\n<p><script async src=\"https:\/\/pagead2.googlesyndication.com\/pagead\/js\/adsbygoogle.js?client=ca-pub-3129804789748719\" crossorigin=\"anonymous\"><\/script><br \/>\n<!-- Anuncio horizontal responsivo --><br \/>\n<ins class=\"adsbygoogle\" style=\"display: block;\" data-ad-client=\"ca-pub-3129804789748719\" data-ad-slot=\"1473312501\" data-ad-format=\"auto\" data-full-width-responsive=\"true\"><\/ins><br \/>\n<script>\n     (adsbygoogle = window.adsbygoogle || []).push({});\n<\/script>\n<\/div>\n<div style=\"text-align: justify;\">\n<div class=\"related bk-inline-post-box alignleft\" style=\"color: #fcfcfc; background-color: #fac8c8;\"><ul class=\"list-small-post row\"><li class=\"small-post content_out clearfix\">                        <div class=\"small-thumbnail-wrapper\">\n                <div class=\"thumb hide-thumb term-77\"><a href=\"https:\/\/2dejulhonoticias.com.br\/2jn\/dois-homens-sao-presos-e-adolescente-e-apreendido-por-trafico-de-drogas-na-inocoop-em-camacari\/\"><img decoding=\"async\" width=\"90\" height=\"65\" src=\"https:\/\/2dejulhonoticias.com.br\/2jn\/wp-content\/uploads\/2026\/08\/Dois-homens-sao-presos-e-adolescente-e-apreendido-por-trafico-de-drogas-inocoop-90x65.webp\" class=\"attachment-rubik-90-65 size-rubik-90-65 wp-post-image\" alt=\"\" \/><div class=\"rubik-post-icon-wrap\"><\/div><\/a> <!-- close a tag --><\/div> <!-- close thumb -->            <\/div>\n                        <div class=\"post-c-wrap\">\n                                \n                <h4 class=\"title\"><a class=\"term-77\" href=\"https:\/\/2dejulhonoticias.com.br\/2jn\/dois-homens-sao-presos-e-adolescente-e-apreendido-por-trafico-de-drogas-na-inocoop-em-camacari\/\">Dois homens s\u00e3o presos e adolescente \u00e9 apreendido por tr\u00e1fico de drogas na Inocoop em ...<\/a><\/h4>                <div class=\"meta\"><div class=\"post-date\">27 de agosto de 2026<\/div><\/div> \n            <\/div>\n            <\/li><!-- End post --><li class=\"small-post content_out clearfix\">                        <div class=\"small-thumbnail-wrapper\">\n                <div class=\"thumb hide-thumb term-77\"><a href=\"https:\/\/2dejulhonoticias.com.br\/2jn\/peca-teatral-aborda-velhice-solidao-e-inclusao-em-apresentacao-no-teatro-alberto-martins\/\"><img decoding=\"async\" width=\"90\" height=\"65\" src=\"https:\/\/2dejulhonoticias.com.br\/2jn\/wp-content\/uploads\/2026\/08\/as-meninas-da-pesada-TAM-90x65.webp\" class=\"attachment-rubik-90-65 size-rubik-90-65 wp-post-image\" alt=\"\" \/><div class=\"rubik-post-icon-wrap\"><\/div><\/a> <!-- close a tag --><\/div> <!-- close thumb -->            <\/div>\n                        <div class=\"post-c-wrap\">\n                                \n                <h4 class=\"title\"><a class=\"term-77\" href=\"https:\/\/2dejulhonoticias.com.br\/2jn\/peca-teatral-aborda-velhice-solidao-e-inclusao-em-apresentacao-no-teatro-alberto-martins\/\">Pe\u00e7a teatral aborda velhice, solid\u00e3o e inclus\u00e3o em apresenta\u00e7\u00e3o no Teatro Alberto Martins<\/a><\/h4>                <div class=\"meta\"><div class=\"post-date\">20 de agosto de 2026<\/div><\/div> \n            <\/div>\n            <\/li><!-- End post --><li class=\"small-post content_out clearfix\">                        <div class=\"small-thumbnail-wrapper\">\n                <div class=\"thumb hide-thumb term-77\"><a href=\"https:\/\/2dejulhonoticias.com.br\/2jn\/ele-fez-a-barba-homem-que-roubou-e-agrediu-estudante-em-abrantes-e-preso-assista-video\/\"><img decoding=\"async\" width=\"90\" height=\"65\" src=\"https:\/\/2dejulhonoticias.com.br\/2jn\/wp-content\/uploads\/2026\/08\/assaltante-viladeabrantes-90x65.webp\" class=\"attachment-rubik-90-65 size-rubik-90-65 wp-post-image\" alt=\"\" \/><div class=\"rubik-post-icon-wrap\"><\/div><\/a> <!-- close a tag --><\/div> <!-- close thumb -->            <\/div>\n                        <div class=\"post-c-wrap\">\n                                \n                <h4 class=\"title\"><a class=\"term-77\" href=\"https:\/\/2dejulhonoticias.com.br\/2jn\/ele-fez-a-barba-homem-que-roubou-e-agrediu-estudante-em-abrantes-e-preso-assista-video\/\">ELE FEZ A BARBA: Homem que roubou e agrediu estudante em Abrantes \u00e9 preso; assista ...<\/a><\/h4>                <div class=\"meta\"><div class=\"post-date\">14 de agosto de 2026<\/div><\/div> \n            <\/div>\n            <\/li><!-- End post --><\/ul> <!-- End list-post --><\/div><br \/>\nAinda conforme essas informa\u00e7\u00f5es iniciais, durante o ataque, o primo conseguiu fugir pulando muros. No local, foram encontrados o bon\u00e9 e as sand\u00e1lias que ele teria deixado durante a fuga.<\/p>\n<p>Kayky foi atingido por disparos em diferentes partes do corpo, incluindo bra\u00e7o, costas e cabe\u00e7a. Uma equipe da Pol\u00edcia Militar encontrou o corpo e isolou a \u00e1rea at\u00e9 a chegada do Departamento de Pol\u00edcia T\u00e9cnica (DPT).<\/p>\n<p>A autoria e a motiva\u00e7\u00e3o do crime s\u00e3o investigadas pela Pol\u00edcia Civil.\n<\/p><\/div>\n<hr \/>\n<p><!-- banner meio--><\/p>\n<div><script async src=\"https:\/\/pagead2.googlesyndication.com\/pagead\/js\/adsbygoogle.js?client=ca-pub-3129804789748719\" crossorigin=\"anonymous\"><\/script><br \/>\n<!-- Banner quadrado responsivo --><br \/>\n<ins class=\"adsbygoogle\" style=\"display: block;\" data-ad-client=\"ca-pub-3129804789748719\" data-ad-slot=\"2076857862\" data-ad-format=\"auto\" data-full-width-responsive=\"true\"><\/ins><br \/>\n<script>\n     (adsbygoogle = window.adsbygoogle || []).push({});\n<\/script><\/div>\n<p><!-- banner meio responsivo --><\/p>\n<hr \/>\n<p><!-- RODAP\u00c9 DA NOTICIA --><\/p>\n<div><strong> Siga a coluna no <a href=\"https:\/\/www.facebook.com\/jornal2jn\" target=\"_blank\" rel=\"noopener\">Facebook<\/a> e no <a href=\"https:\/\/www.instagram.com\/jornal2dejulho\/\" target=\"_blank\" rel=\"noopener\">Instagram<\/a> para n\u00e3o perder nada.<\/strong><\/div>\n<p style=\"text-align: right;\"><em> por Reda\u00e7\u00e3o 2JN &#8211; IB<\/em><\/p>\n<p><!--\n\nO 2 de Julho Noticias \u00e9 um Jornal Independente, pois n\u00e3o tem apoios Pol\u00edticos Partid\u00e1rios, de Prefeitura e nem de Comercio, e precisa de seu apoio, caso possa em assinar nosso Livro de Parceiros e Colaboradores.\nSua colabora\u00e7\u00e3o \u00e9 muito importante para nossa continuidade! Chave PIX EMAIL: parceiro@2dejulhonoticias.com.br\n\n--><\/p>\n<hr \/>\n<p><!-- banner meio responsivo--><br \/>\n<script async src=\"https:\/\/pagead2.googlesyndication.com\/pagead\/js\/adsbygoogle.js?client=ca-pub-3129804789748719\" crossorigin=\"anonymous\"><\/script><br \/>\n<!-- banner 728x90 2jn --><br \/>\n<ins class=\"adsbygoogle\" style=\"display: inline-block; width: 728px; height: 90px;\" data-ad-client=\"ca-pub-3129804789748719\" data-ad-slot=\"1383288950\"><\/ins><br \/>\n<script>\n     (adsbygoogle = window.adsbygoogle || []).push({});\n<\/script><\/p>\n<p style=\"text-align: justify;\"><span style=\"font-size: 14pt;\"><strong> LEIA TAMB\u00c9M <\/strong><\/span><\/p>\n<p><!-- banner meio responsivo--><br \/>\n<script async src=\"https:\/\/pagead2.googlesyndication.com\/pagead\/js\/adsbygoogle.js?client=ca-pub-3129804789748719\" crossorigin=\"anonymous\"><\/script><br \/>\n<!-- banner 728x90 2jn --><br \/>\n<ins class=\"adsbygoogle\" style=\"display: inline-block; width: 728px; height: 90px;\" data-ad-client=\"ca-pub-3129804789748719\" data-ad-slot=\"1383288950\"><\/ins><br \/>\n<script>\n     (adsbygoogle = window.adsbygoogle || []).push({});\n<\/script><br \/>\n<amp-ad width=\"100vw\" height=\"320\"\n     type=\"adsense\"\n     data-ad-client=\"ca-pub-3129804789748719\"\n     data-ad-slot=\"4367194841\"\n     data-auto-format=\"mcrspv\"\n     data-full-width=\"\"><\/p>\n<div overflow=\"\"><\/div>\n<p><\/amp-ad><br \/>\n<amp-ad\n     layout=\"fixed\"\n     width=\"728\"\n     height=\"90\"\n     type=\"adsense\"\n     data-ad-client=\"ca-pub-3129804789748719\"\n     data-ad-slot=\"1383288950\"><br \/>\n<\/amp-ad><\/p>\n","protected":false},"excerpt":{"rendered":"<p>Um homem de 22 anos foi encontrado morto ap\u00f3s ser atingido por disparos de arma de fogo na noite de domingo (30\/08), no Conjunto Ismael Ferreira, em Santo Est\u00eav\u00e3o. A ocorr\u00eancia foi registrada por volta das 23h, na Rua A. De acordo com informa\u00e7\u00f5es preliminares apuradas, Kayky de Souza estava em uma motocicleta acompanhado do primo quando os dois foram surpreendidos por disparos de arma de fogo. \ud83d\udcf1 SIGA PRA MAIS NOT\u00cdCIAS: entre na comunidade do 2JN no WhatsApp LEIA TAMB\u00c9M Ainda conforme essas informa\u00e7\u00f5es iniciais, durante o ataque, o primo conseguiu fugir pulando muros. No local, foram encontrados o [&hellip;]<\/p>\n","protected":false},"author":1,"featured_media":42512,"comment_status":"closed","ping_status":"open","sticky":false,"template":"","format":"standard","meta":{"footnotes":""},"categories":[77],"tags":[4096,5557],"class_list":["post-42511","post","type-post","status-publish","format-standard","has-post-thumbnail","hentry","category-camacari","tag-execucao","tag-santo-estevao-ba"],"yoast_head":"<!-- This site is optimized with the Yoast SEO Premium plugin v23.7 (Yoast SEO v27.7) - https:\/\/yoast.com\/product\/yoast-seo-premium-wordpress\/ -->\n<title>Jovem de 22 anos \u00e9 morto durante ataque em Santo Est\u00eav\u00e3o neste domingo (30\/8) - 2 de Julho Not\u00edcias<\/title>\n<meta name=\"description\" content=\"Jovem de 22 anos \u00e9 morto durante ataque em Santo Est\u00eav\u00e3o neste domingo (30\/8)\" \/>\n<meta name=\"robots\" content=\"index, follow, max-snippet:-1, max-image-preview:large, max-video-preview:-1\" \/>\n<link rel=\"canonical\" href=\"https:\/\/2dejulhonoticias.com.br\/2jn\/jovem-de-22-anos-e-morto-durante-ataque-em-santo-estevao-neste-domingo-30-8\/\" \/>\n<meta name=\"twitter:card\" content=\"summary_large_image\" \/>\n<meta name=\"twitter:title\" content=\"Jovem de 22 anos \u00e9 morto durante ataque em Santo Est\u00eav\u00e3o neste domingo (30\/8) - 2 de Julho Not\u00edcias\" \/>\n<meta name=\"twitter:description\" content=\"Jovem de 22 anos \u00e9 morto durante ataque em Santo Est\u00eav\u00e3o neste domingo (30\/8)\" \/>\n<meta name=\"twitter:image\" content=\"https:\/\/2dejulhonoticias.com.br\/2jn\/wp-content\/uploads\/2026\/08\/morto-em-Santo-Estevao-ba.webp\" \/>\n<meta name=\"twitter:creator\" content=\"@2_julho\" \/>\n<meta name=\"twitter:site\" content=\"@2_julho\" \/>\n<meta name=\"twitter:label1\" content=\"Escrito por\" \/>\n\t<meta name=\"twitter:data1\" content=\"Reda\u00e7\u00e3o\" \/>\n\t<meta name=\"twitter:label2\" content=\"Est. tempo de leitura\" \/>\n\t<meta name=\"twitter:data2\" content=\"1 minuto\" \/>\n<script type=\"application\/ld+json\" class=\"yoast-schema-graph\">{\"@context\":\"https:\\\/\\\/schema.org\",\"@graph\":[{\"@type\":\"Article\",\"@id\":\"https:\\\/\\\/2dejulhonoticias.com.br\\\/2jn\\\/jovem-de-22-anos-e-morto-durante-ataque-em-santo-estevao-neste-domingo-30-8\\\/#article\",\"isPartOf\":{\"@id\":\"https:\\\/\\\/2dejulhonoticias.com.br\\\/2jn\\\/jovem-de-22-anos-e-morto-durante-ataque-em-santo-estevao-neste-domingo-30-8\\\/\"},\"author\":{\"name\":\"Reda\u00e7\u00e3o\",\"@id\":\"https:\\\/\\\/2dejulhonoticias.com.br\\\/2jn\\\/#\\\/schema\\\/person\\\/a61e2ab9ae920711c9622c249b03dc16\"},\"headline\":\"Jovem de 22 anos \u00e9 morto durante ataque em Santo Est\u00eav\u00e3o neste domingo (30\\\/8)\",\"datePublished\":\"2026-08-31T12:32:40+00:00\",\"mainEntityOfPage\":{\"@id\":\"https:\\\/\\\/2dejulhonoticias.com.br\\\/2jn\\\/jovem-de-22-anos-e-morto-durante-ataque-em-santo-estevao-neste-domingo-30-8\\\/\"},\"wordCount\":223,\"publisher\":{\"@id\":\"https:\\\/\\\/2dejulhonoticias.com.br\\\/2jn\\\/#\\\/schema\\\/person\\\/a61e2ab9ae920711c9622c249b03dc16\"},\"image\":{\"@id\":\"https:\\\/\\\/2dejulhonoticias.com.br\\\/2jn\\\/jovem-de-22-anos-e-morto-durante-ataque-em-santo-estevao-neste-domingo-30-8\\\/#primaryimage\"},\"thumbnailUrl\":\"https:\\\/\\\/2dejulhonoticias.com.br\\\/2jn\\\/wp-content\\\/uploads\\\/2026\\\/08\\\/morto-em-Santo-Estevao-ba.webp\",\"keywords\":[\"Execu\u00e7\u00e3o\",\"Santo Est\u00eav\u00e3o Ba\"],\"articleSection\":[\"Cama\u00e7ari\"],\"inLanguage\":\"pt-BR\"},{\"@type\":\"WebPage\",\"@id\":\"https:\\\/\\\/2dejulhonoticias.com.br\\\/2jn\\\/jovem-de-22-anos-e-morto-durante-ataque-em-santo-estevao-neste-domingo-30-8\\\/\",\"url\":\"https:\\\/\\\/2dejulhonoticias.com.br\\\/2jn\\\/jovem-de-22-anos-e-morto-durante-ataque-em-santo-estevao-neste-domingo-30-8\\\/\",\"name\":\"Jovem de 22 anos \u00e9 morto durante ataque em Santo Est\u00eav\u00e3o neste domingo (30\\\/8) - 2 de Julho Not\u00edcias\",\"isPartOf\":{\"@id\":\"https:\\\/\\\/2dejulhonoticias.com.br\\\/2jn\\\/#website\"},\"primaryImageOfPage\":{\"@id\":\"https:\\\/\\\/2dejulhonoticias.com.br\\\/2jn\\\/jovem-de-22-anos-e-morto-durante-ataque-em-santo-estevao-neste-domingo-30-8\\\/#primaryimage\"},\"image\":{\"@id\":\"https:\\\/\\\/2dejulhonoticias.com.br\\\/2jn\\\/jovem-de-22-anos-e-morto-durante-ataque-em-santo-estevao-neste-domingo-30-8\\\/#primaryimage\"},\"thumbnailUrl\":\"https:\\\/\\\/2dejulhonoticias.com.br\\\/2jn\\\/wp-content\\\/uploads\\\/2026\\\/08\\\/morto-em-Santo-Estevao-ba.webp\",\"datePublished\":\"2026-08-31T12:32:40+00:00\",\"description\":\"Jovem de 22 anos \u00e9 morto durante ataque em Santo Est\u00eav\u00e3o neste domingo (30\\\/8)\",\"breadcrumb\":{\"@id\":\"https:\\\/\\\/2dejulhonoticias.com.br\\\/2jn\\\/jovem-de-22-anos-e-morto-durante-ataque-em-santo-estevao-neste-domingo-30-8\\\/#breadcrumb\"},\"inLanguage\":\"pt-BR\",\"potentialAction\":[{\"@type\":\"ReadAction\",\"target\":[\"https:\\\/\\\/2dejulhonoticias.com.br\\\/2jn\\\/jovem-de-22-anos-e-morto-durante-ataque-em-santo-estevao-neste-domingo-30-8\\\/\"]}]},{\"@type\":\"ImageObject\",\"inLanguage\":\"pt-BR\",\"@id\":\"https:\\\/\\\/2dejulhonoticias.com.br\\\/2jn\\\/jovem-de-22-anos-e-morto-durante-ataque-em-santo-estevao-neste-domingo-30-8\\\/#primaryimage\",\"url\":\"https:\\\/\\\/2dejulhonoticias.com.br\\\/2jn\\\/wp-content\\\/uploads\\\/2026\\\/08\\\/morto-em-Santo-Estevao-ba.webp\",\"contentUrl\":\"https:\\\/\\\/2dejulhonoticias.com.br\\\/2jn\\\/wp-content\\\/uploads\\\/2026\\\/08\\\/morto-em-Santo-Estevao-ba.webp\",\"width\":600,\"height\":338},{\"@type\":\"BreadcrumbList\",\"@id\":\"https:\\\/\\\/2dejulhonoticias.com.br\\\/2jn\\\/jovem-de-22-anos-e-morto-durante-ataque-em-santo-estevao-neste-domingo-30-8\\\/#breadcrumb\",\"itemListElement\":[{\"@type\":\"ListItem\",\"position\":1,\"name\":\"In\u00edcio\",\"item\":\"https:\\\/\\\/2dejulhonoticias.com.br\\\/2jn\\\/\"},{\"@type\":\"ListItem\",\"position\":2,\"name\":\"Jovem de 22 anos \u00e9 morto durante ataque em Santo Est\u00eav\u00e3o neste domingo (30\\\/8)\"}]},{\"@type\":\"WebSite\",\"@id\":\"https:\\\/\\\/2dejulhonoticias.com.br\\\/2jn\\\/#website\",\"url\":\"https:\\\/\\\/2dejulhonoticias.com.br\\\/2jn\\\/\",\"name\":\"2 de Julho Noticias - A not\u00edcia ao seu alcance\",\"description\":\"Noticias sobre Politica, Policia,Esporte,Vida e Estilo, Sa\u00fade,Moda e Beleza,Mundo da Fama,Emprego e Concursos,Arte e Cultura,Cama\u00e7ari\",\"publisher\":{\"@id\":\"https:\\\/\\\/2dejulhonoticias.com.br\\\/2jn\\\/#\\\/schema\\\/person\\\/a61e2ab9ae920711c9622c249b03dc16\"},\"potentialAction\":[{\"@type\":\"SearchAction\",\"target\":{\"@type\":\"EntryPoint\",\"urlTemplate\":\"https:\\\/\\\/2dejulhonoticias.com.br\\\/2jn\\\/?s={search_term_string}\"},\"query-input\":{\"@type\":\"PropertyValueSpecification\",\"valueRequired\":true,\"valueName\":\"search_term_string\"}}],\"inLanguage\":\"pt-BR\"},{\"@type\":[\"Person\",\"Organization\"],\"@id\":\"https:\\\/\\\/2dejulhonoticias.com.br\\\/2jn\\\/#\\\/schema\\\/person\\\/a61e2ab9ae920711c9622c249b03dc16\",\"name\":\"Reda\u00e7\u00e3o\",\"image\":{\"@type\":\"ImageObject\",\"inLanguage\":\"pt-BR\",\"@id\":\"https:\\\/\\\/2dejulhonoticias.com.br\\\/2jn\\\/wp-content\\\/uploads\\\/2020\\\/11\\\/logo2dejulho.png\",\"url\":\"https:\\\/\\\/2dejulhonoticias.com.br\\\/2jn\\\/wp-content\\\/uploads\\\/2020\\\/11\\\/logo2dejulho.png\",\"contentUrl\":\"https:\\\/\\\/2dejulhonoticias.com.br\\\/2jn\\\/wp-content\\\/uploads\\\/2020\\\/11\\\/logo2dejulho.png\",\"width\":291,\"height\":96,\"caption\":\"Reda\u00e7\u00e3o\"},\"logo\":{\"@id\":\"https:\\\/\\\/2dejulhonoticias.com.br\\\/2jn\\\/wp-content\\\/uploads\\\/2020\\\/11\\\/logo2dejulho.png\"},\"sameAs\":[\"https:\\\/\\\/www.facebook.com\\\/J2deJulho\",\"https:\\\/\\\/www.instagram.com\\\/mirobaia\\\/\",\"https:\\\/\\\/www.linkedin.com\\\/in\\\/mirobaia\\\/\",\"https:\\\/\\\/x.com\\\/2_julho\",\"https:\\\/\\\/www.youtube.com\\\/c\\\/MiroBaia\"]}]}<\/script>\n<!-- \/ Yoast SEO Premium plugin. -->","yoast_head_json":{"title":"Jovem de 22 anos \u00e9 morto durante ataque em Santo Est\u00eav\u00e3o neste domingo (30\/8) - 2 de Julho Not\u00edcias","description":"Jovem de 22 anos \u00e9 morto durante ataque em Santo Est\u00eav\u00e3o neste domingo (30\/8)","robots":{"index":"index","follow":"follow","max-snippet":"max-snippet:-1","max-image-preview":"max-image-preview:large","max-video-preview":"max-video-preview:-1"},"canonical":"https:\/\/2dejulhonoticias.com.br\/2jn\/jovem-de-22-anos-e-morto-durante-ataque-em-santo-estevao-neste-domingo-30-8\/","twitter_card":"summary_large_image","twitter_title":"Jovem de 22 anos \u00e9 morto durante ataque em Santo Est\u00eav\u00e3o neste domingo (30\/8) - 2 de Julho Not\u00edcias","twitter_description":"Jovem de 22 anos \u00e9 morto durante ataque em Santo Est\u00eav\u00e3o neste domingo (30\/8)","twitter_image":"https:\/\/2dejulhonoticias.com.br\/2jn\/wp-content\/uploads\/2026\/08\/morto-em-Santo-Estevao-ba.webp","twitter_creator":"@2_julho","twitter_site":"@2_julho","twitter_misc":{"Escrito por":"Reda\u00e7\u00e3o","Est. tempo de leitura":"1 minuto"},"schema":{"@context":"https:\/\/schema.org","@graph":[{"@type":"Article","@id":"https:\/\/2dejulhonoticias.com.br\/2jn\/jovem-de-22-anos-e-morto-durante-ataque-em-santo-estevao-neste-domingo-30-8\/#article","isPartOf":{"@id":"https:\/\/2dejulhonoticias.com.br\/2jn\/jovem-de-22-anos-e-morto-durante-ataque-em-santo-estevao-neste-domingo-30-8\/"},"author":{"name":"Reda\u00e7\u00e3o","@id":"https:\/\/2dejulhonoticias.com.br\/2jn\/#\/schema\/person\/a61e2ab9ae920711c9622c249b03dc16"},"headline":"Jovem de 22 anos \u00e9 morto durante ataque em Santo Est\u00eav\u00e3o neste domingo (30\/8)","datePublished":"2026-08-31T12:32:40+00:00","mainEntityOfPage":{"@id":"https:\/\/2dejulhonoticias.com.br\/2jn\/jovem-de-22-anos-e-morto-durante-ataque-em-santo-estevao-neste-domingo-30-8\/"},"wordCount":223,"publisher":{"@id":"https:\/\/2dejulhonoticias.com.br\/2jn\/#\/schema\/person\/a61e2ab9ae920711c9622c249b03dc16"},"image":{"@id":"https:\/\/2dejulhonoticias.com.br\/2jn\/jovem-de-22-anos-e-morto-durante-ataque-em-santo-estevao-neste-domingo-30-8\/#primaryimage"},"thumbnailUrl":"https:\/\/2dejulhonoticias.com.br\/2jn\/wp-content\/uploads\/2026\/08\/morto-em-Santo-Estevao-ba.webp","keywords":["Execu\u00e7\u00e3o","Santo Est\u00eav\u00e3o Ba"],"articleSection":["Cama\u00e7ari"],"inLanguage":"pt-BR"},{"@type":"WebPage","@id":"https:\/\/2dejulhonoticias.com.br\/2jn\/jovem-de-22-anos-e-morto-durante-ataque-em-santo-estevao-neste-domingo-30-8\/","url":"https:\/\/2dejulhonoticias.com.br\/2jn\/jovem-de-22-anos-e-morto-durante-ataque-em-santo-estevao-neste-domingo-30-8\/","name":"Jovem de 22 anos \u00e9 morto durante ataque em Santo Est\u00eav\u00e3o neste domingo (30\/8) - 2 de Julho Not\u00edcias","isPartOf":{"@id":"https:\/\/2dejulhonoticias.com.br\/2jn\/#website"},"primaryImageOfPage":{"@id":"https:\/\/2dejulhonoticias.com.br\/2jn\/jovem-de-22-anos-e-morto-durante-ataque-em-santo-estevao-neste-domingo-30-8\/#primaryimage"},"image":{"@id":"https:\/\/2dejulhonoticias.com.br\/2jn\/jovem-de-22-anos-e-morto-durante-ataque-em-santo-estevao-neste-domingo-30-8\/#primaryimage"},"thumbnailUrl":"https:\/\/2dejulhonoticias.com.br\/2jn\/wp-content\/uploads\/2026\/08\/morto-em-Santo-Estevao-ba.webp","datePublished":"2026-08-31T12:32:40+00:00","description":"Jovem de 22 anos \u00e9 morto durante ataque em Santo Est\u00eav\u00e3o neste domingo (30\/8)","breadcrumb":{"@id":"https:\/\/2dejulhonoticias.com.br\/2jn\/jovem-de-22-anos-e-morto-durante-ataque-em-santo-estevao-neste-domingo-30-8\/#breadcrumb"},"inLanguage":"pt-BR","potentialAction":[{"@type":"ReadAction","target":["https:\/\/2dejulhonoticias.com.br\/2jn\/jovem-de-22-anos-e-morto-durante-ataque-em-santo-estevao-neste-domingo-30-8\/"]}]},{"@type":"ImageObject","inLanguage":"pt-BR","@id":"https:\/\/2dejulhonoticias.com.br\/2jn\/jovem-de-22-anos-e-morto-durante-ataque-em-santo-estevao-neste-domingo-30-8\/#primaryimage","url":"https:\/\/2dejulhonoticias.com.br\/2jn\/wp-content\/uploads\/2026\/08\/morto-em-Santo-Estevao-ba.webp","contentUrl":"https:\/\/2dejulhonoticias.com.br\/2jn\/wp-content\/uploads\/2026\/08\/morto-em-Santo-Estevao-ba.webp","width":600,"height":338},{"@type":"BreadcrumbList","@id":"https:\/\/2dejulhonoticias.com.br\/2jn\/jovem-de-22-anos-e-morto-durante-ataque-em-santo-estevao-neste-domingo-30-8\/#breadcrumb","itemListElement":[{"@type":"ListItem","position":1,"name":"In\u00edcio","item":"https:\/\/2dejulhonoticias.com.br\/2jn\/"},{"@type":"ListItem","position":2,"name":"Jovem de 22 anos \u00e9 morto durante ataque em Santo Est\u00eav\u00e3o neste domingo (30\/8)"}]},{"@type":"WebSite","@id":"https:\/\/2dejulhonoticias.com.br\/2jn\/#website","url":"https:\/\/2dejulhonoticias.com.br\/2jn\/","name":"2 de Julho Noticias - A not\u00edcia ao seu alcance","description":"Noticias sobre Politica, Policia,Esporte,Vida e Estilo, Sa\u00fade,Moda e Beleza,Mundo da Fama,Emprego e Concursos,Arte e Cultura,Cama\u00e7ari","publisher":{"@id":"https:\/\/2dejulhonoticias.com.br\/2jn\/#\/schema\/person\/a61e2ab9ae920711c9622c249b03dc16"},"potentialAction":[{"@type":"SearchAction","target":{"@type":"EntryPoint","urlTemplate":"https:\/\/2dejulhonoticias.com.br\/2jn\/?s={search_term_string}"},"query-input":{"@type":"PropertyValueSpecification","valueRequired":true,"valueName":"search_term_string"}}],"inLanguage":"pt-BR"},{"@type":["Person","Organization"],"@id":"https:\/\/2dejulhonoticias.com.br\/2jn\/#\/schema\/person\/a61e2ab9ae920711c9622c249b03dc16","name":"Reda\u00e7\u00e3o","image":{"@type":"ImageObject","inLanguage":"pt-BR","@id":"https:\/\/2dejulhonoticias.com.br\/2jn\/wp-content\/uploads\/2020\/11\/logo2dejulho.png","url":"https:\/\/2dejulhonoticias.com.br\/2jn\/wp-content\/uploads\/2020\/11\/logo2dejulho.png","contentUrl":"https:\/\/2dejulhonoticias.com.br\/2jn\/wp-content\/uploads\/2020\/11\/logo2dejulho.png","width":291,"height":96,"caption":"Reda\u00e7\u00e3o"},"logo":{"@id":"https:\/\/2dejulhonoticias.com.br\/2jn\/wp-content\/uploads\/2020\/11\/logo2dejulho.png"},"sameAs":["https:\/\/www.facebook.com\/J2deJulho","https:\/\/www.instagram.com\/mirobaia\/","https:\/\/www.linkedin.com\/in\/mirobaia\/","https:\/\/x.com\/2_julho","https:\/\/www.youtube.com\/c\/MiroBaia"]}]}},"_links":{"self":[{"href":"https:\/\/2dejulhonoticias.com.br\/2jn\/wp-json\/wp\/v2\/posts\/42511","targetHints":{"allow":["GET"]}}],"collection":[{"href":"https:\/\/2dejulhonoticias.com.br\/2jn\/wp-json\/wp\/v2\/posts"}],"about":[{"href":"https:\/\/2dejulhonoticias.com.br\/2jn\/wp-json\/wp\/v2\/types\/post"}],"author":[{"embeddable":true,"href":"https:\/\/2dejulhonoticias.com.br\/2jn\/wp-json\/wp\/v2\/users\/1"}],"replies":[{"embeddable":true,"href":"https:\/\/2dejulhonoticias.com.br\/2jn\/wp-json\/wp\/v2\/comments?post=42511"}],"version-history":[{"count":1,"href":"https:\/\/2dejulhonoticias.com.br\/2jn\/wp-json\/wp\/v2\/posts\/42511\/revisions"}],"predecessor-version":[{"id":42513,"href":"https:\/\/2dejulhonoticias.com.br\/2jn\/wp-json\/wp\/v2\/posts\/42511\/revisions\/42513"}],"wp:featuredmedia":[{"embeddable":true,"href":"https:\/\/2dejulhonoticias.com.br\/2jn\/wp-json\/wp\/v2\/media\/42512"}],"wp:attachment":[{"href":"https:\/\/2dejulhonoticias.com.br\/2jn\/wp-json\/wp\/v2\/media?parent=42511"}],"wp:term":[{"taxonomy":"category","embeddable":true,"href":"https:\/\/2dejulhonoticias.com.br\/2jn\/wp-json\/wp\/v2\/categories?post=42511"},{"taxonomy":"post_tag","embeddable":true,"href":"https:\/\/2dejulhonoticias.com.br\/2jn\/wp-json\/wp\/v2\/tags?post=42511"}],"curies":[{"name":"wp","href":"https:\/\/api.w.org\/{rel}","templated":true}]}}