{"id":42508,"date":"2026-08-31T09:16:03","date_gmt":"2026-08-31T12:16:03","guid":{"rendered":"https:\/\/2dejulhonoticias.com.br\/2jn\/?p=42508"},"modified":"2026-08-31T09:16:03","modified_gmt":"2026-08-31T12:16:03","slug":"tragedia-em-paramirim-quatro-criancas-da-mesma-familia-morrem-afogadas","status":"publish","type":"post","link":"https:\/\/2dejulhonoticias.com.br\/2jn\/tragedia-em-paramirim-quatro-criancas-da-mesma-familia-morrem-afogadas\/","title":{"rendered":"TRAG\u00c9DIA EM PARAMIRIM: Quatro crian\u00e7as da mesma fam\u00edlia morrem afogadas"},"content":{"rendered":"<div style=\"text-align: justify;\">\nQuatro crian\u00e7as da mesma fam\u00edlia morreram afogadas enquanto brincavam em um a\u00e7ude na cidade de Paramirim, no sudoeste da Bahia, no domingo (30). As v\u00edtimas tinham tr\u00eas, seis, oito e dez anos.<\/p>\n<p>No momento do acidente, as cinco crian\u00e7as brincavam dentro de um cocho, um recipiente utilizado para colocar a ra\u00e7\u00e3o de animais, que estava na margem do a\u00e7ude. Com a movimenta\u00e7\u00e3o, o cocho foi parar no meio da lagoa.<\/p>\n<p>Devido ao peso do grupo, o cocho come\u00e7ou a afundar. Apenas uma crian\u00e7a, de 11 anos, conseguiu sair do cocho e nadar at\u00e9 a margem. As outras quatro, que n\u00e3o sabiam nadar, se afogaram.<\/p>\n<p>\ud83d\udcf1 <a href=\"https:\/\/chat.whatsapp.com\/L8KSLsjENzl5HrgtytuzCL\"> SIGA PRA MAIS NOT\u00cdCIAS: entre na comunidade do 2JN no WhatsApp<\/a>\n<\/div>\n<div>\n<!-- GoogleAdsense --><\/p>\n<p style=\"text-align: justify;\"><span style=\"font-size: 14pt;\"><strong> LEIA TAMB\u00c9M <\/strong><\/span><\/p>\n<p><script async src=\"https:\/\/pagead2.googlesyndication.com\/pagead\/js\/adsbygoogle.js?client=ca-pub-3129804789748719\" crossorigin=\"anonymous\"><\/script><br \/>\n<!-- Anuncio horizontal responsivo --><br \/>\n<ins class=\"adsbygoogle\" style=\"display: block;\" data-ad-client=\"ca-pub-3129804789748719\" data-ad-slot=\"1473312501\" data-ad-format=\"auto\" data-full-width-responsive=\"true\"><\/ins><br \/>\n<script>\n     (adsbygoogle = window.adsbygoogle || []).push({});\n<\/script>\n<\/div>\n<div style=\"text-align: justify;\">\n<div class=\"related bk-inline-post-box alignleft\" style=\"color: #fcfcfc; background-color: #fac8c8;\"><ul class=\"list-small-post row\"><li class=\"small-post content_out clearfix\">                        <div class=\"small-thumbnail-wrapper\">\n                <div class=\"thumb hide-thumb term-75\"><a href=\"https:\/\/2dejulhonoticias.com.br\/2jn\/david-correa-jogador-do-vasco-e-alvo-de-buscas-por-trafico-de-armas-e-drogas-renyer-ex-santos-acaba-detido-por-desacato\/\"><img decoding=\"async\" width=\"90\" height=\"65\" src=\"https:\/\/2dejulhonoticias.com.br\/2jn\/wp-content\/uploads\/2026\/08\/Renyer-Oliveira-e-David-Correa-90x65.webp\" class=\"attachment-rubik-90-65 size-rubik-90-65 wp-post-image\" alt=\"\" \/><div class=\"rubik-post-icon-wrap\"><\/div><\/a> <!-- close a tag --><\/div> <!-- close thumb -->            <\/div>\n                        <div class=\"post-c-wrap\">\n                                \n                <h4 class=\"title\"><a class=\"term-75\" href=\"https:\/\/2dejulhonoticias.com.br\/2jn\/david-correa-jogador-do-vasco-e-alvo-de-buscas-por-trafico-de-armas-e-drogas-renyer-ex-santos-acaba-detido-por-desacato\/\">David Corr\u00eaa, jogador do Vasco, \u00e9 alvo de buscas por tr\u00e1fico de armas e drogas; ...<\/a><\/h4>                <div class=\"meta\"><div class=\"post-date\">31 de agosto de 2026<\/div><\/div> \n            <\/div>\n            <\/li><!-- End post --><li class=\"small-post content_out clearfix\">                        <div class=\"small-thumbnail-wrapper\">\n                <div class=\"thumb hide-thumb term-89\"><a href=\"https:\/\/2dejulhonoticias.com.br\/2jn\/if-baiano-abre-inscricoes-para-mais-de-1-8-mil-vagas-em-cursos-tecnicos-gratuitos-vao-ate-hoje-31-08\/\"><img decoding=\"async\" width=\"90\" height=\"65\" src=\"https:\/\/2dejulhonoticias.com.br\/2jn\/wp-content\/uploads\/2025\/07\/ifba-90x65.webp\" class=\"attachment-rubik-90-65 size-rubik-90-65 wp-post-image\" alt=\"\" \/><div class=\"rubik-post-icon-wrap\"><\/div><\/a> <!-- close a tag --><\/div> <!-- close thumb -->            <\/div>\n                        <div class=\"post-c-wrap\">\n                                \n                <h4 class=\"title\"><a class=\"term-89\" href=\"https:\/\/2dejulhonoticias.com.br\/2jn\/if-baiano-abre-inscricoes-para-mais-de-1-8-mil-vagas-em-cursos-tecnicos-gratuitos-vao-ate-hoje-31-08\/\">IF Baiano abre inscri\u00e7\u00f5es para mais de 1.8 mil vagas em cursos t\u00e9cnicos gratuitos v\u00e3o ...<\/a><\/h4>                <div class=\"meta\"><div class=\"post-date\">31 de agosto de 2026<\/div><\/div> \n            <\/div>\n            <\/li><!-- End post --><li class=\"small-post content_out clearfix\">                        <div class=\"small-thumbnail-wrapper\">\n                <div class=\"thumb hide-thumb term-89\"><a href=\"https:\/\/2dejulhonoticias.com.br\/2jn\/dez-sao-presos-por-suspeita-de-estupro-de-vulneravel-na-bahia-jornalistas-e-policial-sao-alvos-de-operacao\/\"><img decoding=\"async\" width=\"90\" height=\"65\" src=\"https:\/\/2dejulhonoticias.com.br\/2jn\/wp-content\/uploads\/2026\/08\/Mandados-de-prisao-90x65.webp\" class=\"attachment-rubik-90-65 size-rubik-90-65 wp-post-image\" alt=\"\" \/><div class=\"rubik-post-icon-wrap\"><\/div><\/a> <!-- close a tag --><\/div> <!-- close thumb -->            <\/div>\n                        <div class=\"post-c-wrap\">\n                                \n                <h4 class=\"title\"><a class=\"term-89\" href=\"https:\/\/2dejulhonoticias.com.br\/2jn\/dez-sao-presos-por-suspeita-de-estupro-de-vulneravel-na-bahia-jornalistas-e-policial-sao-alvos-de-operacao\/\">Dez s\u00e3o presos por suspeita de estupro de vulner\u00e1vel na Bahia; jornalistas e policial s\u00e3o ...<\/a><\/h4>                <div class=\"meta\"><div class=\"post-date\">28 de agosto de 2026<\/div><\/div> \n            <\/div>\n            <\/li><!-- End post --><\/ul> <!-- End list-post --><\/div><br \/>\nAs v\u00edtimas foram identificadas como os tr\u00eas irm\u00e3os Jeferson Davi da Silva Oliveira, de 9 anos; Jacson Diego Silva Oliveira, de 6 anos; e Jos\u00e9 Diogo da Silva Oliveira, de 3 anos; e o primo deles, Lorenzo Almeida Cardoso, de 8 anos.<\/p>\n<p>A crian\u00e7a que conseguiu se salvar era o irm\u00e3o ais velho de Jeferson, Jacson e Jos\u00e9.<\/p>\n<p>Dois adultos, tios das crian\u00e7as, tentaram salv\u00e1-las, mas s\u00f3 conseguiram ajudar o menino mais velho.<\/p>\n<p>O Servi\u00e7o de Atendimento M\u00f3vel de Urg\u00eancia (Samu) e o Corpo de Bombeiros foram chamados, mas as crian\u00e7as j\u00e1 estavam mortas quando os profissionais chegaram ao local. Ainda n\u00e3o h\u00e1 informa\u00e7\u00f5es sobre vel\u00f3rio e enterro.<\/p>\n<table align=\"center\" cellpadding=\"0\" cellspacing=\"0\" class=\"tr-caption-container\" style=\"margin-left: auto; margin-right: auto;\">\n<tbody>\n<tr>\n<td style=\"text-align: center;\"><img decoding=\"async\" border=\"0\" data-original-height=\"616\" data-original-width=\"984\" height=\"401\" src=\"https:\/\/s2-g1.glbimg.com\/Tzy3JICUfO_W5Ni5DHGDqFN_mL4=\/0x0:1700x1065\/984x0\/smart\/filters:strip_icc()\/i.s3.glbimg.com\/v1\/AUTH_59edd422c0c84a879bd37670ae4f538a\/internal_photos\/bs\/2026\/A\/b\/zHAAY2QpC7VdCw6yqbUA\/edimilsson-17-.png\" width=\"640\" \/><\/td>\n<\/tr>\n<tr>\n<td class=\"tr-caption\" style=\"text-align: center;\"><span style=\"text-align: justify;\">A\u00e7ude onde corpos de crian\u00e7a foram encontrados \u2014 Foto: Redes sociais<\/span><\/td>\n<\/tr>\n<\/tbody>\n<\/table>\n<\/div>\n<hr \/>\n<p><!-- banner meio--><\/p>\n<div><script async src=\"https:\/\/pagead2.googlesyndication.com\/pagead\/js\/adsbygoogle.js?client=ca-pub-3129804789748719\" crossorigin=\"anonymous\"><\/script><br \/>\n<!-- Banner quadrado responsivo --><br \/>\n<ins class=\"adsbygoogle\" style=\"display: block;\" data-ad-client=\"ca-pub-3129804789748719\" data-ad-slot=\"2076857862\" data-ad-format=\"auto\" data-full-width-responsive=\"true\"><\/ins><br \/>\n<script>\n     (adsbygoogle = window.adsbygoogle || []).push({});\n<\/script><\/div>\n<p><!-- banner meio responsivo --><\/p>\n<hr \/>\n<p><!-- RODAP\u00c9 DA NOTICIA --><\/p>\n<div><strong> Siga a coluna no <a href=\"https:\/\/www.facebook.com\/jornal2jn\" target=\"_blank\" rel=\"noopener\">Facebook<\/a> e no <a href=\"https:\/\/www.instagram.com\/jornal2dejulho\/\" target=\"_blank\" rel=\"noopener\">Instagram<\/a> para n\u00e3o perder nada.<\/strong><\/div>\n<p style=\"text-align: right;\"><em> por Reda\u00e7\u00e3o 2JN &#8211; g1 ba<\/em><\/p>\n<p><!--\n\nO 2 de Julho Noticias \u00e9 um Jornal Independente, pois n\u00e3o tem apoios Pol\u00edticos Partid\u00e1rios, de Prefeitura e nem de Comercio, e precisa de seu apoio, caso possa em assinar nosso Livro de Parceiros e Colaboradores.\nSua colabora\u00e7\u00e3o \u00e9 muito importante para nossa continuidade! Chave PIX EMAIL: parceiro@2dejulhonoticias.com.br\n\n--><\/p>\n<hr \/>\n<p><!-- banner meio responsivo--><br \/>\n<script async src=\"https:\/\/pagead2.googlesyndication.com\/pagead\/js\/adsbygoogle.js?client=ca-pub-3129804789748719\" crossorigin=\"anonymous\"><\/script><br \/>\n<!-- banner 728x90 2jn --><br \/>\n<ins class=\"adsbygoogle\" style=\"display: inline-block; width: 728px; height: 90px;\" data-ad-client=\"ca-pub-3129804789748719\" data-ad-slot=\"1383288950\"><\/ins><br \/>\n<script>\n     (adsbygoogle = window.adsbygoogle || []).push({});\n<\/script><\/p>\n<p style=\"text-align: justify;\"><span style=\"font-size: 14pt;\"><strong> LEIA TAMB\u00c9M <\/strong><\/span><\/p>\n<p><!-- banner meio responsivo--><br \/>\n<script async src=\"https:\/\/pagead2.googlesyndication.com\/pagead\/js\/adsbygoogle.js?client=ca-pub-3129804789748719\" crossorigin=\"anonymous\"><\/script><br \/>\n<!-- banner 728x90 2jn --><br \/>\n<ins class=\"adsbygoogle\" style=\"display: inline-block; width: 728px; height: 90px;\" data-ad-client=\"ca-pub-3129804789748719\" data-ad-slot=\"1383288950\"><\/ins><br \/>\n<script>\n     (adsbygoogle = window.adsbygoogle || []).push({});\n<\/script><br \/>\n<amp-ad width=\"100vw\" height=\"320\"\n     type=\"adsense\"\n     data-ad-client=\"ca-pub-3129804789748719\"\n     data-ad-slot=\"4367194841\"\n     data-auto-format=\"mcrspv\"\n     data-full-width=\"\"><\/p>\n<div overflow=\"\"><\/div>\n<p><\/amp-ad><br \/>\n<amp-ad\n     layout=\"fixed\"\n     width=\"728\"\n     height=\"90\"\n     type=\"adsense\"\n     data-ad-client=\"ca-pub-3129804789748719\"\n     data-ad-slot=\"1383288950\"><br \/>\n<\/amp-ad><\/p>\n","protected":false},"excerpt":{"rendered":"<p>Quatro crian\u00e7as da mesma fam\u00edlia morreram afogadas enquanto brincavam em um a\u00e7ude na cidade de Paramirim, no sudoeste da Bahia, no domingo (30). As v\u00edtimas tinham tr\u00eas, seis, oito e dez anos. No momento do acidente, as cinco crian\u00e7as brincavam dentro de um cocho, um recipiente utilizado para colocar a ra\u00e7\u00e3o de animais, que estava na margem do a\u00e7ude. Com a movimenta\u00e7\u00e3o, o cocho foi parar no meio da lagoa. Devido ao peso do grupo, o cocho come\u00e7ou a afundar. Apenas uma crian\u00e7a, de 11 anos, conseguiu sair do cocho e nadar at\u00e9 a margem. As outras quatro, que n\u00e3o [&hellip;]<\/p>\n","protected":false},"author":1,"featured_media":42509,"comment_status":"closed","ping_status":"open","sticky":false,"template":"","format":"standard","meta":{"footnotes":""},"categories":[89,87],"tags":[3874,4120],"class_list":["post-42508","post","type-post","status-publish","format-standard","has-post-thumbnail","hentry","category-bahia","category-policia","tag-afogamento-com-vitimas","tag-municipio-de-paramirim"],"yoast_head":"<!-- This site is optimized with the Yoast SEO Premium plugin v23.7 (Yoast SEO v27.7) - https:\/\/yoast.com\/product\/yoast-seo-premium-wordpress\/ -->\n<title>TRAG\u00c9DIA EM PARAMIRIM: Quatro crian\u00e7as da mesma fam\u00edlia morrem afogadas - 2 de Julho Not\u00edcias<\/title>\n<meta name=\"description\" content=\"TRAG\u00c9DIA EM PARAMIRIM: Quatro crian\u00e7as da mesma fam\u00edlia morrem afogadas\" \/>\n<meta name=\"robots\" content=\"index, follow, max-snippet:-1, max-image-preview:large, max-video-preview:-1\" \/>\n<link rel=\"canonical\" href=\"https:\/\/2dejulhonoticias.com.br\/2jn\/tragedia-em-paramirim-quatro-criancas-da-mesma-familia-morrem-afogadas\/\" \/>\n<meta name=\"twitter:card\" content=\"summary_large_image\" \/>\n<meta name=\"twitter:title\" content=\"TRAG\u00c9DIA EM PARAMIRIM: Quatro crian\u00e7as da mesma fam\u00edlia morrem afogadas - 2 de Julho Not\u00edcias\" \/>\n<meta name=\"twitter:description\" content=\"TRAG\u00c9DIA EM PARAMIRIM: Quatro crian\u00e7as da mesma fam\u00edlia morrem afogadas\" \/>\n<meta name=\"twitter:image\" content=\"https:\/\/2dejulhonoticias.com.br\/2jn\/wp-content\/uploads\/2026\/08\/tragediaemParamirim.webp\" \/>\n<meta name=\"twitter:creator\" content=\"@2_julho\" \/>\n<meta name=\"twitter:site\" content=\"@2_julho\" \/>\n<meta name=\"twitter:label1\" content=\"Escrito por\" \/>\n\t<meta name=\"twitter:data1\" content=\"Reda\u00e7\u00e3o\" \/>\n\t<meta name=\"twitter:label2\" content=\"Est. tempo de leitura\" \/>\n\t<meta name=\"twitter:data2\" content=\"1 minuto\" \/>\n<script type=\"application\/ld+json\" class=\"yoast-schema-graph\">{\"@context\":\"https:\\\/\\\/schema.org\",\"@graph\":[{\"@type\":\"Article\",\"@id\":\"https:\\\/\\\/2dejulhonoticias.com.br\\\/2jn\\\/tragedia-em-paramirim-quatro-criancas-da-mesma-familia-morrem-afogadas\\\/#article\",\"isPartOf\":{\"@id\":\"https:\\\/\\\/2dejulhonoticias.com.br\\\/2jn\\\/tragedia-em-paramirim-quatro-criancas-da-mesma-familia-morrem-afogadas\\\/\"},\"author\":{\"name\":\"Reda\u00e7\u00e3o\",\"@id\":\"https:\\\/\\\/2dejulhonoticias.com.br\\\/2jn\\\/#\\\/schema\\\/person\\\/a61e2ab9ae920711c9622c249b03dc16\"},\"headline\":\"TRAG\u00c9DIA EM PARAMIRIM: Quatro crian\u00e7as da mesma fam\u00edlia morrem afogadas\",\"datePublished\":\"2026-08-31T12:16:03+00:00\",\"mainEntityOfPage\":{\"@id\":\"https:\\\/\\\/2dejulhonoticias.com.br\\\/2jn\\\/tragedia-em-paramirim-quatro-criancas-da-mesma-familia-morrem-afogadas\\\/\"},\"wordCount\":310,\"publisher\":{\"@id\":\"https:\\\/\\\/2dejulhonoticias.com.br\\\/2jn\\\/#\\\/schema\\\/person\\\/a61e2ab9ae920711c9622c249b03dc16\"},\"image\":{\"@id\":\"https:\\\/\\\/2dejulhonoticias.com.br\\\/2jn\\\/tragedia-em-paramirim-quatro-criancas-da-mesma-familia-morrem-afogadas\\\/#primaryimage\"},\"thumbnailUrl\":\"https:\\\/\\\/2dejulhonoticias.com.br\\\/2jn\\\/wp-content\\\/uploads\\\/2026\\\/08\\\/tragediaemParamirim.webp\",\"keywords\":[\"Afogamento Com V\u00edtimas\",\"Municipio de Paramirim\"],\"articleSection\":[\"Bahia\",\"Policia\"],\"inLanguage\":\"pt-BR\"},{\"@type\":\"WebPage\",\"@id\":\"https:\\\/\\\/2dejulhonoticias.com.br\\\/2jn\\\/tragedia-em-paramirim-quatro-criancas-da-mesma-familia-morrem-afogadas\\\/\",\"url\":\"https:\\\/\\\/2dejulhonoticias.com.br\\\/2jn\\\/tragedia-em-paramirim-quatro-criancas-da-mesma-familia-morrem-afogadas\\\/\",\"name\":\"TRAG\u00c9DIA EM PARAMIRIM: Quatro crian\u00e7as da mesma fam\u00edlia morrem afogadas - 2 de Julho Not\u00edcias\",\"isPartOf\":{\"@id\":\"https:\\\/\\\/2dejulhonoticias.com.br\\\/2jn\\\/#website\"},\"primaryImageOfPage\":{\"@id\":\"https:\\\/\\\/2dejulhonoticias.com.br\\\/2jn\\\/tragedia-em-paramirim-quatro-criancas-da-mesma-familia-morrem-afogadas\\\/#primaryimage\"},\"image\":{\"@id\":\"https:\\\/\\\/2dejulhonoticias.com.br\\\/2jn\\\/tragedia-em-paramirim-quatro-criancas-da-mesma-familia-morrem-afogadas\\\/#primaryimage\"},\"thumbnailUrl\":\"https:\\\/\\\/2dejulhonoticias.com.br\\\/2jn\\\/wp-content\\\/uploads\\\/2026\\\/08\\\/tragediaemParamirim.webp\",\"datePublished\":\"2026-08-31T12:16:03+00:00\",\"description\":\"TRAG\u00c9DIA EM PARAMIRIM: Quatro crian\u00e7as da mesma fam\u00edlia morrem afogadas\",\"breadcrumb\":{\"@id\":\"https:\\\/\\\/2dejulhonoticias.com.br\\\/2jn\\\/tragedia-em-paramirim-quatro-criancas-da-mesma-familia-morrem-afogadas\\\/#breadcrumb\"},\"inLanguage\":\"pt-BR\",\"potentialAction\":[{\"@type\":\"ReadAction\",\"target\":[\"https:\\\/\\\/2dejulhonoticias.com.br\\\/2jn\\\/tragedia-em-paramirim-quatro-criancas-da-mesma-familia-morrem-afogadas\\\/\"]}]},{\"@type\":\"ImageObject\",\"inLanguage\":\"pt-BR\",\"@id\":\"https:\\\/\\\/2dejulhonoticias.com.br\\\/2jn\\\/tragedia-em-paramirim-quatro-criancas-da-mesma-familia-morrem-afogadas\\\/#primaryimage\",\"url\":\"https:\\\/\\\/2dejulhonoticias.com.br\\\/2jn\\\/wp-content\\\/uploads\\\/2026\\\/08\\\/tragediaemParamirim.webp\",\"contentUrl\":\"https:\\\/\\\/2dejulhonoticias.com.br\\\/2jn\\\/wp-content\\\/uploads\\\/2026\\\/08\\\/tragediaemParamirim.webp\",\"width\":600,\"height\":337},{\"@type\":\"BreadcrumbList\",\"@id\":\"https:\\\/\\\/2dejulhonoticias.com.br\\\/2jn\\\/tragedia-em-paramirim-quatro-criancas-da-mesma-familia-morrem-afogadas\\\/#breadcrumb\",\"itemListElement\":[{\"@type\":\"ListItem\",\"position\":1,\"name\":\"In\u00edcio\",\"item\":\"https:\\\/\\\/2dejulhonoticias.com.br\\\/2jn\\\/\"},{\"@type\":\"ListItem\",\"position\":2,\"name\":\"TRAG\u00c9DIA EM PARAMIRIM: Quatro crian\u00e7as da mesma fam\u00edlia morrem afogadas\"}]},{\"@type\":\"WebSite\",\"@id\":\"https:\\\/\\\/2dejulhonoticias.com.br\\\/2jn\\\/#website\",\"url\":\"https:\\\/\\\/2dejulhonoticias.com.br\\\/2jn\\\/\",\"name\":\"2 de Julho Noticias - A not\u00edcia ao seu alcance\",\"description\":\"Noticias sobre Politica, Policia,Esporte,Vida e Estilo, Sa\u00fade,Moda e Beleza,Mundo da Fama,Emprego e Concursos,Arte e Cultura,Cama\u00e7ari\",\"publisher\":{\"@id\":\"https:\\\/\\\/2dejulhonoticias.com.br\\\/2jn\\\/#\\\/schema\\\/person\\\/a61e2ab9ae920711c9622c249b03dc16\"},\"potentialAction\":[{\"@type\":\"SearchAction\",\"target\":{\"@type\":\"EntryPoint\",\"urlTemplate\":\"https:\\\/\\\/2dejulhonoticias.com.br\\\/2jn\\\/?s={search_term_string}\"},\"query-input\":{\"@type\":\"PropertyValueSpecification\",\"valueRequired\":true,\"valueName\":\"search_term_string\"}}],\"inLanguage\":\"pt-BR\"},{\"@type\":[\"Person\",\"Organization\"],\"@id\":\"https:\\\/\\\/2dejulhonoticias.com.br\\\/2jn\\\/#\\\/schema\\\/person\\\/a61e2ab9ae920711c9622c249b03dc16\",\"name\":\"Reda\u00e7\u00e3o\",\"image\":{\"@type\":\"ImageObject\",\"inLanguage\":\"pt-BR\",\"@id\":\"https:\\\/\\\/2dejulhonoticias.com.br\\\/2jn\\\/wp-content\\\/uploads\\\/2020\\\/11\\\/logo2dejulho.png\",\"url\":\"https:\\\/\\\/2dejulhonoticias.com.br\\\/2jn\\\/wp-content\\\/uploads\\\/2020\\\/11\\\/logo2dejulho.png\",\"contentUrl\":\"https:\\\/\\\/2dejulhonoticias.com.br\\\/2jn\\\/wp-content\\\/uploads\\\/2020\\\/11\\\/logo2dejulho.png\",\"width\":291,\"height\":96,\"caption\":\"Reda\u00e7\u00e3o\"},\"logo\":{\"@id\":\"https:\\\/\\\/2dejulhonoticias.com.br\\\/2jn\\\/wp-content\\\/uploads\\\/2020\\\/11\\\/logo2dejulho.png\"},\"sameAs\":[\"https:\\\/\\\/www.facebook.com\\\/J2deJulho\",\"https:\\\/\\\/www.instagram.com\\\/mirobaia\\\/\",\"https:\\\/\\\/www.linkedin.com\\\/in\\\/mirobaia\\\/\",\"https:\\\/\\\/x.com\\\/2_julho\",\"https:\\\/\\\/www.youtube.com\\\/c\\\/MiroBaia\"]}]}<\/script>\n<!-- \/ Yoast SEO Premium plugin. -->","yoast_head_json":{"title":"TRAG\u00c9DIA EM PARAMIRIM: Quatro crian\u00e7as da mesma fam\u00edlia morrem afogadas - 2 de Julho Not\u00edcias","description":"TRAG\u00c9DIA EM PARAMIRIM: Quatro crian\u00e7as da mesma fam\u00edlia morrem afogadas","robots":{"index":"index","follow":"follow","max-snippet":"max-snippet:-1","max-image-preview":"max-image-preview:large","max-video-preview":"max-video-preview:-1"},"canonical":"https:\/\/2dejulhonoticias.com.br\/2jn\/tragedia-em-paramirim-quatro-criancas-da-mesma-familia-morrem-afogadas\/","twitter_card":"summary_large_image","twitter_title":"TRAG\u00c9DIA EM PARAMIRIM: Quatro crian\u00e7as da mesma fam\u00edlia morrem afogadas - 2 de Julho Not\u00edcias","twitter_description":"TRAG\u00c9DIA EM PARAMIRIM: Quatro crian\u00e7as da mesma fam\u00edlia morrem afogadas","twitter_image":"https:\/\/2dejulhonoticias.com.br\/2jn\/wp-content\/uploads\/2026\/08\/tragediaemParamirim.webp","twitter_creator":"@2_julho","twitter_site":"@2_julho","twitter_misc":{"Escrito por":"Reda\u00e7\u00e3o","Est. tempo de leitura":"1 minuto"},"schema":{"@context":"https:\/\/schema.org","@graph":[{"@type":"Article","@id":"https:\/\/2dejulhonoticias.com.br\/2jn\/tragedia-em-paramirim-quatro-criancas-da-mesma-familia-morrem-afogadas\/#article","isPartOf":{"@id":"https:\/\/2dejulhonoticias.com.br\/2jn\/tragedia-em-paramirim-quatro-criancas-da-mesma-familia-morrem-afogadas\/"},"author":{"name":"Reda\u00e7\u00e3o","@id":"https:\/\/2dejulhonoticias.com.br\/2jn\/#\/schema\/person\/a61e2ab9ae920711c9622c249b03dc16"},"headline":"TRAG\u00c9DIA EM PARAMIRIM: Quatro crian\u00e7as da mesma fam\u00edlia morrem afogadas","datePublished":"2026-08-31T12:16:03+00:00","mainEntityOfPage":{"@id":"https:\/\/2dejulhonoticias.com.br\/2jn\/tragedia-em-paramirim-quatro-criancas-da-mesma-familia-morrem-afogadas\/"},"wordCount":310,"publisher":{"@id":"https:\/\/2dejulhonoticias.com.br\/2jn\/#\/schema\/person\/a61e2ab9ae920711c9622c249b03dc16"},"image":{"@id":"https:\/\/2dejulhonoticias.com.br\/2jn\/tragedia-em-paramirim-quatro-criancas-da-mesma-familia-morrem-afogadas\/#primaryimage"},"thumbnailUrl":"https:\/\/2dejulhonoticias.com.br\/2jn\/wp-content\/uploads\/2026\/08\/tragediaemParamirim.webp","keywords":["Afogamento Com V\u00edtimas","Municipio de Paramirim"],"articleSection":["Bahia","Policia"],"inLanguage":"pt-BR"},{"@type":"WebPage","@id":"https:\/\/2dejulhonoticias.com.br\/2jn\/tragedia-em-paramirim-quatro-criancas-da-mesma-familia-morrem-afogadas\/","url":"https:\/\/2dejulhonoticias.com.br\/2jn\/tragedia-em-paramirim-quatro-criancas-da-mesma-familia-morrem-afogadas\/","name":"TRAG\u00c9DIA EM PARAMIRIM: Quatro crian\u00e7as da mesma fam\u00edlia morrem afogadas - 2 de Julho Not\u00edcias","isPartOf":{"@id":"https:\/\/2dejulhonoticias.com.br\/2jn\/#website"},"primaryImageOfPage":{"@id":"https:\/\/2dejulhonoticias.com.br\/2jn\/tragedia-em-paramirim-quatro-criancas-da-mesma-familia-morrem-afogadas\/#primaryimage"},"image":{"@id":"https:\/\/2dejulhonoticias.com.br\/2jn\/tragedia-em-paramirim-quatro-criancas-da-mesma-familia-morrem-afogadas\/#primaryimage"},"thumbnailUrl":"https:\/\/2dejulhonoticias.com.br\/2jn\/wp-content\/uploads\/2026\/08\/tragediaemParamirim.webp","datePublished":"2026-08-31T12:16:03+00:00","description":"TRAG\u00c9DIA EM PARAMIRIM: Quatro crian\u00e7as da mesma fam\u00edlia morrem afogadas","breadcrumb":{"@id":"https:\/\/2dejulhonoticias.com.br\/2jn\/tragedia-em-paramirim-quatro-criancas-da-mesma-familia-morrem-afogadas\/#breadcrumb"},"inLanguage":"pt-BR","potentialAction":[{"@type":"ReadAction","target":["https:\/\/2dejulhonoticias.com.br\/2jn\/tragedia-em-paramirim-quatro-criancas-da-mesma-familia-morrem-afogadas\/"]}]},{"@type":"ImageObject","inLanguage":"pt-BR","@id":"https:\/\/2dejulhonoticias.com.br\/2jn\/tragedia-em-paramirim-quatro-criancas-da-mesma-familia-morrem-afogadas\/#primaryimage","url":"https:\/\/2dejulhonoticias.com.br\/2jn\/wp-content\/uploads\/2026\/08\/tragediaemParamirim.webp","contentUrl":"https:\/\/2dejulhonoticias.com.br\/2jn\/wp-content\/uploads\/2026\/08\/tragediaemParamirim.webp","width":600,"height":337},{"@type":"BreadcrumbList","@id":"https:\/\/2dejulhonoticias.com.br\/2jn\/tragedia-em-paramirim-quatro-criancas-da-mesma-familia-morrem-afogadas\/#breadcrumb","itemListElement":[{"@type":"ListItem","position":1,"name":"In\u00edcio","item":"https:\/\/2dejulhonoticias.com.br\/2jn\/"},{"@type":"ListItem","position":2,"name":"TRAG\u00c9DIA EM PARAMIRIM: Quatro crian\u00e7as da mesma fam\u00edlia morrem afogadas"}]},{"@type":"WebSite","@id":"https:\/\/2dejulhonoticias.com.br\/2jn\/#website","url":"https:\/\/2dejulhonoticias.com.br\/2jn\/","name":"2 de Julho Noticias - A not\u00edcia ao seu alcance","description":"Noticias sobre Politica, Policia,Esporte,Vida e Estilo, Sa\u00fade,Moda e Beleza,Mundo da Fama,Emprego e Concursos,Arte e Cultura,Cama\u00e7ari","publisher":{"@id":"https:\/\/2dejulhonoticias.com.br\/2jn\/#\/schema\/person\/a61e2ab9ae920711c9622c249b03dc16"},"potentialAction":[{"@type":"SearchAction","target":{"@type":"EntryPoint","urlTemplate":"https:\/\/2dejulhonoticias.com.br\/2jn\/?s={search_term_string}"},"query-input":{"@type":"PropertyValueSpecification","valueRequired":true,"valueName":"search_term_string"}}],"inLanguage":"pt-BR"},{"@type":["Person","Organization"],"@id":"https:\/\/2dejulhonoticias.com.br\/2jn\/#\/schema\/person\/a61e2ab9ae920711c9622c249b03dc16","name":"Reda\u00e7\u00e3o","image":{"@type":"ImageObject","inLanguage":"pt-BR","@id":"https:\/\/2dejulhonoticias.com.br\/2jn\/wp-content\/uploads\/2020\/11\/logo2dejulho.png","url":"https:\/\/2dejulhonoticias.com.br\/2jn\/wp-content\/uploads\/2020\/11\/logo2dejulho.png","contentUrl":"https:\/\/2dejulhonoticias.com.br\/2jn\/wp-content\/uploads\/2020\/11\/logo2dejulho.png","width":291,"height":96,"caption":"Reda\u00e7\u00e3o"},"logo":{"@id":"https:\/\/2dejulhonoticias.com.br\/2jn\/wp-content\/uploads\/2020\/11\/logo2dejulho.png"},"sameAs":["https:\/\/www.facebook.com\/J2deJulho","https:\/\/www.instagram.com\/mirobaia\/","https:\/\/www.linkedin.com\/in\/mirobaia\/","https:\/\/x.com\/2_julho","https:\/\/www.youtube.com\/c\/MiroBaia"]}]}},"_links":{"self":[{"href":"https:\/\/2dejulhonoticias.com.br\/2jn\/wp-json\/wp\/v2\/posts\/42508","targetHints":{"allow":["GET"]}}],"collection":[{"href":"https:\/\/2dejulhonoticias.com.br\/2jn\/wp-json\/wp\/v2\/posts"}],"about":[{"href":"https:\/\/2dejulhonoticias.com.br\/2jn\/wp-json\/wp\/v2\/types\/post"}],"author":[{"embeddable":true,"href":"https:\/\/2dejulhonoticias.com.br\/2jn\/wp-json\/wp\/v2\/users\/1"}],"replies":[{"embeddable":true,"href":"https:\/\/2dejulhonoticias.com.br\/2jn\/wp-json\/wp\/v2\/comments?post=42508"}],"version-history":[{"count":1,"href":"https:\/\/2dejulhonoticias.com.br\/2jn\/wp-json\/wp\/v2\/posts\/42508\/revisions"}],"predecessor-version":[{"id":42510,"href":"https:\/\/2dejulhonoticias.com.br\/2jn\/wp-json\/wp\/v2\/posts\/42508\/revisions\/42510"}],"wp:featuredmedia":[{"embeddable":true,"href":"https:\/\/2dejulhonoticias.com.br\/2jn\/wp-json\/wp\/v2\/media\/42509"}],"wp:attachment":[{"href":"https:\/\/2dejulhonoticias.com.br\/2jn\/wp-json\/wp\/v2\/media?parent=42508"}],"wp:term":[{"taxonomy":"category","embeddable":true,"href":"https:\/\/2dejulhonoticias.com.br\/2jn\/wp-json\/wp\/v2\/categories?post=42508"},{"taxonomy":"post_tag","embeddable":true,"href":"https:\/\/2dejulhonoticias.com.br\/2jn\/wp-json\/wp\/v2\/tags?post=42508"}],"curies":[{"name":"wp","href":"https:\/\/api.w.org\/{rel}","templated":true}]}}