{"id":42505,"date":"2026-08-31T08:59:06","date_gmt":"2026-08-31T11:59:06","guid":{"rendered":"https:\/\/2dejulhonoticias.com.br\/2jn\/?p=42505"},"modified":"2026-08-31T08:59:06","modified_gmt":"2026-08-31T11:59:06","slug":"david-correa-jogador-do-vasco-e-alvo-de-buscas-por-trafico-de-armas-e-drogas-renyer-ex-santos-acaba-detido-por-desacato","status":"publish","type":"post","link":"https:\/\/2dejulhonoticias.com.br\/2jn\/david-correa-jogador-do-vasco-e-alvo-de-buscas-por-trafico-de-armas-e-drogas-renyer-ex-santos-acaba-detido-por-desacato\/","title":{"rendered":"David Corr\u00eaa, jogador do Vasco, \u00e9 alvo de buscas por tr\u00e1fico de armas e drogas; Renyer, ex-Santos, acaba detido por desacato"},"content":{"rendered":"<div style=\"text-align: justify;\">\n<p>O jogador David Corr\u00eaa, o DVD, atacante do Vasco da Gama, \u00e9 alvo de buscas, nesta segunda-feira (31), da Opera\u00e7\u00e3o A Tropa, contra o tr\u00e1fico interestadual de drogas e armas e a lavagem de dinheiro.<\/p>\n<p>Outro alvo da opera\u00e7\u00e3o \u00e9 o tamb\u00e9m atacante Renyer Oliveira, que foi da base do Santos e recentemente contratado pelo Azuriz, de Pato Branco (PR). Durante o cumprimento do mandado, em SP, Renyer foi detido por desacato e resist\u00eancia.<\/p>\n<p>No total, em todo o pa\u00eds, equipes sa\u00edram para cumprir 4 mandados de pris\u00e3o tempor\u00e1ria e 15 de busca e apreens\u00e3o. As dilig\u00eancias s\u00e3o realizadas em munic\u00edpios da Grande Vit\u00f3ria e em Afonso Cl\u00e1udio, no Esp\u00edrito Santo, al\u00e9m de alvos localizados nos estados do Rio de Janeiro, S\u00e3o Paulo e Goi\u00e1s e no Distrito Federal.<\/p>\n<p>No RJ, agentes da 14\u00aa DP (Leblon) e da Delegacia Especializada em Armas, Muni\u00e7\u00f5es e Explosivos (Desarme) sa\u00edram para cumprir 3 mandados de busca e apreens\u00e3o. Entre os endere\u00e7os estavam a casa de David, na Barra da Tijuca, na Zona Sudoeste do Rio de Janeiro, e o centro de treinamento cruzmaltino, em Jacarepagu\u00e1, na mesma regi\u00e3o.<\/p>\n<p>O vasca\u00edno foi no pr\u00f3prio carro \u2014 cuja placa come\u00e7a com DVD \u2014 para o CT do clube, a fim de acompanhar as dilig\u00eancias. Ele n\u00e3o quis dar declara\u00e7\u00f5es na sa\u00edda.<\/p>\n<table align=\"center\" cellpadding=\"0\" cellspacing=\"0\" class=\"tr-caption-container\" style=\"margin-left: auto; margin-right: auto;\">\n<tbody>\n<tr>\n<td style=\"text-align: center;\"><a href=\"https:\/\/s2-g1.glbimg.com\/fAxKsMOezKCrTcRDwgsS4CECRtg=\/0x0:1920x1080\/984x0\/smart\/filters:strip_icc()\/i.s3.glbimg.com\/v1\/AUTH_59edd422c0c84a879bd37670ae4f538a\/internal_photos\/bs\/2026\/d\/6\/4j9iGGS6CsQf2xmxKJsg\/bdrj-ct-vasco.jpeg\" imageanchor=\"1\" style=\"margin-left: auto; margin-right: auto;\"><img decoding=\"async\" border=\"0\" data-original-height=\"554\" data-original-width=\"984\" height=\"360\" src=\"https:\/\/s2-g1.glbimg.com\/fAxKsMOezKCrTcRDwgsS4CECRtg=\/0x0:1920x1080\/984x0\/smart\/filters:strip_icc()\/i.s3.glbimg.com\/v1\/AUTH_59edd422c0c84a879bd37670ae4f538a\/internal_photos\/bs\/2026\/d\/6\/4j9iGGS6CsQf2xmxKJsg\/bdrj-ct-vasco.jpeg\" width=\"640\" \/><\/a><\/td>\n<\/tr>\n<tr>\n<td class=\"tr-caption\" style=\"text-align: center;\"><span style=\"text-align: justify;\">Carro da Pol\u00edcia Civil dentro do Centro de Treinamento do Vasco da Gama, na Zona Sudoeste do Rio \u2014 Foto: Reprodu\u00e7\u00e3o\/ TV Globo<\/span><\/td>\n<\/tr>\n<\/tbody>\n<\/table>\n<p><\/p>\n<p>\ud83d\udcf1 <a href=\"https:\/\/chat.whatsapp.com\/L8KSLsjENzl5HrgtytuzCL\"> SIGA PRA MAIS NOT\u00cdCIAS: entre na comunidade do 2JN no WhatsApp<\/a>\n<\/div>\n<div>\n<!-- GoogleAdsense --><\/p>\n<p style=\"text-align: justify;\"><span style=\"font-size: 14pt;\"><strong> LEIA TAMB\u00c9M <\/strong><\/span><\/p>\n<p><script async src=\"https:\/\/pagead2.googlesyndication.com\/pagead\/js\/adsbygoogle.js?client=ca-pub-3129804789748719\" crossorigin=\"anonymous\"><\/script><br \/>\n<!-- Anuncio horizontal responsivo --><br \/>\n<ins class=\"adsbygoogle\" style=\"display: block;\" data-ad-client=\"ca-pub-3129804789748719\" data-ad-slot=\"1473312501\" data-ad-format=\"auto\" data-full-width-responsive=\"true\"><\/ins><br \/>\n<script>\n     (adsbygoogle = window.adsbygoogle || []).push({});\n<\/script>\n<\/div>\n<div style=\"text-align: justify;\">\n<div class=\"related bk-inline-post-box alignleft\" style=\"color: #fcfcfc; background-color: #fac8c8;\"><ul class=\"list-small-post row\"><li class=\"small-post content_out clearfix\">                        <div class=\"small-thumbnail-wrapper\">\n                <div class=\"thumb hide-thumb term-89\"><a href=\"https:\/\/2dejulhonoticias.com.br\/2jn\/tragedia-em-paramirim-quatro-criancas-da-mesma-familia-morrem-afogadas\/\"><img decoding=\"async\" width=\"90\" height=\"65\" src=\"https:\/\/2dejulhonoticias.com.br\/2jn\/wp-content\/uploads\/2026\/08\/tragediaemParamirim-90x65.webp\" class=\"attachment-rubik-90-65 size-rubik-90-65 wp-post-image\" alt=\"\" \/><div class=\"rubik-post-icon-wrap\"><\/div><\/a> <!-- close a tag --><\/div> <!-- close thumb -->            <\/div>\n                        <div class=\"post-c-wrap\">\n                                \n                <h4 class=\"title\"><a class=\"term-89\" href=\"https:\/\/2dejulhonoticias.com.br\/2jn\/tragedia-em-paramirim-quatro-criancas-da-mesma-familia-morrem-afogadas\/\">TRAG\u00c9DIA EM PARAMIRIM: Quatro crian\u00e7as da mesma fam\u00edlia morrem afogadas<\/a><\/h4>                <div class=\"meta\"><div class=\"post-date\">31 de agosto de 2026<\/div><\/div> \n            <\/div>\n            <\/li><!-- End post --><li class=\"small-post content_out clearfix\">                        <div class=\"small-thumbnail-wrapper\">\n                <div class=\"thumb hide-thumb term-75\"><a href=\"https:\/\/2dejulhonoticias.com.br\/2jn\/nova-diretriz-muda-tratamento-da-tireoide-na-gestacao\/\"><img decoding=\"async\" width=\"90\" height=\"65\" src=\"https:\/\/2dejulhonoticias.com.br\/2jn\/wp-content\/uploads\/2026\/08\/mulher-gravida-gestante-90x65.webp\" class=\"attachment-rubik-90-65 size-rubik-90-65 wp-post-image\" alt=\"\" \/><div class=\"rubik-post-icon-wrap\"><\/div><\/a> <!-- close a tag --><\/div> <!-- close thumb -->            <\/div>\n                        <div class=\"post-c-wrap\">\n                                \n                <h4 class=\"title\"><a class=\"term-75\" href=\"https:\/\/2dejulhonoticias.com.br\/2jn\/nova-diretriz-muda-tratamento-da-tireoide-na-gestacao\/\">Nova diretriz muda tratamento da tireoide na gesta\u00e7\u00e3o<\/a><\/h4>                <div class=\"meta\"><div class=\"post-date\">28 de agosto de 2026<\/div><\/div> \n            <\/div>\n            <\/li><!-- End post --><li class=\"small-post content_out clearfix\">                        <div class=\"small-thumbnail-wrapper\">\n                <div class=\"thumb hide-thumb term-75\"><a href=\"https:\/\/2dejulhonoticias.com.br\/2jn\/propaganda-eleitoral-no-radio-e-na-tv-comeca-nesta-sexta-28-veja-horarios-e-tempo-dos-candidatos\/\"><img decoding=\"async\" width=\"90\" height=\"65\" src=\"https:\/\/2dejulhonoticias.com.br\/2jn\/wp-content\/uploads\/2026\/08\/presidenciaveis-eleicoes-voto-90x65.webp\" class=\"attachment-rubik-90-65 size-rubik-90-65 wp-post-image\" alt=\"\" \/><div class=\"rubik-post-icon-wrap\"><\/div><\/a> <!-- close a tag --><\/div> <!-- close thumb -->            <\/div>\n                        <div class=\"post-c-wrap\">\n                                \n                <h4 class=\"title\"><a class=\"term-75\" href=\"https:\/\/2dejulhonoticias.com.br\/2jn\/propaganda-eleitoral-no-radio-e-na-tv-comeca-nesta-sexta-28-veja-horarios-e-tempo-dos-candidatos\/\">Propaganda eleitoral no r\u00e1dio e na TV come\u00e7a nesta sexta (28); veja hor\u00e1rios e tempo ...<\/a><\/h4>                <div class=\"meta\"><div class=\"post-date\">28 de agosto de 2026<\/div><\/div> \n            <\/div>\n            <\/li><!-- End post --><\/ul> <!-- End list-post --><\/div><br \/>\n<b>Investiga\u00e7\u00e3o do ES<\/b><\/p>\n<p>Segundo as apura\u00e7\u00f5es conduzidas pela Pol\u00edcia Civil do Esp\u00edrito Santo, s\u00e3o apurados poss\u00edveis envolvimentos de outros atletas profissionais e empres\u00e1rios com o grupo criminoso investigado.<\/p>\n<p>A opera\u00e7\u00e3o \u00e9 realizada simultaneamente em v\u00e1rios estados, mobilizando aproximadamente 100 policiais civis, mais de 38 viaturas e 2 helic\u00f3pteros, numa a\u00e7\u00e3o coordenada de abrang\u00eancia interestadual.<\/p>\n<\/p>\n<blockquote>\n<p>\u201cA opera\u00e7\u00e3o integra uma atua\u00e7\u00e3o conjunta entre as Pol\u00edcias Civis dos estados para o cumprimento de medidas judiciais e o enfrentamento de organiza\u00e7\u00f5es criminosas que atuam de forma interestadual\u201d, disse a Pol\u00edcia Civil do RJ.<\/p>\n<p>\u201cO nome da opera\u00e7\u00e3o, \u2018A Tropa\u2019, faz refer\u00eancia \u00e0 autodenomina\u00e7\u00e3o utilizada pelos pr\u00f3prios investigados para se referirem ao grupo criminoso\u201d, explicaram as autoridades capixabas.<\/p>\n<\/blockquote>\n<table align=\"center\" cellpadding=\"0\" cellspacing=\"0\" class=\"tr-caption-container\" style=\"margin-left: auto; margin-right: auto;\">\n<tbody>\n<tr>\n<td style=\"text-align: center;\"><a href=\"https:\/\/s2-g1.glbimg.com\/mYCaeIoC9ikRvRGu9DcFV6JF_Qk=\/0x0:1600x1200\/984x0\/smart\/filters:strip_icc()\/i.s3.glbimg.com\/v1\/AUTH_59edd422c0c84a879bd37670ae4f538a\/internal_photos\/bs\/2026\/b\/f\/wNWki6QtW9YChglBgVtw\/31david2.jpg\" imageanchor=\"1\" style=\"margin-left: auto; margin-right: auto;\"><img decoding=\"async\" border=\"0\" data-original-height=\"738\" data-original-width=\"984\" height=\"480\" src=\"https:\/\/s2-g1.glbimg.com\/mYCaeIoC9ikRvRGu9DcFV6JF_Qk=\/0x0:1600x1200\/984x0\/smart\/filters:strip_icc()\/i.s3.glbimg.com\/v1\/AUTH_59edd422c0c84a879bd37670ae4f538a\/internal_photos\/bs\/2026\/b\/f\/wNWki6QtW9YChglBgVtw\/31david2.jpg\" width=\"640\" \/><\/a><\/td>\n<\/tr>\n<tr>\n<td class=\"tr-caption\" style=\"text-align: center;\"><span style=\"text-align: justify;\">David Corr\u00eaa deixa sua casa rumo ao CT do Vasco \u2014 Foto: Reprodu\u00e7\u00e3o\/TV Globo<\/span><\/td>\n<\/tr>\n<\/tbody>\n<\/table>\n<p><i><span style=\"color: #999999;\">&#8230;Continua ap\u00f3s anuncio&#8230;<\/span><\/i><\/p>\n<\/div>\n<hr \/>\n<p><!-- banner meio--><\/p>\n<div><script async src=\"https:\/\/pagead2.googlesyndication.com\/pagead\/js\/adsbygoogle.js?client=ca-pub-3129804789748719\" crossorigin=\"anonymous\"><\/script><br \/>\n<!-- Banner quadrado responsivo --><br \/>\n<ins class=\"adsbygoogle\" style=\"display: block;\" data-ad-client=\"ca-pub-3129804789748719\" data-ad-slot=\"2076857862\" data-ad-format=\"auto\" data-full-width-responsive=\"true\"><\/ins><br \/>\n<script>\n     (adsbygoogle = window.adsbygoogle || []).push({});\n<\/script><\/div>\n<p><!-- banner meio responsivo --><\/p>\n<hr \/>\n<p><!-- RODAP\u00c9 DA NOTICIA --><\/p>\n<div><strong> Siga a coluna no <a href=\"https:\/\/www.facebook.com\/jornal2jn\" target=\"_blank\" rel=\"noopener\">Facebook<\/a> e no <a href=\"https:\/\/www.instagram.com\/jornal2dejulho\/\" target=\"_blank\" rel=\"noopener\">Instagram<\/a> para n\u00e3o perder nada.<\/strong><\/div>\n<p style=\"text-align: right;\"><em> por Reda\u00e7\u00e3o g1 RJ<\/em><\/p>\n<p><!--\n\nO 2 de Julho Noticias \u00e9 um Jornal Independente, pois n\u00e3o tem apoios Pol\u00edticos Partid\u00e1rios, de Prefeitura e nem de Comercio, e precisa de seu apoio, caso possa em assinar nosso Livro de Parceiros e Colaboradores.\nSua colabora\u00e7\u00e3o \u00e9 muito importante para nossa continuidade! Chave PIX EMAIL: parceiro@2dejulhonoticias.com.br\n\n--><\/p>\n<hr \/>\n<p><!-- banner meio responsivo--><br \/>\n<script async src=\"https:\/\/pagead2.googlesyndication.com\/pagead\/js\/adsbygoogle.js?client=ca-pub-3129804789748719\" crossorigin=\"anonymous\"><\/script><br \/>\n<!-- banner 728x90 2jn --><br \/>\n<ins class=\"adsbygoogle\" style=\"display: inline-block; width: 728px; height: 90px;\" data-ad-client=\"ca-pub-3129804789748719\" data-ad-slot=\"1383288950\"><\/ins><br \/>\n<script>\n     (adsbygoogle = window.adsbygoogle || []).push({});\n<\/script><\/p>\n<p style=\"text-align: justify;\"><span style=\"font-size: 14pt;\"><strong> LEIA TAMB\u00c9M <\/strong><\/span><\/p>\n<p><!-- banner meio responsivo--><br \/>\n<script async src=\"https:\/\/pagead2.googlesyndication.com\/pagead\/js\/adsbygoogle.js?client=ca-pub-3129804789748719\" crossorigin=\"anonymous\"><\/script><br \/>\n<!-- banner 728x90 2jn --><br \/>\n<ins class=\"adsbygoogle\" style=\"display: inline-block; width: 728px; height: 90px;\" data-ad-client=\"ca-pub-3129804789748719\" data-ad-slot=\"1383288950\"><\/ins><br \/>\n<script>\n     (adsbygoogle = window.adsbygoogle || []).push({});\n<\/script><br \/>\n<amp-ad width=\"100vw\" height=\"320\"\n     type=\"adsense\"\n     data-ad-client=\"ca-pub-3129804789748719\"\n     data-ad-slot=\"4367194841\"\n     data-auto-format=\"mcrspv\"\n     data-full-width=\"\"><\/p>\n<div overflow=\"\"><\/div>\n<p><\/amp-ad><br \/>\n<amp-ad\n     layout=\"fixed\"\n     width=\"728\"\n     height=\"90\"\n     type=\"adsense\"\n     data-ad-client=\"ca-pub-3129804789748719\"\n     data-ad-slot=\"1383288950\"><br \/>\n<\/amp-ad><\/p>\n","protected":false},"excerpt":{"rendered":"<p>O jogador David Corr\u00eaa, o DVD, atacante do Vasco da Gama, \u00e9 alvo de buscas, nesta segunda-feira (31), da Opera\u00e7\u00e3o A Tropa, contra o tr\u00e1fico interestadual de drogas e armas e a lavagem de dinheiro. Outro alvo da opera\u00e7\u00e3o \u00e9 o tamb\u00e9m atacante Renyer Oliveira, que foi da base do Santos e recentemente contratado pelo Azuriz, de Pato Branco (PR). Durante o cumprimento do mandado, em SP, Renyer foi detido por desacato e resist\u00eancia. No total, em todo o pa\u00eds, equipes sa\u00edram para cumprir 4 mandados de pris\u00e3o tempor\u00e1ria e 15 de busca e apreens\u00e3o. As dilig\u00eancias s\u00e3o realizadas em [&hellip;]<\/p>\n","protected":false},"author":1,"featured_media":42506,"comment_status":"closed","ping_status":"open","sticky":false,"template":"","format":"standard","meta":{"footnotes":""},"categories":[75,7,87],"tags":[5869,824,4610],"class_list":["post-42505","post","type-post","status-publish","format-standard","has-post-thumbnail","hentry","category-brasil","category-esporte","category-policia","tag-vasco-rj","tag-busca-e-apreensao","tag-vasco-da-gama"],"yoast_head":"<!-- This site is optimized with the Yoast SEO Premium plugin v23.7 (Yoast SEO v27.7) - https:\/\/yoast.com\/product\/yoast-seo-premium-wordpress\/ -->\n<title>David Corr\u00eaa, jogador do Vasco, \u00e9 alvo de buscas por tr\u00e1fico de armas e drogas; Renyer, ex-Santos, acaba detido por desacato - 2 de Julho Not\u00edcias<\/title>\n<meta name=\"description\" content=\"David Corr\u00eaa, jogador do Vasco, \u00e9 alvo de buscas por tr\u00e1fico de armas e drogas; Renyer, ex-Santos, acaba detido por desacato\" \/>\n<meta name=\"robots\" content=\"index, follow, max-snippet:-1, max-image-preview:large, max-video-preview:-1\" \/>\n<link rel=\"canonical\" href=\"https:\/\/2dejulhonoticias.com.br\/2jn\/david-correa-jogador-do-vasco-e-alvo-de-buscas-por-trafico-de-armas-e-drogas-renyer-ex-santos-acaba-detido-por-desacato\/\" \/>\n<meta name=\"twitter:card\" content=\"summary_large_image\" \/>\n<meta name=\"twitter:title\" content=\"David Corr\u00eaa, jogador do Vasco, \u00e9 alvo de buscas por tr\u00e1fico de armas e drogas; Renyer, ex-Santos, acaba detido por desacato - 2 de Julho Not\u00edcias\" \/>\n<meta name=\"twitter:description\" content=\"David Corr\u00eaa, jogador do Vasco, \u00e9 alvo de buscas por tr\u00e1fico de armas e drogas; Renyer, ex-Santos, acaba detido por desacato\" \/>\n<meta name=\"twitter:image\" content=\"https:\/\/2dejulhonoticias.com.br\/2jn\/wp-content\/uploads\/2026\/08\/Renyer-Oliveira-e-David-Correa-scaled.webp\" \/>\n<meta name=\"twitter:creator\" content=\"@2_julho\" \/>\n<meta name=\"twitter:site\" content=\"@2_julho\" \/>\n<meta name=\"twitter:label1\" content=\"Escrito por\" \/>\n\t<meta name=\"twitter:data1\" content=\"Reda\u00e7\u00e3o\" \/>\n\t<meta name=\"twitter:label2\" content=\"Est. tempo de leitura\" \/>\n\t<meta name=\"twitter:data2\" content=\"1 minuto\" \/>\n<script type=\"application\/ld+json\" class=\"yoast-schema-graph\">{\"@context\":\"https:\\\/\\\/schema.org\",\"@graph\":[{\"@type\":\"Article\",\"@id\":\"https:\\\/\\\/2dejulhonoticias.com.br\\\/2jn\\\/david-correa-jogador-do-vasco-e-alvo-de-buscas-por-trafico-de-armas-e-drogas-renyer-ex-santos-acaba-detido-por-desacato\\\/#article\",\"isPartOf\":{\"@id\":\"https:\\\/\\\/2dejulhonoticias.com.br\\\/2jn\\\/david-correa-jogador-do-vasco-e-alvo-de-buscas-por-trafico-de-armas-e-drogas-renyer-ex-santos-acaba-detido-por-desacato\\\/\"},\"author\":{\"name\":\"Reda\u00e7\u00e3o\",\"@id\":\"https:\\\/\\\/2dejulhonoticias.com.br\\\/2jn\\\/#\\\/schema\\\/person\\\/a61e2ab9ae920711c9622c249b03dc16\"},\"headline\":\"David Corr\u00eaa, jogador do Vasco, \u00e9 alvo de buscas por tr\u00e1fico de armas e drogas; Renyer, ex-Santos, acaba detido por desacato\",\"datePublished\":\"2026-08-31T11:59:06+00:00\",\"mainEntityOfPage\":{\"@id\":\"https:\\\/\\\/2dejulhonoticias.com.br\\\/2jn\\\/david-correa-jogador-do-vasco-e-alvo-de-buscas-por-trafico-de-armas-e-drogas-renyer-ex-santos-acaba-detido-por-desacato\\\/\"},\"wordCount\":485,\"publisher\":{\"@id\":\"https:\\\/\\\/2dejulhonoticias.com.br\\\/2jn\\\/#\\\/schema\\\/person\\\/a61e2ab9ae920711c9622c249b03dc16\"},\"image\":{\"@id\":\"https:\\\/\\\/2dejulhonoticias.com.br\\\/2jn\\\/david-correa-jogador-do-vasco-e-alvo-de-buscas-por-trafico-de-armas-e-drogas-renyer-ex-santos-acaba-detido-por-desacato\\\/#primaryimage\"},\"thumbnailUrl\":\"https:\\\/\\\/2dejulhonoticias.com.br\\\/2jn\\\/wp-content\\\/uploads\\\/2026\\\/08\\\/Renyer-Oliveira-e-David-Correa-scaled.webp\",\"keywords\":[\"#Vasco-RJ\",\"Busca e Apreens\u00e3o\",\"vasco da gama\"],\"articleSection\":[\"Brasil\",\"Esporte\",\"Policia\"],\"inLanguage\":\"pt-BR\"},{\"@type\":\"WebPage\",\"@id\":\"https:\\\/\\\/2dejulhonoticias.com.br\\\/2jn\\\/david-correa-jogador-do-vasco-e-alvo-de-buscas-por-trafico-de-armas-e-drogas-renyer-ex-santos-acaba-detido-por-desacato\\\/\",\"url\":\"https:\\\/\\\/2dejulhonoticias.com.br\\\/2jn\\\/david-correa-jogador-do-vasco-e-alvo-de-buscas-por-trafico-de-armas-e-drogas-renyer-ex-santos-acaba-detido-por-desacato\\\/\",\"name\":\"David Corr\u00eaa, jogador do Vasco, \u00e9 alvo de buscas por tr\u00e1fico de armas e drogas; Renyer, ex-Santos, acaba detido por desacato - 2 de Julho Not\u00edcias\",\"isPartOf\":{\"@id\":\"https:\\\/\\\/2dejulhonoticias.com.br\\\/2jn\\\/#website\"},\"primaryImageOfPage\":{\"@id\":\"https:\\\/\\\/2dejulhonoticias.com.br\\\/2jn\\\/david-correa-jogador-do-vasco-e-alvo-de-buscas-por-trafico-de-armas-e-drogas-renyer-ex-santos-acaba-detido-por-desacato\\\/#primaryimage\"},\"image\":{\"@id\":\"https:\\\/\\\/2dejulhonoticias.com.br\\\/2jn\\\/david-correa-jogador-do-vasco-e-alvo-de-buscas-por-trafico-de-armas-e-drogas-renyer-ex-santos-acaba-detido-por-desacato\\\/#primaryimage\"},\"thumbnailUrl\":\"https:\\\/\\\/2dejulhonoticias.com.br\\\/2jn\\\/wp-content\\\/uploads\\\/2026\\\/08\\\/Renyer-Oliveira-e-David-Correa-scaled.webp\",\"datePublished\":\"2026-08-31T11:59:06+00:00\",\"description\":\"David Corr\u00eaa, jogador do Vasco, \u00e9 alvo de buscas por tr\u00e1fico de armas e drogas; Renyer, ex-Santos, acaba detido por desacato\",\"breadcrumb\":{\"@id\":\"https:\\\/\\\/2dejulhonoticias.com.br\\\/2jn\\\/david-correa-jogador-do-vasco-e-alvo-de-buscas-por-trafico-de-armas-e-drogas-renyer-ex-santos-acaba-detido-por-desacato\\\/#breadcrumb\"},\"inLanguage\":\"pt-BR\",\"potentialAction\":[{\"@type\":\"ReadAction\",\"target\":[\"https:\\\/\\\/2dejulhonoticias.com.br\\\/2jn\\\/david-correa-jogador-do-vasco-e-alvo-de-buscas-por-trafico-de-armas-e-drogas-renyer-ex-santos-acaba-detido-por-desacato\\\/\"]}]},{\"@type\":\"ImageObject\",\"inLanguage\":\"pt-BR\",\"@id\":\"https:\\\/\\\/2dejulhonoticias.com.br\\\/2jn\\\/david-correa-jogador-do-vasco-e-alvo-de-buscas-por-trafico-de-armas-e-drogas-renyer-ex-santos-acaba-detido-por-desacato\\\/#primaryimage\",\"url\":\"https:\\\/\\\/2dejulhonoticias.com.br\\\/2jn\\\/wp-content\\\/uploads\\\/2026\\\/08\\\/Renyer-Oliveira-e-David-Correa-scaled.webp\",\"contentUrl\":\"https:\\\/\\\/2dejulhonoticias.com.br\\\/2jn\\\/wp-content\\\/uploads\\\/2026\\\/08\\\/Renyer-Oliveira-e-David-Correa-scaled.webp\",\"width\":544,\"height\":600},{\"@type\":\"BreadcrumbList\",\"@id\":\"https:\\\/\\\/2dejulhonoticias.com.br\\\/2jn\\\/david-correa-jogador-do-vasco-e-alvo-de-buscas-por-trafico-de-armas-e-drogas-renyer-ex-santos-acaba-detido-por-desacato\\\/#breadcrumb\",\"itemListElement\":[{\"@type\":\"ListItem\",\"position\":1,\"name\":\"In\u00edcio\",\"item\":\"https:\\\/\\\/2dejulhonoticias.com.br\\\/2jn\\\/\"},{\"@type\":\"ListItem\",\"position\":2,\"name\":\"David Corr\u00eaa, jogador do Vasco, \u00e9 alvo de buscas por tr\u00e1fico de armas e drogas; Renyer, ex-Santos, acaba detido por desacato\"}]},{\"@type\":\"WebSite\",\"@id\":\"https:\\\/\\\/2dejulhonoticias.com.br\\\/2jn\\\/#website\",\"url\":\"https:\\\/\\\/2dejulhonoticias.com.br\\\/2jn\\\/\",\"name\":\"2 de Julho Noticias - A not\u00edcia ao seu alcance\",\"description\":\"Noticias sobre Politica, Policia,Esporte,Vida e Estilo, Sa\u00fade,Moda e Beleza,Mundo da Fama,Emprego e Concursos,Arte e Cultura,Cama\u00e7ari\",\"publisher\":{\"@id\":\"https:\\\/\\\/2dejulhonoticias.com.br\\\/2jn\\\/#\\\/schema\\\/person\\\/a61e2ab9ae920711c9622c249b03dc16\"},\"potentialAction\":[{\"@type\":\"SearchAction\",\"target\":{\"@type\":\"EntryPoint\",\"urlTemplate\":\"https:\\\/\\\/2dejulhonoticias.com.br\\\/2jn\\\/?s={search_term_string}\"},\"query-input\":{\"@type\":\"PropertyValueSpecification\",\"valueRequired\":true,\"valueName\":\"search_term_string\"}}],\"inLanguage\":\"pt-BR\"},{\"@type\":[\"Person\",\"Organization\"],\"@id\":\"https:\\\/\\\/2dejulhonoticias.com.br\\\/2jn\\\/#\\\/schema\\\/person\\\/a61e2ab9ae920711c9622c249b03dc16\",\"name\":\"Reda\u00e7\u00e3o\",\"image\":{\"@type\":\"ImageObject\",\"inLanguage\":\"pt-BR\",\"@id\":\"https:\\\/\\\/2dejulhonoticias.com.br\\\/2jn\\\/wp-content\\\/uploads\\\/2020\\\/11\\\/logo2dejulho.png\",\"url\":\"https:\\\/\\\/2dejulhonoticias.com.br\\\/2jn\\\/wp-content\\\/uploads\\\/2020\\\/11\\\/logo2dejulho.png\",\"contentUrl\":\"https:\\\/\\\/2dejulhonoticias.com.br\\\/2jn\\\/wp-content\\\/uploads\\\/2020\\\/11\\\/logo2dejulho.png\",\"width\":291,\"height\":96,\"caption\":\"Reda\u00e7\u00e3o\"},\"logo\":{\"@id\":\"https:\\\/\\\/2dejulhonoticias.com.br\\\/2jn\\\/wp-content\\\/uploads\\\/2020\\\/11\\\/logo2dejulho.png\"},\"sameAs\":[\"https:\\\/\\\/www.facebook.com\\\/J2deJulho\",\"https:\\\/\\\/www.instagram.com\\\/mirobaia\\\/\",\"https:\\\/\\\/www.linkedin.com\\\/in\\\/mirobaia\\\/\",\"https:\\\/\\\/x.com\\\/2_julho\",\"https:\\\/\\\/www.youtube.com\\\/c\\\/MiroBaia\"]}]}<\/script>\n<!-- \/ Yoast SEO Premium plugin. -->","yoast_head_json":{"title":"David Corr\u00eaa, jogador do Vasco, \u00e9 alvo de buscas por tr\u00e1fico de armas e drogas; Renyer, ex-Santos, acaba detido por desacato - 2 de Julho Not\u00edcias","description":"David Corr\u00eaa, jogador do Vasco, \u00e9 alvo de buscas por tr\u00e1fico de armas e drogas; Renyer, ex-Santos, acaba detido por desacato","robots":{"index":"index","follow":"follow","max-snippet":"max-snippet:-1","max-image-preview":"max-image-preview:large","max-video-preview":"max-video-preview:-1"},"canonical":"https:\/\/2dejulhonoticias.com.br\/2jn\/david-correa-jogador-do-vasco-e-alvo-de-buscas-por-trafico-de-armas-e-drogas-renyer-ex-santos-acaba-detido-por-desacato\/","twitter_card":"summary_large_image","twitter_title":"David Corr\u00eaa, jogador do Vasco, \u00e9 alvo de buscas por tr\u00e1fico de armas e drogas; Renyer, ex-Santos, acaba detido por desacato - 2 de Julho Not\u00edcias","twitter_description":"David Corr\u00eaa, jogador do Vasco, \u00e9 alvo de buscas por tr\u00e1fico de armas e drogas; Renyer, ex-Santos, acaba detido por desacato","twitter_image":"https:\/\/2dejulhonoticias.com.br\/2jn\/wp-content\/uploads\/2026\/08\/Renyer-Oliveira-e-David-Correa-scaled.webp","twitter_creator":"@2_julho","twitter_site":"@2_julho","twitter_misc":{"Escrito por":"Reda\u00e7\u00e3o","Est. tempo de leitura":"1 minuto"},"schema":{"@context":"https:\/\/schema.org","@graph":[{"@type":"Article","@id":"https:\/\/2dejulhonoticias.com.br\/2jn\/david-correa-jogador-do-vasco-e-alvo-de-buscas-por-trafico-de-armas-e-drogas-renyer-ex-santos-acaba-detido-por-desacato\/#article","isPartOf":{"@id":"https:\/\/2dejulhonoticias.com.br\/2jn\/david-correa-jogador-do-vasco-e-alvo-de-buscas-por-trafico-de-armas-e-drogas-renyer-ex-santos-acaba-detido-por-desacato\/"},"author":{"name":"Reda\u00e7\u00e3o","@id":"https:\/\/2dejulhonoticias.com.br\/2jn\/#\/schema\/person\/a61e2ab9ae920711c9622c249b03dc16"},"headline":"David Corr\u00eaa, jogador do Vasco, \u00e9 alvo de buscas por tr\u00e1fico de armas e drogas; Renyer, ex-Santos, acaba detido por desacato","datePublished":"2026-08-31T11:59:06+00:00","mainEntityOfPage":{"@id":"https:\/\/2dejulhonoticias.com.br\/2jn\/david-correa-jogador-do-vasco-e-alvo-de-buscas-por-trafico-de-armas-e-drogas-renyer-ex-santos-acaba-detido-por-desacato\/"},"wordCount":485,"publisher":{"@id":"https:\/\/2dejulhonoticias.com.br\/2jn\/#\/schema\/person\/a61e2ab9ae920711c9622c249b03dc16"},"image":{"@id":"https:\/\/2dejulhonoticias.com.br\/2jn\/david-correa-jogador-do-vasco-e-alvo-de-buscas-por-trafico-de-armas-e-drogas-renyer-ex-santos-acaba-detido-por-desacato\/#primaryimage"},"thumbnailUrl":"https:\/\/2dejulhonoticias.com.br\/2jn\/wp-content\/uploads\/2026\/08\/Renyer-Oliveira-e-David-Correa-scaled.webp","keywords":["#Vasco-RJ","Busca e Apreens\u00e3o","vasco da gama"],"articleSection":["Brasil","Esporte","Policia"],"inLanguage":"pt-BR"},{"@type":"WebPage","@id":"https:\/\/2dejulhonoticias.com.br\/2jn\/david-correa-jogador-do-vasco-e-alvo-de-buscas-por-trafico-de-armas-e-drogas-renyer-ex-santos-acaba-detido-por-desacato\/","url":"https:\/\/2dejulhonoticias.com.br\/2jn\/david-correa-jogador-do-vasco-e-alvo-de-buscas-por-trafico-de-armas-e-drogas-renyer-ex-santos-acaba-detido-por-desacato\/","name":"David Corr\u00eaa, jogador do Vasco, \u00e9 alvo de buscas por tr\u00e1fico de armas e drogas; Renyer, ex-Santos, acaba detido por desacato - 2 de Julho Not\u00edcias","isPartOf":{"@id":"https:\/\/2dejulhonoticias.com.br\/2jn\/#website"},"primaryImageOfPage":{"@id":"https:\/\/2dejulhonoticias.com.br\/2jn\/david-correa-jogador-do-vasco-e-alvo-de-buscas-por-trafico-de-armas-e-drogas-renyer-ex-santos-acaba-detido-por-desacato\/#primaryimage"},"image":{"@id":"https:\/\/2dejulhonoticias.com.br\/2jn\/david-correa-jogador-do-vasco-e-alvo-de-buscas-por-trafico-de-armas-e-drogas-renyer-ex-santos-acaba-detido-por-desacato\/#primaryimage"},"thumbnailUrl":"https:\/\/2dejulhonoticias.com.br\/2jn\/wp-content\/uploads\/2026\/08\/Renyer-Oliveira-e-David-Correa-scaled.webp","datePublished":"2026-08-31T11:59:06+00:00","description":"David Corr\u00eaa, jogador do Vasco, \u00e9 alvo de buscas por tr\u00e1fico de armas e drogas; Renyer, ex-Santos, acaba detido por desacato","breadcrumb":{"@id":"https:\/\/2dejulhonoticias.com.br\/2jn\/david-correa-jogador-do-vasco-e-alvo-de-buscas-por-trafico-de-armas-e-drogas-renyer-ex-santos-acaba-detido-por-desacato\/#breadcrumb"},"inLanguage":"pt-BR","potentialAction":[{"@type":"ReadAction","target":["https:\/\/2dejulhonoticias.com.br\/2jn\/david-correa-jogador-do-vasco-e-alvo-de-buscas-por-trafico-de-armas-e-drogas-renyer-ex-santos-acaba-detido-por-desacato\/"]}]},{"@type":"ImageObject","inLanguage":"pt-BR","@id":"https:\/\/2dejulhonoticias.com.br\/2jn\/david-correa-jogador-do-vasco-e-alvo-de-buscas-por-trafico-de-armas-e-drogas-renyer-ex-santos-acaba-detido-por-desacato\/#primaryimage","url":"https:\/\/2dejulhonoticias.com.br\/2jn\/wp-content\/uploads\/2026\/08\/Renyer-Oliveira-e-David-Correa-scaled.webp","contentUrl":"https:\/\/2dejulhonoticias.com.br\/2jn\/wp-content\/uploads\/2026\/08\/Renyer-Oliveira-e-David-Correa-scaled.webp","width":544,"height":600},{"@type":"BreadcrumbList","@id":"https:\/\/2dejulhonoticias.com.br\/2jn\/david-correa-jogador-do-vasco-e-alvo-de-buscas-por-trafico-de-armas-e-drogas-renyer-ex-santos-acaba-detido-por-desacato\/#breadcrumb","itemListElement":[{"@type":"ListItem","position":1,"name":"In\u00edcio","item":"https:\/\/2dejulhonoticias.com.br\/2jn\/"},{"@type":"ListItem","position":2,"name":"David Corr\u00eaa, jogador do Vasco, \u00e9 alvo de buscas por tr\u00e1fico de armas e drogas; Renyer, ex-Santos, acaba detido por desacato"}]},{"@type":"WebSite","@id":"https:\/\/2dejulhonoticias.com.br\/2jn\/#website","url":"https:\/\/2dejulhonoticias.com.br\/2jn\/","name":"2 de Julho Noticias - A not\u00edcia ao seu alcance","description":"Noticias sobre Politica, Policia,Esporte,Vida e Estilo, Sa\u00fade,Moda e Beleza,Mundo da Fama,Emprego e Concursos,Arte e Cultura,Cama\u00e7ari","publisher":{"@id":"https:\/\/2dejulhonoticias.com.br\/2jn\/#\/schema\/person\/a61e2ab9ae920711c9622c249b03dc16"},"potentialAction":[{"@type":"SearchAction","target":{"@type":"EntryPoint","urlTemplate":"https:\/\/2dejulhonoticias.com.br\/2jn\/?s={search_term_string}"},"query-input":{"@type":"PropertyValueSpecification","valueRequired":true,"valueName":"search_term_string"}}],"inLanguage":"pt-BR"},{"@type":["Person","Organization"],"@id":"https:\/\/2dejulhonoticias.com.br\/2jn\/#\/schema\/person\/a61e2ab9ae920711c9622c249b03dc16","name":"Reda\u00e7\u00e3o","image":{"@type":"ImageObject","inLanguage":"pt-BR","@id":"https:\/\/2dejulhonoticias.com.br\/2jn\/wp-content\/uploads\/2020\/11\/logo2dejulho.png","url":"https:\/\/2dejulhonoticias.com.br\/2jn\/wp-content\/uploads\/2020\/11\/logo2dejulho.png","contentUrl":"https:\/\/2dejulhonoticias.com.br\/2jn\/wp-content\/uploads\/2020\/11\/logo2dejulho.png","width":291,"height":96,"caption":"Reda\u00e7\u00e3o"},"logo":{"@id":"https:\/\/2dejulhonoticias.com.br\/2jn\/wp-content\/uploads\/2020\/11\/logo2dejulho.png"},"sameAs":["https:\/\/www.facebook.com\/J2deJulho","https:\/\/www.instagram.com\/mirobaia\/","https:\/\/www.linkedin.com\/in\/mirobaia\/","https:\/\/x.com\/2_julho","https:\/\/www.youtube.com\/c\/MiroBaia"]}]}},"_links":{"self":[{"href":"https:\/\/2dejulhonoticias.com.br\/2jn\/wp-json\/wp\/v2\/posts\/42505","targetHints":{"allow":["GET"]}}],"collection":[{"href":"https:\/\/2dejulhonoticias.com.br\/2jn\/wp-json\/wp\/v2\/posts"}],"about":[{"href":"https:\/\/2dejulhonoticias.com.br\/2jn\/wp-json\/wp\/v2\/types\/post"}],"author":[{"embeddable":true,"href":"https:\/\/2dejulhonoticias.com.br\/2jn\/wp-json\/wp\/v2\/users\/1"}],"replies":[{"embeddable":true,"href":"https:\/\/2dejulhonoticias.com.br\/2jn\/wp-json\/wp\/v2\/comments?post=42505"}],"version-history":[{"count":1,"href":"https:\/\/2dejulhonoticias.com.br\/2jn\/wp-json\/wp\/v2\/posts\/42505\/revisions"}],"predecessor-version":[{"id":42507,"href":"https:\/\/2dejulhonoticias.com.br\/2jn\/wp-json\/wp\/v2\/posts\/42505\/revisions\/42507"}],"wp:featuredmedia":[{"embeddable":true,"href":"https:\/\/2dejulhonoticias.com.br\/2jn\/wp-json\/wp\/v2\/media\/42506"}],"wp:attachment":[{"href":"https:\/\/2dejulhonoticias.com.br\/2jn\/wp-json\/wp\/v2\/media?parent=42505"}],"wp:term":[{"taxonomy":"category","embeddable":true,"href":"https:\/\/2dejulhonoticias.com.br\/2jn\/wp-json\/wp\/v2\/categories?post=42505"},{"taxonomy":"post_tag","embeddable":true,"href":"https:\/\/2dejulhonoticias.com.br\/2jn\/wp-json\/wp\/v2\/tags?post=42505"}],"curies":[{"name":"wp","href":"https:\/\/api.w.org\/{rel}","templated":true}]}}