{"id":42503,"date":"2026-08-31T08:42:25","date_gmt":"2026-08-31T11:42:25","guid":{"rendered":"https:\/\/2dejulhonoticias.com.br\/2jn\/?p=42503"},"modified":"2026-08-31T08:42:25","modified_gmt":"2026-08-31T11:42:25","slug":"if-baiano-abre-inscricoes-para-mais-de-1-8-mil-vagas-em-cursos-tecnicos-gratuitos-vao-ate-hoje-31-08","status":"publish","type":"post","link":"https:\/\/2dejulhonoticias.com.br\/2jn\/if-baiano-abre-inscricoes-para-mais-de-1-8-mil-vagas-em-cursos-tecnicos-gratuitos-vao-ate-hoje-31-08\/","title":{"rendered":"IF Baiano abre inscri\u00e7\u00f5es para mais de 1.8 mil vagas em cursos t\u00e9cnicos gratuitos v\u00e3o at\u00e9 hoje (31\/08)"},"content":{"rendered":"<div style=\"text-align: justify;\">\nO Instituto Federal Baiano (IF Baiano) abre, nesta segunda-feira (31), as inscri\u00e7\u00f5es para 1.875 vagas em cursos t\u00e9cnicos gratuitos, para pessoas que j\u00e1 conclu\u00edram o Ensino M\u00e9dio, com ingresso no ano letivo de 2027. O prazo segue at\u00e9 16 de outubro. As oportunidades s\u00e3o ofertadas por seis campi, com op\u00e7\u00f5es presenciais (195 vagas) e \u00e0 dist\u00e2ncia (1.680 vagas).<\/p>\n<p>Podem se inscrever candidatas e candidatos que j\u00e1 tenham conclu\u00eddo o Ensino M\u00e9dio. As inscri\u00e7\u00f5es s\u00e3o feitas pelo portal e, para quem precisar de apoio, tamb\u00e9m presencialmente nos campi.<\/p>\n<p><strong>Cursos e vagas<\/strong><\/p>\n<p>\ud83d\udccdBom Jesus da Lapa<\/p>\n<p>Agricultura \u2014 Presencial \u2014 40 vagas<br \/>\nInform\u00e1tica \u2014 EaD \u2014 80 vagas<br \/>\nMultimeios Did\u00e1ticos \u2014 EaD \u2014 80 vagas<br \/>\nRedes de Computadores \u2014 EaD \u2014 80 vagas<br \/>\nSecretaria Escolar \u2014 EaD \u2014 80 vagas<br \/>\nVendas \u2014 EaD \u2014 80 vagas<\/p>\n<p>\ud83d\udccdGuanambi (polos em Guanambi, Iuiu, Cacul\u00e9 e Caetit\u00e9)<\/p>\n<p>Inform\u00e1tica \u2014 EaD \u2014 100 vagas<br \/>\nMultimeios Did\u00e1ticos \u2014 EaD \u2014 120 vagas<br \/>\nRedes de Computadores \u2014 EaD \u2014 50 vagas<br \/>\nSecretaria Escolar \u2014 EaD \u2014 80 vagas<br \/>\nVendas \u2014 EaD \u2014 80 vagas<\/p>\n<p>\ud83d\udccd Itaberaba (polos CENACON e Universidade Aberta do Brasil)<\/p>\n<p>Inform\u00e1tica \u2014 EaD \u2014 50 vagas<br \/>\nSecretaria Escolar \u2014 EaD \u2014 40 vagas<br \/>\nVendas \u2014 EaD \u2014 40 vagas<\/p>\n<p>\ud83d\udccdSanta In\u00eas (polos de Marac\u00e1s, Jequi\u00e9 e o pr\u00f3prio campus)<\/p>\n<p>Inform\u00e1tica \u2014 EaD \u2014 40 vagas<br \/>\nMultimeios Did\u00e1ticos \u2014 EaD \u2014 40 vagas<br \/>\nSecretaria Escolar \u2014 EaD \u2014 160 vagas<br \/>\nVendas \u2014 EaD \u2014 40 vagas<\/p>\n<p>\ud83d\udccdSenhor do Bonfim (aulas no turno matutino, dura\u00e7\u00e3o de 18 meses)<\/p>\n<p>Agrimensura \u2014 Presencial \u2014 35 vagas<br \/>\nInform\u00e1tica \u2014 Presencial \u2014 40 vagas<br \/>\nZootecnia \u2014 Presencial \u2014 80 vagas<\/p>\n<p>\ud83d\udccdValen\u00e7a (polos de Camamu, Nazar\u00e9 e Valen\u00e7a)<\/p>\n<p>Inform\u00e1tica \u2014 EaD \u2014 90 vagas<br \/>\nMultimeios Did\u00e1ticos \u2014 EaD \u2014 60 vagas<br \/>\nRedes de Computadores \u2014 EaD \u2014 60 vagas<br \/>\nSecretaria Escolar \u2014 EaD \u2014 90 vagas<br \/>\nVendas \u2014 EaD \u2014 60 vagas<\/p>\n<p>\ud83d\udcf1 <a href=\"https:\/\/chat.whatsapp.com\/L8KSLsjENzl5HrgtytuzCL\"> SIGA PRA MAIS NOT\u00cdCIAS: entre na comunidade do 2JN no WhatsApp<\/a>\n<\/div>\n<div>\n<!-- GoogleAdsense --><\/p>\n<p style=\"text-align: justify;\"><span style=\"font-size: 14pt;\"><strong> LEIA TAMB\u00c9M <\/strong><\/span><\/p>\n<p><script async src=\"https:\/\/pagead2.googlesyndication.com\/pagead\/js\/adsbygoogle.js?client=ca-pub-3129804789748719\" crossorigin=\"anonymous\"><\/script><br \/>\n<!-- Anuncio horizontal responsivo --><br \/>\n<ins class=\"adsbygoogle\" style=\"display: block;\" data-ad-client=\"ca-pub-3129804789748719\" data-ad-slot=\"1473312501\" data-ad-format=\"auto\" data-full-width-responsive=\"true\"><\/ins><br \/>\n<script>\n     (adsbygoogle = window.adsbygoogle || []).push({});\n<\/script>\n<\/div>\n<div style=\"text-align: justify;\">\n<div class=\"related bk-inline-post-box alignleft\" style=\"color: #fcfcfc; background-color: #fac8c8;\"><ul class=\"list-small-post row\"><li class=\"small-post content_out clearfix\">                        <div class=\"small-thumbnail-wrapper\">\n                <div class=\"thumb hide-thumb term-89\"><a href=\"https:\/\/2dejulhonoticias.com.br\/2jn\/tragedia-em-paramirim-quatro-criancas-da-mesma-familia-morrem-afogadas\/\"><img decoding=\"async\" width=\"90\" height=\"65\" src=\"https:\/\/2dejulhonoticias.com.br\/2jn\/wp-content\/uploads\/2026\/08\/tragediaemParamirim-90x65.webp\" class=\"attachment-rubik-90-65 size-rubik-90-65 wp-post-image\" alt=\"\" \/><div class=\"rubik-post-icon-wrap\"><\/div><\/a> <!-- close a tag --><\/div> <!-- close thumb -->            <\/div>\n                        <div class=\"post-c-wrap\">\n                                \n                <h4 class=\"title\"><a class=\"term-89\" href=\"https:\/\/2dejulhonoticias.com.br\/2jn\/tragedia-em-paramirim-quatro-criancas-da-mesma-familia-morrem-afogadas\/\">TRAG\u00c9DIA EM PARAMIRIM: Quatro crian\u00e7as da mesma fam\u00edlia morrem afogadas<\/a><\/h4>                <div class=\"meta\"><div class=\"post-date\">31 de agosto de 2026<\/div><\/div> \n            <\/div>\n            <\/li><!-- End post --><li class=\"small-post content_out clearfix\">                        <div class=\"small-thumbnail-wrapper\">\n                <div class=\"thumb hide-thumb term-89\"><a href=\"https:\/\/2dejulhonoticias.com.br\/2jn\/dez-sao-presos-por-suspeita-de-estupro-de-vulneravel-na-bahia-jornalistas-e-policial-sao-alvos-de-operacao\/\"><img decoding=\"async\" width=\"90\" height=\"65\" src=\"https:\/\/2dejulhonoticias.com.br\/2jn\/wp-content\/uploads\/2026\/08\/Mandados-de-prisao-90x65.webp\" class=\"attachment-rubik-90-65 size-rubik-90-65 wp-post-image\" alt=\"\" \/><div class=\"rubik-post-icon-wrap\"><\/div><\/a> <!-- close a tag --><\/div> <!-- close thumb -->            <\/div>\n                        <div class=\"post-c-wrap\">\n                                \n                <h4 class=\"title\"><a class=\"term-89\" href=\"https:\/\/2dejulhonoticias.com.br\/2jn\/dez-sao-presos-por-suspeita-de-estupro-de-vulneravel-na-bahia-jornalistas-e-policial-sao-alvos-de-operacao\/\">Dez s\u00e3o presos por suspeita de estupro de vulner\u00e1vel na Bahia; jornalistas e policial s\u00e3o ...<\/a><\/h4>                <div class=\"meta\"><div class=\"post-date\">28 de agosto de 2026<\/div><\/div> \n            <\/div>\n            <\/li><!-- End post --><li class=\"small-post content_out clearfix\">                        <div class=\"small-thumbnail-wrapper\">\n                <div class=\"thumb hide-thumb term-89\"><a href=\"https:\/\/2dejulhonoticias.com.br\/2jn\/festival-de-lencois-tera-rachel-reis-michel-telo-larissa-luz-e-outras-atracoes-confira-programacao\/\"><img decoding=\"async\" width=\"90\" height=\"65\" src=\"https:\/\/2dejulhonoticias.com.br\/2jn\/wp-content\/uploads\/2026\/08\/festival-de-lencois-90x65.webp\" class=\"attachment-rubik-90-65 size-rubik-90-65 wp-post-image\" alt=\"\" \/><div class=\"rubik-post-icon-wrap\"><\/div><\/a> <!-- close a tag --><\/div> <!-- close thumb -->            <\/div>\n                        <div class=\"post-c-wrap\">\n                                \n                <h4 class=\"title\"><a class=\"term-89\" href=\"https:\/\/2dejulhonoticias.com.br\/2jn\/festival-de-lencois-tera-rachel-reis-michel-telo-larissa-luz-e-outras-atracoes-confira-programacao\/\">Festival de Len\u00e7\u00f3is ter\u00e1 Rachel Reis, Michel Tel\u00f3, Larissa Luz e outras atra\u00e7\u00f5es; confira programa\u00e7\u00e3o<\/a><\/h4>                <div class=\"meta\"><div class=\"post-date\">27 de agosto de 2026<\/div><\/div> \n            <\/div>\n            <\/li><!-- End post --><\/ul> <!-- End list-post --><\/div><br \/>\n<strong>Vagas reservadas<\/strong><\/p>\n<p>Nos cursos subsequentes, 50% das vagas s\u00e3o reservadas a egressos do Ensino M\u00e9dio da rede p\u00fablica, conforme a Lei n\u00ba 12.711\/2012, atualizada pela Lei n\u00ba 14.723\/2023, com cotas para pessoas de baixa renda, pretas, pardas, ind\u00edgenas, quilombolas e com defici\u00eancia.<\/p>\n<p>Outros editais em andamento<br \/>\nA atual oferta de vagas integra o calend\u00e1rio do processo seletivo 2027 do IF Baiano. No in\u00edcio de agosto, foram publicados os primeiros editais para ingresso de estudantes, com a abertura de 4.451 vagas, sendo 2.486 para cursos t\u00e9cnicos integrados ao Ensino M\u00e9dio, com inscri\u00e7\u00f5es at\u00e9 25 de setembro; 405 vagas em cursos subsequentes presenciais e 1.560 em subsequentes EaD, com inscri\u00e7\u00f5es at\u00e9 2 de outubro.<\/p>\n<p>Com o lan\u00e7amento dos novos editais, o IF Baiano soma 6.326 vagas abertas para estudantes que v\u00e3o ingressar em 2027.\n<\/p><\/div>\n<hr \/>\n<p><!-- banner meio--><\/p>\n<div><script async src=\"https:\/\/pagead2.googlesyndication.com\/pagead\/js\/adsbygoogle.js?client=ca-pub-3129804789748719\" crossorigin=\"anonymous\"><\/script><br \/>\n<!-- Banner quadrado responsivo --><br \/>\n<ins class=\"adsbygoogle\" style=\"display: block;\" data-ad-client=\"ca-pub-3129804789748719\" data-ad-slot=\"2076857862\" data-ad-format=\"auto\" data-full-width-responsive=\"true\"><\/ins><br \/>\n<script>\n     (adsbygoogle = window.adsbygoogle || []).push({});\n<\/script><\/div>\n<p><!-- banner meio responsivo --><\/p>\n<hr \/>\n<p><!-- RODAP\u00c9 DA NOTICIA --><\/p>\n<div><strong> Siga a coluna no <a href=\"https:\/\/www.facebook.com\/jornal2jn\" target=\"_blank\" rel=\"noopener\">Facebook<\/a> e no <a href=\"https:\/\/www.instagram.com\/jornal2dejulho\/\" target=\"_blank\" rel=\"noopener\">Instagram<\/a> para n\u00e3o perder nada.<\/strong><\/div>\n<p style=\"text-align: right;\"><em> por Reda\u00e7\u00e3o 2JN <\/em><\/p>\n<p><!--\n\nO 2 de Julho Noticias \u00e9 um Jornal Independente, pois n\u00e3o tem apoios Pol\u00edticos Partid\u00e1rios, de Prefeitura e nem de Comercio, e precisa de seu apoio, caso possa em assinar nosso Livro de Parceiros e Colaboradores.\nSua colabora\u00e7\u00e3o \u00e9 muito importante para nossa continuidade! Chave PIX EMAIL: parceiro@2dejulhonoticias.com.br\n\n--><\/p>\n<hr \/>\n<p><!-- banner meio responsivo--><br \/>\n<script async src=\"https:\/\/pagead2.googlesyndication.com\/pagead\/js\/adsbygoogle.js?client=ca-pub-3129804789748719\" crossorigin=\"anonymous\"><\/script><br \/>\n<!-- banner 728x90 2jn --><br \/>\n<ins class=\"adsbygoogle\" style=\"display: inline-block; width: 728px; height: 90px;\" data-ad-client=\"ca-pub-3129804789748719\" data-ad-slot=\"1383288950\"><\/ins><br \/>\n<script>\n     (adsbygoogle = window.adsbygoogle || []).push({});\n<\/script><\/p>\n<p style=\"text-align: justify;\"><span style=\"font-size: 14pt;\"><strong> LEIA TAMB\u00c9M <\/strong><\/span><\/p>\n<p><!-- banner meio responsivo--><br \/>\n<script async src=\"https:\/\/pagead2.googlesyndication.com\/pagead\/js\/adsbygoogle.js?client=ca-pub-3129804789748719\" crossorigin=\"anonymous\"><\/script><br \/>\n<!-- banner 728x90 2jn --><br \/>\n<ins class=\"adsbygoogle\" style=\"display: inline-block; width: 728px; height: 90px;\" data-ad-client=\"ca-pub-3129804789748719\" data-ad-slot=\"1383288950\"><\/ins><br \/>\n<script>\n     (adsbygoogle = window.adsbygoogle || []).push({});\n<\/script><br \/>\n<amp-ad width=\"100vw\" height=\"320\"\n     type=\"adsense\"\n     data-ad-client=\"ca-pub-3129804789748719\"\n     data-ad-slot=\"4367194841\"\n     data-auto-format=\"mcrspv\"\n     data-full-width=\"\"><\/p>\n<div overflow=\"\"><\/div>\n<p><\/amp-ad><br \/>\n<amp-ad\n     layout=\"fixed\"\n     width=\"728\"\n     height=\"90\"\n     type=\"adsense\"\n     data-ad-client=\"ca-pub-3129804789748719\"\n     data-ad-slot=\"1383288950\"><br \/>\n<\/amp-ad><\/p>\n","protected":false},"excerpt":{"rendered":"<p>O Instituto Federal Baiano (IF Baiano) abre, nesta segunda-feira (31), as inscri\u00e7\u00f5es para 1.875 vagas em cursos t\u00e9cnicos gratuitos, para pessoas que j\u00e1 conclu\u00edram o Ensino M\u00e9dio, com ingresso no ano letivo de 2027. O prazo segue at\u00e9 16 de outubro. As oportunidades s\u00e3o ofertadas por seis campi, com op\u00e7\u00f5es presenciais (195 vagas) e \u00e0 dist\u00e2ncia (1.680 vagas). Podem se inscrever candidatas e candidatos que j\u00e1 tenham conclu\u00eddo o Ensino M\u00e9dio. As inscri\u00e7\u00f5es s\u00e3o feitas pelo portal e, para quem precisar de apoio, tamb\u00e9m presencialmente nos campi. Cursos e vagas \ud83d\udccdBom Jesus da Lapa Agricultura \u2014 Presencial \u2014 40 vagas [&hellip;]<\/p>\n","protected":false},"author":1,"featured_media":33898,"comment_status":"closed","ping_status":"open","sticky":false,"template":"","format":"standard","meta":{"footnotes":""},"categories":[89,76],"tags":[4147,3172],"class_list":["post-42503","post","type-post","status-publish","format-standard","has-post-thumbnail","hentry","category-bahia","category-educacao","tag-cursos-gratuitos","tag-ifba"],"yoast_head":"<!-- This site is optimized with the Yoast SEO Premium plugin v23.7 (Yoast SEO v27.7) - https:\/\/yoast.com\/product\/yoast-seo-premium-wordpress\/ -->\n<title>IF Baiano abre inscri\u00e7\u00f5es para mais de 1.8 mil vagas em cursos t\u00e9cnicos gratuitos v\u00e3o at\u00e9 hoje (31\/08) - 2 de Julho Not\u00edcias<\/title>\n<meta name=\"description\" content=\"IF Baiano abre inscri\u00e7\u00f5es para mais de 1.8 mil vagas em cursos t\u00e9cnicos gratuitos v\u00e3o at\u00e9 hoje (31\/08)\" \/>\n<meta name=\"robots\" content=\"index, follow, max-snippet:-1, max-image-preview:large, max-video-preview:-1\" \/>\n<link rel=\"canonical\" href=\"https:\/\/2dejulhonoticias.com.br\/2jn\/if-baiano-abre-inscricoes-para-mais-de-1-8-mil-vagas-em-cursos-tecnicos-gratuitos-vao-ate-hoje-31-08\/\" \/>\n<meta name=\"twitter:card\" content=\"summary_large_image\" \/>\n<meta name=\"twitter:title\" content=\"IF Baiano abre inscri\u00e7\u00f5es para mais de 1.8 mil vagas em cursos t\u00e9cnicos gratuitos v\u00e3o at\u00e9 hoje (31\/08) - 2 de Julho Not\u00edcias\" \/>\n<meta name=\"twitter:description\" content=\"IF Baiano abre inscri\u00e7\u00f5es para mais de 1.8 mil vagas em cursos t\u00e9cnicos gratuitos v\u00e3o at\u00e9 hoje (31\/08)\" \/>\n<meta name=\"twitter:image\" content=\"https:\/\/2dejulhonoticias.com.br\/2jn\/wp-content\/uploads\/2025\/07\/ifba.webp\" \/>\n<meta name=\"twitter:creator\" content=\"@2_julho\" \/>\n<meta name=\"twitter:site\" content=\"@2_julho\" \/>\n<meta name=\"twitter:label1\" content=\"Escrito por\" \/>\n\t<meta name=\"twitter:data1\" content=\"Reda\u00e7\u00e3o\" \/>\n\t<meta name=\"twitter:label2\" content=\"Est. tempo de leitura\" \/>\n\t<meta name=\"twitter:data2\" content=\"1 minuto\" \/>\n<script type=\"application\/ld+json\" class=\"yoast-schema-graph\">{\"@context\":\"https:\\\/\\\/schema.org\",\"@graph\":[{\"@type\":\"Article\",\"@id\":\"https:\\\/\\\/2dejulhonoticias.com.br\\\/2jn\\\/if-baiano-abre-inscricoes-para-mais-de-1-8-mil-vagas-em-cursos-tecnicos-gratuitos-vao-ate-hoje-31-08\\\/#article\",\"isPartOf\":{\"@id\":\"https:\\\/\\\/2dejulhonoticias.com.br\\\/2jn\\\/if-baiano-abre-inscricoes-para-mais-de-1-8-mil-vagas-em-cursos-tecnicos-gratuitos-vao-ate-hoje-31-08\\\/\"},\"author\":{\"name\":\"Reda\u00e7\u00e3o\",\"@id\":\"https:\\\/\\\/2dejulhonoticias.com.br\\\/2jn\\\/#\\\/schema\\\/person\\\/a61e2ab9ae920711c9622c249b03dc16\"},\"headline\":\"IF Baiano abre inscri\u00e7\u00f5es para mais de 1.8 mil vagas em cursos t\u00e9cnicos gratuitos v\u00e3o at\u00e9 hoje (31\\\/08)\",\"datePublished\":\"2026-08-31T11:42:25+00:00\",\"mainEntityOfPage\":{\"@id\":\"https:\\\/\\\/2dejulhonoticias.com.br\\\/2jn\\\/if-baiano-abre-inscricoes-para-mais-de-1-8-mil-vagas-em-cursos-tecnicos-gratuitos-vao-ate-hoje-31-08\\\/\"},\"wordCount\":453,\"publisher\":{\"@id\":\"https:\\\/\\\/2dejulhonoticias.com.br\\\/2jn\\\/#\\\/schema\\\/person\\\/a61e2ab9ae920711c9622c249b03dc16\"},\"image\":{\"@id\":\"https:\\\/\\\/2dejulhonoticias.com.br\\\/2jn\\\/if-baiano-abre-inscricoes-para-mais-de-1-8-mil-vagas-em-cursos-tecnicos-gratuitos-vao-ate-hoje-31-08\\\/#primaryimage\"},\"thumbnailUrl\":\"https:\\\/\\\/2dejulhonoticias.com.br\\\/2jn\\\/wp-content\\\/uploads\\\/2025\\\/07\\\/ifba.webp\",\"keywords\":[\"cursos gratuitos\",\"ifba\"],\"articleSection\":[\"Bahia\",\"Educa\u00e7\u00e3o\"],\"inLanguage\":\"pt-BR\"},{\"@type\":\"WebPage\",\"@id\":\"https:\\\/\\\/2dejulhonoticias.com.br\\\/2jn\\\/if-baiano-abre-inscricoes-para-mais-de-1-8-mil-vagas-em-cursos-tecnicos-gratuitos-vao-ate-hoje-31-08\\\/\",\"url\":\"https:\\\/\\\/2dejulhonoticias.com.br\\\/2jn\\\/if-baiano-abre-inscricoes-para-mais-de-1-8-mil-vagas-em-cursos-tecnicos-gratuitos-vao-ate-hoje-31-08\\\/\",\"name\":\"IF Baiano abre inscri\u00e7\u00f5es para mais de 1.8 mil vagas em cursos t\u00e9cnicos gratuitos v\u00e3o at\u00e9 hoje (31\\\/08) - 2 de Julho Not\u00edcias\",\"isPartOf\":{\"@id\":\"https:\\\/\\\/2dejulhonoticias.com.br\\\/2jn\\\/#website\"},\"primaryImageOfPage\":{\"@id\":\"https:\\\/\\\/2dejulhonoticias.com.br\\\/2jn\\\/if-baiano-abre-inscricoes-para-mais-de-1-8-mil-vagas-em-cursos-tecnicos-gratuitos-vao-ate-hoje-31-08\\\/#primaryimage\"},\"image\":{\"@id\":\"https:\\\/\\\/2dejulhonoticias.com.br\\\/2jn\\\/if-baiano-abre-inscricoes-para-mais-de-1-8-mil-vagas-em-cursos-tecnicos-gratuitos-vao-ate-hoje-31-08\\\/#primaryimage\"},\"thumbnailUrl\":\"https:\\\/\\\/2dejulhonoticias.com.br\\\/2jn\\\/wp-content\\\/uploads\\\/2025\\\/07\\\/ifba.webp\",\"datePublished\":\"2026-08-31T11:42:25+00:00\",\"description\":\"IF Baiano abre inscri\u00e7\u00f5es para mais de 1.8 mil vagas em cursos t\u00e9cnicos gratuitos v\u00e3o at\u00e9 hoje (31\\\/08)\",\"breadcrumb\":{\"@id\":\"https:\\\/\\\/2dejulhonoticias.com.br\\\/2jn\\\/if-baiano-abre-inscricoes-para-mais-de-1-8-mil-vagas-em-cursos-tecnicos-gratuitos-vao-ate-hoje-31-08\\\/#breadcrumb\"},\"inLanguage\":\"pt-BR\",\"potentialAction\":[{\"@type\":\"ReadAction\",\"target\":[\"https:\\\/\\\/2dejulhonoticias.com.br\\\/2jn\\\/if-baiano-abre-inscricoes-para-mais-de-1-8-mil-vagas-em-cursos-tecnicos-gratuitos-vao-ate-hoje-31-08\\\/\"]}]},{\"@type\":\"ImageObject\",\"inLanguage\":\"pt-BR\",\"@id\":\"https:\\\/\\\/2dejulhonoticias.com.br\\\/2jn\\\/if-baiano-abre-inscricoes-para-mais-de-1-8-mil-vagas-em-cursos-tecnicos-gratuitos-vao-ate-hoje-31-08\\\/#primaryimage\",\"url\":\"https:\\\/\\\/2dejulhonoticias.com.br\\\/2jn\\\/wp-content\\\/uploads\\\/2025\\\/07\\\/ifba.webp\",\"contentUrl\":\"https:\\\/\\\/2dejulhonoticias.com.br\\\/2jn\\\/wp-content\\\/uploads\\\/2025\\\/07\\\/ifba.webp\",\"width\":600,\"height\":353},{\"@type\":\"BreadcrumbList\",\"@id\":\"https:\\\/\\\/2dejulhonoticias.com.br\\\/2jn\\\/if-baiano-abre-inscricoes-para-mais-de-1-8-mil-vagas-em-cursos-tecnicos-gratuitos-vao-ate-hoje-31-08\\\/#breadcrumb\",\"itemListElement\":[{\"@type\":\"ListItem\",\"position\":1,\"name\":\"In\u00edcio\",\"item\":\"https:\\\/\\\/2dejulhonoticias.com.br\\\/2jn\\\/\"},{\"@type\":\"ListItem\",\"position\":2,\"name\":\"IF Baiano abre inscri\u00e7\u00f5es para mais de 1.8 mil vagas em cursos t\u00e9cnicos gratuitos v\u00e3o at\u00e9 hoje (31\\\/08)\"}]},{\"@type\":\"WebSite\",\"@id\":\"https:\\\/\\\/2dejulhonoticias.com.br\\\/2jn\\\/#website\",\"url\":\"https:\\\/\\\/2dejulhonoticias.com.br\\\/2jn\\\/\",\"name\":\"2 de Julho Noticias - A not\u00edcia ao seu alcance\",\"description\":\"Noticias sobre Politica, Policia,Esporte,Vida e Estilo, Sa\u00fade,Moda e Beleza,Mundo da Fama,Emprego e Concursos,Arte e Cultura,Cama\u00e7ari\",\"publisher\":{\"@id\":\"https:\\\/\\\/2dejulhonoticias.com.br\\\/2jn\\\/#\\\/schema\\\/person\\\/a61e2ab9ae920711c9622c249b03dc16\"},\"potentialAction\":[{\"@type\":\"SearchAction\",\"target\":{\"@type\":\"EntryPoint\",\"urlTemplate\":\"https:\\\/\\\/2dejulhonoticias.com.br\\\/2jn\\\/?s={search_term_string}\"},\"query-input\":{\"@type\":\"PropertyValueSpecification\",\"valueRequired\":true,\"valueName\":\"search_term_string\"}}],\"inLanguage\":\"pt-BR\"},{\"@type\":[\"Person\",\"Organization\"],\"@id\":\"https:\\\/\\\/2dejulhonoticias.com.br\\\/2jn\\\/#\\\/schema\\\/person\\\/a61e2ab9ae920711c9622c249b03dc16\",\"name\":\"Reda\u00e7\u00e3o\",\"image\":{\"@type\":\"ImageObject\",\"inLanguage\":\"pt-BR\",\"@id\":\"https:\\\/\\\/2dejulhonoticias.com.br\\\/2jn\\\/wp-content\\\/uploads\\\/2020\\\/11\\\/logo2dejulho.png\",\"url\":\"https:\\\/\\\/2dejulhonoticias.com.br\\\/2jn\\\/wp-content\\\/uploads\\\/2020\\\/11\\\/logo2dejulho.png\",\"contentUrl\":\"https:\\\/\\\/2dejulhonoticias.com.br\\\/2jn\\\/wp-content\\\/uploads\\\/2020\\\/11\\\/logo2dejulho.png\",\"width\":291,\"height\":96,\"caption\":\"Reda\u00e7\u00e3o\"},\"logo\":{\"@id\":\"https:\\\/\\\/2dejulhonoticias.com.br\\\/2jn\\\/wp-content\\\/uploads\\\/2020\\\/11\\\/logo2dejulho.png\"},\"sameAs\":[\"https:\\\/\\\/www.facebook.com\\\/J2deJulho\",\"https:\\\/\\\/www.instagram.com\\\/mirobaia\\\/\",\"https:\\\/\\\/www.linkedin.com\\\/in\\\/mirobaia\\\/\",\"https:\\\/\\\/x.com\\\/2_julho\",\"https:\\\/\\\/www.youtube.com\\\/c\\\/MiroBaia\"]}]}<\/script>\n<!-- \/ Yoast SEO Premium plugin. -->","yoast_head_json":{"title":"IF Baiano abre inscri\u00e7\u00f5es para mais de 1.8 mil vagas em cursos t\u00e9cnicos gratuitos v\u00e3o at\u00e9 hoje (31\/08) - 2 de Julho Not\u00edcias","description":"IF Baiano abre inscri\u00e7\u00f5es para mais de 1.8 mil vagas em cursos t\u00e9cnicos gratuitos v\u00e3o at\u00e9 hoje (31\/08)","robots":{"index":"index","follow":"follow","max-snippet":"max-snippet:-1","max-image-preview":"max-image-preview:large","max-video-preview":"max-video-preview:-1"},"canonical":"https:\/\/2dejulhonoticias.com.br\/2jn\/if-baiano-abre-inscricoes-para-mais-de-1-8-mil-vagas-em-cursos-tecnicos-gratuitos-vao-ate-hoje-31-08\/","twitter_card":"summary_large_image","twitter_title":"IF Baiano abre inscri\u00e7\u00f5es para mais de 1.8 mil vagas em cursos t\u00e9cnicos gratuitos v\u00e3o at\u00e9 hoje (31\/08) - 2 de Julho Not\u00edcias","twitter_description":"IF Baiano abre inscri\u00e7\u00f5es para mais de 1.8 mil vagas em cursos t\u00e9cnicos gratuitos v\u00e3o at\u00e9 hoje (31\/08)","twitter_image":"https:\/\/2dejulhonoticias.com.br\/2jn\/wp-content\/uploads\/2025\/07\/ifba.webp","twitter_creator":"@2_julho","twitter_site":"@2_julho","twitter_misc":{"Escrito por":"Reda\u00e7\u00e3o","Est. tempo de leitura":"1 minuto"},"schema":{"@context":"https:\/\/schema.org","@graph":[{"@type":"Article","@id":"https:\/\/2dejulhonoticias.com.br\/2jn\/if-baiano-abre-inscricoes-para-mais-de-1-8-mil-vagas-em-cursos-tecnicos-gratuitos-vao-ate-hoje-31-08\/#article","isPartOf":{"@id":"https:\/\/2dejulhonoticias.com.br\/2jn\/if-baiano-abre-inscricoes-para-mais-de-1-8-mil-vagas-em-cursos-tecnicos-gratuitos-vao-ate-hoje-31-08\/"},"author":{"name":"Reda\u00e7\u00e3o","@id":"https:\/\/2dejulhonoticias.com.br\/2jn\/#\/schema\/person\/a61e2ab9ae920711c9622c249b03dc16"},"headline":"IF Baiano abre inscri\u00e7\u00f5es para mais de 1.8 mil vagas em cursos t\u00e9cnicos gratuitos v\u00e3o at\u00e9 hoje (31\/08)","datePublished":"2026-08-31T11:42:25+00:00","mainEntityOfPage":{"@id":"https:\/\/2dejulhonoticias.com.br\/2jn\/if-baiano-abre-inscricoes-para-mais-de-1-8-mil-vagas-em-cursos-tecnicos-gratuitos-vao-ate-hoje-31-08\/"},"wordCount":453,"publisher":{"@id":"https:\/\/2dejulhonoticias.com.br\/2jn\/#\/schema\/person\/a61e2ab9ae920711c9622c249b03dc16"},"image":{"@id":"https:\/\/2dejulhonoticias.com.br\/2jn\/if-baiano-abre-inscricoes-para-mais-de-1-8-mil-vagas-em-cursos-tecnicos-gratuitos-vao-ate-hoje-31-08\/#primaryimage"},"thumbnailUrl":"https:\/\/2dejulhonoticias.com.br\/2jn\/wp-content\/uploads\/2025\/07\/ifba.webp","keywords":["cursos gratuitos","ifba"],"articleSection":["Bahia","Educa\u00e7\u00e3o"],"inLanguage":"pt-BR"},{"@type":"WebPage","@id":"https:\/\/2dejulhonoticias.com.br\/2jn\/if-baiano-abre-inscricoes-para-mais-de-1-8-mil-vagas-em-cursos-tecnicos-gratuitos-vao-ate-hoje-31-08\/","url":"https:\/\/2dejulhonoticias.com.br\/2jn\/if-baiano-abre-inscricoes-para-mais-de-1-8-mil-vagas-em-cursos-tecnicos-gratuitos-vao-ate-hoje-31-08\/","name":"IF Baiano abre inscri\u00e7\u00f5es para mais de 1.8 mil vagas em cursos t\u00e9cnicos gratuitos v\u00e3o at\u00e9 hoje (31\/08) - 2 de Julho Not\u00edcias","isPartOf":{"@id":"https:\/\/2dejulhonoticias.com.br\/2jn\/#website"},"primaryImageOfPage":{"@id":"https:\/\/2dejulhonoticias.com.br\/2jn\/if-baiano-abre-inscricoes-para-mais-de-1-8-mil-vagas-em-cursos-tecnicos-gratuitos-vao-ate-hoje-31-08\/#primaryimage"},"image":{"@id":"https:\/\/2dejulhonoticias.com.br\/2jn\/if-baiano-abre-inscricoes-para-mais-de-1-8-mil-vagas-em-cursos-tecnicos-gratuitos-vao-ate-hoje-31-08\/#primaryimage"},"thumbnailUrl":"https:\/\/2dejulhonoticias.com.br\/2jn\/wp-content\/uploads\/2025\/07\/ifba.webp","datePublished":"2026-08-31T11:42:25+00:00","description":"IF Baiano abre inscri\u00e7\u00f5es para mais de 1.8 mil vagas em cursos t\u00e9cnicos gratuitos v\u00e3o at\u00e9 hoje (31\/08)","breadcrumb":{"@id":"https:\/\/2dejulhonoticias.com.br\/2jn\/if-baiano-abre-inscricoes-para-mais-de-1-8-mil-vagas-em-cursos-tecnicos-gratuitos-vao-ate-hoje-31-08\/#breadcrumb"},"inLanguage":"pt-BR","potentialAction":[{"@type":"ReadAction","target":["https:\/\/2dejulhonoticias.com.br\/2jn\/if-baiano-abre-inscricoes-para-mais-de-1-8-mil-vagas-em-cursos-tecnicos-gratuitos-vao-ate-hoje-31-08\/"]}]},{"@type":"ImageObject","inLanguage":"pt-BR","@id":"https:\/\/2dejulhonoticias.com.br\/2jn\/if-baiano-abre-inscricoes-para-mais-de-1-8-mil-vagas-em-cursos-tecnicos-gratuitos-vao-ate-hoje-31-08\/#primaryimage","url":"https:\/\/2dejulhonoticias.com.br\/2jn\/wp-content\/uploads\/2025\/07\/ifba.webp","contentUrl":"https:\/\/2dejulhonoticias.com.br\/2jn\/wp-content\/uploads\/2025\/07\/ifba.webp","width":600,"height":353},{"@type":"BreadcrumbList","@id":"https:\/\/2dejulhonoticias.com.br\/2jn\/if-baiano-abre-inscricoes-para-mais-de-1-8-mil-vagas-em-cursos-tecnicos-gratuitos-vao-ate-hoje-31-08\/#breadcrumb","itemListElement":[{"@type":"ListItem","position":1,"name":"In\u00edcio","item":"https:\/\/2dejulhonoticias.com.br\/2jn\/"},{"@type":"ListItem","position":2,"name":"IF Baiano abre inscri\u00e7\u00f5es para mais de 1.8 mil vagas em cursos t\u00e9cnicos gratuitos v\u00e3o at\u00e9 hoje (31\/08)"}]},{"@type":"WebSite","@id":"https:\/\/2dejulhonoticias.com.br\/2jn\/#website","url":"https:\/\/2dejulhonoticias.com.br\/2jn\/","name":"2 de Julho Noticias - A not\u00edcia ao seu alcance","description":"Noticias sobre Politica, Policia,Esporte,Vida e Estilo, Sa\u00fade,Moda e Beleza,Mundo da Fama,Emprego e Concursos,Arte e Cultura,Cama\u00e7ari","publisher":{"@id":"https:\/\/2dejulhonoticias.com.br\/2jn\/#\/schema\/person\/a61e2ab9ae920711c9622c249b03dc16"},"potentialAction":[{"@type":"SearchAction","target":{"@type":"EntryPoint","urlTemplate":"https:\/\/2dejulhonoticias.com.br\/2jn\/?s={search_term_string}"},"query-input":{"@type":"PropertyValueSpecification","valueRequired":true,"valueName":"search_term_string"}}],"inLanguage":"pt-BR"},{"@type":["Person","Organization"],"@id":"https:\/\/2dejulhonoticias.com.br\/2jn\/#\/schema\/person\/a61e2ab9ae920711c9622c249b03dc16","name":"Reda\u00e7\u00e3o","image":{"@type":"ImageObject","inLanguage":"pt-BR","@id":"https:\/\/2dejulhonoticias.com.br\/2jn\/wp-content\/uploads\/2020\/11\/logo2dejulho.png","url":"https:\/\/2dejulhonoticias.com.br\/2jn\/wp-content\/uploads\/2020\/11\/logo2dejulho.png","contentUrl":"https:\/\/2dejulhonoticias.com.br\/2jn\/wp-content\/uploads\/2020\/11\/logo2dejulho.png","width":291,"height":96,"caption":"Reda\u00e7\u00e3o"},"logo":{"@id":"https:\/\/2dejulhonoticias.com.br\/2jn\/wp-content\/uploads\/2020\/11\/logo2dejulho.png"},"sameAs":["https:\/\/www.facebook.com\/J2deJulho","https:\/\/www.instagram.com\/mirobaia\/","https:\/\/www.linkedin.com\/in\/mirobaia\/","https:\/\/x.com\/2_julho","https:\/\/www.youtube.com\/c\/MiroBaia"]}]}},"_links":{"self":[{"href":"https:\/\/2dejulhonoticias.com.br\/2jn\/wp-json\/wp\/v2\/posts\/42503","targetHints":{"allow":["GET"]}}],"collection":[{"href":"https:\/\/2dejulhonoticias.com.br\/2jn\/wp-json\/wp\/v2\/posts"}],"about":[{"href":"https:\/\/2dejulhonoticias.com.br\/2jn\/wp-json\/wp\/v2\/types\/post"}],"author":[{"embeddable":true,"href":"https:\/\/2dejulhonoticias.com.br\/2jn\/wp-json\/wp\/v2\/users\/1"}],"replies":[{"embeddable":true,"href":"https:\/\/2dejulhonoticias.com.br\/2jn\/wp-json\/wp\/v2\/comments?post=42503"}],"version-history":[{"count":1,"href":"https:\/\/2dejulhonoticias.com.br\/2jn\/wp-json\/wp\/v2\/posts\/42503\/revisions"}],"predecessor-version":[{"id":42504,"href":"https:\/\/2dejulhonoticias.com.br\/2jn\/wp-json\/wp\/v2\/posts\/42503\/revisions\/42504"}],"wp:featuredmedia":[{"embeddable":true,"href":"https:\/\/2dejulhonoticias.com.br\/2jn\/wp-json\/wp\/v2\/media\/33898"}],"wp:attachment":[{"href":"https:\/\/2dejulhonoticias.com.br\/2jn\/wp-json\/wp\/v2\/media?parent=42503"}],"wp:term":[{"taxonomy":"category","embeddable":true,"href":"https:\/\/2dejulhonoticias.com.br\/2jn\/wp-json\/wp\/v2\/categories?post=42503"},{"taxonomy":"post_tag","embeddable":true,"href":"https:\/\/2dejulhonoticias.com.br\/2jn\/wp-json\/wp\/v2\/tags?post=42503"}],"curies":[{"name":"wp","href":"https:\/\/api.w.org\/{rel}","templated":true}]}}