{"id":41378,"date":"2026-05-02T09:47:06","date_gmt":"2026-05-02T12:47:06","guid":{"rendered":"https:\/\/2dejulhonoticias.com.br\/2jn\/?p=41378"},"modified":"2026-05-02T09:47:06","modified_gmt":"2026-05-02T12:47:06","slug":"globo-tentou-blindar-golpe-de-bolsonaro-e-bonner-cobrou-de-ali-kamel-e-correto-fazer-de-conta-que-nao-esta-percebendo","status":"publish","type":"post","link":"https:\/\/2dejulhonoticias.com.br\/2jn\/globo-tentou-blindar-golpe-de-bolsonaro-e-bonner-cobrou-de-ali-kamel-e-correto-fazer-de-conta-que-nao-esta-percebendo\/","title":{"rendered":"Globo tentou blindar \u201cgolpe\u201d de Bolsonaro e Bonner cobrou de Ali Kamel: \u201c\u00e9 correto fazer de conta que n\u00e3o est\u00e1 percebendo?\u201d"},"content":{"rendered":"<div style=\"text-align: justify;\">\nO ex-editor-chefe do Jornal Nacional, Willian Bonner relatou em entrevista ao jornalista Ernesto Rodrigues, que trabalhou na emissora e \u00e9 autor de uma trilogia sobre o grupo de comunica\u00e7\u00e3o da fam\u00edlia Marinho, que a Globo tentou blindar o \u201cgolpe\u201d de Jair Bolsonaro (PL) em 2021 em sua cobertura jornalista, diante das declara\u00e7\u00f5es que sinalizavam desde antes as inten\u00e7\u00f5es do ex-presidente no poder.<\/p>\n<p>Em \u201cA Globo Vol 3 (Metamorfose)\u201d, terceiro livro da trilogia sobre a atua\u00e7\u00e3o da emissora entre 1999 e 2025, Rodrigues narra o per\u00edodo de forte tens\u00e3o em junho de 2021 e usa declara\u00e7\u00e3o de Bonner, que relata que cobrou um posicionamento do ent\u00e3o diretor de jornalismo, Ali Kamel, sobre os arroubos autorit\u00e1rios de Bolsonaro durante a pandemia, sinalizando o planejamento de um golpe.<\/p>\n<p>\ud83d\udcf1 <a href=\"https:\/\/chat.whatsapp.com\/L8KSLsjENzl5HrgtytuzCL\"> SIGA PRA MAIS NOT\u00cdCIAS: entre na comunidade do 2JN no WhatsApp<\/a>\n<\/div>\n<div>\n<!-- GoogleAdsense --><\/p>\n<p style=\"text-align: justify;\"><span style=\"font-size: 14pt;\"><strong> LEIA TAMB\u00c9M <\/strong><\/span><\/p>\n<p><script async src=\"https:\/\/pagead2.googlesyndication.com\/pagead\/js\/adsbygoogle.js?client=ca-pub-3129804789748719\" crossorigin=\"anonymous\"><\/script><br \/>\n<!-- Anuncio horizontal responsivo --><br \/>\n<ins class=\"adsbygoogle\" style=\"display: block;\" data-ad-client=\"ca-pub-3129804789748719\" data-ad-slot=\"1473312501\" data-ad-format=\"auto\" data-full-width-responsive=\"true\"><\/ins><br \/>\n<script>\n     (adsbygoogle = window.adsbygoogle || []).push({});\n<\/script>\n<\/div>\n<div style=\"text-align: justify;\">\n<div class=\"related bk-inline-post-box alignleft\" style=\"color: #fcfcfc; background-color: #fac8c8;\"><ul class=\"list-small-post row\"><li class=\"small-post content_out clearfix\">                        <div class=\"small-thumbnail-wrapper\">\n                <div class=\"thumb hide-thumb term-75\"><a href=\"https:\/\/2dejulhonoticias.com.br\/2jn\/bolsonaro-deixa-mansao-rumo-ao-hospital-apos-derrubada-do-veto-ao-pl-da-dosimetria\/\"><img decoding=\"async\" width=\"90\" height=\"65\" src=\"https:\/\/2dejulhonoticias.com.br\/2jn\/wp-content\/uploads\/2026\/05\/Bolsonaro-deixa-mansao-rumo-ao-hospital-apos-derrubada-do-veto-ao-PL-da-Dosimetria-90x65.webp\" class=\"attachment-rubik-90-65 size-rubik-90-65 wp-post-image\" alt=\"\" \/><div class=\"rubik-post-icon-wrap\"><\/div><\/a> <!-- close a tag --><\/div> <!-- close thumb -->            <\/div>\n                        <div class=\"post-c-wrap\">\n                                \n                <h4 class=\"title\"><a class=\"term-75\" href=\"https:\/\/2dejulhonoticias.com.br\/2jn\/bolsonaro-deixa-mansao-rumo-ao-hospital-apos-derrubada-do-veto-ao-pl-da-dosimetria\/\">Bolsonaro deixa mans\u00e3o rumo ao hospital ap\u00f3s derrubada do veto ao PL da Dosimetria<\/a><\/h4>                <div class=\"meta\"><div class=\"post-date\">1 de maio de 2026<\/div><\/div> \n            <\/div>\n            <\/li><!-- End post --><li class=\"small-post content_out clearfix\">                        <div class=\"small-thumbnail-wrapper\">\n                <div class=\"thumb hide-thumb term-75\"><a href=\"https:\/\/2dejulhonoticias.com.br\/2jn\/e-proibido-reclamar-do-errado-de-arbitros-no-brasil-o-stjd-puni-erick-e-fabio-mota-no-vitoria-por-criticas-a-arbitragem\/\"><img decoding=\"async\" width=\"90\" height=\"65\" src=\"https:\/\/2dejulhonoticias.com.br\/2jn\/wp-content\/uploads\/2026\/05\/FABIO-MOTA-STJD-90x65.webp\" class=\"attachment-rubik-90-65 size-rubik-90-65 wp-post-image\" alt=\"\" \/><div class=\"rubik-post-icon-wrap\"><\/div><\/a> <!-- close a tag --><\/div> <!-- close thumb -->            <\/div>\n                        <div class=\"post-c-wrap\">\n                                \n                <h4 class=\"title\"><a class=\"term-75\" href=\"https:\/\/2dejulhonoticias.com.br\/2jn\/e-proibido-reclamar-do-errado-de-arbitros-no-brasil-o-stjd-puni-erick-e-fabio-mota-no-vitoria-por-criticas-a-arbitragem\/\">\u00c9 proibido reclamar do errado de \u00e1rbitros no Brasil? O STJD puni Erick e F\u00e1bio ...<\/a><\/h4>                <div class=\"meta\"><div class=\"post-date\">1 de maio de 2026<\/div><\/div> \n            <\/div>\n            <\/li><!-- End post --><li class=\"small-post content_out clearfix\">                        <div class=\"small-thumbnail-wrapper\">\n                <div class=\"thumb hide-thumb term-89\"><a href=\"https:\/\/2dejulhonoticias.com.br\/2jn\/confusao-em-acajutiba-vereador-agredido-por-colega-apos-criticar-prefeito\/\"><img decoding=\"async\" width=\"90\" height=\"65\" src=\"https:\/\/2dejulhonoticias.com.br\/2jn\/wp-content\/uploads\/2026\/04\/Vereador-agredido-por-colega-apos-criticar-prefeito-em-acajutiba-90x65.webp\" class=\"attachment-rubik-90-65 size-rubik-90-65 wp-post-image\" alt=\"\" \/><div class=\"rubik-post-icon-wrap\"><\/div><\/a> <!-- close a tag --><\/div> <!-- close thumb -->            <\/div>\n                        <div class=\"post-c-wrap\">\n                                \n                <h4 class=\"title\"><a class=\"term-89\" href=\"https:\/\/2dejulhonoticias.com.br\/2jn\/confusao-em-acajutiba-vereador-agredido-por-colega-apos-criticar-prefeito\/\">CONFUS\u00c3O EM ACAJUTIBA: Vereador agredido por colega ap\u00f3s criticar prefeito<\/a><\/h4>                <div class=\"meta\"><div class=\"post-date\">30 de abril de 2026<\/div><\/div> \n            <\/div>\n            <\/li><!-- End post --><\/ul> <!-- End list-post --><\/div><\/p>\n<blockquote><p>\u201cO Ali reagiu a uma provoca\u00e7\u00e3o. Eu fui \u00e0 sala dele e disse que n\u00f3s todos sab\u00edamos que o Jair Bolsonaro estava planejando um golpe, ele queria um golpe. E n\u00e3o \u00e9 que n\u00f3s f\u00f4ssemos muito espertos, \u00e9 porque eles estavam dizendo isso: ele j\u00e1 tinha anunciado no 7 de Setembro, j\u00e1 tinha feito a pirotecnia dele, j\u00e1 tinha se referido ao \u2018meu Ex\u00e9rcito&#8217;\u201d, contou Bonner ao colega, que trabalhou por 15 anos como editor de telejornais como Jornal Nacional e Jornal da Globo, a partir de 1986 \u2013 antes, ele j\u00e1 havia tido passagem, no in\u00edcio dos anos 1980, no jornal O Globo.<\/p><\/blockquote>\n<p>Em seguida, Bonner conta que cobrou posicionamento de Kamel, todo-poderoso do jornalismo da emissora e porta-voz dos irm\u00e3os Marinho.<\/p>\n<blockquote><p>\u201cE a\u00ed eu disse ao Ali: N\u00f3s n\u00e3o fazemos campanha, est\u00e1 certo. Princ\u00edpios editoriais. No entanto, diante de todos os sinais que o Jair Bolsonaro est\u00e1 dando, \u00e9 correto a gente fazer de conta que n\u00e3o est\u00e1 percebendo?\u201d, disparou o ent\u00e3o editor do JN ao chefe, em trecho divulgado pelo tamb\u00e9m ex-Globo Guilherme Amado em seu site Amado Mundo e confirmado pela F\u00f3rum.<\/p><\/blockquote>\n<p>Dias depois da conversa, em 19 de junho de 2021, quando o Brasil registrou 500 mil mortes na pandemia da Covid-19, Bonner e Renata Vasconcelos leram um editorial com o t\u00edmido recado de que \u201cquando o assunto \u00e9 sa\u00fade e democracia, n\u00e3o existem dois lados\u201d.<\/p>\n<p>O livro de Ernesto Rodrigues, com a entrevista com Bonner, foi lan\u00e7ado no m\u00eas passado pela editora Aut\u00eantica e completa a trilogia em que o autor diz fazer \u201cuma imers\u00e3o profunda e independente nos bastidores e na hist\u00f3ria da maior emissora de televis\u00e3o do Brasil\u201d.<\/p>\n<blockquote><p>\u201cO livro mostra ainda como a Globo, sem concorrentes nas grandes coberturas jornal\u00edsticas nacionais e internacionais do s\u00e9culo 21, mergulhou fundo com a grande imprensa em uma cobertura estridente e enviesada do Mensal\u00e3o e da Lava Jato, pagando um pre\u00e7o alto de credibilidade, atacada ora pela extrema direita de Jair Bolsonaro, ora pela esquerda, \u00e0 medida que a gritaria ideol\u00f3gica polarizada das redes sociais e o fen\u00f4meno das fake news tomaram conta da internet\u201d, diz a editora sobre a obra.<\/p><\/blockquote>\n<p><a href=\"#\">Globo tentou blindar \u201cgolpe\u201d de Bolsonaro e Bonner cobrou de Ali Kamel: \u201c\u00e9 correto fazer de conta que n\u00e3o est\u00e1 percebendo?\u201d<\/a>\n<\/div>\n<hr \/>\n<p><!-- banner meio--><\/p>\n<div><script async src=\"https:\/\/pagead2.googlesyndication.com\/pagead\/js\/adsbygoogle.js?client=ca-pub-3129804789748719\" crossorigin=\"anonymous\"><\/script><br \/>\n<!-- Banner quadrado responsivo --><br \/>\n<ins class=\"adsbygoogle\" style=\"display: block;\" data-ad-client=\"ca-pub-3129804789748719\" data-ad-slot=\"2076857862\" data-ad-format=\"auto\" data-full-width-responsive=\"true\"><\/ins><br \/>\n<script>\n     (adsbygoogle = window.adsbygoogle || []).push({});\n<\/script><\/div>\n<p><!-- banner meio responsivo --><\/p>\n<hr \/>\n<p><!-- RODAP\u00c9 DA NOTICIA --><\/p>\n<div><strong> Siga a coluna no <a href=\"https:\/\/www.facebook.com\/jornal2jn\" target=\"_blank\" rel=\"noopener\">Facebook<\/a> e no <a href=\"https:\/\/www.instagram.com\/jornal2dejulho\/\" target=\"_blank\" rel=\"noopener\">Instagram<\/a> para n\u00e3o perder nada.<\/strong><\/div>\n<p style=\"text-align: right;\"><em> por Reda\u00e7\u00e3o 2JN <\/em><\/p>\n<p><!--\n\nO 2 de Julho Noticias \u00e9 um Jornal Independente, pois n\u00e3o tem apoios Pol\u00edticos Partid\u00e1rios, de Prefeitura e nem de Comercio, e precisa de seu apoio, caso possa em assinar nosso Livro de Parceiros e Colaboradores.\nSua colabora\u00e7\u00e3o \u00e9 muito importante para nossa continuidade! Chave PIX EMAIL: parceiro@2dejulhonoticias.com.br\n\n--><\/p>\n<hr \/>\n<p><!-- banner meio responsivo--><br \/>\n<script async src=\"https:\/\/pagead2.googlesyndication.com\/pagead\/js\/adsbygoogle.js?client=ca-pub-3129804789748719\" crossorigin=\"anonymous\"><\/script><br \/>\n<!-- banner 728x90 2jn --><br \/>\n<ins class=\"adsbygoogle\" style=\"display: inline-block; width: 728px; height: 90px;\" data-ad-client=\"ca-pub-3129804789748719\" data-ad-slot=\"1383288950\"><\/ins><br \/>\n<script>\n     (adsbygoogle = window.adsbygoogle || []).push({});\n<\/script><\/p>\n<p style=\"text-align: justify;\"><span style=\"font-size: 14pt;\"><strong> LEIA TAMB\u00c9M <\/strong><\/span><\/p>\n<p><!-- banner meio responsivo--><br \/>\n<script async src=\"https:\/\/pagead2.googlesyndication.com\/pagead\/js\/adsbygoogle.js?client=ca-pub-3129804789748719\" crossorigin=\"anonymous\"><\/script><br \/>\n<!-- banner 728x90 2jn --><br \/>\n<ins class=\"adsbygoogle\" style=\"display: inline-block; width: 728px; height: 90px;\" data-ad-client=\"ca-pub-3129804789748719\" data-ad-slot=\"1383288950\"><\/ins><br \/>\n<script>\n     (adsbygoogle = window.adsbygoogle || []).push({});\n<\/script><br \/>\n<amp-ad width=\"100vw\" height=\"320\"\n     type=\"adsense\"\n     data-ad-client=\"ca-pub-3129804789748719\"\n     data-ad-slot=\"4367194841\"\n     data-auto-format=\"mcrspv\"\n     data-full-width=\"\"><\/p>\n<div overflow=\"\"><\/div>\n<p><\/amp-ad><br \/>\n<amp-ad\n     layout=\"fixed\"\n     width=\"728\"\n     height=\"90\"\n     type=\"adsense\"\n     data-ad-client=\"ca-pub-3129804789748719\"\n     data-ad-slot=\"1383288950\"><br \/>\n<\/amp-ad><\/p>\n","protected":false},"excerpt":{"rendered":"<p>O ex-editor-chefe do Jornal Nacional, Willian Bonner relatou em entrevista ao jornalista Ernesto Rodrigues, que trabalhou na emissora e \u00e9 autor de uma trilogia sobre o grupo de comunica\u00e7\u00e3o da fam\u00edlia Marinho, que a Globo tentou blindar o \u201cgolpe\u201d de Jair Bolsonaro (PL) em 2021 em sua cobertura jornalista, diante das declara\u00e7\u00f5es que sinalizavam desde antes as inten\u00e7\u00f5es do ex-presidente no poder. Em \u201cA Globo Vol 3 (Metamorfose)\u201d, terceiro livro da trilogia sobre a atua\u00e7\u00e3o da emissora entre 1999 e 2025, Rodrigues narra o per\u00edodo de forte tens\u00e3o em junho de 2021 e usa declara\u00e7\u00e3o de Bonner, que relata que [&hellip;]<\/p>\n","protected":false},"author":1,"featured_media":41379,"comment_status":"closed","ping_status":"open","sticky":false,"template":"","format":"standard","meta":{"footnotes":""},"categories":[75,81],"tags":[3408,2196],"class_list":["post-41378","post","type-post","status-publish","format-standard","has-post-thumbnail","hentry","category-brasil","category-politica","tag-golpe-de-estado","tag-tv-globo"],"yoast_head":"<!-- This site is optimized with the Yoast SEO Premium plugin v23.7 (Yoast SEO v27.2) - https:\/\/yoast.com\/product\/yoast-seo-premium-wordpress\/ -->\n<title>Globo tentou blindar \u201cgolpe\u201d de Bolsonaro e Bonner cobrou de Ali Kamel: \u201c\u00e9 correto fazer de conta que n\u00e3o est\u00e1 percebendo?\u201d - 2 de Julho Not\u00edcias<\/title>\n<meta name=\"description\" content=\"Globo tentou blindar \u201cgolpe\u201d de Bolsonaro e Bonner cobrou de Ali Kamel: \u201c\u00e9 correto fazer de conta que n\u00e3o est\u00e1 percebendo?\u201d\" \/>\n<meta name=\"robots\" content=\"index, follow, max-snippet:-1, max-image-preview:large, max-video-preview:-1\" \/>\n<link rel=\"canonical\" href=\"https:\/\/2dejulhonoticias.com.br\/2jn\/globo-tentou-blindar-golpe-de-bolsonaro-e-bonner-cobrou-de-ali-kamel-e-correto-fazer-de-conta-que-nao-esta-percebendo\/\" \/>\n<meta name=\"twitter:card\" content=\"summary_large_image\" \/>\n<meta name=\"twitter:title\" content=\"Globo tentou blindar \u201cgolpe\u201d de Bolsonaro e Bonner cobrou de Ali Kamel: \u201c\u00e9 correto fazer de conta que n\u00e3o est\u00e1 percebendo?\u201d - 2 de Julho Not\u00edcias\" \/>\n<meta name=\"twitter:description\" content=\"Globo tentou blindar \u201cgolpe\u201d de Bolsonaro e Bonner cobrou de Ali Kamel: \u201c\u00e9 correto fazer de conta que n\u00e3o est\u00e1 percebendo?\u201d\" \/>\n<meta name=\"twitter:image\" content=\"https:\/\/2dejulhonoticias.com.br\/2jn\/wp-content\/uploads\/2026\/05\/acordo-globo-e-golpe.webp\" \/>\n<meta name=\"twitter:creator\" content=\"@2_julho\" \/>\n<meta name=\"twitter:site\" content=\"@2_julho\" \/>\n<meta name=\"twitter:label1\" content=\"Escrito por\" \/>\n\t<meta name=\"twitter:data1\" content=\"Reda\u00e7\u00e3o\" \/>\n\t<meta name=\"twitter:label2\" content=\"Est. tempo de leitura\" \/>\n\t<meta name=\"twitter:data2\" content=\"1 minuto\" \/>\n<script type=\"application\/ld+json\" class=\"yoast-schema-graph\">{\"@context\":\"https:\/\/schema.org\",\"@graph\":[{\"@type\":\"Article\",\"@id\":\"https:\/\/2dejulhonoticias.com.br\/2jn\/globo-tentou-blindar-golpe-de-bolsonaro-e-bonner-cobrou-de-ali-kamel-e-correto-fazer-de-conta-que-nao-esta-percebendo\/#article\",\"isPartOf\":{\"@id\":\"https:\/\/2dejulhonoticias.com.br\/2jn\/globo-tentou-blindar-golpe-de-bolsonaro-e-bonner-cobrou-de-ali-kamel-e-correto-fazer-de-conta-que-nao-esta-percebendo\/\"},\"author\":{\"name\":\"Reda\u00e7\u00e3o\",\"@id\":\"https:\/\/2dejulhonoticias.com.br\/2jn\/#\/schema\/person\/a61e2ab9ae920711c9622c249b03dc16\"},\"headline\":\"Globo tentou blindar \u201cgolpe\u201d de Bolsonaro e Bonner cobrou de Ali Kamel: \u201c\u00e9 correto fazer de conta que n\u00e3o est\u00e1 percebendo?\u201d\",\"datePublished\":\"2026-05-02T12:47:06+00:00\",\"mainEntityOfPage\":{\"@id\":\"https:\/\/2dejulhonoticias.com.br\/2jn\/globo-tentou-blindar-golpe-de-bolsonaro-e-bonner-cobrou-de-ali-kamel-e-correto-fazer-de-conta-que-nao-esta-percebendo\/\"},\"wordCount\":593,\"publisher\":{\"@id\":\"https:\/\/2dejulhonoticias.com.br\/2jn\/#\/schema\/person\/a61e2ab9ae920711c9622c249b03dc16\"},\"image\":{\"@id\":\"https:\/\/2dejulhonoticias.com.br\/2jn\/globo-tentou-blindar-golpe-de-bolsonaro-e-bonner-cobrou-de-ali-kamel-e-correto-fazer-de-conta-que-nao-esta-percebendo\/#primaryimage\"},\"thumbnailUrl\":\"https:\/\/2dejulhonoticias.com.br\/2jn\/wp-content\/uploads\/2026\/05\/acordo-globo-e-golpe.webp\",\"keywords\":[\"golpe de Estado\",\"Tv Globo\"],\"articleSection\":[\"Brasil\",\"Politica\"],\"inLanguage\":\"pt-BR\"},{\"@type\":\"WebPage\",\"@id\":\"https:\/\/2dejulhonoticias.com.br\/2jn\/globo-tentou-blindar-golpe-de-bolsonaro-e-bonner-cobrou-de-ali-kamel-e-correto-fazer-de-conta-que-nao-esta-percebendo\/\",\"url\":\"https:\/\/2dejulhonoticias.com.br\/2jn\/globo-tentou-blindar-golpe-de-bolsonaro-e-bonner-cobrou-de-ali-kamel-e-correto-fazer-de-conta-que-nao-esta-percebendo\/\",\"name\":\"Globo tentou blindar \u201cgolpe\u201d de Bolsonaro e Bonner cobrou de Ali Kamel: \u201c\u00e9 correto fazer de conta que n\u00e3o est\u00e1 percebendo?\u201d - 2 de Julho Not\u00edcias\",\"isPartOf\":{\"@id\":\"https:\/\/2dejulhonoticias.com.br\/2jn\/#website\"},\"primaryImageOfPage\":{\"@id\":\"https:\/\/2dejulhonoticias.com.br\/2jn\/globo-tentou-blindar-golpe-de-bolsonaro-e-bonner-cobrou-de-ali-kamel-e-correto-fazer-de-conta-que-nao-esta-percebendo\/#primaryimage\"},\"image\":{\"@id\":\"https:\/\/2dejulhonoticias.com.br\/2jn\/globo-tentou-blindar-golpe-de-bolsonaro-e-bonner-cobrou-de-ali-kamel-e-correto-fazer-de-conta-que-nao-esta-percebendo\/#primaryimage\"},\"thumbnailUrl\":\"https:\/\/2dejulhonoticias.com.br\/2jn\/wp-content\/uploads\/2026\/05\/acordo-globo-e-golpe.webp\",\"datePublished\":\"2026-05-02T12:47:06+00:00\",\"description\":\"Globo tentou blindar \u201cgolpe\u201d de Bolsonaro e Bonner cobrou de Ali Kamel: \u201c\u00e9 correto fazer de conta que n\u00e3o est\u00e1 percebendo?\u201d\",\"breadcrumb\":{\"@id\":\"https:\/\/2dejulhonoticias.com.br\/2jn\/globo-tentou-blindar-golpe-de-bolsonaro-e-bonner-cobrou-de-ali-kamel-e-correto-fazer-de-conta-que-nao-esta-percebendo\/#breadcrumb\"},\"inLanguage\":\"pt-BR\",\"potentialAction\":[{\"@type\":\"ReadAction\",\"target\":[\"https:\/\/2dejulhonoticias.com.br\/2jn\/globo-tentou-blindar-golpe-de-bolsonaro-e-bonner-cobrou-de-ali-kamel-e-correto-fazer-de-conta-que-nao-esta-percebendo\/\"]}]},{\"@type\":\"ImageObject\",\"inLanguage\":\"pt-BR\",\"@id\":\"https:\/\/2dejulhonoticias.com.br\/2jn\/globo-tentou-blindar-golpe-de-bolsonaro-e-bonner-cobrou-de-ali-kamel-e-correto-fazer-de-conta-que-nao-esta-percebendo\/#primaryimage\",\"url\":\"https:\/\/2dejulhonoticias.com.br\/2jn\/wp-content\/uploads\/2026\/05\/acordo-globo-e-golpe.webp\",\"contentUrl\":\"https:\/\/2dejulhonoticias.com.br\/2jn\/wp-content\/uploads\/2026\/05\/acordo-globo-e-golpe.webp\",\"width\":600,\"height\":338},{\"@type\":\"BreadcrumbList\",\"@id\":\"https:\/\/2dejulhonoticias.com.br\/2jn\/globo-tentou-blindar-golpe-de-bolsonaro-e-bonner-cobrou-de-ali-kamel-e-correto-fazer-de-conta-que-nao-esta-percebendo\/#breadcrumb\",\"itemListElement\":[{\"@type\":\"ListItem\",\"position\":1,\"name\":\"In\u00edcio\",\"item\":\"https:\/\/2dejulhonoticias.com.br\/2jn\/\"},{\"@type\":\"ListItem\",\"position\":2,\"name\":\"Globo tentou blindar \u201cgolpe\u201d de Bolsonaro e Bonner cobrou de Ali Kamel: \u201c\u00e9 correto fazer de conta que n\u00e3o est\u00e1 percebendo?\u201d\"}]},{\"@type\":\"WebSite\",\"@id\":\"https:\/\/2dejulhonoticias.com.br\/2jn\/#website\",\"url\":\"https:\/\/2dejulhonoticias.com.br\/2jn\/\",\"name\":\"2 de Julho Noticias - A not\u00edcia ao seu alcance\",\"description\":\"Noticias sobre Politica, Policia,Esporte,Vida e Estilo, Sa\u00fade,Moda e Beleza,Mundo da Fama,Emprego e Concursos,Arte e Cultura,Cama\u00e7ari\",\"publisher\":{\"@id\":\"https:\/\/2dejulhonoticias.com.br\/2jn\/#\/schema\/person\/a61e2ab9ae920711c9622c249b03dc16\"},\"potentialAction\":[{\"@type\":\"SearchAction\",\"target\":{\"@type\":\"EntryPoint\",\"urlTemplate\":\"https:\/\/2dejulhonoticias.com.br\/2jn\/?s={search_term_string}\"},\"query-input\":{\"@type\":\"PropertyValueSpecification\",\"valueRequired\":true,\"valueName\":\"search_term_string\"}}],\"inLanguage\":\"pt-BR\"},{\"@type\":[\"Person\",\"Organization\"],\"@id\":\"https:\/\/2dejulhonoticias.com.br\/2jn\/#\/schema\/person\/a61e2ab9ae920711c9622c249b03dc16\",\"name\":\"Reda\u00e7\u00e3o\",\"image\":{\"@type\":\"ImageObject\",\"inLanguage\":\"pt-BR\",\"@id\":\"https:\/\/2dejulhonoticias.com.br\/2jn\/wp-content\/uploads\/2020\/11\/logo2dejulho.png\",\"url\":\"https:\/\/2dejulhonoticias.com.br\/2jn\/wp-content\/uploads\/2020\/11\/logo2dejulho.png\",\"contentUrl\":\"https:\/\/2dejulhonoticias.com.br\/2jn\/wp-content\/uploads\/2020\/11\/logo2dejulho.png\",\"width\":291,\"height\":96,\"caption\":\"Reda\u00e7\u00e3o\"},\"logo\":{\"@id\":\"https:\/\/2dejulhonoticias.com.br\/2jn\/wp-content\/uploads\/2020\/11\/logo2dejulho.png\"},\"sameAs\":[\"https:\/\/www.facebook.com\/J2deJulho\",\"https:\/\/www.instagram.com\/mirobaia\/\",\"https:\/\/www.linkedin.com\/in\/mirobaia\/\",\"https:\/\/x.com\/2_julho\",\"https:\/\/www.youtube.com\/c\/MiroBaia\"]}]}<\/script>\n<!-- \/ Yoast SEO Premium plugin. -->","yoast_head_json":{"title":"Globo tentou blindar \u201cgolpe\u201d de Bolsonaro e Bonner cobrou de Ali Kamel: \u201c\u00e9 correto fazer de conta que n\u00e3o est\u00e1 percebendo?\u201d - 2 de Julho Not\u00edcias","description":"Globo tentou blindar \u201cgolpe\u201d de Bolsonaro e Bonner cobrou de Ali Kamel: \u201c\u00e9 correto fazer de conta que n\u00e3o est\u00e1 percebendo?\u201d","robots":{"index":"index","follow":"follow","max-snippet":"max-snippet:-1","max-image-preview":"max-image-preview:large","max-video-preview":"max-video-preview:-1"},"canonical":"https:\/\/2dejulhonoticias.com.br\/2jn\/globo-tentou-blindar-golpe-de-bolsonaro-e-bonner-cobrou-de-ali-kamel-e-correto-fazer-de-conta-que-nao-esta-percebendo\/","twitter_card":"summary_large_image","twitter_title":"Globo tentou blindar \u201cgolpe\u201d de Bolsonaro e Bonner cobrou de Ali Kamel: \u201c\u00e9 correto fazer de conta que n\u00e3o est\u00e1 percebendo?\u201d - 2 de Julho Not\u00edcias","twitter_description":"Globo tentou blindar \u201cgolpe\u201d de Bolsonaro e Bonner cobrou de Ali Kamel: \u201c\u00e9 correto fazer de conta que n\u00e3o est\u00e1 percebendo?\u201d","twitter_image":"https:\/\/2dejulhonoticias.com.br\/2jn\/wp-content\/uploads\/2026\/05\/acordo-globo-e-golpe.webp","twitter_creator":"@2_julho","twitter_site":"@2_julho","twitter_misc":{"Escrito por":"Reda\u00e7\u00e3o","Est. tempo de leitura":"1 minuto"},"schema":{"@context":"https:\/\/schema.org","@graph":[{"@type":"Article","@id":"https:\/\/2dejulhonoticias.com.br\/2jn\/globo-tentou-blindar-golpe-de-bolsonaro-e-bonner-cobrou-de-ali-kamel-e-correto-fazer-de-conta-que-nao-esta-percebendo\/#article","isPartOf":{"@id":"https:\/\/2dejulhonoticias.com.br\/2jn\/globo-tentou-blindar-golpe-de-bolsonaro-e-bonner-cobrou-de-ali-kamel-e-correto-fazer-de-conta-que-nao-esta-percebendo\/"},"author":{"name":"Reda\u00e7\u00e3o","@id":"https:\/\/2dejulhonoticias.com.br\/2jn\/#\/schema\/person\/a61e2ab9ae920711c9622c249b03dc16"},"headline":"Globo tentou blindar \u201cgolpe\u201d de Bolsonaro e Bonner cobrou de Ali Kamel: \u201c\u00e9 correto fazer de conta que n\u00e3o est\u00e1 percebendo?\u201d","datePublished":"2026-05-02T12:47:06+00:00","mainEntityOfPage":{"@id":"https:\/\/2dejulhonoticias.com.br\/2jn\/globo-tentou-blindar-golpe-de-bolsonaro-e-bonner-cobrou-de-ali-kamel-e-correto-fazer-de-conta-que-nao-esta-percebendo\/"},"wordCount":593,"publisher":{"@id":"https:\/\/2dejulhonoticias.com.br\/2jn\/#\/schema\/person\/a61e2ab9ae920711c9622c249b03dc16"},"image":{"@id":"https:\/\/2dejulhonoticias.com.br\/2jn\/globo-tentou-blindar-golpe-de-bolsonaro-e-bonner-cobrou-de-ali-kamel-e-correto-fazer-de-conta-que-nao-esta-percebendo\/#primaryimage"},"thumbnailUrl":"https:\/\/2dejulhonoticias.com.br\/2jn\/wp-content\/uploads\/2026\/05\/acordo-globo-e-golpe.webp","keywords":["golpe de Estado","Tv Globo"],"articleSection":["Brasil","Politica"],"inLanguage":"pt-BR"},{"@type":"WebPage","@id":"https:\/\/2dejulhonoticias.com.br\/2jn\/globo-tentou-blindar-golpe-de-bolsonaro-e-bonner-cobrou-de-ali-kamel-e-correto-fazer-de-conta-que-nao-esta-percebendo\/","url":"https:\/\/2dejulhonoticias.com.br\/2jn\/globo-tentou-blindar-golpe-de-bolsonaro-e-bonner-cobrou-de-ali-kamel-e-correto-fazer-de-conta-que-nao-esta-percebendo\/","name":"Globo tentou blindar \u201cgolpe\u201d de Bolsonaro e Bonner cobrou de Ali Kamel: \u201c\u00e9 correto fazer de conta que n\u00e3o est\u00e1 percebendo?\u201d - 2 de Julho Not\u00edcias","isPartOf":{"@id":"https:\/\/2dejulhonoticias.com.br\/2jn\/#website"},"primaryImageOfPage":{"@id":"https:\/\/2dejulhonoticias.com.br\/2jn\/globo-tentou-blindar-golpe-de-bolsonaro-e-bonner-cobrou-de-ali-kamel-e-correto-fazer-de-conta-que-nao-esta-percebendo\/#primaryimage"},"image":{"@id":"https:\/\/2dejulhonoticias.com.br\/2jn\/globo-tentou-blindar-golpe-de-bolsonaro-e-bonner-cobrou-de-ali-kamel-e-correto-fazer-de-conta-que-nao-esta-percebendo\/#primaryimage"},"thumbnailUrl":"https:\/\/2dejulhonoticias.com.br\/2jn\/wp-content\/uploads\/2026\/05\/acordo-globo-e-golpe.webp","datePublished":"2026-05-02T12:47:06+00:00","description":"Globo tentou blindar \u201cgolpe\u201d de Bolsonaro e Bonner cobrou de Ali Kamel: \u201c\u00e9 correto fazer de conta que n\u00e3o est\u00e1 percebendo?\u201d","breadcrumb":{"@id":"https:\/\/2dejulhonoticias.com.br\/2jn\/globo-tentou-blindar-golpe-de-bolsonaro-e-bonner-cobrou-de-ali-kamel-e-correto-fazer-de-conta-que-nao-esta-percebendo\/#breadcrumb"},"inLanguage":"pt-BR","potentialAction":[{"@type":"ReadAction","target":["https:\/\/2dejulhonoticias.com.br\/2jn\/globo-tentou-blindar-golpe-de-bolsonaro-e-bonner-cobrou-de-ali-kamel-e-correto-fazer-de-conta-que-nao-esta-percebendo\/"]}]},{"@type":"ImageObject","inLanguage":"pt-BR","@id":"https:\/\/2dejulhonoticias.com.br\/2jn\/globo-tentou-blindar-golpe-de-bolsonaro-e-bonner-cobrou-de-ali-kamel-e-correto-fazer-de-conta-que-nao-esta-percebendo\/#primaryimage","url":"https:\/\/2dejulhonoticias.com.br\/2jn\/wp-content\/uploads\/2026\/05\/acordo-globo-e-golpe.webp","contentUrl":"https:\/\/2dejulhonoticias.com.br\/2jn\/wp-content\/uploads\/2026\/05\/acordo-globo-e-golpe.webp","width":600,"height":338},{"@type":"BreadcrumbList","@id":"https:\/\/2dejulhonoticias.com.br\/2jn\/globo-tentou-blindar-golpe-de-bolsonaro-e-bonner-cobrou-de-ali-kamel-e-correto-fazer-de-conta-que-nao-esta-percebendo\/#breadcrumb","itemListElement":[{"@type":"ListItem","position":1,"name":"In\u00edcio","item":"https:\/\/2dejulhonoticias.com.br\/2jn\/"},{"@type":"ListItem","position":2,"name":"Globo tentou blindar \u201cgolpe\u201d de Bolsonaro e Bonner cobrou de Ali Kamel: \u201c\u00e9 correto fazer de conta que n\u00e3o est\u00e1 percebendo?\u201d"}]},{"@type":"WebSite","@id":"https:\/\/2dejulhonoticias.com.br\/2jn\/#website","url":"https:\/\/2dejulhonoticias.com.br\/2jn\/","name":"2 de Julho Noticias - A not\u00edcia ao seu alcance","description":"Noticias sobre Politica, Policia,Esporte,Vida e Estilo, Sa\u00fade,Moda e Beleza,Mundo da Fama,Emprego e Concursos,Arte e Cultura,Cama\u00e7ari","publisher":{"@id":"https:\/\/2dejulhonoticias.com.br\/2jn\/#\/schema\/person\/a61e2ab9ae920711c9622c249b03dc16"},"potentialAction":[{"@type":"SearchAction","target":{"@type":"EntryPoint","urlTemplate":"https:\/\/2dejulhonoticias.com.br\/2jn\/?s={search_term_string}"},"query-input":{"@type":"PropertyValueSpecification","valueRequired":true,"valueName":"search_term_string"}}],"inLanguage":"pt-BR"},{"@type":["Person","Organization"],"@id":"https:\/\/2dejulhonoticias.com.br\/2jn\/#\/schema\/person\/a61e2ab9ae920711c9622c249b03dc16","name":"Reda\u00e7\u00e3o","image":{"@type":"ImageObject","inLanguage":"pt-BR","@id":"https:\/\/2dejulhonoticias.com.br\/2jn\/wp-content\/uploads\/2020\/11\/logo2dejulho.png","url":"https:\/\/2dejulhonoticias.com.br\/2jn\/wp-content\/uploads\/2020\/11\/logo2dejulho.png","contentUrl":"https:\/\/2dejulhonoticias.com.br\/2jn\/wp-content\/uploads\/2020\/11\/logo2dejulho.png","width":291,"height":96,"caption":"Reda\u00e7\u00e3o"},"logo":{"@id":"https:\/\/2dejulhonoticias.com.br\/2jn\/wp-content\/uploads\/2020\/11\/logo2dejulho.png"},"sameAs":["https:\/\/www.facebook.com\/J2deJulho","https:\/\/www.instagram.com\/mirobaia\/","https:\/\/www.linkedin.com\/in\/mirobaia\/","https:\/\/x.com\/2_julho","https:\/\/www.youtube.com\/c\/MiroBaia"]}]}},"_links":{"self":[{"href":"https:\/\/2dejulhonoticias.com.br\/2jn\/wp-json\/wp\/v2\/posts\/41378","targetHints":{"allow":["GET"]}}],"collection":[{"href":"https:\/\/2dejulhonoticias.com.br\/2jn\/wp-json\/wp\/v2\/posts"}],"about":[{"href":"https:\/\/2dejulhonoticias.com.br\/2jn\/wp-json\/wp\/v2\/types\/post"}],"author":[{"embeddable":true,"href":"https:\/\/2dejulhonoticias.com.br\/2jn\/wp-json\/wp\/v2\/users\/1"}],"replies":[{"embeddable":true,"href":"https:\/\/2dejulhonoticias.com.br\/2jn\/wp-json\/wp\/v2\/comments?post=41378"}],"version-history":[{"count":1,"href":"https:\/\/2dejulhonoticias.com.br\/2jn\/wp-json\/wp\/v2\/posts\/41378\/revisions"}],"predecessor-version":[{"id":41380,"href":"https:\/\/2dejulhonoticias.com.br\/2jn\/wp-json\/wp\/v2\/posts\/41378\/revisions\/41380"}],"wp:featuredmedia":[{"embeddable":true,"href":"https:\/\/2dejulhonoticias.com.br\/2jn\/wp-json\/wp\/v2\/media\/41379"}],"wp:attachment":[{"href":"https:\/\/2dejulhonoticias.com.br\/2jn\/wp-json\/wp\/v2\/media?parent=41378"}],"wp:term":[{"taxonomy":"category","embeddable":true,"href":"https:\/\/2dejulhonoticias.com.br\/2jn\/wp-json\/wp\/v2\/categories?post=41378"},{"taxonomy":"post_tag","embeddable":true,"href":"https:\/\/2dejulhonoticias.com.br\/2jn\/wp-json\/wp\/v2\/tags?post=41378"}],"curies":[{"name":"wp","href":"https:\/\/api.w.org\/{rel}","templated":true}]}}