{"id":41369,"date":"2026-05-02T09:06:06","date_gmt":"2026-05-02T12:06:06","guid":{"rendered":"https:\/\/2dejulhonoticias.com.br\/2jn\/?p=41369"},"modified":"2026-05-02T09:07:06","modified_gmt":"2026-05-02T12:07:06","slug":"dois-traficantes-morrem-apos-confronto-com-a-pm-no-engenho-velho-da-federacao-neste-sabado-02-05","status":"publish","type":"post","link":"https:\/\/2dejulhonoticias.com.br\/2jn\/dois-traficantes-morrem-apos-confronto-com-a-pm-no-engenho-velho-da-federacao-neste-sabado-02-05\/","title":{"rendered":"Dois traficantes morrem ap\u00f3s confronto com a PM no Engenho Velho da Federa\u00e7\u00e3o neste s\u00e1bado (02\/05)"},"content":{"rendered":"<div style=\"text-align: justify;\">\nDois homens morreram ap\u00f3s um confronto com policiais militares na madrugada deste s\u00e1bado (2), no bairro Engenho Velho da Federa\u00e7\u00e3o, em Salvador. Segundo informa\u00e7\u00f5es da Pol\u00edcia Militar, a a\u00e7\u00e3o aconteceu durante uma opera\u00e7\u00e3o de patrulhamento t\u00e1tico na localidade conhecida como Beco da Rabada.<\/p>\n<p>De acordo com a PM, equipes da Rondesp Atl\u00e2ntico realizavam rondas na regi\u00e3o, com o objetivo de intensificar o policiamento na \u00e1rea da 41\u00aa CIPM, quando foram recebidas a tiros por um grupo de suspeitos. Houve revide.<\/p>\n<p>\ud83d\udcf1 <a href=\"https:\/\/chat.whatsapp.com\/L8KSLsjENzl5HrgtytuzCL\"> SIGA PRA MAIS NOT\u00cdCIAS: entre na comunidade do 2JN no WhatsApp<\/a>\n<\/div>\n<div>\n<!-- GoogleAdsense --><\/p>\n<p style=\"text-align: justify;\"><span style=\"font-size: 14pt;\"><strong> LEIA TAMB\u00c9M <\/strong><\/span><\/p>\n<p><script async src=\"https:\/\/pagead2.googlesyndication.com\/pagead\/js\/adsbygoogle.js?client=ca-pub-3129804789748719\" crossorigin=\"anonymous\"><\/script><br \/>\n<!-- Anuncio horizontal responsivo --><br \/>\n<ins class=\"adsbygoogle\" style=\"display: block;\" data-ad-client=\"ca-pub-3129804789748719\" data-ad-slot=\"1473312501\" data-ad-format=\"auto\" data-full-width-responsive=\"true\"><\/ins><br \/>\n<script>\n     (adsbygoogle = window.adsbygoogle || []).push({});\n<\/script>\n<\/div>\n<div style=\"text-align: justify;\">\n<div class=\"related bk-inline-post-box alignleft\" style=\"color: #fcfcfc; background-color: #fac8c8;\"><ul class=\"list-small-post row\"><li class=\"small-post content_out clearfix\">                        <div class=\"small-thumbnail-wrapper\">\n                <div class=\"thumb hide-thumb term-89\"><a href=\"https:\/\/2dejulhonoticias.com.br\/2jn\/tragedia-na-br-046-acidente-com-caminhoes-deixa-mortos-entre-iacu-e-milagres\/\"><img decoding=\"async\" width=\"90\" height=\"65\" src=\"https:\/\/2dejulhonoticias.com.br\/2jn\/wp-content\/uploads\/2026\/05\/TRAGEDIA-NA-BR-046-Acidente-entre-caminhoes-deixa-mortos-entre-Iacu-e-Milagres-90x65.webp\" class=\"attachment-rubik-90-65 size-rubik-90-65 wp-post-image\" alt=\"\" \/><div class=\"rubik-post-icon-wrap\"><\/div><\/a> <!-- close a tag --><\/div> <!-- close thumb -->            <\/div>\n                        <div class=\"post-c-wrap\">\n                                \n                <h4 class=\"title\"><a class=\"term-89\" href=\"https:\/\/2dejulhonoticias.com.br\/2jn\/tragedia-na-br-046-acidente-com-caminhoes-deixa-mortos-entre-iacu-e-milagres\/\">TRAG\u00c9DIA NA BR-046: Acidente com caminh\u00f5es deixa mortos entre Ia\u00e7u e Milagres<\/a><\/h4>                <div class=\"meta\"><div class=\"post-date\">2 de maio de 2026<\/div><\/div> \n            <\/div>\n            <\/li><!-- End post --><li class=\"small-post content_out clearfix\">                        <div class=\"small-thumbnail-wrapper\">\n                <div class=\"thumb hide-thumb term-77\"><a href=\"https:\/\/2dejulhonoticias.com.br\/2jn\/acoes-da-pm-reduzem-violencia-em-60-no-mes-de-abril-em-camacari\/\"><img decoding=\"async\" width=\"90\" height=\"65\" src=\"https:\/\/2dejulhonoticias.com.br\/2jn\/wp-content\/uploads\/2026\/05\/12a-bpm-camacari-90x65.webp\" class=\"attachment-rubik-90-65 size-rubik-90-65 wp-post-image\" alt=\"\" \/><div class=\"rubik-post-icon-wrap\"><\/div><\/a> <!-- close a tag --><\/div> <!-- close thumb -->            <\/div>\n                        <div class=\"post-c-wrap\">\n                                \n                <h4 class=\"title\"><a class=\"term-77\" href=\"https:\/\/2dejulhonoticias.com.br\/2jn\/acoes-da-pm-reduzem-violencia-em-60-no-mes-de-abril-em-camacari\/\">A\u00e7\u00f5es da PM reduzem viol\u00eancia em 60% no m\u00eas de abril em Cama\u00e7ari<\/a><\/h4>                <div class=\"meta\"><div class=\"post-date\">2 de maio de 2026<\/div><\/div> \n            <\/div>\n            <\/li><!-- End post --><li class=\"small-post content_out clearfix\">                        <div class=\"small-thumbnail-wrapper\">\n                <div class=\"thumb hide-thumb term-89\"><a href=\"https:\/\/2dejulhonoticias.com.br\/2jn\/cade-neli-homem-de-50-anos-desaparece-na-chapada-diamantina-e-familia-pede-ajuda\/\"><img decoding=\"async\" width=\"90\" height=\"65\" src=\"https:\/\/2dejulhonoticias.com.br\/2jn\/wp-content\/uploads\/2026\/04\/desaparecido-na-Chapada-Diamantina-90x65.webp\" class=\"attachment-rubik-90-65 size-rubik-90-65 wp-post-image\" alt=\"\" srcset=\"https:\/\/2dejulhonoticias.com.br\/2jn\/wp-content\/uploads\/2026\/04\/desaparecido-na-Chapada-Diamantina-90x65.webp 90w, https:\/\/2dejulhonoticias.com.br\/2jn\/wp-content\/uploads\/2026\/04\/desaparecido-na-Chapada-Diamantina-300x218.webp 300w, https:\/\/2dejulhonoticias.com.br\/2jn\/wp-content\/uploads\/2026\/04\/desaparecido-na-Chapada-Diamantina-400x290.webp 400w, https:\/\/2dejulhonoticias.com.br\/2jn\/wp-content\/uploads\/2026\/04\/desaparecido-na-Chapada-Diamantina.webp 600w\" sizes=\"(max-width: 90px) 100vw, 90px\" \/><div class=\"rubik-post-icon-wrap\"><\/div><\/a> <!-- close a tag --><\/div> <!-- close thumb -->            <\/div>\n                        <div class=\"post-c-wrap\">\n                                \n                <h4 class=\"title\"><a class=\"term-89\" href=\"https:\/\/2dejulhonoticias.com.br\/2jn\/cade-neli-homem-de-50-anos-desaparece-na-chapada-diamantina-e-familia-pede-ajuda\/\">CAD\u00ca NELI? Homem de 50 anos desaparece na Chapada Diamantina e fam\u00edlia pede ajuda<\/a><\/h4>                <div class=\"meta\"><div class=\"post-date\">30 de abril de 2026<\/div><\/div> \n            <\/div>\n            <\/li><!-- End post --><\/ul> <!-- End list-post --><\/div><br \/>\nAinda conforme a pol\u00edcia, ap\u00f3s o primeiro confronto, os agentes seguiram em incurs\u00e3o na \u00e1rea e avistaram dois homens entrando em uma resid\u00eancia. Ao se aproximarem do im\u00f3vel, os policiais afirmam que foram novamente alvo de disparos, o que provocou um novo confronto.<\/p>\n<p>Os dois suspeitos foram atingidos. Segundo a PM, eles chegaram a ser socorridos e levados para o Hospital Geral do Estado (HGE), mas n\u00e3o resistiram aos ferimentos.<\/p>\n<p>Durante a a\u00e7\u00e3o, foram apreendidas armas de fogo e uma grande quantidade de drogas. Entre os materiais est\u00e3o uma submetralhadora de fabrica\u00e7\u00e3o desconhecida, um rev\u00f3lver calibre 38 com numera\u00e7\u00e3o suprimida, muni\u00e7\u00f5es de diferentes calibres e centenas de por\u00e7\u00f5es de entorpecentes, incluindo coca\u00edna, crack e maconha.<\/p>\n<p>A ocorr\u00eancia foi registrada como morte por interven\u00e7\u00e3o legal de agente do Estado. A identidade dos suspeitos n\u00e3o foi divulgada.<\/p>\n<p><a href=\"#\">Dois traficantes morrem ap\u00f3s confronto com a PM no Engenho Velho da Federa\u00e7\u00e3o neste s\u00e1bado (02\/05)<\/a>\n<\/div>\n<hr \/>\n<p><!-- banner meio--><\/p>\n<div><script async src=\"https:\/\/pagead2.googlesyndication.com\/pagead\/js\/adsbygoogle.js?client=ca-pub-3129804789748719\" crossorigin=\"anonymous\"><\/script><br \/>\n<!-- Banner quadrado responsivo --><br \/>\n<ins class=\"adsbygoogle\" style=\"display: block;\" data-ad-client=\"ca-pub-3129804789748719\" data-ad-slot=\"2076857862\" data-ad-format=\"auto\" data-full-width-responsive=\"true\"><\/ins><br \/>\n<script>\n     (adsbygoogle = window.adsbygoogle || []).push({});\n<\/script><\/div>\n<p><!-- banner meio responsivo --><\/p>\n<hr \/>\n<p><!-- RODAP\u00c9 DA NOTICIA --><\/p>\n<div><strong> Siga a coluna no <a href=\"https:\/\/www.facebook.com\/jornal2jn\" target=\"_blank\" rel=\"noopener\">Facebook<\/a> e no <a href=\"https:\/\/www.instagram.com\/jornal2dejulho\/\" target=\"_blank\" rel=\"noopener\">Instagram<\/a> para n\u00e3o perder nada.<\/strong><\/div>\n<p style=\"text-align: right;\"><em> por Reda\u00e7\u00e3o 2JN &#8211; alo juca<\/em><\/p>\n<p><!--\n\nO 2 de Julho Noticias \u00e9 um Jornal Independente, pois n\u00e3o tem apoios Pol\u00edticos Partid\u00e1rios, de Prefeitura e nem de Comercio, e precisa de seu apoio, caso possa em assinar nosso Livro de Parceiros e Colaboradores.\nSua colabora\u00e7\u00e3o \u00e9 muito importante para nossa continuidade! Chave PIX EMAIL: parceiro@2dejulhonoticias.com.br\n\n--><\/p>\n<hr \/>\n<p><!-- banner meio responsivo--><br \/>\n<script async src=\"https:\/\/pagead2.googlesyndication.com\/pagead\/js\/adsbygoogle.js?client=ca-pub-3129804789748719\" crossorigin=\"anonymous\"><\/script><br \/>\n<!-- banner 728x90 2jn --><br \/>\n<ins class=\"adsbygoogle\" style=\"display: inline-block; width: 728px; height: 90px;\" data-ad-client=\"ca-pub-3129804789748719\" data-ad-slot=\"1383288950\"><\/ins><br \/>\n<script>\n     (adsbygoogle = window.adsbygoogle || []).push({});\n<\/script><\/p>\n<p style=\"text-align: justify;\"><span style=\"font-size: 14pt;\"><strong> LEIA TAMB\u00c9M <\/strong><\/span><\/p>\n<p><!-- banner meio responsivo--><br \/>\n<script async src=\"https:\/\/pagead2.googlesyndication.com\/pagead\/js\/adsbygoogle.js?client=ca-pub-3129804789748719\" crossorigin=\"anonymous\"><\/script><br \/>\n<!-- banner 728x90 2jn --><br \/>\n<ins class=\"adsbygoogle\" style=\"display: inline-block; width: 728px; height: 90px;\" data-ad-client=\"ca-pub-3129804789748719\" data-ad-slot=\"1383288950\"><\/ins><br \/>\n<script>\n     (adsbygoogle = window.adsbygoogle || []).push({});\n<\/script><br \/>\n<amp-ad width=\"100vw\" height=\"320\"\n     type=\"adsense\"\n     data-ad-client=\"ca-pub-3129804789748719\"\n     data-ad-slot=\"4367194841\"\n     data-auto-format=\"mcrspv\"\n     data-full-width=\"\"><\/p>\n<div overflow=\"\"><\/div>\n<p><\/amp-ad><br \/>\n<amp-ad\n     layout=\"fixed\"\n     width=\"728\"\n     height=\"90\"\n     type=\"adsense\"\n     data-ad-client=\"ca-pub-3129804789748719\"\n     data-ad-slot=\"1383288950\"><br \/>\n<\/amp-ad><\/p>\n","protected":false},"excerpt":{"rendered":"<p>Dois homens morreram ap\u00f3s um confronto com policiais militares na madrugada deste s\u00e1bado (2), no bairro Engenho Velho da Federa\u00e7\u00e3o, em Salvador. Segundo informa\u00e7\u00f5es da Pol\u00edcia Militar, a a\u00e7\u00e3o aconteceu durante uma opera\u00e7\u00e3o de patrulhamento t\u00e1tico na localidade conhecida como Beco da Rabada. De acordo com a PM, equipes da Rondesp Atl\u00e2ntico realizavam rondas na regi\u00e3o, com o objetivo de intensificar o policiamento na \u00e1rea da 41\u00aa CIPM, quando foram recebidas a tiros por um grupo de suspeitos. Houve revide. \ud83d\udcf1 SIGA PRA MAIS NOT\u00cdCIAS: entre na comunidade do 2JN no WhatsApp LEIA TAMB\u00c9M Ainda conforme a pol\u00edcia, ap\u00f3s o [&hellip;]<\/p>\n","protected":false},"author":1,"featured_media":41370,"comment_status":"closed","ping_status":"open","sticky":false,"template":"","format":"standard","meta":{"footnotes":""},"categories":[87,80],"tags":[5117,4673],"class_list":["post-41369","post","type-post","status-publish","format-standard","has-post-thumbnail","hentry","category-policia","category-salvador","tag-salvador-engenhovelhodafederacao","tag-confronto"],"yoast_head":"<!-- This site is optimized with the Yoast SEO Premium plugin v23.7 (Yoast SEO v27.2) - https:\/\/yoast.com\/product\/yoast-seo-premium-wordpress\/ -->\n<title>Dois traficantes morrem ap\u00f3s confronto com a PM no Engenho Velho da Federa\u00e7\u00e3o neste s\u00e1bado (02\/05) - 2 de Julho Not\u00edcias<\/title>\n<meta name=\"description\" content=\"Dois traficantes morrem ap\u00f3s confronto com a PM no Engenho Velho da Federa\u00e7\u00e3o neste s\u00e1bado (02\/05)\" \/>\n<meta name=\"robots\" content=\"index, follow, max-snippet:-1, max-image-preview:large, max-video-preview:-1\" \/>\n<link rel=\"canonical\" href=\"https:\/\/2dejulhonoticias.com.br\/2jn\/dois-traficantes-morrem-apos-confronto-com-a-pm-no-engenho-velho-da-federacao-neste-sabado-02-05\/\" \/>\n<meta name=\"twitter:card\" content=\"summary_large_image\" \/>\n<meta name=\"twitter:title\" content=\"Dois traficantes morrem ap\u00f3s confronto com a PM no Engenho Velho da Federa\u00e7\u00e3o neste s\u00e1bado (02\/05) - 2 de Julho Not\u00edcias\" \/>\n<meta name=\"twitter:description\" content=\"Dois traficantes morrem ap\u00f3s confronto com a PM no Engenho Velho da Federa\u00e7\u00e3o neste s\u00e1bado (02\/05)\" \/>\n<meta name=\"twitter:image\" content=\"https:\/\/2dejulhonoticias.com.br\/2jn\/wp-content\/uploads\/2026\/05\/TROCA-DE-TIROS-Dois-traficantes-morrem-apos-confronto-com-a-PM-no-Engenho-Velho-da-Federacao.webp\" \/>\n<meta name=\"twitter:creator\" content=\"@2_julho\" \/>\n<meta name=\"twitter:site\" content=\"@2_julho\" \/>\n<meta name=\"twitter:label1\" content=\"Escrito por\" \/>\n\t<meta name=\"twitter:data1\" content=\"Reda\u00e7\u00e3o\" \/>\n\t<meta name=\"twitter:label2\" content=\"Est. tempo de leitura\" \/>\n\t<meta name=\"twitter:data2\" content=\"2 minutos\" \/>\n<script type=\"application\/ld+json\" class=\"yoast-schema-graph\">{\"@context\":\"https:\/\/schema.org\",\"@graph\":[{\"@type\":\"Article\",\"@id\":\"https:\/\/2dejulhonoticias.com.br\/2jn\/dois-traficantes-morrem-apos-confronto-com-a-pm-no-engenho-velho-da-federacao-neste-sabado-02-05\/#article\",\"isPartOf\":{\"@id\":\"https:\/\/2dejulhonoticias.com.br\/2jn\/dois-traficantes-morrem-apos-confronto-com-a-pm-no-engenho-velho-da-federacao-neste-sabado-02-05\/\"},\"author\":{\"name\":\"Reda\u00e7\u00e3o\",\"@id\":\"https:\/\/2dejulhonoticias.com.br\/2jn\/#\/schema\/person\/a61e2ab9ae920711c9622c249b03dc16\"},\"headline\":\"Dois traficantes morrem ap\u00f3s confronto com a PM no Engenho Velho da Federa\u00e7\u00e3o neste s\u00e1bado (02\/05)\",\"datePublished\":\"2026-05-02T12:06:06+00:00\",\"dateModified\":\"2026-05-02T12:07:06+00:00\",\"mainEntityOfPage\":{\"@id\":\"https:\/\/2dejulhonoticias.com.br\/2jn\/dois-traficantes-morrem-apos-confronto-com-a-pm-no-engenho-velho-da-federacao-neste-sabado-02-05\/\"},\"wordCount\":328,\"publisher\":{\"@id\":\"https:\/\/2dejulhonoticias.com.br\/2jn\/#\/schema\/person\/a61e2ab9ae920711c9622c249b03dc16\"},\"image\":{\"@id\":\"https:\/\/2dejulhonoticias.com.br\/2jn\/dois-traficantes-morrem-apos-confronto-com-a-pm-no-engenho-velho-da-federacao-neste-sabado-02-05\/#primaryimage\"},\"thumbnailUrl\":\"https:\/\/2dejulhonoticias.com.br\/2jn\/wp-content\/uploads\/2026\/05\/TROCA-DE-TIROS-Dois-traficantes-morrem-apos-confronto-com-a-PM-no-Engenho-Velho-da-Federacao.webp\",\"keywords\":[\"#Salvador #EngenhoVelhoDaFedera\u00e7\u00e3o\",\"Confronto\"],\"articleSection\":[\"Policia\",\"Salvador\"],\"inLanguage\":\"pt-BR\"},{\"@type\":\"WebPage\",\"@id\":\"https:\/\/2dejulhonoticias.com.br\/2jn\/dois-traficantes-morrem-apos-confronto-com-a-pm-no-engenho-velho-da-federacao-neste-sabado-02-05\/\",\"url\":\"https:\/\/2dejulhonoticias.com.br\/2jn\/dois-traficantes-morrem-apos-confronto-com-a-pm-no-engenho-velho-da-federacao-neste-sabado-02-05\/\",\"name\":\"Dois traficantes morrem ap\u00f3s confronto com a PM no Engenho Velho da Federa\u00e7\u00e3o neste s\u00e1bado (02\/05) - 2 de Julho Not\u00edcias\",\"isPartOf\":{\"@id\":\"https:\/\/2dejulhonoticias.com.br\/2jn\/#website\"},\"primaryImageOfPage\":{\"@id\":\"https:\/\/2dejulhonoticias.com.br\/2jn\/dois-traficantes-morrem-apos-confronto-com-a-pm-no-engenho-velho-da-federacao-neste-sabado-02-05\/#primaryimage\"},\"image\":{\"@id\":\"https:\/\/2dejulhonoticias.com.br\/2jn\/dois-traficantes-morrem-apos-confronto-com-a-pm-no-engenho-velho-da-federacao-neste-sabado-02-05\/#primaryimage\"},\"thumbnailUrl\":\"https:\/\/2dejulhonoticias.com.br\/2jn\/wp-content\/uploads\/2026\/05\/TROCA-DE-TIROS-Dois-traficantes-morrem-apos-confronto-com-a-PM-no-Engenho-Velho-da-Federacao.webp\",\"datePublished\":\"2026-05-02T12:06:06+00:00\",\"dateModified\":\"2026-05-02T12:07:06+00:00\",\"description\":\"Dois traficantes morrem ap\u00f3s confronto com a PM no Engenho Velho da Federa\u00e7\u00e3o neste s\u00e1bado (02\/05)\",\"breadcrumb\":{\"@id\":\"https:\/\/2dejulhonoticias.com.br\/2jn\/dois-traficantes-morrem-apos-confronto-com-a-pm-no-engenho-velho-da-federacao-neste-sabado-02-05\/#breadcrumb\"},\"inLanguage\":\"pt-BR\",\"potentialAction\":[{\"@type\":\"ReadAction\",\"target\":[\"https:\/\/2dejulhonoticias.com.br\/2jn\/dois-traficantes-morrem-apos-confronto-com-a-pm-no-engenho-velho-da-federacao-neste-sabado-02-05\/\"]}]},{\"@type\":\"ImageObject\",\"inLanguage\":\"pt-BR\",\"@id\":\"https:\/\/2dejulhonoticias.com.br\/2jn\/dois-traficantes-morrem-apos-confronto-com-a-pm-no-engenho-velho-da-federacao-neste-sabado-02-05\/#primaryimage\",\"url\":\"https:\/\/2dejulhonoticias.com.br\/2jn\/wp-content\/uploads\/2026\/05\/TROCA-DE-TIROS-Dois-traficantes-morrem-apos-confronto-com-a-PM-no-Engenho-Velho-da-Federacao.webp\",\"contentUrl\":\"https:\/\/2dejulhonoticias.com.br\/2jn\/wp-content\/uploads\/2026\/05\/TROCA-DE-TIROS-Dois-traficantes-morrem-apos-confronto-com-a-PM-no-Engenho-Velho-da-Federacao.webp\",\"width\":600,\"height\":337},{\"@type\":\"BreadcrumbList\",\"@id\":\"https:\/\/2dejulhonoticias.com.br\/2jn\/dois-traficantes-morrem-apos-confronto-com-a-pm-no-engenho-velho-da-federacao-neste-sabado-02-05\/#breadcrumb\",\"itemListElement\":[{\"@type\":\"ListItem\",\"position\":1,\"name\":\"In\u00edcio\",\"item\":\"https:\/\/2dejulhonoticias.com.br\/2jn\/\"},{\"@type\":\"ListItem\",\"position\":2,\"name\":\"Dois traficantes morrem ap\u00f3s confronto com a PM no Engenho Velho da Federa\u00e7\u00e3o neste s\u00e1bado (02\/05)\"}]},{\"@type\":\"WebSite\",\"@id\":\"https:\/\/2dejulhonoticias.com.br\/2jn\/#website\",\"url\":\"https:\/\/2dejulhonoticias.com.br\/2jn\/\",\"name\":\"2 de Julho Noticias - A not\u00edcia ao seu alcance\",\"description\":\"Noticias sobre Politica, Policia,Esporte,Vida e Estilo, Sa\u00fade,Moda e Beleza,Mundo da Fama,Emprego e Concursos,Arte e Cultura,Cama\u00e7ari\",\"publisher\":{\"@id\":\"https:\/\/2dejulhonoticias.com.br\/2jn\/#\/schema\/person\/a61e2ab9ae920711c9622c249b03dc16\"},\"potentialAction\":[{\"@type\":\"SearchAction\",\"target\":{\"@type\":\"EntryPoint\",\"urlTemplate\":\"https:\/\/2dejulhonoticias.com.br\/2jn\/?s={search_term_string}\"},\"query-input\":{\"@type\":\"PropertyValueSpecification\",\"valueRequired\":true,\"valueName\":\"search_term_string\"}}],\"inLanguage\":\"pt-BR\"},{\"@type\":[\"Person\",\"Organization\"],\"@id\":\"https:\/\/2dejulhonoticias.com.br\/2jn\/#\/schema\/person\/a61e2ab9ae920711c9622c249b03dc16\",\"name\":\"Reda\u00e7\u00e3o\",\"image\":{\"@type\":\"ImageObject\",\"inLanguage\":\"pt-BR\",\"@id\":\"https:\/\/2dejulhonoticias.com.br\/2jn\/wp-content\/uploads\/2020\/11\/logo2dejulho.png\",\"url\":\"https:\/\/2dejulhonoticias.com.br\/2jn\/wp-content\/uploads\/2020\/11\/logo2dejulho.png\",\"contentUrl\":\"https:\/\/2dejulhonoticias.com.br\/2jn\/wp-content\/uploads\/2020\/11\/logo2dejulho.png\",\"width\":291,\"height\":96,\"caption\":\"Reda\u00e7\u00e3o\"},\"logo\":{\"@id\":\"https:\/\/2dejulhonoticias.com.br\/2jn\/wp-content\/uploads\/2020\/11\/logo2dejulho.png\"},\"sameAs\":[\"https:\/\/www.facebook.com\/J2deJulho\",\"https:\/\/www.instagram.com\/mirobaia\/\",\"https:\/\/www.linkedin.com\/in\/mirobaia\/\",\"https:\/\/x.com\/2_julho\",\"https:\/\/www.youtube.com\/c\/MiroBaia\"]}]}<\/script>\n<!-- \/ Yoast SEO Premium plugin. -->","yoast_head_json":{"title":"Dois traficantes morrem ap\u00f3s confronto com a PM no Engenho Velho da Federa\u00e7\u00e3o neste s\u00e1bado (02\/05) - 2 de Julho Not\u00edcias","description":"Dois traficantes morrem ap\u00f3s confronto com a PM no Engenho Velho da Federa\u00e7\u00e3o neste s\u00e1bado (02\/05)","robots":{"index":"index","follow":"follow","max-snippet":"max-snippet:-1","max-image-preview":"max-image-preview:large","max-video-preview":"max-video-preview:-1"},"canonical":"https:\/\/2dejulhonoticias.com.br\/2jn\/dois-traficantes-morrem-apos-confronto-com-a-pm-no-engenho-velho-da-federacao-neste-sabado-02-05\/","twitter_card":"summary_large_image","twitter_title":"Dois traficantes morrem ap\u00f3s confronto com a PM no Engenho Velho da Federa\u00e7\u00e3o neste s\u00e1bado (02\/05) - 2 de Julho Not\u00edcias","twitter_description":"Dois traficantes morrem ap\u00f3s confronto com a PM no Engenho Velho da Federa\u00e7\u00e3o neste s\u00e1bado (02\/05)","twitter_image":"https:\/\/2dejulhonoticias.com.br\/2jn\/wp-content\/uploads\/2026\/05\/TROCA-DE-TIROS-Dois-traficantes-morrem-apos-confronto-com-a-PM-no-Engenho-Velho-da-Federacao.webp","twitter_creator":"@2_julho","twitter_site":"@2_julho","twitter_misc":{"Escrito por":"Reda\u00e7\u00e3o","Est. tempo de leitura":"2 minutos"},"schema":{"@context":"https:\/\/schema.org","@graph":[{"@type":"Article","@id":"https:\/\/2dejulhonoticias.com.br\/2jn\/dois-traficantes-morrem-apos-confronto-com-a-pm-no-engenho-velho-da-federacao-neste-sabado-02-05\/#article","isPartOf":{"@id":"https:\/\/2dejulhonoticias.com.br\/2jn\/dois-traficantes-morrem-apos-confronto-com-a-pm-no-engenho-velho-da-federacao-neste-sabado-02-05\/"},"author":{"name":"Reda\u00e7\u00e3o","@id":"https:\/\/2dejulhonoticias.com.br\/2jn\/#\/schema\/person\/a61e2ab9ae920711c9622c249b03dc16"},"headline":"Dois traficantes morrem ap\u00f3s confronto com a PM no Engenho Velho da Federa\u00e7\u00e3o neste s\u00e1bado (02\/05)","datePublished":"2026-05-02T12:06:06+00:00","dateModified":"2026-05-02T12:07:06+00:00","mainEntityOfPage":{"@id":"https:\/\/2dejulhonoticias.com.br\/2jn\/dois-traficantes-morrem-apos-confronto-com-a-pm-no-engenho-velho-da-federacao-neste-sabado-02-05\/"},"wordCount":328,"publisher":{"@id":"https:\/\/2dejulhonoticias.com.br\/2jn\/#\/schema\/person\/a61e2ab9ae920711c9622c249b03dc16"},"image":{"@id":"https:\/\/2dejulhonoticias.com.br\/2jn\/dois-traficantes-morrem-apos-confronto-com-a-pm-no-engenho-velho-da-federacao-neste-sabado-02-05\/#primaryimage"},"thumbnailUrl":"https:\/\/2dejulhonoticias.com.br\/2jn\/wp-content\/uploads\/2026\/05\/TROCA-DE-TIROS-Dois-traficantes-morrem-apos-confronto-com-a-PM-no-Engenho-Velho-da-Federacao.webp","keywords":["#Salvador #EngenhoVelhoDaFedera\u00e7\u00e3o","Confronto"],"articleSection":["Policia","Salvador"],"inLanguage":"pt-BR"},{"@type":"WebPage","@id":"https:\/\/2dejulhonoticias.com.br\/2jn\/dois-traficantes-morrem-apos-confronto-com-a-pm-no-engenho-velho-da-federacao-neste-sabado-02-05\/","url":"https:\/\/2dejulhonoticias.com.br\/2jn\/dois-traficantes-morrem-apos-confronto-com-a-pm-no-engenho-velho-da-federacao-neste-sabado-02-05\/","name":"Dois traficantes morrem ap\u00f3s confronto com a PM no Engenho Velho da Federa\u00e7\u00e3o neste s\u00e1bado (02\/05) - 2 de Julho Not\u00edcias","isPartOf":{"@id":"https:\/\/2dejulhonoticias.com.br\/2jn\/#website"},"primaryImageOfPage":{"@id":"https:\/\/2dejulhonoticias.com.br\/2jn\/dois-traficantes-morrem-apos-confronto-com-a-pm-no-engenho-velho-da-federacao-neste-sabado-02-05\/#primaryimage"},"image":{"@id":"https:\/\/2dejulhonoticias.com.br\/2jn\/dois-traficantes-morrem-apos-confronto-com-a-pm-no-engenho-velho-da-federacao-neste-sabado-02-05\/#primaryimage"},"thumbnailUrl":"https:\/\/2dejulhonoticias.com.br\/2jn\/wp-content\/uploads\/2026\/05\/TROCA-DE-TIROS-Dois-traficantes-morrem-apos-confronto-com-a-PM-no-Engenho-Velho-da-Federacao.webp","datePublished":"2026-05-02T12:06:06+00:00","dateModified":"2026-05-02T12:07:06+00:00","description":"Dois traficantes morrem ap\u00f3s confronto com a PM no Engenho Velho da Federa\u00e7\u00e3o neste s\u00e1bado (02\/05)","breadcrumb":{"@id":"https:\/\/2dejulhonoticias.com.br\/2jn\/dois-traficantes-morrem-apos-confronto-com-a-pm-no-engenho-velho-da-federacao-neste-sabado-02-05\/#breadcrumb"},"inLanguage":"pt-BR","potentialAction":[{"@type":"ReadAction","target":["https:\/\/2dejulhonoticias.com.br\/2jn\/dois-traficantes-morrem-apos-confronto-com-a-pm-no-engenho-velho-da-federacao-neste-sabado-02-05\/"]}]},{"@type":"ImageObject","inLanguage":"pt-BR","@id":"https:\/\/2dejulhonoticias.com.br\/2jn\/dois-traficantes-morrem-apos-confronto-com-a-pm-no-engenho-velho-da-federacao-neste-sabado-02-05\/#primaryimage","url":"https:\/\/2dejulhonoticias.com.br\/2jn\/wp-content\/uploads\/2026\/05\/TROCA-DE-TIROS-Dois-traficantes-morrem-apos-confronto-com-a-PM-no-Engenho-Velho-da-Federacao.webp","contentUrl":"https:\/\/2dejulhonoticias.com.br\/2jn\/wp-content\/uploads\/2026\/05\/TROCA-DE-TIROS-Dois-traficantes-morrem-apos-confronto-com-a-PM-no-Engenho-Velho-da-Federacao.webp","width":600,"height":337},{"@type":"BreadcrumbList","@id":"https:\/\/2dejulhonoticias.com.br\/2jn\/dois-traficantes-morrem-apos-confronto-com-a-pm-no-engenho-velho-da-federacao-neste-sabado-02-05\/#breadcrumb","itemListElement":[{"@type":"ListItem","position":1,"name":"In\u00edcio","item":"https:\/\/2dejulhonoticias.com.br\/2jn\/"},{"@type":"ListItem","position":2,"name":"Dois traficantes morrem ap\u00f3s confronto com a PM no Engenho Velho da Federa\u00e7\u00e3o neste s\u00e1bado (02\/05)"}]},{"@type":"WebSite","@id":"https:\/\/2dejulhonoticias.com.br\/2jn\/#website","url":"https:\/\/2dejulhonoticias.com.br\/2jn\/","name":"2 de Julho Noticias - A not\u00edcia ao seu alcance","description":"Noticias sobre Politica, Policia,Esporte,Vida e Estilo, Sa\u00fade,Moda e Beleza,Mundo da Fama,Emprego e Concursos,Arte e Cultura,Cama\u00e7ari","publisher":{"@id":"https:\/\/2dejulhonoticias.com.br\/2jn\/#\/schema\/person\/a61e2ab9ae920711c9622c249b03dc16"},"potentialAction":[{"@type":"SearchAction","target":{"@type":"EntryPoint","urlTemplate":"https:\/\/2dejulhonoticias.com.br\/2jn\/?s={search_term_string}"},"query-input":{"@type":"PropertyValueSpecification","valueRequired":true,"valueName":"search_term_string"}}],"inLanguage":"pt-BR"},{"@type":["Person","Organization"],"@id":"https:\/\/2dejulhonoticias.com.br\/2jn\/#\/schema\/person\/a61e2ab9ae920711c9622c249b03dc16","name":"Reda\u00e7\u00e3o","image":{"@type":"ImageObject","inLanguage":"pt-BR","@id":"https:\/\/2dejulhonoticias.com.br\/2jn\/wp-content\/uploads\/2020\/11\/logo2dejulho.png","url":"https:\/\/2dejulhonoticias.com.br\/2jn\/wp-content\/uploads\/2020\/11\/logo2dejulho.png","contentUrl":"https:\/\/2dejulhonoticias.com.br\/2jn\/wp-content\/uploads\/2020\/11\/logo2dejulho.png","width":291,"height":96,"caption":"Reda\u00e7\u00e3o"},"logo":{"@id":"https:\/\/2dejulhonoticias.com.br\/2jn\/wp-content\/uploads\/2020\/11\/logo2dejulho.png"},"sameAs":["https:\/\/www.facebook.com\/J2deJulho","https:\/\/www.instagram.com\/mirobaia\/","https:\/\/www.linkedin.com\/in\/mirobaia\/","https:\/\/x.com\/2_julho","https:\/\/www.youtube.com\/c\/MiroBaia"]}]}},"_links":{"self":[{"href":"https:\/\/2dejulhonoticias.com.br\/2jn\/wp-json\/wp\/v2\/posts\/41369","targetHints":{"allow":["GET"]}}],"collection":[{"href":"https:\/\/2dejulhonoticias.com.br\/2jn\/wp-json\/wp\/v2\/posts"}],"about":[{"href":"https:\/\/2dejulhonoticias.com.br\/2jn\/wp-json\/wp\/v2\/types\/post"}],"author":[{"embeddable":true,"href":"https:\/\/2dejulhonoticias.com.br\/2jn\/wp-json\/wp\/v2\/users\/1"}],"replies":[{"embeddable":true,"href":"https:\/\/2dejulhonoticias.com.br\/2jn\/wp-json\/wp\/v2\/comments?post=41369"}],"version-history":[{"count":1,"href":"https:\/\/2dejulhonoticias.com.br\/2jn\/wp-json\/wp\/v2\/posts\/41369\/revisions"}],"predecessor-version":[{"id":41371,"href":"https:\/\/2dejulhonoticias.com.br\/2jn\/wp-json\/wp\/v2\/posts\/41369\/revisions\/41371"}],"wp:featuredmedia":[{"embeddable":true,"href":"https:\/\/2dejulhonoticias.com.br\/2jn\/wp-json\/wp\/v2\/media\/41370"}],"wp:attachment":[{"href":"https:\/\/2dejulhonoticias.com.br\/2jn\/wp-json\/wp\/v2\/media?parent=41369"}],"wp:term":[{"taxonomy":"category","embeddable":true,"href":"https:\/\/2dejulhonoticias.com.br\/2jn\/wp-json\/wp\/v2\/categories?post=41369"},{"taxonomy":"post_tag","embeddable":true,"href":"https:\/\/2dejulhonoticias.com.br\/2jn\/wp-json\/wp\/v2\/tags?post=41369"}],"curies":[{"name":"wp","href":"https:\/\/api.w.org\/{rel}","templated":true}]}}