{"id":41366,"date":"2026-05-01T09:44:40","date_gmt":"2026-05-01T12:44:40","guid":{"rendered":"https:\/\/2dejulhonoticias.com.br\/2jn\/?p=41366"},"modified":"2026-05-01T09:44:40","modified_gmt":"2026-05-01T12:44:40","slug":"bolsonaro-deixa-mansao-rumo-ao-hospital-apos-derrubada-do-veto-ao-pl-da-dosimetria","status":"publish","type":"post","link":"https:\/\/2dejulhonoticias.com.br\/2jn\/bolsonaro-deixa-mansao-rumo-ao-hospital-apos-derrubada-do-veto-ao-pl-da-dosimetria\/","title":{"rendered":"Bolsonaro deixa mans\u00e3o rumo ao hospital ap\u00f3s derrubada do veto ao PL da Dosimetria"},"content":{"rendered":"<div style=\"text-align: justify;\">\nCom a autoriza\u00e7\u00e3o do ministro Alexandre de Moraes, do Supremo Tribunal Federal (STF), Jair Bolsonaro (PL) deixou na manh\u00e3 desta sexta-feira (1\u00ba) a mans\u00e3o no Condom\u00ednio Solar de Bras\u00edlia, no Jardim Bot\u00e2nico, regi\u00e3o nobre do Distrito Federal, onde cumpre pris\u00e3o domiciliar, rumo ao Hospital DF Star.<\/p>\n<p>\u201cJ\u00e1 estamos a caminho do hospital\u201d, comunicou Michelle Bolsonaro em mensagem nos stories de seu perfil no Instagram por volta das 6h, m meio a publica\u00e7\u00f5es comemorando a derrubada do veto de Lula ao PL da Dosimetria com o acord\u00e3o feito entre Fl\u00e1vio Bolsonaro (PL-RJ) e Davi Alcolumbre (Uni\u00e3o-AP).<\/p>\n<p>Bolsonaro, que obteve aval para pris\u00e3o domiciliar ap\u00f3s passar mal na cela da Papudinha e ser internado no mesmo hospital, agora vai passar por uma cirurgia no ombro direito.<\/p>\n<p>\ud83d\udcf1 <a href=\"https:\/\/chat.whatsapp.com\/L8KSLsjENzl5HrgtytuzCL\"> SIGA PRA MAIS NOT\u00cdCIAS: entre na comunidade do 2JN no WhatsApp<\/a>\n<\/div>\n<div>\n<!-- GoogleAdsense --><\/p>\n<p style=\"text-align: justify;\"><span style=\"font-size: 14pt;\"><strong> LEIA TAMB\u00c9M <\/strong><\/span><\/p>\n<p><script async src=\"https:\/\/pagead2.googlesyndication.com\/pagead\/js\/adsbygoogle.js?client=ca-pub-3129804789748719\" crossorigin=\"anonymous\"><\/script><br \/>\n<!-- Anuncio horizontal responsivo --><br \/>\n<ins class=\"adsbygoogle\" style=\"display: block;\" data-ad-client=\"ca-pub-3129804789748719\" data-ad-slot=\"1473312501\" data-ad-format=\"auto\" data-full-width-responsive=\"true\"><\/ins><br \/>\n<script>\n     (adsbygoogle = window.adsbygoogle || []).push({});\n<\/script>\n<\/div>\n<div style=\"text-align: justify;\">\n<div class=\"related bk-inline-post-box alignleft\" style=\"color: #fcfcfc; background-color: #fac8c8;\"><ul class=\"list-small-post row\"><li class=\"small-post content_out clearfix\">                        <div class=\"small-thumbnail-wrapper\">\n                <div class=\"thumb hide-thumb term-75\"><a href=\"https:\/\/2dejulhonoticias.com.br\/2jn\/e-proibido-reclamar-do-errado-de-arbitros-no-brasil-o-stjd-puni-erick-e-fabio-mota-no-vitoria-por-criticas-a-arbitragem\/\"><img decoding=\"async\" width=\"90\" height=\"65\" src=\"https:\/\/2dejulhonoticias.com.br\/2jn\/wp-content\/uploads\/2026\/05\/FABIO-MOTA-STJD-90x65.webp\" class=\"attachment-rubik-90-65 size-rubik-90-65 wp-post-image\" alt=\"\" \/><div class=\"rubik-post-icon-wrap\"><\/div><\/a> <!-- close a tag --><\/div> <!-- close thumb -->            <\/div>\n                        <div class=\"post-c-wrap\">\n                                \n                <h4 class=\"title\"><a class=\"term-75\" href=\"https:\/\/2dejulhonoticias.com.br\/2jn\/e-proibido-reclamar-do-errado-de-arbitros-no-brasil-o-stjd-puni-erick-e-fabio-mota-no-vitoria-por-criticas-a-arbitragem\/\">\u00c9 proibido reclamar do errado de \u00e1rbitros no Brasil? O STJD puni Erick e F\u00e1bio ...<\/a><\/h4>                <div class=\"meta\"><div class=\"post-date\">1 de maio de 2026<\/div><\/div> \n            <\/div>\n            <\/li><!-- End post --><li class=\"small-post content_out clearfix\">                        <div class=\"small-thumbnail-wrapper\">\n                <div class=\"thumb hide-thumb term-89\"><a href=\"https:\/\/2dejulhonoticias.com.br\/2jn\/confusao-em-acajutiba-vereador-agredido-por-colega-apos-criticar-prefeito\/\"><img decoding=\"async\" width=\"90\" height=\"65\" src=\"https:\/\/2dejulhonoticias.com.br\/2jn\/wp-content\/uploads\/2026\/04\/Vereador-agredido-por-colega-apos-criticar-prefeito-em-acajutiba-90x65.webp\" class=\"attachment-rubik-90-65 size-rubik-90-65 wp-post-image\" alt=\"\" \/><div class=\"rubik-post-icon-wrap\"><\/div><\/a> <!-- close a tag --><\/div> <!-- close thumb -->            <\/div>\n                        <div class=\"post-c-wrap\">\n                                \n                <h4 class=\"title\"><a class=\"term-89\" href=\"https:\/\/2dejulhonoticias.com.br\/2jn\/confusao-em-acajutiba-vereador-agredido-por-colega-apos-criticar-prefeito\/\">CONFUS\u00c3O EM ACAJUTIBA: Vereador agredido por colega ap\u00f3s criticar prefeito<\/a><\/h4>                <div class=\"meta\"><div class=\"post-date\">30 de abril de 2026<\/div><\/div> \n            <\/div>\n            <\/li><!-- End post --><li class=\"small-post content_out clearfix\">                        <div class=\"small-thumbnail-wrapper\">\n                <div class=\"thumb hide-thumb term-75\"><a href=\"https:\/\/2dejulhonoticias.com.br\/2jn\/copa-do-nordeste-2026-quartas-estao-definidas-confira-os-classificados-e-cada-confronto-do-mata-mata-decisivo\/\"><img decoding=\"async\" width=\"90\" height=\"65\" src=\"https:\/\/2dejulhonoticias.com.br\/2jn\/wp-content\/uploads\/2026\/04\/Conf2x2Vit-90x65.webp\" class=\"attachment-rubik-90-65 size-rubik-90-65 wp-post-image\" alt=\"\" \/><div class=\"rubik-post-icon-wrap\"><\/div><\/a> <!-- close a tag --><\/div> <!-- close thumb -->            <\/div>\n                        <div class=\"post-c-wrap\">\n                                \n                <h4 class=\"title\"><a class=\"term-75\" href=\"https:\/\/2dejulhonoticias.com.br\/2jn\/copa-do-nordeste-2026-quartas-estao-definidas-confira-os-classificados-e-cada-confronto-do-mata-mata-decisivo\/\">Copa do Nordeste 2026: quartas est\u00e3o definidas, confira os classificados e cada confronto do mata-mata ...<\/a><\/h4>                <div class=\"meta\"><div class=\"post-date\">30 de abril de 2026<\/div><\/div> \n            <\/div>\n            <\/li><!-- End post --><\/ul> <!-- End list-post --><\/div><br \/>\nSegundo o pedido feito pelos advogados, o ex-presidente apresenta quadro de dor persistente e incapacidade funcional no ombro direito. Um laudo feito pela equipe m\u00e9dica aponta les\u00e3o de alto grau no tend\u00e3o do supraespinhal, al\u00e9m de comprometimento do tend\u00e3o do subescapular, subluxa\u00e7\u00e3o do b\u00edceps e outras les\u00f5es associadas.<\/p>\n<p>A nova interna\u00e7\u00e3o de Bolsonaro acontece um dia ap\u00f3s o acord\u00e3o firmado entre o filho, Fl\u00e1vio Bolsonaro (PL), e o presidente do Senado, Davi Alcolumbre (Uni\u00e3o-AP), derrubar o veto de Lula ao PL da Dosimetria, um projeto cunhado para regredir a pena de 27 anos e 3 meses imposta ao l\u00edder da tentativa de golpe de Estado, permitindo assim uma \u201canistia\u201d ao ex-presidente.<\/p>\n<p>Pelas regras anteriores, sua migra\u00e7\u00e3o para o regime semiaberto estava prevista apenas para o ano de 2033.<\/p>\n<p>Com o PL da Dosimetria, esse horizonte muda drasticamente. Especialistas estimam que o tempo de perman\u00eancia no regime fechado possa ser reduzido em anos, mas o c\u00e1lculo exato ficar\u00e1 a cargo do STF.<\/p>\n<p>Para que Bolsonaro ou qualquer um dos 190 condenados tenha a pena diminu\u00edda, a corte precisa ser provocada. Isso pode ocorrer por meio de pedidos das defesas, do Minist\u00e9rio P\u00fablico ou por iniciativa dos pr\u00f3prios relatores dos processos no Supremo.<\/p>\n<p><a href=\"#\">Bolsonaro deixa mans\u00e3o rumo ao hospital ap\u00f3s derrubada do veto ao PL da Dosimetria<\/a>\n<\/div>\n<hr \/>\n<p><!-- banner meio--><\/p>\n<div><script async src=\"https:\/\/pagead2.googlesyndication.com\/pagead\/js\/adsbygoogle.js?client=ca-pub-3129804789748719\" crossorigin=\"anonymous\"><\/script><br \/>\n<!-- Banner quadrado responsivo --><br \/>\n<ins class=\"adsbygoogle\" style=\"display: block;\" data-ad-client=\"ca-pub-3129804789748719\" data-ad-slot=\"2076857862\" data-ad-format=\"auto\" data-full-width-responsive=\"true\"><\/ins><br \/>\n<script>\n     (adsbygoogle = window.adsbygoogle || []).push({});\n<\/script><\/div>\n<p><!-- banner meio responsivo --><\/p>\n<hr \/>\n<p><!-- RODAP\u00c9 DA NOTICIA --><\/p>\n<div><strong> Siga a coluna no <a href=\"https:\/\/www.facebook.com\/jornal2jn\" target=\"_blank\" rel=\"noopener\">Facebook<\/a> e no <a href=\"https:\/\/www.instagram.com\/jornal2dejulho\/\" target=\"_blank\" rel=\"noopener\">Instagram<\/a> para n\u00e3o perder nada.<\/strong><\/div>\n<p style=\"text-align: right;\"><em> por Reda\u00e7\u00e3o 2JN &#8211; revista forum<\/em><\/p>\n<p><!--\n\nO 2 de Julho Noticias \u00e9 um Jornal Independente, pois n\u00e3o tem apoios Pol\u00edticos Partid\u00e1rios, de Prefeitura e nem de Comercio, e precisa de seu apoio, caso possa em assinar nosso Livro de Parceiros e Colaboradores.\nSua colabora\u00e7\u00e3o \u00e9 muito importante para nossa continuidade! Chave PIX EMAIL: parceiro@2dejulhonoticias.com.br\n\n--><\/p>\n<hr \/>\n<p><!-- banner meio responsivo--><br \/>\n<script async src=\"https:\/\/pagead2.googlesyndication.com\/pagead\/js\/adsbygoogle.js?client=ca-pub-3129804789748719\" crossorigin=\"anonymous\"><\/script><br \/>\n<!-- banner 728x90 2jn --><br \/>\n<ins class=\"adsbygoogle\" style=\"display: inline-block; width: 728px; height: 90px;\" data-ad-client=\"ca-pub-3129804789748719\" data-ad-slot=\"1383288950\"><\/ins><br \/>\n<script>\n     (adsbygoogle = window.adsbygoogle || []).push({});\n<\/script><\/p>\n<p style=\"text-align: justify;\"><span style=\"font-size: 14pt;\"><strong> LEIA TAMB\u00c9M <\/strong><\/span><\/p>\n<p><!-- banner meio responsivo--><br \/>\n<script async src=\"https:\/\/pagead2.googlesyndication.com\/pagead\/js\/adsbygoogle.js?client=ca-pub-3129804789748719\" crossorigin=\"anonymous\"><\/script><br \/>\n<!-- banner 728x90 2jn --><br \/>\n<ins class=\"adsbygoogle\" style=\"display: inline-block; width: 728px; height: 90px;\" data-ad-client=\"ca-pub-3129804789748719\" data-ad-slot=\"1383288950\"><\/ins><br \/>\n<script>\n     (adsbygoogle = window.adsbygoogle || []).push({});\n<\/script><br \/>\n<amp-ad width=\"100vw\" height=\"320\"\n     type=\"adsense\"\n     data-ad-client=\"ca-pub-3129804789748719\"\n     data-ad-slot=\"4367194841\"\n     data-auto-format=\"mcrspv\"\n     data-full-width=\"\"><\/p>\n<div overflow=\"\"><\/div>\n<p><\/amp-ad><br \/>\n<amp-ad\n     layout=\"fixed\"\n     width=\"728\"\n     height=\"90\"\n     type=\"adsense\"\n     data-ad-client=\"ca-pub-3129804789748719\"\n     data-ad-slot=\"1383288950\"><br \/>\n<\/amp-ad><\/p>\n","protected":false},"excerpt":{"rendered":"<p>Com a autoriza\u00e7\u00e3o do ministro Alexandre de Moraes, do Supremo Tribunal Federal (STF), Jair Bolsonaro (PL) deixou na manh\u00e3 desta sexta-feira (1\u00ba) a mans\u00e3o no Condom\u00ednio Solar de Bras\u00edlia, no Jardim Bot\u00e2nico, regi\u00e3o nobre do Distrito Federal, onde cumpre pris\u00e3o domiciliar, rumo ao Hospital DF Star. \u201cJ\u00e1 estamos a caminho do hospital\u201d, comunicou Michelle Bolsonaro em mensagem nos stories de seu perfil no Instagram por volta das 6h, m meio a publica\u00e7\u00f5es comemorando a derrubada do veto de Lula ao PL da Dosimetria com o acord\u00e3o feito entre Fl\u00e1vio Bolsonaro (PL-RJ) e Davi Alcolumbre (Uni\u00e3o-AP). Bolsonaro, que obteve aval para [&hellip;]<\/p>\n","protected":false},"author":1,"featured_media":41367,"comment_status":"closed","ping_status":"open","sticky":false,"template":"","format":"standard","meta":{"footnotes":""},"categories":[75,81],"tags":[1324,5434],"class_list":["post-41366","post","type-post","status-publish","format-standard","has-post-thumbnail","hentry","category-brasil","category-politica","tag-bolsonaristas","tag-pl-dosimetria"],"yoast_head":"<!-- This site is optimized with the Yoast SEO Premium plugin v23.7 (Yoast SEO v27.2) - https:\/\/yoast.com\/product\/yoast-seo-premium-wordpress\/ -->\n<title>Bolsonaro deixa mans\u00e3o rumo ao hospital ap\u00f3s derrubada do veto ao PL da Dosimetria - 2 de Julho Not\u00edcias<\/title>\n<meta name=\"description\" content=\"Autorizado por Moraes, Bolsonaro deixa mans\u00e3o rumo ao hospital ap\u00f3s derrubada do veto ao PL da Dosimetria\" \/>\n<meta name=\"robots\" content=\"index, follow, max-snippet:-1, max-image-preview:large, max-video-preview:-1\" \/>\n<link rel=\"canonical\" href=\"https:\/\/2dejulhonoticias.com.br\/2jn\/bolsonaro-deixa-mansao-rumo-ao-hospital-apos-derrubada-do-veto-ao-pl-da-dosimetria\/\" \/>\n<meta name=\"twitter:card\" content=\"summary_large_image\" \/>\n<meta name=\"twitter:title\" content=\"Bolsonaro deixa mans\u00e3o rumo ao hospital ap\u00f3s derrubada do veto ao PL da Dosimetria - 2 de Julho Not\u00edcias\" \/>\n<meta name=\"twitter:description\" content=\"Autorizado por Moraes, Bolsonaro deixa mans\u00e3o rumo ao hospital ap\u00f3s derrubada do veto ao PL da Dosimetria\" \/>\n<meta name=\"twitter:image\" content=\"https:\/\/2dejulhonoticias.com.br\/2jn\/wp-content\/uploads\/2026\/05\/Bolsonaro-deixa-mansao-rumo-ao-hospital-apos-derrubada-do-veto-ao-PL-da-Dosimetria.webp\" \/>\n<meta name=\"twitter:creator\" content=\"@2_julho\" \/>\n<meta name=\"twitter:site\" content=\"@2_julho\" \/>\n<meta name=\"twitter:label1\" content=\"Escrito por\" \/>\n\t<meta name=\"twitter:data1\" content=\"Reda\u00e7\u00e3o\" \/>\n\t<meta name=\"twitter:label2\" content=\"Est. tempo de leitura\" \/>\n\t<meta name=\"twitter:data2\" content=\"1 minuto\" \/>\n<script type=\"application\/ld+json\" class=\"yoast-schema-graph\">{\"@context\":\"https:\/\/schema.org\",\"@graph\":[{\"@type\":\"Article\",\"@id\":\"https:\/\/2dejulhonoticias.com.br\/2jn\/bolsonaro-deixa-mansao-rumo-ao-hospital-apos-derrubada-do-veto-ao-pl-da-dosimetria\/#article\",\"isPartOf\":{\"@id\":\"https:\/\/2dejulhonoticias.com.br\/2jn\/bolsonaro-deixa-mansao-rumo-ao-hospital-apos-derrubada-do-veto-ao-pl-da-dosimetria\/\"},\"author\":{\"name\":\"Reda\u00e7\u00e3o\",\"@id\":\"https:\/\/2dejulhonoticias.com.br\/2jn\/#\/schema\/person\/a61e2ab9ae920711c9622c249b03dc16\"},\"headline\":\"Bolsonaro deixa mans\u00e3o rumo ao hospital ap\u00f3s derrubada do veto ao PL da Dosimetria\",\"datePublished\":\"2026-05-01T12:44:40+00:00\",\"mainEntityOfPage\":{\"@id\":\"https:\/\/2dejulhonoticias.com.br\/2jn\/bolsonaro-deixa-mansao-rumo-ao-hospital-apos-derrubada-do-veto-ao-pl-da-dosimetria\/\"},\"wordCount\":439,\"publisher\":{\"@id\":\"https:\/\/2dejulhonoticias.com.br\/2jn\/#\/schema\/person\/a61e2ab9ae920711c9622c249b03dc16\"},\"image\":{\"@id\":\"https:\/\/2dejulhonoticias.com.br\/2jn\/bolsonaro-deixa-mansao-rumo-ao-hospital-apos-derrubada-do-veto-ao-pl-da-dosimetria\/#primaryimage\"},\"thumbnailUrl\":\"https:\/\/2dejulhonoticias.com.br\/2jn\/wp-content\/uploads\/2026\/05\/Bolsonaro-deixa-mansao-rumo-ao-hospital-apos-derrubada-do-veto-ao-PL-da-Dosimetria.webp\",\"keywords\":[\"#Bolsonaristas\",\"PL Dosimetria\"],\"articleSection\":[\"Brasil\",\"Politica\"],\"inLanguage\":\"pt-BR\"},{\"@type\":\"WebPage\",\"@id\":\"https:\/\/2dejulhonoticias.com.br\/2jn\/bolsonaro-deixa-mansao-rumo-ao-hospital-apos-derrubada-do-veto-ao-pl-da-dosimetria\/\",\"url\":\"https:\/\/2dejulhonoticias.com.br\/2jn\/bolsonaro-deixa-mansao-rumo-ao-hospital-apos-derrubada-do-veto-ao-pl-da-dosimetria\/\",\"name\":\"Bolsonaro deixa mans\u00e3o rumo ao hospital ap\u00f3s derrubada do veto ao PL da Dosimetria - 2 de Julho Not\u00edcias\",\"isPartOf\":{\"@id\":\"https:\/\/2dejulhonoticias.com.br\/2jn\/#website\"},\"primaryImageOfPage\":{\"@id\":\"https:\/\/2dejulhonoticias.com.br\/2jn\/bolsonaro-deixa-mansao-rumo-ao-hospital-apos-derrubada-do-veto-ao-pl-da-dosimetria\/#primaryimage\"},\"image\":{\"@id\":\"https:\/\/2dejulhonoticias.com.br\/2jn\/bolsonaro-deixa-mansao-rumo-ao-hospital-apos-derrubada-do-veto-ao-pl-da-dosimetria\/#primaryimage\"},\"thumbnailUrl\":\"https:\/\/2dejulhonoticias.com.br\/2jn\/wp-content\/uploads\/2026\/05\/Bolsonaro-deixa-mansao-rumo-ao-hospital-apos-derrubada-do-veto-ao-PL-da-Dosimetria.webp\",\"datePublished\":\"2026-05-01T12:44:40+00:00\",\"description\":\"Autorizado por Moraes, Bolsonaro deixa mans\u00e3o rumo ao hospital ap\u00f3s derrubada do veto ao PL da Dosimetria\",\"breadcrumb\":{\"@id\":\"https:\/\/2dejulhonoticias.com.br\/2jn\/bolsonaro-deixa-mansao-rumo-ao-hospital-apos-derrubada-do-veto-ao-pl-da-dosimetria\/#breadcrumb\"},\"inLanguage\":\"pt-BR\",\"potentialAction\":[{\"@type\":\"ReadAction\",\"target\":[\"https:\/\/2dejulhonoticias.com.br\/2jn\/bolsonaro-deixa-mansao-rumo-ao-hospital-apos-derrubada-do-veto-ao-pl-da-dosimetria\/\"]}]},{\"@type\":\"ImageObject\",\"inLanguage\":\"pt-BR\",\"@id\":\"https:\/\/2dejulhonoticias.com.br\/2jn\/bolsonaro-deixa-mansao-rumo-ao-hospital-apos-derrubada-do-veto-ao-pl-da-dosimetria\/#primaryimage\",\"url\":\"https:\/\/2dejulhonoticias.com.br\/2jn\/wp-content\/uploads\/2026\/05\/Bolsonaro-deixa-mansao-rumo-ao-hospital-apos-derrubada-do-veto-ao-PL-da-Dosimetria.webp\",\"contentUrl\":\"https:\/\/2dejulhonoticias.com.br\/2jn\/wp-content\/uploads\/2026\/05\/Bolsonaro-deixa-mansao-rumo-ao-hospital-apos-derrubada-do-veto-ao-PL-da-Dosimetria.webp\",\"width\":600,\"height\":400},{\"@type\":\"BreadcrumbList\",\"@id\":\"https:\/\/2dejulhonoticias.com.br\/2jn\/bolsonaro-deixa-mansao-rumo-ao-hospital-apos-derrubada-do-veto-ao-pl-da-dosimetria\/#breadcrumb\",\"itemListElement\":[{\"@type\":\"ListItem\",\"position\":1,\"name\":\"In\u00edcio\",\"item\":\"https:\/\/2dejulhonoticias.com.br\/2jn\/\"},{\"@type\":\"ListItem\",\"position\":2,\"name\":\"Bolsonaro deixa mans\u00e3o rumo ao hospital ap\u00f3s derrubada do veto ao PL da Dosimetria\"}]},{\"@type\":\"WebSite\",\"@id\":\"https:\/\/2dejulhonoticias.com.br\/2jn\/#website\",\"url\":\"https:\/\/2dejulhonoticias.com.br\/2jn\/\",\"name\":\"2 de Julho Noticias - A not\u00edcia ao seu alcance\",\"description\":\"Noticias sobre Politica, Policia,Esporte,Vida e Estilo, Sa\u00fade,Moda e Beleza,Mundo da Fama,Emprego e Concursos,Arte e Cultura,Cama\u00e7ari\",\"publisher\":{\"@id\":\"https:\/\/2dejulhonoticias.com.br\/2jn\/#\/schema\/person\/a61e2ab9ae920711c9622c249b03dc16\"},\"potentialAction\":[{\"@type\":\"SearchAction\",\"target\":{\"@type\":\"EntryPoint\",\"urlTemplate\":\"https:\/\/2dejulhonoticias.com.br\/2jn\/?s={search_term_string}\"},\"query-input\":{\"@type\":\"PropertyValueSpecification\",\"valueRequired\":true,\"valueName\":\"search_term_string\"}}],\"inLanguage\":\"pt-BR\"},{\"@type\":[\"Person\",\"Organization\"],\"@id\":\"https:\/\/2dejulhonoticias.com.br\/2jn\/#\/schema\/person\/a61e2ab9ae920711c9622c249b03dc16\",\"name\":\"Reda\u00e7\u00e3o\",\"image\":{\"@type\":\"ImageObject\",\"inLanguage\":\"pt-BR\",\"@id\":\"https:\/\/2dejulhonoticias.com.br\/2jn\/wp-content\/uploads\/2020\/11\/logo2dejulho.png\",\"url\":\"https:\/\/2dejulhonoticias.com.br\/2jn\/wp-content\/uploads\/2020\/11\/logo2dejulho.png\",\"contentUrl\":\"https:\/\/2dejulhonoticias.com.br\/2jn\/wp-content\/uploads\/2020\/11\/logo2dejulho.png\",\"width\":291,\"height\":96,\"caption\":\"Reda\u00e7\u00e3o\"},\"logo\":{\"@id\":\"https:\/\/2dejulhonoticias.com.br\/2jn\/wp-content\/uploads\/2020\/11\/logo2dejulho.png\"},\"sameAs\":[\"https:\/\/www.facebook.com\/J2deJulho\",\"https:\/\/www.instagram.com\/mirobaia\/\",\"https:\/\/www.linkedin.com\/in\/mirobaia\/\",\"https:\/\/x.com\/2_julho\",\"https:\/\/www.youtube.com\/c\/MiroBaia\"]}]}<\/script>\n<!-- \/ Yoast SEO Premium plugin. -->","yoast_head_json":{"title":"Bolsonaro deixa mans\u00e3o rumo ao hospital ap\u00f3s derrubada do veto ao PL da Dosimetria - 2 de Julho Not\u00edcias","description":"Autorizado por Moraes, Bolsonaro deixa mans\u00e3o rumo ao hospital ap\u00f3s derrubada do veto ao PL da Dosimetria","robots":{"index":"index","follow":"follow","max-snippet":"max-snippet:-1","max-image-preview":"max-image-preview:large","max-video-preview":"max-video-preview:-1"},"canonical":"https:\/\/2dejulhonoticias.com.br\/2jn\/bolsonaro-deixa-mansao-rumo-ao-hospital-apos-derrubada-do-veto-ao-pl-da-dosimetria\/","twitter_card":"summary_large_image","twitter_title":"Bolsonaro deixa mans\u00e3o rumo ao hospital ap\u00f3s derrubada do veto ao PL da Dosimetria - 2 de Julho Not\u00edcias","twitter_description":"Autorizado por Moraes, Bolsonaro deixa mans\u00e3o rumo ao hospital ap\u00f3s derrubada do veto ao PL da Dosimetria","twitter_image":"https:\/\/2dejulhonoticias.com.br\/2jn\/wp-content\/uploads\/2026\/05\/Bolsonaro-deixa-mansao-rumo-ao-hospital-apos-derrubada-do-veto-ao-PL-da-Dosimetria.webp","twitter_creator":"@2_julho","twitter_site":"@2_julho","twitter_misc":{"Escrito por":"Reda\u00e7\u00e3o","Est. tempo de leitura":"1 minuto"},"schema":{"@context":"https:\/\/schema.org","@graph":[{"@type":"Article","@id":"https:\/\/2dejulhonoticias.com.br\/2jn\/bolsonaro-deixa-mansao-rumo-ao-hospital-apos-derrubada-do-veto-ao-pl-da-dosimetria\/#article","isPartOf":{"@id":"https:\/\/2dejulhonoticias.com.br\/2jn\/bolsonaro-deixa-mansao-rumo-ao-hospital-apos-derrubada-do-veto-ao-pl-da-dosimetria\/"},"author":{"name":"Reda\u00e7\u00e3o","@id":"https:\/\/2dejulhonoticias.com.br\/2jn\/#\/schema\/person\/a61e2ab9ae920711c9622c249b03dc16"},"headline":"Bolsonaro deixa mans\u00e3o rumo ao hospital ap\u00f3s derrubada do veto ao PL da Dosimetria","datePublished":"2026-05-01T12:44:40+00:00","mainEntityOfPage":{"@id":"https:\/\/2dejulhonoticias.com.br\/2jn\/bolsonaro-deixa-mansao-rumo-ao-hospital-apos-derrubada-do-veto-ao-pl-da-dosimetria\/"},"wordCount":439,"publisher":{"@id":"https:\/\/2dejulhonoticias.com.br\/2jn\/#\/schema\/person\/a61e2ab9ae920711c9622c249b03dc16"},"image":{"@id":"https:\/\/2dejulhonoticias.com.br\/2jn\/bolsonaro-deixa-mansao-rumo-ao-hospital-apos-derrubada-do-veto-ao-pl-da-dosimetria\/#primaryimage"},"thumbnailUrl":"https:\/\/2dejulhonoticias.com.br\/2jn\/wp-content\/uploads\/2026\/05\/Bolsonaro-deixa-mansao-rumo-ao-hospital-apos-derrubada-do-veto-ao-PL-da-Dosimetria.webp","keywords":["#Bolsonaristas","PL Dosimetria"],"articleSection":["Brasil","Politica"],"inLanguage":"pt-BR"},{"@type":"WebPage","@id":"https:\/\/2dejulhonoticias.com.br\/2jn\/bolsonaro-deixa-mansao-rumo-ao-hospital-apos-derrubada-do-veto-ao-pl-da-dosimetria\/","url":"https:\/\/2dejulhonoticias.com.br\/2jn\/bolsonaro-deixa-mansao-rumo-ao-hospital-apos-derrubada-do-veto-ao-pl-da-dosimetria\/","name":"Bolsonaro deixa mans\u00e3o rumo ao hospital ap\u00f3s derrubada do veto ao PL da Dosimetria - 2 de Julho Not\u00edcias","isPartOf":{"@id":"https:\/\/2dejulhonoticias.com.br\/2jn\/#website"},"primaryImageOfPage":{"@id":"https:\/\/2dejulhonoticias.com.br\/2jn\/bolsonaro-deixa-mansao-rumo-ao-hospital-apos-derrubada-do-veto-ao-pl-da-dosimetria\/#primaryimage"},"image":{"@id":"https:\/\/2dejulhonoticias.com.br\/2jn\/bolsonaro-deixa-mansao-rumo-ao-hospital-apos-derrubada-do-veto-ao-pl-da-dosimetria\/#primaryimage"},"thumbnailUrl":"https:\/\/2dejulhonoticias.com.br\/2jn\/wp-content\/uploads\/2026\/05\/Bolsonaro-deixa-mansao-rumo-ao-hospital-apos-derrubada-do-veto-ao-PL-da-Dosimetria.webp","datePublished":"2026-05-01T12:44:40+00:00","description":"Autorizado por Moraes, Bolsonaro deixa mans\u00e3o rumo ao hospital ap\u00f3s derrubada do veto ao PL da Dosimetria","breadcrumb":{"@id":"https:\/\/2dejulhonoticias.com.br\/2jn\/bolsonaro-deixa-mansao-rumo-ao-hospital-apos-derrubada-do-veto-ao-pl-da-dosimetria\/#breadcrumb"},"inLanguage":"pt-BR","potentialAction":[{"@type":"ReadAction","target":["https:\/\/2dejulhonoticias.com.br\/2jn\/bolsonaro-deixa-mansao-rumo-ao-hospital-apos-derrubada-do-veto-ao-pl-da-dosimetria\/"]}]},{"@type":"ImageObject","inLanguage":"pt-BR","@id":"https:\/\/2dejulhonoticias.com.br\/2jn\/bolsonaro-deixa-mansao-rumo-ao-hospital-apos-derrubada-do-veto-ao-pl-da-dosimetria\/#primaryimage","url":"https:\/\/2dejulhonoticias.com.br\/2jn\/wp-content\/uploads\/2026\/05\/Bolsonaro-deixa-mansao-rumo-ao-hospital-apos-derrubada-do-veto-ao-PL-da-Dosimetria.webp","contentUrl":"https:\/\/2dejulhonoticias.com.br\/2jn\/wp-content\/uploads\/2026\/05\/Bolsonaro-deixa-mansao-rumo-ao-hospital-apos-derrubada-do-veto-ao-PL-da-Dosimetria.webp","width":600,"height":400},{"@type":"BreadcrumbList","@id":"https:\/\/2dejulhonoticias.com.br\/2jn\/bolsonaro-deixa-mansao-rumo-ao-hospital-apos-derrubada-do-veto-ao-pl-da-dosimetria\/#breadcrumb","itemListElement":[{"@type":"ListItem","position":1,"name":"In\u00edcio","item":"https:\/\/2dejulhonoticias.com.br\/2jn\/"},{"@type":"ListItem","position":2,"name":"Bolsonaro deixa mans\u00e3o rumo ao hospital ap\u00f3s derrubada do veto ao PL da Dosimetria"}]},{"@type":"WebSite","@id":"https:\/\/2dejulhonoticias.com.br\/2jn\/#website","url":"https:\/\/2dejulhonoticias.com.br\/2jn\/","name":"2 de Julho Noticias - A not\u00edcia ao seu alcance","description":"Noticias sobre Politica, Policia,Esporte,Vida e Estilo, Sa\u00fade,Moda e Beleza,Mundo da Fama,Emprego e Concursos,Arte e Cultura,Cama\u00e7ari","publisher":{"@id":"https:\/\/2dejulhonoticias.com.br\/2jn\/#\/schema\/person\/a61e2ab9ae920711c9622c249b03dc16"},"potentialAction":[{"@type":"SearchAction","target":{"@type":"EntryPoint","urlTemplate":"https:\/\/2dejulhonoticias.com.br\/2jn\/?s={search_term_string}"},"query-input":{"@type":"PropertyValueSpecification","valueRequired":true,"valueName":"search_term_string"}}],"inLanguage":"pt-BR"},{"@type":["Person","Organization"],"@id":"https:\/\/2dejulhonoticias.com.br\/2jn\/#\/schema\/person\/a61e2ab9ae920711c9622c249b03dc16","name":"Reda\u00e7\u00e3o","image":{"@type":"ImageObject","inLanguage":"pt-BR","@id":"https:\/\/2dejulhonoticias.com.br\/2jn\/wp-content\/uploads\/2020\/11\/logo2dejulho.png","url":"https:\/\/2dejulhonoticias.com.br\/2jn\/wp-content\/uploads\/2020\/11\/logo2dejulho.png","contentUrl":"https:\/\/2dejulhonoticias.com.br\/2jn\/wp-content\/uploads\/2020\/11\/logo2dejulho.png","width":291,"height":96,"caption":"Reda\u00e7\u00e3o"},"logo":{"@id":"https:\/\/2dejulhonoticias.com.br\/2jn\/wp-content\/uploads\/2020\/11\/logo2dejulho.png"},"sameAs":["https:\/\/www.facebook.com\/J2deJulho","https:\/\/www.instagram.com\/mirobaia\/","https:\/\/www.linkedin.com\/in\/mirobaia\/","https:\/\/x.com\/2_julho","https:\/\/www.youtube.com\/c\/MiroBaia"]}]}},"_links":{"self":[{"href":"https:\/\/2dejulhonoticias.com.br\/2jn\/wp-json\/wp\/v2\/posts\/41366","targetHints":{"allow":["GET"]}}],"collection":[{"href":"https:\/\/2dejulhonoticias.com.br\/2jn\/wp-json\/wp\/v2\/posts"}],"about":[{"href":"https:\/\/2dejulhonoticias.com.br\/2jn\/wp-json\/wp\/v2\/types\/post"}],"author":[{"embeddable":true,"href":"https:\/\/2dejulhonoticias.com.br\/2jn\/wp-json\/wp\/v2\/users\/1"}],"replies":[{"embeddable":true,"href":"https:\/\/2dejulhonoticias.com.br\/2jn\/wp-json\/wp\/v2\/comments?post=41366"}],"version-history":[{"count":1,"href":"https:\/\/2dejulhonoticias.com.br\/2jn\/wp-json\/wp\/v2\/posts\/41366\/revisions"}],"predecessor-version":[{"id":41368,"href":"https:\/\/2dejulhonoticias.com.br\/2jn\/wp-json\/wp\/v2\/posts\/41366\/revisions\/41368"}],"wp:featuredmedia":[{"embeddable":true,"href":"https:\/\/2dejulhonoticias.com.br\/2jn\/wp-json\/wp\/v2\/media\/41367"}],"wp:attachment":[{"href":"https:\/\/2dejulhonoticias.com.br\/2jn\/wp-json\/wp\/v2\/media?parent=41366"}],"wp:term":[{"taxonomy":"category","embeddable":true,"href":"https:\/\/2dejulhonoticias.com.br\/2jn\/wp-json\/wp\/v2\/categories?post=41366"},{"taxonomy":"post_tag","embeddable":true,"href":"https:\/\/2dejulhonoticias.com.br\/2jn\/wp-json\/wp\/v2\/tags?post=41366"}],"curies":[{"name":"wp","href":"https:\/\/api.w.org\/{rel}","templated":true}]}}