{"id":41363,"date":"2026-05-01T09:35:22","date_gmt":"2026-05-01T12:35:22","guid":{"rendered":"https:\/\/2dejulhonoticias.com.br\/2jn\/?p=41363"},"modified":"2026-05-01T09:35:22","modified_gmt":"2026-05-01T12:35:22","slug":"e-proibido-reclamar-do-errado-de-arbitros-no-brasil-o-stjd-puni-erick-e-fabio-mota-no-vitoria-por-criticas-a-arbitragem","status":"publish","type":"post","link":"https:\/\/2dejulhonoticias.com.br\/2jn\/e-proibido-reclamar-do-errado-de-arbitros-no-brasil-o-stjd-puni-erick-e-fabio-mota-no-vitoria-por-criticas-a-arbitragem\/","title":{"rendered":"\u00c9 proibido reclamar do errado de \u00e1rbitros no Brasil? O STJD puni Erick e F\u00e1bio Mota no Vit\u00f3ria por cr\u00edticas \u00e0 arbitragem"},"content":{"rendered":"<div style=\"text-align: justify;\">\nO Superior Tribunal de Justi\u00e7a Desportiva puniu o atacante Erick e o presidente F\u00e1bio Mota, ambos do Esporte Clube Vit\u00f3ria, por declara\u00e7\u00f5es contra a arbitragem ap\u00f3s a partida contra o Athletico-PR, v\u00e1lida pela 13\u00aa rodada do Campeonato Brasileiro. O t\u00e9cnico Jair Ventura foi absolvido.<\/p>\n<p>Ap\u00f3s o jogo, os tr\u00eas reclamaram de um p\u00eanalti marcado e da n\u00e3o expuls\u00e3o de jogadores do advers\u00e1rio. Eles foram enquadrados no artigo 258 do C\u00f3digo Brasileiro de Justi\u00e7a Desportiva (CBJD), que trata de conduta desrespeitosa contra a arbitragem.<\/p>\n<p>\ud83d\udcf1 <a href=\"https:\/\/chat.whatsapp.com\/L8KSLsjENzl5HrgtytuzCL\"> SIGA PRA MAIS NOT\u00cdCIAS: entre na comunidade do 2JN no WhatsApp<\/a>\n<\/div>\n<div>\n<!-- GoogleAdsense --><\/p>\n<p style=\"text-align: justify;\"><span style=\"font-size: 14pt;\"><strong> LEIA TAMB\u00c9M <\/strong><\/span><\/p>\n<p><script async src=\"https:\/\/pagead2.googlesyndication.com\/pagead\/js\/adsbygoogle.js?client=ca-pub-3129804789748719\" crossorigin=\"anonymous\"><\/script><br \/>\n<!-- Anuncio horizontal responsivo --><br \/>\n<ins class=\"adsbygoogle\" style=\"display: block;\" data-ad-client=\"ca-pub-3129804789748719\" data-ad-slot=\"1473312501\" data-ad-format=\"auto\" data-full-width-responsive=\"true\"><\/ins><br \/>\n<script>\n     (adsbygoogle = window.adsbygoogle || []).push({});\n<\/script>\n<\/div>\n<div style=\"text-align: justify;\">\n<div class=\"related bk-inline-post-box alignleft\" style=\"color: #fcfcfc; background-color: #fac8c8;\"><ul class=\"list-small-post row\"><li class=\"small-post content_out clearfix\">                        <div class=\"small-thumbnail-wrapper\">\n                <div class=\"thumb hide-thumb term-75\"><a href=\"https:\/\/2dejulhonoticias.com.br\/2jn\/bolsonaro-deixa-mansao-rumo-ao-hospital-apos-derrubada-do-veto-ao-pl-da-dosimetria\/\"><img decoding=\"async\" width=\"90\" height=\"65\" src=\"https:\/\/2dejulhonoticias.com.br\/2jn\/wp-content\/uploads\/2026\/05\/Bolsonaro-deixa-mansao-rumo-ao-hospital-apos-derrubada-do-veto-ao-PL-da-Dosimetria-90x65.webp\" class=\"attachment-rubik-90-65 size-rubik-90-65 wp-post-image\" alt=\"\" \/><div class=\"rubik-post-icon-wrap\"><\/div><\/a> <!-- close a tag --><\/div> <!-- close thumb -->            <\/div>\n                        <div class=\"post-c-wrap\">\n                                \n                <h4 class=\"title\"><a class=\"term-75\" href=\"https:\/\/2dejulhonoticias.com.br\/2jn\/bolsonaro-deixa-mansao-rumo-ao-hospital-apos-derrubada-do-veto-ao-pl-da-dosimetria\/\">Bolsonaro deixa mans\u00e3o rumo ao hospital ap\u00f3s derrubada do veto ao PL da Dosimetria<\/a><\/h4>                <div class=\"meta\"><div class=\"post-date\">1 de maio de 2026<\/div><\/div> \n            <\/div>\n            <\/li><!-- End post --><li class=\"small-post content_out clearfix\">                        <div class=\"small-thumbnail-wrapper\">\n                <div class=\"thumb hide-thumb term-75\"><a href=\"https:\/\/2dejulhonoticias.com.br\/2jn\/copa-do-nordeste-2026-quartas-estao-definidas-confira-os-classificados-e-cada-confronto-do-mata-mata-decisivo\/\"><img decoding=\"async\" width=\"90\" height=\"65\" src=\"https:\/\/2dejulhonoticias.com.br\/2jn\/wp-content\/uploads\/2026\/04\/Conf2x2Vit-90x65.webp\" class=\"attachment-rubik-90-65 size-rubik-90-65 wp-post-image\" alt=\"\" \/><div class=\"rubik-post-icon-wrap\"><\/div><\/a> <!-- close a tag --><\/div> <!-- close thumb -->            <\/div>\n                        <div class=\"post-c-wrap\">\n                                \n                <h4 class=\"title\"><a class=\"term-75\" href=\"https:\/\/2dejulhonoticias.com.br\/2jn\/copa-do-nordeste-2026-quartas-estao-definidas-confira-os-classificados-e-cada-confronto-do-mata-mata-decisivo\/\">Copa do Nordeste 2026: quartas est\u00e3o definidas, confira os classificados e cada confronto do mata-mata ...<\/a><\/h4>                <div class=\"meta\"><div class=\"post-date\">30 de abril de 2026<\/div><\/div> \n            <\/div>\n            <\/li><!-- End post --><li class=\"small-post content_out clearfix\">                        <div class=\"small-thumbnail-wrapper\">\n                <div class=\"thumb hide-thumb term-75\"><a href=\"https:\/\/2dejulhonoticias.com.br\/2jn\/a-reacao-de-lula-a-decisao-do-senado-de-rejeitar-messias-para-o-stf\/\"><img decoding=\"async\" width=\"90\" height=\"65\" src=\"https:\/\/2dejulhonoticias.com.br\/2jn\/wp-content\/uploads\/2026\/04\/Jorge-Messias-para-o-STF-90x65.webp\" class=\"attachment-rubik-90-65 size-rubik-90-65 wp-post-image\" alt=\"\" \/><div class=\"rubik-post-icon-wrap\"><\/div><\/a> <!-- close a tag --><\/div> <!-- close thumb -->            <\/div>\n                        <div class=\"post-c-wrap\">\n                                \n                <h4 class=\"title\"><a class=\"term-75\" href=\"https:\/\/2dejulhonoticias.com.br\/2jn\/a-reacao-de-lula-a-decisao-do-senado-de-rejeitar-messias-para-o-stf\/\">A rea\u00e7\u00e3o de Lula \u00e0 decis\u00e3o do Senado de rejeitar Messias para o STF<\/a><\/h4>                <div class=\"meta\"><div class=\"post-date\">30 de abril de 2026<\/div><\/div> \n            <\/div>\n            <\/li><!-- End post --><\/ul> <!-- End list-post --><\/div><br \/>\nComo puni\u00e7\u00e3o, Erick recebeu suspens\u00e3o de dois jogos, enquanto F\u00e1bio Mota foi afastado por 30 dias. O clube ainda pode recorrer da decis\u00e3o.<\/p>\n<p>Na sa\u00edda de campo, Erick afirmou que o time foi \u201croubado de novo\u201d, em refer\u00eancia tamb\u00e9m ao jogo anterior contra o Flamengo. J\u00e1 o presidente classificou a atua\u00e7\u00e3o da arbitragem como um \u201cesc\u00e2ndalo\u201d.<\/p>\n<p>O pr\u00f3ximo compromisso do Vit\u00f3ria ser\u00e1 no s\u00e1bado (2), \u00e0s 18h30, no Barrad\u00e3o, contra o Coritiba.<\/p>\n<p><em>Hoje as redes sociais percebendo o preconceito xenof\u00f3bico em rela\u00e7\u00e3o aos clubes do nordeste, fazem campanha por #foraSamirXaud com o tema a @cbf \u00e9 dos clubes brasileiro e n\u00e3o de uma organiza\u00e7\u00e3o.<\/em>  <\/p>\n<p><a href=\"#\">\u00c9 proibido reclamar do errado de \u00e1rbitros no Brasil? O STJD puni Erick e F\u00e1bio Mota no Vit\u00f3ria por cr\u00edticas \u00e0 arbitragem<\/a>\n<\/div>\n<hr \/>\n<p><!-- banner meio--><\/p>\n<div><script async src=\"https:\/\/pagead2.googlesyndication.com\/pagead\/js\/adsbygoogle.js?client=ca-pub-3129804789748719\" crossorigin=\"anonymous\"><\/script><br \/>\n<!-- Banner quadrado responsivo --><br \/>\n<ins class=\"adsbygoogle\" style=\"display: block;\" data-ad-client=\"ca-pub-3129804789748719\" data-ad-slot=\"2076857862\" data-ad-format=\"auto\" data-full-width-responsive=\"true\"><\/ins><br \/>\n<script>\n     (adsbygoogle = window.adsbygoogle || []).push({});\n<\/script><\/div>\n<p><!-- banner meio responsivo --><\/p>\n<hr \/>\n<p><!-- RODAP\u00c9 DA NOTICIA --><\/p>\n<div><strong> Siga a coluna no <a href=\"https:\/\/www.facebook.com\/jornal2jn\" target=\"_blank\" rel=\"noopener\">Facebook<\/a> e no <a href=\"https:\/\/www.instagram.com\/jornal2dejulho\/\" target=\"_blank\" rel=\"noopener\">Instagram<\/a> para n\u00e3o perder nada.<\/strong><\/div>\n<p style=\"text-align: right;\"><em> por Reda\u00e7\u00e3o 2JN <\/em><\/p>\n<p><!--\n\nO 2 de Julho Noticias \u00e9 um Jornal Independente, pois n\u00e3o tem apoios Pol\u00edticos Partid\u00e1rios, de Prefeitura e nem de Comercio, e precisa de seu apoio, caso possa em assinar nosso Livro de Parceiros e Colaboradores.\nSua colabora\u00e7\u00e3o \u00e9 muito importante para nossa continuidade! Chave PIX EMAIL: parceiro@2dejulhonoticias.com.br\n\n--><\/p>\n<hr \/>\n<p><!-- banner meio responsivo--><br \/>\n<script async src=\"https:\/\/pagead2.googlesyndication.com\/pagead\/js\/adsbygoogle.js?client=ca-pub-3129804789748719\" crossorigin=\"anonymous\"><\/script><br \/>\n<!-- banner 728x90 2jn --><br \/>\n<ins class=\"adsbygoogle\" style=\"display: inline-block; width: 728px; height: 90px;\" data-ad-client=\"ca-pub-3129804789748719\" data-ad-slot=\"1383288950\"><\/ins><br \/>\n<script>\n     (adsbygoogle = window.adsbygoogle || []).push({});\n<\/script><\/p>\n<p style=\"text-align: justify;\"><span style=\"font-size: 14pt;\"><strong> LEIA TAMB\u00c9M <\/strong><\/span><\/p>\n<p><!-- banner meio responsivo--><br \/>\n<script async src=\"https:\/\/pagead2.googlesyndication.com\/pagead\/js\/adsbygoogle.js?client=ca-pub-3129804789748719\" crossorigin=\"anonymous\"><\/script><br \/>\n<!-- banner 728x90 2jn --><br \/>\n<ins class=\"adsbygoogle\" style=\"display: inline-block; width: 728px; height: 90px;\" data-ad-client=\"ca-pub-3129804789748719\" data-ad-slot=\"1383288950\"><\/ins><br \/>\n<script>\n     (adsbygoogle = window.adsbygoogle || []).push({});\n<\/script><br \/>\n<amp-ad width=\"100vw\" height=\"320\"\n     type=\"adsense\"\n     data-ad-client=\"ca-pub-3129804789748719\"\n     data-ad-slot=\"4367194841\"\n     data-auto-format=\"mcrspv\"\n     data-full-width=\"\"><\/p>\n<div overflow=\"\"><\/div>\n<p><\/amp-ad><br \/>\n<amp-ad\n     layout=\"fixed\"\n     width=\"728\"\n     height=\"90\"\n     type=\"adsense\"\n     data-ad-client=\"ca-pub-3129804789748719\"\n     data-ad-slot=\"1383288950\"><br \/>\n<\/amp-ad><\/p>\n","protected":false},"excerpt":{"rendered":"<p>O Superior Tribunal de Justi\u00e7a Desportiva puniu o atacante Erick e o presidente F\u00e1bio Mota, ambos do Esporte Clube Vit\u00f3ria, por declara\u00e7\u00f5es contra a arbitragem ap\u00f3s a partida contra o Athletico-PR, v\u00e1lida pela 13\u00aa rodada do Campeonato Brasileiro. O t\u00e9cnico Jair Ventura foi absolvido. Ap\u00f3s o jogo, os tr\u00eas reclamaram de um p\u00eanalti marcado e da n\u00e3o expuls\u00e3o de jogadores do advers\u00e1rio. Eles foram enquadrados no artigo 258 do C\u00f3digo Brasileiro de Justi\u00e7a Desportiva (CBJD), que trata de conduta desrespeitosa contra a arbitragem. \ud83d\udcf1 SIGA PRA MAIS NOT\u00cdCIAS: entre na comunidade do 2JN no WhatsApp LEIA TAMB\u00c9M Como puni\u00e7\u00e3o, Erick [&hellip;]<\/p>\n","protected":false},"author":1,"featured_media":41364,"comment_status":"closed","ping_status":"open","sticky":false,"template":"","format":"standard","meta":{"footnotes":""},"categories":[75,7],"tags":[1043,4088,722],"class_list":["post-41363","post","type-post","status-publish","format-standard","has-post-thumbnail","hentry","category-brasil","category-esporte","tag-ecvitoria","tag-roubos-de-arbitros-brasileiros","tag-stjd"],"yoast_head":"<!-- This site is optimized with the Yoast SEO Premium plugin v23.7 (Yoast SEO v27.2) - https:\/\/yoast.com\/product\/yoast-seo-premium-wordpress\/ -->\n<title>\u00c9 proibido reclamar do errado de \u00e1rbitros no Brasil? O STJD puni Erick e F\u00e1bio Mota no Vit\u00f3ria por cr\u00edticas \u00e0 arbitragem - 2 de Julho Not\u00edcias<\/title>\n<meta name=\"description\" content=\"\u00c9 proibido reclamar do errado de \u00e1rbitros no Brasil? O STJD puni Erick e F\u00e1bio Mota no Vit\u00f3ria por cr\u00edticas \u00e0 arbitragem\" \/>\n<meta name=\"robots\" content=\"index, follow, max-snippet:-1, max-image-preview:large, max-video-preview:-1\" \/>\n<link rel=\"canonical\" href=\"https:\/\/2dejulhonoticias.com.br\/2jn\/e-proibido-reclamar-do-errado-de-arbitros-no-brasil-o-stjd-puni-erick-e-fabio-mota-no-vitoria-por-criticas-a-arbitragem\/\" \/>\n<meta name=\"twitter:card\" content=\"summary_large_image\" \/>\n<meta name=\"twitter:title\" content=\"\u00c9 proibido reclamar do errado de \u00e1rbitros no Brasil? O STJD puni Erick e F\u00e1bio Mota no Vit\u00f3ria por cr\u00edticas \u00e0 arbitragem - 2 de Julho Not\u00edcias\" \/>\n<meta name=\"twitter:description\" content=\"\u00c9 proibido reclamar do errado de \u00e1rbitros no Brasil? O STJD puni Erick e F\u00e1bio Mota no Vit\u00f3ria por cr\u00edticas \u00e0 arbitragem\" \/>\n<meta name=\"twitter:image\" content=\"https:\/\/2dejulhonoticias.com.br\/2jn\/wp-content\/uploads\/2026\/05\/FABIO-MOTA-STJD.webp\" \/>\n<meta name=\"twitter:creator\" content=\"@2_julho\" \/>\n<meta name=\"twitter:site\" content=\"@2_julho\" \/>\n<meta name=\"twitter:label1\" content=\"Escrito por\" \/>\n\t<meta name=\"twitter:data1\" content=\"Reda\u00e7\u00e3o\" \/>\n\t<meta name=\"twitter:label2\" content=\"Est. tempo de leitura\" \/>\n\t<meta name=\"twitter:data2\" content=\"1 minuto\" \/>\n<script type=\"application\/ld+json\" class=\"yoast-schema-graph\">{\"@context\":\"https:\/\/schema.org\",\"@graph\":[{\"@type\":\"Article\",\"@id\":\"https:\/\/2dejulhonoticias.com.br\/2jn\/e-proibido-reclamar-do-errado-de-arbitros-no-brasil-o-stjd-puni-erick-e-fabio-mota-no-vitoria-por-criticas-a-arbitragem\/#article\",\"isPartOf\":{\"@id\":\"https:\/\/2dejulhonoticias.com.br\/2jn\/e-proibido-reclamar-do-errado-de-arbitros-no-brasil-o-stjd-puni-erick-e-fabio-mota-no-vitoria-por-criticas-a-arbitragem\/\"},\"author\":{\"name\":\"Reda\u00e7\u00e3o\",\"@id\":\"https:\/\/2dejulhonoticias.com.br\/2jn\/#\/schema\/person\/a61e2ab9ae920711c9622c249b03dc16\"},\"headline\":\"\u00c9 proibido reclamar do errado de \u00e1rbitros no Brasil? O STJD puni Erick e F\u00e1bio Mota no Vit\u00f3ria por cr\u00edticas \u00e0 arbitragem\",\"datePublished\":\"2026-05-01T12:35:22+00:00\",\"mainEntityOfPage\":{\"@id\":\"https:\/\/2dejulhonoticias.com.br\/2jn\/e-proibido-reclamar-do-errado-de-arbitros-no-brasil-o-stjd-puni-erick-e-fabio-mota-no-vitoria-por-criticas-a-arbitragem\/\"},\"wordCount\":310,\"publisher\":{\"@id\":\"https:\/\/2dejulhonoticias.com.br\/2jn\/#\/schema\/person\/a61e2ab9ae920711c9622c249b03dc16\"},\"image\":{\"@id\":\"https:\/\/2dejulhonoticias.com.br\/2jn\/e-proibido-reclamar-do-errado-de-arbitros-no-brasil-o-stjd-puni-erick-e-fabio-mota-no-vitoria-por-criticas-a-arbitragem\/#primaryimage\"},\"thumbnailUrl\":\"https:\/\/2dejulhonoticias.com.br\/2jn\/wp-content\/uploads\/2026\/05\/FABIO-MOTA-STJD.webp\",\"keywords\":[\"ECVitoria\",\"Roubos de \u00c1rbitros Brasileiros\",\"STJD\"],\"articleSection\":[\"Brasil\",\"Esporte\"],\"inLanguage\":\"pt-BR\"},{\"@type\":\"WebPage\",\"@id\":\"https:\/\/2dejulhonoticias.com.br\/2jn\/e-proibido-reclamar-do-errado-de-arbitros-no-brasil-o-stjd-puni-erick-e-fabio-mota-no-vitoria-por-criticas-a-arbitragem\/\",\"url\":\"https:\/\/2dejulhonoticias.com.br\/2jn\/e-proibido-reclamar-do-errado-de-arbitros-no-brasil-o-stjd-puni-erick-e-fabio-mota-no-vitoria-por-criticas-a-arbitragem\/\",\"name\":\"\u00c9 proibido reclamar do errado de \u00e1rbitros no Brasil? O STJD puni Erick e F\u00e1bio Mota no Vit\u00f3ria por cr\u00edticas \u00e0 arbitragem - 2 de Julho Not\u00edcias\",\"isPartOf\":{\"@id\":\"https:\/\/2dejulhonoticias.com.br\/2jn\/#website\"},\"primaryImageOfPage\":{\"@id\":\"https:\/\/2dejulhonoticias.com.br\/2jn\/e-proibido-reclamar-do-errado-de-arbitros-no-brasil-o-stjd-puni-erick-e-fabio-mota-no-vitoria-por-criticas-a-arbitragem\/#primaryimage\"},\"image\":{\"@id\":\"https:\/\/2dejulhonoticias.com.br\/2jn\/e-proibido-reclamar-do-errado-de-arbitros-no-brasil-o-stjd-puni-erick-e-fabio-mota-no-vitoria-por-criticas-a-arbitragem\/#primaryimage\"},\"thumbnailUrl\":\"https:\/\/2dejulhonoticias.com.br\/2jn\/wp-content\/uploads\/2026\/05\/FABIO-MOTA-STJD.webp\",\"datePublished\":\"2026-05-01T12:35:22+00:00\",\"description\":\"\u00c9 proibido reclamar do errado de \u00e1rbitros no Brasil? O STJD puni Erick e F\u00e1bio Mota no Vit\u00f3ria por cr\u00edticas \u00e0 arbitragem\",\"breadcrumb\":{\"@id\":\"https:\/\/2dejulhonoticias.com.br\/2jn\/e-proibido-reclamar-do-errado-de-arbitros-no-brasil-o-stjd-puni-erick-e-fabio-mota-no-vitoria-por-criticas-a-arbitragem\/#breadcrumb\"},\"inLanguage\":\"pt-BR\",\"potentialAction\":[{\"@type\":\"ReadAction\",\"target\":[\"https:\/\/2dejulhonoticias.com.br\/2jn\/e-proibido-reclamar-do-errado-de-arbitros-no-brasil-o-stjd-puni-erick-e-fabio-mota-no-vitoria-por-criticas-a-arbitragem\/\"]}]},{\"@type\":\"ImageObject\",\"inLanguage\":\"pt-BR\",\"@id\":\"https:\/\/2dejulhonoticias.com.br\/2jn\/e-proibido-reclamar-do-errado-de-arbitros-no-brasil-o-stjd-puni-erick-e-fabio-mota-no-vitoria-por-criticas-a-arbitragem\/#primaryimage\",\"url\":\"https:\/\/2dejulhonoticias.com.br\/2jn\/wp-content\/uploads\/2026\/05\/FABIO-MOTA-STJD.webp\",\"contentUrl\":\"https:\/\/2dejulhonoticias.com.br\/2jn\/wp-content\/uploads\/2026\/05\/FABIO-MOTA-STJD.webp\",\"width\":600,\"height\":343},{\"@type\":\"BreadcrumbList\",\"@id\":\"https:\/\/2dejulhonoticias.com.br\/2jn\/e-proibido-reclamar-do-errado-de-arbitros-no-brasil-o-stjd-puni-erick-e-fabio-mota-no-vitoria-por-criticas-a-arbitragem\/#breadcrumb\",\"itemListElement\":[{\"@type\":\"ListItem\",\"position\":1,\"name\":\"In\u00edcio\",\"item\":\"https:\/\/2dejulhonoticias.com.br\/2jn\/\"},{\"@type\":\"ListItem\",\"position\":2,\"name\":\"\u00c9 proibido reclamar do errado de \u00e1rbitros no Brasil? O STJD puni Erick e F\u00e1bio Mota no Vit\u00f3ria por cr\u00edticas \u00e0 arbitragem\"}]},{\"@type\":\"WebSite\",\"@id\":\"https:\/\/2dejulhonoticias.com.br\/2jn\/#website\",\"url\":\"https:\/\/2dejulhonoticias.com.br\/2jn\/\",\"name\":\"2 de Julho Noticias - A not\u00edcia ao seu alcance\",\"description\":\"Noticias sobre Politica, Policia,Esporte,Vida e Estilo, Sa\u00fade,Moda e Beleza,Mundo da Fama,Emprego e Concursos,Arte e Cultura,Cama\u00e7ari\",\"publisher\":{\"@id\":\"https:\/\/2dejulhonoticias.com.br\/2jn\/#\/schema\/person\/a61e2ab9ae920711c9622c249b03dc16\"},\"potentialAction\":[{\"@type\":\"SearchAction\",\"target\":{\"@type\":\"EntryPoint\",\"urlTemplate\":\"https:\/\/2dejulhonoticias.com.br\/2jn\/?s={search_term_string}\"},\"query-input\":{\"@type\":\"PropertyValueSpecification\",\"valueRequired\":true,\"valueName\":\"search_term_string\"}}],\"inLanguage\":\"pt-BR\"},{\"@type\":[\"Person\",\"Organization\"],\"@id\":\"https:\/\/2dejulhonoticias.com.br\/2jn\/#\/schema\/person\/a61e2ab9ae920711c9622c249b03dc16\",\"name\":\"Reda\u00e7\u00e3o\",\"image\":{\"@type\":\"ImageObject\",\"inLanguage\":\"pt-BR\",\"@id\":\"https:\/\/2dejulhonoticias.com.br\/2jn\/wp-content\/uploads\/2020\/11\/logo2dejulho.png\",\"url\":\"https:\/\/2dejulhonoticias.com.br\/2jn\/wp-content\/uploads\/2020\/11\/logo2dejulho.png\",\"contentUrl\":\"https:\/\/2dejulhonoticias.com.br\/2jn\/wp-content\/uploads\/2020\/11\/logo2dejulho.png\",\"width\":291,\"height\":96,\"caption\":\"Reda\u00e7\u00e3o\"},\"logo\":{\"@id\":\"https:\/\/2dejulhonoticias.com.br\/2jn\/wp-content\/uploads\/2020\/11\/logo2dejulho.png\"},\"sameAs\":[\"https:\/\/www.facebook.com\/J2deJulho\",\"https:\/\/www.instagram.com\/mirobaia\/\",\"https:\/\/www.linkedin.com\/in\/mirobaia\/\",\"https:\/\/x.com\/2_julho\",\"https:\/\/www.youtube.com\/c\/MiroBaia\"]}]}<\/script>\n<!-- \/ Yoast SEO Premium plugin. -->","yoast_head_json":{"title":"\u00c9 proibido reclamar do errado de \u00e1rbitros no Brasil? O STJD puni Erick e F\u00e1bio Mota no Vit\u00f3ria por cr\u00edticas \u00e0 arbitragem - 2 de Julho Not\u00edcias","description":"\u00c9 proibido reclamar do errado de \u00e1rbitros no Brasil? O STJD puni Erick e F\u00e1bio Mota no Vit\u00f3ria por cr\u00edticas \u00e0 arbitragem","robots":{"index":"index","follow":"follow","max-snippet":"max-snippet:-1","max-image-preview":"max-image-preview:large","max-video-preview":"max-video-preview:-1"},"canonical":"https:\/\/2dejulhonoticias.com.br\/2jn\/e-proibido-reclamar-do-errado-de-arbitros-no-brasil-o-stjd-puni-erick-e-fabio-mota-no-vitoria-por-criticas-a-arbitragem\/","twitter_card":"summary_large_image","twitter_title":"\u00c9 proibido reclamar do errado de \u00e1rbitros no Brasil? O STJD puni Erick e F\u00e1bio Mota no Vit\u00f3ria por cr\u00edticas \u00e0 arbitragem - 2 de Julho Not\u00edcias","twitter_description":"\u00c9 proibido reclamar do errado de \u00e1rbitros no Brasil? O STJD puni Erick e F\u00e1bio Mota no Vit\u00f3ria por cr\u00edticas \u00e0 arbitragem","twitter_image":"https:\/\/2dejulhonoticias.com.br\/2jn\/wp-content\/uploads\/2026\/05\/FABIO-MOTA-STJD.webp","twitter_creator":"@2_julho","twitter_site":"@2_julho","twitter_misc":{"Escrito por":"Reda\u00e7\u00e3o","Est. tempo de leitura":"1 minuto"},"schema":{"@context":"https:\/\/schema.org","@graph":[{"@type":"Article","@id":"https:\/\/2dejulhonoticias.com.br\/2jn\/e-proibido-reclamar-do-errado-de-arbitros-no-brasil-o-stjd-puni-erick-e-fabio-mota-no-vitoria-por-criticas-a-arbitragem\/#article","isPartOf":{"@id":"https:\/\/2dejulhonoticias.com.br\/2jn\/e-proibido-reclamar-do-errado-de-arbitros-no-brasil-o-stjd-puni-erick-e-fabio-mota-no-vitoria-por-criticas-a-arbitragem\/"},"author":{"name":"Reda\u00e7\u00e3o","@id":"https:\/\/2dejulhonoticias.com.br\/2jn\/#\/schema\/person\/a61e2ab9ae920711c9622c249b03dc16"},"headline":"\u00c9 proibido reclamar do errado de \u00e1rbitros no Brasil? O STJD puni Erick e F\u00e1bio Mota no Vit\u00f3ria por cr\u00edticas \u00e0 arbitragem","datePublished":"2026-05-01T12:35:22+00:00","mainEntityOfPage":{"@id":"https:\/\/2dejulhonoticias.com.br\/2jn\/e-proibido-reclamar-do-errado-de-arbitros-no-brasil-o-stjd-puni-erick-e-fabio-mota-no-vitoria-por-criticas-a-arbitragem\/"},"wordCount":310,"publisher":{"@id":"https:\/\/2dejulhonoticias.com.br\/2jn\/#\/schema\/person\/a61e2ab9ae920711c9622c249b03dc16"},"image":{"@id":"https:\/\/2dejulhonoticias.com.br\/2jn\/e-proibido-reclamar-do-errado-de-arbitros-no-brasil-o-stjd-puni-erick-e-fabio-mota-no-vitoria-por-criticas-a-arbitragem\/#primaryimage"},"thumbnailUrl":"https:\/\/2dejulhonoticias.com.br\/2jn\/wp-content\/uploads\/2026\/05\/FABIO-MOTA-STJD.webp","keywords":["ECVitoria","Roubos de \u00c1rbitros Brasileiros","STJD"],"articleSection":["Brasil","Esporte"],"inLanguage":"pt-BR"},{"@type":"WebPage","@id":"https:\/\/2dejulhonoticias.com.br\/2jn\/e-proibido-reclamar-do-errado-de-arbitros-no-brasil-o-stjd-puni-erick-e-fabio-mota-no-vitoria-por-criticas-a-arbitragem\/","url":"https:\/\/2dejulhonoticias.com.br\/2jn\/e-proibido-reclamar-do-errado-de-arbitros-no-brasil-o-stjd-puni-erick-e-fabio-mota-no-vitoria-por-criticas-a-arbitragem\/","name":"\u00c9 proibido reclamar do errado de \u00e1rbitros no Brasil? O STJD puni Erick e F\u00e1bio Mota no Vit\u00f3ria por cr\u00edticas \u00e0 arbitragem - 2 de Julho Not\u00edcias","isPartOf":{"@id":"https:\/\/2dejulhonoticias.com.br\/2jn\/#website"},"primaryImageOfPage":{"@id":"https:\/\/2dejulhonoticias.com.br\/2jn\/e-proibido-reclamar-do-errado-de-arbitros-no-brasil-o-stjd-puni-erick-e-fabio-mota-no-vitoria-por-criticas-a-arbitragem\/#primaryimage"},"image":{"@id":"https:\/\/2dejulhonoticias.com.br\/2jn\/e-proibido-reclamar-do-errado-de-arbitros-no-brasil-o-stjd-puni-erick-e-fabio-mota-no-vitoria-por-criticas-a-arbitragem\/#primaryimage"},"thumbnailUrl":"https:\/\/2dejulhonoticias.com.br\/2jn\/wp-content\/uploads\/2026\/05\/FABIO-MOTA-STJD.webp","datePublished":"2026-05-01T12:35:22+00:00","description":"\u00c9 proibido reclamar do errado de \u00e1rbitros no Brasil? O STJD puni Erick e F\u00e1bio Mota no Vit\u00f3ria por cr\u00edticas \u00e0 arbitragem","breadcrumb":{"@id":"https:\/\/2dejulhonoticias.com.br\/2jn\/e-proibido-reclamar-do-errado-de-arbitros-no-brasil-o-stjd-puni-erick-e-fabio-mota-no-vitoria-por-criticas-a-arbitragem\/#breadcrumb"},"inLanguage":"pt-BR","potentialAction":[{"@type":"ReadAction","target":["https:\/\/2dejulhonoticias.com.br\/2jn\/e-proibido-reclamar-do-errado-de-arbitros-no-brasil-o-stjd-puni-erick-e-fabio-mota-no-vitoria-por-criticas-a-arbitragem\/"]}]},{"@type":"ImageObject","inLanguage":"pt-BR","@id":"https:\/\/2dejulhonoticias.com.br\/2jn\/e-proibido-reclamar-do-errado-de-arbitros-no-brasil-o-stjd-puni-erick-e-fabio-mota-no-vitoria-por-criticas-a-arbitragem\/#primaryimage","url":"https:\/\/2dejulhonoticias.com.br\/2jn\/wp-content\/uploads\/2026\/05\/FABIO-MOTA-STJD.webp","contentUrl":"https:\/\/2dejulhonoticias.com.br\/2jn\/wp-content\/uploads\/2026\/05\/FABIO-MOTA-STJD.webp","width":600,"height":343},{"@type":"BreadcrumbList","@id":"https:\/\/2dejulhonoticias.com.br\/2jn\/e-proibido-reclamar-do-errado-de-arbitros-no-brasil-o-stjd-puni-erick-e-fabio-mota-no-vitoria-por-criticas-a-arbitragem\/#breadcrumb","itemListElement":[{"@type":"ListItem","position":1,"name":"In\u00edcio","item":"https:\/\/2dejulhonoticias.com.br\/2jn\/"},{"@type":"ListItem","position":2,"name":"\u00c9 proibido reclamar do errado de \u00e1rbitros no Brasil? O STJD puni Erick e F\u00e1bio Mota no Vit\u00f3ria por cr\u00edticas \u00e0 arbitragem"}]},{"@type":"WebSite","@id":"https:\/\/2dejulhonoticias.com.br\/2jn\/#website","url":"https:\/\/2dejulhonoticias.com.br\/2jn\/","name":"2 de Julho Noticias - A not\u00edcia ao seu alcance","description":"Noticias sobre Politica, Policia,Esporte,Vida e Estilo, Sa\u00fade,Moda e Beleza,Mundo da Fama,Emprego e Concursos,Arte e Cultura,Cama\u00e7ari","publisher":{"@id":"https:\/\/2dejulhonoticias.com.br\/2jn\/#\/schema\/person\/a61e2ab9ae920711c9622c249b03dc16"},"potentialAction":[{"@type":"SearchAction","target":{"@type":"EntryPoint","urlTemplate":"https:\/\/2dejulhonoticias.com.br\/2jn\/?s={search_term_string}"},"query-input":{"@type":"PropertyValueSpecification","valueRequired":true,"valueName":"search_term_string"}}],"inLanguage":"pt-BR"},{"@type":["Person","Organization"],"@id":"https:\/\/2dejulhonoticias.com.br\/2jn\/#\/schema\/person\/a61e2ab9ae920711c9622c249b03dc16","name":"Reda\u00e7\u00e3o","image":{"@type":"ImageObject","inLanguage":"pt-BR","@id":"https:\/\/2dejulhonoticias.com.br\/2jn\/wp-content\/uploads\/2020\/11\/logo2dejulho.png","url":"https:\/\/2dejulhonoticias.com.br\/2jn\/wp-content\/uploads\/2020\/11\/logo2dejulho.png","contentUrl":"https:\/\/2dejulhonoticias.com.br\/2jn\/wp-content\/uploads\/2020\/11\/logo2dejulho.png","width":291,"height":96,"caption":"Reda\u00e7\u00e3o"},"logo":{"@id":"https:\/\/2dejulhonoticias.com.br\/2jn\/wp-content\/uploads\/2020\/11\/logo2dejulho.png"},"sameAs":["https:\/\/www.facebook.com\/J2deJulho","https:\/\/www.instagram.com\/mirobaia\/","https:\/\/www.linkedin.com\/in\/mirobaia\/","https:\/\/x.com\/2_julho","https:\/\/www.youtube.com\/c\/MiroBaia"]}]}},"_links":{"self":[{"href":"https:\/\/2dejulhonoticias.com.br\/2jn\/wp-json\/wp\/v2\/posts\/41363","targetHints":{"allow":["GET"]}}],"collection":[{"href":"https:\/\/2dejulhonoticias.com.br\/2jn\/wp-json\/wp\/v2\/posts"}],"about":[{"href":"https:\/\/2dejulhonoticias.com.br\/2jn\/wp-json\/wp\/v2\/types\/post"}],"author":[{"embeddable":true,"href":"https:\/\/2dejulhonoticias.com.br\/2jn\/wp-json\/wp\/v2\/users\/1"}],"replies":[{"embeddable":true,"href":"https:\/\/2dejulhonoticias.com.br\/2jn\/wp-json\/wp\/v2\/comments?post=41363"}],"version-history":[{"count":1,"href":"https:\/\/2dejulhonoticias.com.br\/2jn\/wp-json\/wp\/v2\/posts\/41363\/revisions"}],"predecessor-version":[{"id":41365,"href":"https:\/\/2dejulhonoticias.com.br\/2jn\/wp-json\/wp\/v2\/posts\/41363\/revisions\/41365"}],"wp:featuredmedia":[{"embeddable":true,"href":"https:\/\/2dejulhonoticias.com.br\/2jn\/wp-json\/wp\/v2\/media\/41364"}],"wp:attachment":[{"href":"https:\/\/2dejulhonoticias.com.br\/2jn\/wp-json\/wp\/v2\/media?parent=41363"}],"wp:term":[{"taxonomy":"category","embeddable":true,"href":"https:\/\/2dejulhonoticias.com.br\/2jn\/wp-json\/wp\/v2\/categories?post=41363"},{"taxonomy":"post_tag","embeddable":true,"href":"https:\/\/2dejulhonoticias.com.br\/2jn\/wp-json\/wp\/v2\/tags?post=41363"}],"curies":[{"name":"wp","href":"https:\/\/api.w.org\/{rel}","templated":true}]}}