{"id":41360,"date":"2026-04-30T09:12:44","date_gmt":"2026-04-30T12:12:44","guid":{"rendered":"https:\/\/2dejulhonoticias.com.br\/2jn\/?p=41360"},"modified":"2026-04-30T09:12:44","modified_gmt":"2026-04-30T12:12:44","slug":"confusao-em-acajutiba-vereador-agredido-por-colega-apos-criticar-prefeito","status":"publish","type":"post","link":"https:\/\/2dejulhonoticias.com.br\/2jn\/confusao-em-acajutiba-vereador-agredido-por-colega-apos-criticar-prefeito\/","title":{"rendered":"CONFUS\u00c3O EM ACAJUTIBA: Vereador agredido por colega ap\u00f3s criticar prefeito"},"content":{"rendered":"<div style=\"text-align: justify;\">\nUm desentendimento entre vereadores terminou em acusa\u00e7\u00f5es de agress\u00e3o f\u00edsica na cidade de Acajutiba, na regi\u00e3o do Litoral Norte. O caso envolve o vereador Joilson Alves, conhecido como Tatu de Zito (PRD), e o vereador Leonardo Santos, o Leo Motorista (PSD).<\/p>\n<p>\ud83d\udcf1 <a href=\"https:\/\/chat.whatsapp.com\/L8KSLsjENzl5HrgtytuzCL\"> SIGA PRA MAIS NOT\u00cdCIAS: entre na comunidade do 2JN no WhatsApp<\/a>\n<\/div>\n<div>\n<!-- GoogleAdsense --><\/p>\n<p style=\"text-align: justify;\"><span style=\"font-size: 14pt;\"><strong> LEIA TAMB\u00c9M <\/strong><\/span><\/p>\n<p><script async src=\"https:\/\/pagead2.googlesyndication.com\/pagead\/js\/adsbygoogle.js?client=ca-pub-3129804789748719\" crossorigin=\"anonymous\"><\/script><br \/>\n<!-- Anuncio horizontal responsivo --><br \/>\n<ins class=\"adsbygoogle\" style=\"display: block;\" data-ad-client=\"ca-pub-3129804789748719\" data-ad-slot=\"1473312501\" data-ad-format=\"auto\" data-full-width-responsive=\"true\"><\/ins><br \/>\n<script>\n     (adsbygoogle = window.adsbygoogle || []).push({});\n<\/script>\n<\/div>\n<div style=\"text-align: justify;\">\n<div class=\"related bk-inline-post-box alignleft\" style=\"color: #fcfcfc; background-color: #fac8c8;\"><ul class=\"list-small-post row\"><li class=\"small-post content_out clearfix\">                        <div class=\"small-thumbnail-wrapper\">\n                <div class=\"thumb hide-thumb term-89\"><a href=\"https:\/\/2dejulhonoticias.com.br\/2jn\/dia-t-governo-oferece-mais-de-3-5-mil-vagas-de-emprego-em-40-cidades-da-bahia\/\"><img decoding=\"async\" width=\"90\" height=\"65\" src=\"https:\/\/2dejulhonoticias.com.br\/2jn\/wp-content\/uploads\/2026\/04\/sine-bahia-90x65.webp\" class=\"attachment-rubik-90-65 size-rubik-90-65 wp-post-image\" alt=\"\" \/><div class=\"rubik-post-icon-wrap\"><\/div><\/a> <!-- close a tag --><\/div> <!-- close thumb -->            <\/div>\n                        <div class=\"post-c-wrap\">\n                                \n                <h4 class=\"title\"><a class=\"term-89\" href=\"https:\/\/2dejulhonoticias.com.br\/2jn\/dia-t-governo-oferece-mais-de-3-5-mil-vagas-de-emprego-em-40-cidades-da-bahia\/\">Dia T: governo oferece mais de 3.5 mil vagas de emprego em 40 cidades da ...<\/a><\/h4>                <div class=\"meta\"><div class=\"post-date\">30 de abril de 2026<\/div><\/div> \n            <\/div>\n            <\/li><!-- End post --><li class=\"small-post content_out clearfix\">                        <div class=\"small-thumbnail-wrapper\">\n                <div class=\"thumb hide-thumb term-89\"><a href=\"https:\/\/2dejulhonoticias.com.br\/2jn\/cade-neli-homem-de-50-anos-desaparece-na-chapada-diamantina-e-familia-pede-ajuda\/\"><img decoding=\"async\" width=\"90\" height=\"65\" src=\"https:\/\/2dejulhonoticias.com.br\/2jn\/wp-content\/uploads\/2026\/04\/desaparecido-na-Chapada-Diamantina-90x65.webp\" class=\"attachment-rubik-90-65 size-rubik-90-65 wp-post-image\" alt=\"\" srcset=\"https:\/\/2dejulhonoticias.com.br\/2jn\/wp-content\/uploads\/2026\/04\/desaparecido-na-Chapada-Diamantina-90x65.webp 90w, https:\/\/2dejulhonoticias.com.br\/2jn\/wp-content\/uploads\/2026\/04\/desaparecido-na-Chapada-Diamantina-300x218.webp 300w, https:\/\/2dejulhonoticias.com.br\/2jn\/wp-content\/uploads\/2026\/04\/desaparecido-na-Chapada-Diamantina-400x290.webp 400w, https:\/\/2dejulhonoticias.com.br\/2jn\/wp-content\/uploads\/2026\/04\/desaparecido-na-Chapada-Diamantina.webp 600w\" sizes=\"(max-width: 90px) 100vw, 90px\" \/><div class=\"rubik-post-icon-wrap\"><\/div><\/a> <!-- close a tag --><\/div> <!-- close thumb -->            <\/div>\n                        <div class=\"post-c-wrap\">\n                                \n                <h4 class=\"title\"><a class=\"term-89\" href=\"https:\/\/2dejulhonoticias.com.br\/2jn\/cade-neli-homem-de-50-anos-desaparece-na-chapada-diamantina-e-familia-pede-ajuda\/\">CAD\u00ca NELI? Homem de 50 anos desaparece na Chapada Diamantina e fam\u00edlia pede ajuda<\/a><\/h4>                <div class=\"meta\"><div class=\"post-date\">30 de abril de 2026<\/div><\/div> \n            <\/div>\n            <\/li><!-- End post --><li class=\"small-post content_out clearfix\">                        <div class=\"small-thumbnail-wrapper\">\n                <div class=\"thumb hide-thumb term-75\"><a href=\"https:\/\/2dejulhonoticias.com.br\/2jn\/a-reacao-de-lula-a-decisao-do-senado-de-rejeitar-messias-para-o-stf\/\"><img decoding=\"async\" width=\"90\" height=\"65\" src=\"https:\/\/2dejulhonoticias.com.br\/2jn\/wp-content\/uploads\/2026\/04\/Jorge-Messias-para-o-STF-90x65.webp\" class=\"attachment-rubik-90-65 size-rubik-90-65 wp-post-image\" alt=\"\" \/><div class=\"rubik-post-icon-wrap\"><\/div><\/a> <!-- close a tag --><\/div> <!-- close thumb -->            <\/div>\n                        <div class=\"post-c-wrap\">\n                                \n                <h4 class=\"title\"><a class=\"term-75\" href=\"https:\/\/2dejulhonoticias.com.br\/2jn\/a-reacao-de-lula-a-decisao-do-senado-de-rejeitar-messias-para-o-stf\/\">A rea\u00e7\u00e3o de Lula \u00e0 decis\u00e3o do Senado de rejeitar Messias para o STF<\/a><\/h4>                <div class=\"meta\"><div class=\"post-date\">30 de abril de 2026<\/div><\/div> \n            <\/div>\n            <\/li><!-- End post --><\/ul> <!-- End list-post --><\/div><br \/>\nDe acordo com Tatu de Zito, ele foi surpreendido e agredido pelo colega quando se dirigia \u00e0 cozinha da C\u00e2mara Municipal. O parlamentar afirma que o epis\u00f3dio teria ocorrido em raz\u00e3o de cobran\u00e7as feitas ao prefeito Jadiel Souza (MDB).<\/p>\n<p>Ap\u00f3s o ocorrido, o vereador esteve em Alagoinhas, onde registrou uma ocorr\u00eancia na delegacia e realizou exame de corpo de delito.<\/p>\n<blockquote><p>\u201cEstou aqui em Alagoinhas, vim fazer uma queixa crime contra o vereador Leonardo. Ele me agrediu quando eu estava indo para a cozinha da C\u00e2mara. N\u00e3o esperava isso s\u00f3 porque estou defendendo a verdade e denunciando as coisas erradas da gest\u00e3o. Mas quero dizer que n\u00e3o vou me calar\u201d, declarou.<\/p><\/blockquote>\n<p>Por outro lado, Leonardo Santos apresentou vers\u00e3o diferente. Segundo ele, foi Joilson quem iniciou a agress\u00e3o ap\u00f3s discuss\u00f5es que j\u00e1 vinham ocorrendo em sess\u00f5es anteriores. O vereador afirma ter sido atingido com socos e que apenas reagiu para se defender.<\/p>\n<blockquote><p>\u201cAp\u00f3s a sess\u00e3o, o vereador Joilson veio me agredir fisicamente, me desferindo dois socos, um na boca e outro no olho. Me defendi at\u00e9 cessar a agress\u00e3o. Em seguida, fui \u00e0 delegacia em Alagoinhas, fiz a queixa e o corpo de delito. Tamb\u00e9m estou tomando medidas judiciais contra as difama\u00e7\u00f5es\u201d, afirmou.<\/p><\/blockquote>\n<p><a href=\"#\">CONFUS\u00c3O EM ACAJUTIBA: Vereador agredido por colega ap\u00f3s criticar prefeito<\/a>\n<\/div>\n<hr \/>\n<p><!-- banner meio--><\/p>\n<div><script async src=\"https:\/\/pagead2.googlesyndication.com\/pagead\/js\/adsbygoogle.js?client=ca-pub-3129804789748719\" crossorigin=\"anonymous\"><\/script><br \/>\n<!-- Banner quadrado responsivo --><br \/>\n<ins class=\"adsbygoogle\" style=\"display: block;\" data-ad-client=\"ca-pub-3129804789748719\" data-ad-slot=\"2076857862\" data-ad-format=\"auto\" data-full-width-responsive=\"true\"><\/ins><br \/>\n<script>\n     (adsbygoogle = window.adsbygoogle || []).push({});\n<\/script><\/div>\n<p><!-- banner meio responsivo --><\/p>\n<hr \/>\n<p><!-- RODAP\u00c9 DA NOTICIA --><\/p>\n<div><strong> Siga a coluna no <a href=\"https:\/\/www.facebook.com\/jornal2jn\" target=\"_blank\" rel=\"noopener\">Facebook<\/a> e no <a href=\"https:\/\/www.instagram.com\/jornal2dejulho\/\" target=\"_blank\" rel=\"noopener\">Instagram<\/a> para n\u00e3o perder nada.<\/strong><\/div>\n<p style=\"text-align: right;\"><em> por Reda\u00e7\u00e3o 2JN <\/em><\/p>\n<p><!--\n\nO 2 de Julho Noticias \u00e9 um Jornal Independente, pois n\u00e3o tem apoios Pol\u00edticos Partid\u00e1rios, de Prefeitura e nem de Comercio, e precisa de seu apoio, caso possa em assinar nosso Livro de Parceiros e Colaboradores.\nSua colabora\u00e7\u00e3o \u00e9 muito importante para nossa continuidade! Chave PIX EMAIL: parceiro@2dejulhonoticias.com.br\n\n--><\/p>\n<hr \/>\n<p><!-- banner meio responsivo--><br \/>\n<script async src=\"https:\/\/pagead2.googlesyndication.com\/pagead\/js\/adsbygoogle.js?client=ca-pub-3129804789748719\" crossorigin=\"anonymous\"><\/script><br \/>\n<!-- banner 728x90 2jn --><br \/>\n<ins class=\"adsbygoogle\" style=\"display: inline-block; width: 728px; height: 90px;\" data-ad-client=\"ca-pub-3129804789748719\" data-ad-slot=\"1383288950\"><\/ins><br \/>\n<script>\n     (adsbygoogle = window.adsbygoogle || []).push({});\n<\/script><\/p>\n<p style=\"text-align: justify;\"><span style=\"font-size: 14pt;\"><strong> LEIA TAMB\u00c9M <\/strong><\/span><\/p>\n<p><!-- banner meio responsivo--><br \/>\n<script async src=\"https:\/\/pagead2.googlesyndication.com\/pagead\/js\/adsbygoogle.js?client=ca-pub-3129804789748719\" crossorigin=\"anonymous\"><\/script><br \/>\n<!-- banner 728x90 2jn --><br \/>\n<ins class=\"adsbygoogle\" style=\"display: inline-block; width: 728px; height: 90px;\" data-ad-client=\"ca-pub-3129804789748719\" data-ad-slot=\"1383288950\"><\/ins><br \/>\n<script>\n     (adsbygoogle = window.adsbygoogle || []).push({});\n<\/script><br \/>\n<amp-ad width=\"100vw\" height=\"320\"\n     type=\"adsense\"\n     data-ad-client=\"ca-pub-3129804789748719\"\n     data-ad-slot=\"4367194841\"\n     data-auto-format=\"mcrspv\"\n     data-full-width=\"\"><\/p>\n<div overflow=\"\"><\/div>\n<p><\/amp-ad><br \/>\n<amp-ad\n     layout=\"fixed\"\n     width=\"728\"\n     height=\"90\"\n     type=\"adsense\"\n     data-ad-client=\"ca-pub-3129804789748719\"\n     data-ad-slot=\"1383288950\"><br \/>\n<\/amp-ad><\/p>\n","protected":false},"excerpt":{"rendered":"<p>Um desentendimento entre vereadores terminou em acusa\u00e7\u00f5es de agress\u00e3o f\u00edsica na cidade de Acajutiba, na regi\u00e3o do Litoral Norte. O caso envolve o vereador Joilson Alves, conhecido como Tatu de Zito (PRD), e o vereador Leonardo Santos, o Leo Motorista (PSD). \ud83d\udcf1 SIGA PRA MAIS NOT\u00cdCIAS: entre na comunidade do 2JN no WhatsApp LEIA TAMB\u00c9M De acordo com Tatu de Zito, ele foi surpreendido e agredido pelo colega quando se dirigia \u00e0 cozinha da C\u00e2mara Municipal. O parlamentar afirma que o epis\u00f3dio teria ocorrido em raz\u00e3o de cobran\u00e7as feitas ao prefeito Jadiel Souza (MDB). Ap\u00f3s o ocorrido, o vereador esteve [&hellip;]<\/p>\n","protected":false},"author":1,"featured_media":41361,"comment_status":"closed","ping_status":"open","sticky":false,"template":"","format":"standard","meta":{"footnotes":""},"categories":[89,81],"tags":[1217,1608],"class_list":["post-41360","post","type-post","status-publish","format-standard","has-post-thumbnail","hentry","category-bahia","category-politica","tag-acajutiba","tag-confusao-na-camara"],"yoast_head":"<!-- This site is optimized with the Yoast SEO Premium plugin v23.7 (Yoast SEO v27.2) - https:\/\/yoast.com\/product\/yoast-seo-premium-wordpress\/ -->\n<title>CONFUS\u00c3O EM ACAJUTIBA: Vereador agredido por colega ap\u00f3s criticar prefeito - 2 de Julho Not\u00edcias<\/title>\n<meta name=\"description\" content=\"CONFUS\u00c3O EM ACAJUTIBA: Vereador agredido por colega ap\u00f3s criticar prefeito\" \/>\n<meta name=\"robots\" content=\"index, follow, max-snippet:-1, max-image-preview:large, max-video-preview:-1\" \/>\n<link rel=\"canonical\" href=\"https:\/\/2dejulhonoticias.com.br\/2jn\/confusao-em-acajutiba-vereador-agredido-por-colega-apos-criticar-prefeito\/\" \/>\n<meta name=\"twitter:card\" content=\"summary_large_image\" \/>\n<meta name=\"twitter:title\" content=\"CONFUS\u00c3O EM ACAJUTIBA: Vereador agredido por colega ap\u00f3s criticar prefeito - 2 de Julho Not\u00edcias\" \/>\n<meta name=\"twitter:description\" content=\"CONFUS\u00c3O EM ACAJUTIBA: Vereador agredido por colega ap\u00f3s criticar prefeito\" \/>\n<meta name=\"twitter:image\" content=\"https:\/\/2dejulhonoticias.com.br\/2jn\/wp-content\/uploads\/2026\/04\/Vereador-agredido-por-colega-apos-criticar-prefeito-em-acajutiba.webp\" \/>\n<meta name=\"twitter:creator\" content=\"@2_julho\" \/>\n<meta name=\"twitter:site\" content=\"@2_julho\" \/>\n<meta name=\"twitter:label1\" content=\"Escrito por\" \/>\n\t<meta name=\"twitter:data1\" content=\"Reda\u00e7\u00e3o\" \/>\n\t<meta name=\"twitter:label2\" content=\"Est. tempo de leitura\" \/>\n\t<meta name=\"twitter:data2\" content=\"1 minuto\" \/>\n<script type=\"application\/ld+json\" class=\"yoast-schema-graph\">{\"@context\":\"https:\/\/schema.org\",\"@graph\":[{\"@type\":\"Article\",\"@id\":\"https:\/\/2dejulhonoticias.com.br\/2jn\/confusao-em-acajutiba-vereador-agredido-por-colega-apos-criticar-prefeito\/#article\",\"isPartOf\":{\"@id\":\"https:\/\/2dejulhonoticias.com.br\/2jn\/confusao-em-acajutiba-vereador-agredido-por-colega-apos-criticar-prefeito\/\"},\"author\":{\"name\":\"Reda\u00e7\u00e3o\",\"@id\":\"https:\/\/2dejulhonoticias.com.br\/2jn\/#\/schema\/person\/a61e2ab9ae920711c9622c249b03dc16\"},\"headline\":\"CONFUS\u00c3O EM ACAJUTIBA: Vereador agredido por colega ap\u00f3s criticar prefeito\",\"datePublished\":\"2026-04-30T12:12:44+00:00\",\"mainEntityOfPage\":{\"@id\":\"https:\/\/2dejulhonoticias.com.br\/2jn\/confusao-em-acajutiba-vereador-agredido-por-colega-apos-criticar-prefeito\/\"},\"wordCount\":338,\"publisher\":{\"@id\":\"https:\/\/2dejulhonoticias.com.br\/2jn\/#\/schema\/person\/a61e2ab9ae920711c9622c249b03dc16\"},\"image\":{\"@id\":\"https:\/\/2dejulhonoticias.com.br\/2jn\/confusao-em-acajutiba-vereador-agredido-por-colega-apos-criticar-prefeito\/#primaryimage\"},\"thumbnailUrl\":\"https:\/\/2dejulhonoticias.com.br\/2jn\/wp-content\/uploads\/2026\/04\/Vereador-agredido-por-colega-apos-criticar-prefeito-em-acajutiba.webp\",\"keywords\":[\"#Acajutiba\",\"Confus\u00e3o Na C\u00e2mara\"],\"articleSection\":[\"Bahia\",\"Politica\"],\"inLanguage\":\"pt-BR\"},{\"@type\":\"WebPage\",\"@id\":\"https:\/\/2dejulhonoticias.com.br\/2jn\/confusao-em-acajutiba-vereador-agredido-por-colega-apos-criticar-prefeito\/\",\"url\":\"https:\/\/2dejulhonoticias.com.br\/2jn\/confusao-em-acajutiba-vereador-agredido-por-colega-apos-criticar-prefeito\/\",\"name\":\"CONFUS\u00c3O EM ACAJUTIBA: Vereador agredido por colega ap\u00f3s criticar prefeito - 2 de Julho Not\u00edcias\",\"isPartOf\":{\"@id\":\"https:\/\/2dejulhonoticias.com.br\/2jn\/#website\"},\"primaryImageOfPage\":{\"@id\":\"https:\/\/2dejulhonoticias.com.br\/2jn\/confusao-em-acajutiba-vereador-agredido-por-colega-apos-criticar-prefeito\/#primaryimage\"},\"image\":{\"@id\":\"https:\/\/2dejulhonoticias.com.br\/2jn\/confusao-em-acajutiba-vereador-agredido-por-colega-apos-criticar-prefeito\/#primaryimage\"},\"thumbnailUrl\":\"https:\/\/2dejulhonoticias.com.br\/2jn\/wp-content\/uploads\/2026\/04\/Vereador-agredido-por-colega-apos-criticar-prefeito-em-acajutiba.webp\",\"datePublished\":\"2026-04-30T12:12:44+00:00\",\"description\":\"CONFUS\u00c3O EM ACAJUTIBA: Vereador agredido por colega ap\u00f3s criticar prefeito\",\"breadcrumb\":{\"@id\":\"https:\/\/2dejulhonoticias.com.br\/2jn\/confusao-em-acajutiba-vereador-agredido-por-colega-apos-criticar-prefeito\/#breadcrumb\"},\"inLanguage\":\"pt-BR\",\"potentialAction\":[{\"@type\":\"ReadAction\",\"target\":[\"https:\/\/2dejulhonoticias.com.br\/2jn\/confusao-em-acajutiba-vereador-agredido-por-colega-apos-criticar-prefeito\/\"]}]},{\"@type\":\"ImageObject\",\"inLanguage\":\"pt-BR\",\"@id\":\"https:\/\/2dejulhonoticias.com.br\/2jn\/confusao-em-acajutiba-vereador-agredido-por-colega-apos-criticar-prefeito\/#primaryimage\",\"url\":\"https:\/\/2dejulhonoticias.com.br\/2jn\/wp-content\/uploads\/2026\/04\/Vereador-agredido-por-colega-apos-criticar-prefeito-em-acajutiba.webp\",\"contentUrl\":\"https:\/\/2dejulhonoticias.com.br\/2jn\/wp-content\/uploads\/2026\/04\/Vereador-agredido-por-colega-apos-criticar-prefeito-em-acajutiba.webp\",\"width\":600,\"height\":337},{\"@type\":\"BreadcrumbList\",\"@id\":\"https:\/\/2dejulhonoticias.com.br\/2jn\/confusao-em-acajutiba-vereador-agredido-por-colega-apos-criticar-prefeito\/#breadcrumb\",\"itemListElement\":[{\"@type\":\"ListItem\",\"position\":1,\"name\":\"In\u00edcio\",\"item\":\"https:\/\/2dejulhonoticias.com.br\/2jn\/\"},{\"@type\":\"ListItem\",\"position\":2,\"name\":\"CONFUS\u00c3O EM ACAJUTIBA: Vereador agredido por colega ap\u00f3s criticar prefeito\"}]},{\"@type\":\"WebSite\",\"@id\":\"https:\/\/2dejulhonoticias.com.br\/2jn\/#website\",\"url\":\"https:\/\/2dejulhonoticias.com.br\/2jn\/\",\"name\":\"2 de Julho Noticias - A not\u00edcia ao seu alcance\",\"description\":\"Noticias sobre Politica, Policia,Esporte,Vida e Estilo, Sa\u00fade,Moda e Beleza,Mundo da Fama,Emprego e Concursos,Arte e Cultura,Cama\u00e7ari\",\"publisher\":{\"@id\":\"https:\/\/2dejulhonoticias.com.br\/2jn\/#\/schema\/person\/a61e2ab9ae920711c9622c249b03dc16\"},\"potentialAction\":[{\"@type\":\"SearchAction\",\"target\":{\"@type\":\"EntryPoint\",\"urlTemplate\":\"https:\/\/2dejulhonoticias.com.br\/2jn\/?s={search_term_string}\"},\"query-input\":{\"@type\":\"PropertyValueSpecification\",\"valueRequired\":true,\"valueName\":\"search_term_string\"}}],\"inLanguage\":\"pt-BR\"},{\"@type\":[\"Person\",\"Organization\"],\"@id\":\"https:\/\/2dejulhonoticias.com.br\/2jn\/#\/schema\/person\/a61e2ab9ae920711c9622c249b03dc16\",\"name\":\"Reda\u00e7\u00e3o\",\"image\":{\"@type\":\"ImageObject\",\"inLanguage\":\"pt-BR\",\"@id\":\"https:\/\/2dejulhonoticias.com.br\/2jn\/wp-content\/uploads\/2020\/11\/logo2dejulho.png\",\"url\":\"https:\/\/2dejulhonoticias.com.br\/2jn\/wp-content\/uploads\/2020\/11\/logo2dejulho.png\",\"contentUrl\":\"https:\/\/2dejulhonoticias.com.br\/2jn\/wp-content\/uploads\/2020\/11\/logo2dejulho.png\",\"width\":291,\"height\":96,\"caption\":\"Reda\u00e7\u00e3o\"},\"logo\":{\"@id\":\"https:\/\/2dejulhonoticias.com.br\/2jn\/wp-content\/uploads\/2020\/11\/logo2dejulho.png\"},\"sameAs\":[\"https:\/\/www.facebook.com\/J2deJulho\",\"https:\/\/www.instagram.com\/mirobaia\/\",\"https:\/\/www.linkedin.com\/in\/mirobaia\/\",\"https:\/\/x.com\/2_julho\",\"https:\/\/www.youtube.com\/c\/MiroBaia\"]}]}<\/script>\n<!-- \/ Yoast SEO Premium plugin. -->","yoast_head_json":{"title":"CONFUS\u00c3O EM ACAJUTIBA: Vereador agredido por colega ap\u00f3s criticar prefeito - 2 de Julho Not\u00edcias","description":"CONFUS\u00c3O EM ACAJUTIBA: Vereador agredido por colega ap\u00f3s criticar prefeito","robots":{"index":"index","follow":"follow","max-snippet":"max-snippet:-1","max-image-preview":"max-image-preview:large","max-video-preview":"max-video-preview:-1"},"canonical":"https:\/\/2dejulhonoticias.com.br\/2jn\/confusao-em-acajutiba-vereador-agredido-por-colega-apos-criticar-prefeito\/","twitter_card":"summary_large_image","twitter_title":"CONFUS\u00c3O EM ACAJUTIBA: Vereador agredido por colega ap\u00f3s criticar prefeito - 2 de Julho Not\u00edcias","twitter_description":"CONFUS\u00c3O EM ACAJUTIBA: Vereador agredido por colega ap\u00f3s criticar prefeito","twitter_image":"https:\/\/2dejulhonoticias.com.br\/2jn\/wp-content\/uploads\/2026\/04\/Vereador-agredido-por-colega-apos-criticar-prefeito-em-acajutiba.webp","twitter_creator":"@2_julho","twitter_site":"@2_julho","twitter_misc":{"Escrito por":"Reda\u00e7\u00e3o","Est. tempo de leitura":"1 minuto"},"schema":{"@context":"https:\/\/schema.org","@graph":[{"@type":"Article","@id":"https:\/\/2dejulhonoticias.com.br\/2jn\/confusao-em-acajutiba-vereador-agredido-por-colega-apos-criticar-prefeito\/#article","isPartOf":{"@id":"https:\/\/2dejulhonoticias.com.br\/2jn\/confusao-em-acajutiba-vereador-agredido-por-colega-apos-criticar-prefeito\/"},"author":{"name":"Reda\u00e7\u00e3o","@id":"https:\/\/2dejulhonoticias.com.br\/2jn\/#\/schema\/person\/a61e2ab9ae920711c9622c249b03dc16"},"headline":"CONFUS\u00c3O EM ACAJUTIBA: Vereador agredido por colega ap\u00f3s criticar prefeito","datePublished":"2026-04-30T12:12:44+00:00","mainEntityOfPage":{"@id":"https:\/\/2dejulhonoticias.com.br\/2jn\/confusao-em-acajutiba-vereador-agredido-por-colega-apos-criticar-prefeito\/"},"wordCount":338,"publisher":{"@id":"https:\/\/2dejulhonoticias.com.br\/2jn\/#\/schema\/person\/a61e2ab9ae920711c9622c249b03dc16"},"image":{"@id":"https:\/\/2dejulhonoticias.com.br\/2jn\/confusao-em-acajutiba-vereador-agredido-por-colega-apos-criticar-prefeito\/#primaryimage"},"thumbnailUrl":"https:\/\/2dejulhonoticias.com.br\/2jn\/wp-content\/uploads\/2026\/04\/Vereador-agredido-por-colega-apos-criticar-prefeito-em-acajutiba.webp","keywords":["#Acajutiba","Confus\u00e3o Na C\u00e2mara"],"articleSection":["Bahia","Politica"],"inLanguage":"pt-BR"},{"@type":"WebPage","@id":"https:\/\/2dejulhonoticias.com.br\/2jn\/confusao-em-acajutiba-vereador-agredido-por-colega-apos-criticar-prefeito\/","url":"https:\/\/2dejulhonoticias.com.br\/2jn\/confusao-em-acajutiba-vereador-agredido-por-colega-apos-criticar-prefeito\/","name":"CONFUS\u00c3O EM ACAJUTIBA: Vereador agredido por colega ap\u00f3s criticar prefeito - 2 de Julho Not\u00edcias","isPartOf":{"@id":"https:\/\/2dejulhonoticias.com.br\/2jn\/#website"},"primaryImageOfPage":{"@id":"https:\/\/2dejulhonoticias.com.br\/2jn\/confusao-em-acajutiba-vereador-agredido-por-colega-apos-criticar-prefeito\/#primaryimage"},"image":{"@id":"https:\/\/2dejulhonoticias.com.br\/2jn\/confusao-em-acajutiba-vereador-agredido-por-colega-apos-criticar-prefeito\/#primaryimage"},"thumbnailUrl":"https:\/\/2dejulhonoticias.com.br\/2jn\/wp-content\/uploads\/2026\/04\/Vereador-agredido-por-colega-apos-criticar-prefeito-em-acajutiba.webp","datePublished":"2026-04-30T12:12:44+00:00","description":"CONFUS\u00c3O EM ACAJUTIBA: Vereador agredido por colega ap\u00f3s criticar prefeito","breadcrumb":{"@id":"https:\/\/2dejulhonoticias.com.br\/2jn\/confusao-em-acajutiba-vereador-agredido-por-colega-apos-criticar-prefeito\/#breadcrumb"},"inLanguage":"pt-BR","potentialAction":[{"@type":"ReadAction","target":["https:\/\/2dejulhonoticias.com.br\/2jn\/confusao-em-acajutiba-vereador-agredido-por-colega-apos-criticar-prefeito\/"]}]},{"@type":"ImageObject","inLanguage":"pt-BR","@id":"https:\/\/2dejulhonoticias.com.br\/2jn\/confusao-em-acajutiba-vereador-agredido-por-colega-apos-criticar-prefeito\/#primaryimage","url":"https:\/\/2dejulhonoticias.com.br\/2jn\/wp-content\/uploads\/2026\/04\/Vereador-agredido-por-colega-apos-criticar-prefeito-em-acajutiba.webp","contentUrl":"https:\/\/2dejulhonoticias.com.br\/2jn\/wp-content\/uploads\/2026\/04\/Vereador-agredido-por-colega-apos-criticar-prefeito-em-acajutiba.webp","width":600,"height":337},{"@type":"BreadcrumbList","@id":"https:\/\/2dejulhonoticias.com.br\/2jn\/confusao-em-acajutiba-vereador-agredido-por-colega-apos-criticar-prefeito\/#breadcrumb","itemListElement":[{"@type":"ListItem","position":1,"name":"In\u00edcio","item":"https:\/\/2dejulhonoticias.com.br\/2jn\/"},{"@type":"ListItem","position":2,"name":"CONFUS\u00c3O EM ACAJUTIBA: Vereador agredido por colega ap\u00f3s criticar prefeito"}]},{"@type":"WebSite","@id":"https:\/\/2dejulhonoticias.com.br\/2jn\/#website","url":"https:\/\/2dejulhonoticias.com.br\/2jn\/","name":"2 de Julho Noticias - A not\u00edcia ao seu alcance","description":"Noticias sobre Politica, Policia,Esporte,Vida e Estilo, Sa\u00fade,Moda e Beleza,Mundo da Fama,Emprego e Concursos,Arte e Cultura,Cama\u00e7ari","publisher":{"@id":"https:\/\/2dejulhonoticias.com.br\/2jn\/#\/schema\/person\/a61e2ab9ae920711c9622c249b03dc16"},"potentialAction":[{"@type":"SearchAction","target":{"@type":"EntryPoint","urlTemplate":"https:\/\/2dejulhonoticias.com.br\/2jn\/?s={search_term_string}"},"query-input":{"@type":"PropertyValueSpecification","valueRequired":true,"valueName":"search_term_string"}}],"inLanguage":"pt-BR"},{"@type":["Person","Organization"],"@id":"https:\/\/2dejulhonoticias.com.br\/2jn\/#\/schema\/person\/a61e2ab9ae920711c9622c249b03dc16","name":"Reda\u00e7\u00e3o","image":{"@type":"ImageObject","inLanguage":"pt-BR","@id":"https:\/\/2dejulhonoticias.com.br\/2jn\/wp-content\/uploads\/2020\/11\/logo2dejulho.png","url":"https:\/\/2dejulhonoticias.com.br\/2jn\/wp-content\/uploads\/2020\/11\/logo2dejulho.png","contentUrl":"https:\/\/2dejulhonoticias.com.br\/2jn\/wp-content\/uploads\/2020\/11\/logo2dejulho.png","width":291,"height":96,"caption":"Reda\u00e7\u00e3o"},"logo":{"@id":"https:\/\/2dejulhonoticias.com.br\/2jn\/wp-content\/uploads\/2020\/11\/logo2dejulho.png"},"sameAs":["https:\/\/www.facebook.com\/J2deJulho","https:\/\/www.instagram.com\/mirobaia\/","https:\/\/www.linkedin.com\/in\/mirobaia\/","https:\/\/x.com\/2_julho","https:\/\/www.youtube.com\/c\/MiroBaia"]}]}},"_links":{"self":[{"href":"https:\/\/2dejulhonoticias.com.br\/2jn\/wp-json\/wp\/v2\/posts\/41360","targetHints":{"allow":["GET"]}}],"collection":[{"href":"https:\/\/2dejulhonoticias.com.br\/2jn\/wp-json\/wp\/v2\/posts"}],"about":[{"href":"https:\/\/2dejulhonoticias.com.br\/2jn\/wp-json\/wp\/v2\/types\/post"}],"author":[{"embeddable":true,"href":"https:\/\/2dejulhonoticias.com.br\/2jn\/wp-json\/wp\/v2\/users\/1"}],"replies":[{"embeddable":true,"href":"https:\/\/2dejulhonoticias.com.br\/2jn\/wp-json\/wp\/v2\/comments?post=41360"}],"version-history":[{"count":1,"href":"https:\/\/2dejulhonoticias.com.br\/2jn\/wp-json\/wp\/v2\/posts\/41360\/revisions"}],"predecessor-version":[{"id":41362,"href":"https:\/\/2dejulhonoticias.com.br\/2jn\/wp-json\/wp\/v2\/posts\/41360\/revisions\/41362"}],"wp:featuredmedia":[{"embeddable":true,"href":"https:\/\/2dejulhonoticias.com.br\/2jn\/wp-json\/wp\/v2\/media\/41361"}],"wp:attachment":[{"href":"https:\/\/2dejulhonoticias.com.br\/2jn\/wp-json\/wp\/v2\/media?parent=41360"}],"wp:term":[{"taxonomy":"category","embeddable":true,"href":"https:\/\/2dejulhonoticias.com.br\/2jn\/wp-json\/wp\/v2\/categories?post=41360"},{"taxonomy":"post_tag","embeddable":true,"href":"https:\/\/2dejulhonoticias.com.br\/2jn\/wp-json\/wp\/v2\/tags?post=41360"}],"curies":[{"name":"wp","href":"https:\/\/api.w.org\/{rel}","templated":true}]}}