{"id":41357,"date":"2026-04-30T08:56:26","date_gmt":"2026-04-30T11:56:26","guid":{"rendered":"https:\/\/2dejulhonoticias.com.br\/2jn\/?p=41357"},"modified":"2026-04-30T08:56:26","modified_gmt":"2026-04-30T11:56:26","slug":"dia-t-governo-oferece-mais-de-3-5-mil-vagas-de-emprego-em-40-cidades-da-bahia","status":"publish","type":"post","link":"https:\/\/2dejulhonoticias.com.br\/2jn\/dia-t-governo-oferece-mais-de-3-5-mil-vagas-de-emprego-em-40-cidades-da-bahia\/","title":{"rendered":"Dia T: governo oferece mais de 3.5 mil vagas de emprego em 40 cidades da Bahia"},"content":{"rendered":"<div style=\"text-align: justify;\">\nO Governo da Bahia realiza, na quinta-feira (30), a segunda edi\u00e7\u00e3o do Dia T &#8211; Encontro dos Trabalhadores, a\u00e7\u00e3o voltada \u00e0 empregabilidade e gera\u00e7\u00e3o de renda que vai oferecer mais de 3.500 vagas de emprego em diferentes \u00e1reas de atua\u00e7\u00e3o em Salvador e em outros 39 munic\u00edpios baianos.<\/p>\n<p>A iniciativa \u00e9 promovida pela Secretaria do Trabalho, Emprego, Renda e Esporte (Setre), que visa ampliar o acesso da popula\u00e7\u00e3o ao mercado de trabalho e fortalecer as pol\u00edticas p\u00fablicas de gera\u00e7\u00e3o de emprego e renda no estado.<\/p>\n<p>Durante o evento, os trabalhadores ter\u00e3o acesso a servi\u00e7os gratuitos, como cadastramento e atualiza\u00e7\u00e3o no sistema do SineBahia, encaminhamento para vagas de emprego, orienta\u00e7\u00e3o para elabora\u00e7\u00e3o de curr\u00edculo, dicas de comportamento em entrevistas de trabalho e inscri\u00e7\u00f5es em cursos de qualifica\u00e7\u00e3o profissional.<\/p>\n<p>\ud83d\udcf1 <a href=\"https:\/\/chat.whatsapp.com\/L8KSLsjENzl5HrgtytuzCL\"> SIGA PRA MAIS NOT\u00cdCIAS: entre na comunidade do 2JN no WhatsApp<\/a>\n<\/div>\n<div>\n<!-- GoogleAdsense --><\/p>\n<p style=\"text-align: justify;\"><span style=\"font-size: 14pt;\"><strong> LEIA TAMB\u00c9M <\/strong><\/span><\/p>\n<p><script async src=\"https:\/\/pagead2.googlesyndication.com\/pagead\/js\/adsbygoogle.js?client=ca-pub-3129804789748719\" crossorigin=\"anonymous\"><\/script><br \/>\n<!-- Anuncio horizontal responsivo --><br \/>\n<ins class=\"adsbygoogle\" style=\"display: block;\" data-ad-client=\"ca-pub-3129804789748719\" data-ad-slot=\"1473312501\" data-ad-format=\"auto\" data-full-width-responsive=\"true\"><\/ins><br \/>\n<script>\n     (adsbygoogle = window.adsbygoogle || []).push({});\n<\/script>\n<\/div>\n<div style=\"text-align: justify;\">\n<div class=\"related bk-inline-post-box alignleft\" style=\"color: #fcfcfc; background-color: #fac8c8;\"><ul class=\"list-small-post row\"><li class=\"small-post content_out clearfix\">                        <div class=\"small-thumbnail-wrapper\">\n                <div class=\"thumb hide-thumb term-89\"><a href=\"https:\/\/2dejulhonoticias.com.br\/2jn\/confusao-em-acajutiba-vereador-agredido-por-colega-apos-criticar-prefeito\/\"><img decoding=\"async\" width=\"90\" height=\"65\" src=\"https:\/\/2dejulhonoticias.com.br\/2jn\/wp-content\/uploads\/2026\/04\/Vereador-agredido-por-colega-apos-criticar-prefeito-em-acajutiba-90x65.webp\" class=\"attachment-rubik-90-65 size-rubik-90-65 wp-post-image\" alt=\"\" \/><div class=\"rubik-post-icon-wrap\"><\/div><\/a> <!-- close a tag --><\/div> <!-- close thumb -->            <\/div>\n                        <div class=\"post-c-wrap\">\n                                \n                <h4 class=\"title\"><a class=\"term-89\" href=\"https:\/\/2dejulhonoticias.com.br\/2jn\/confusao-em-acajutiba-vereador-agredido-por-colega-apos-criticar-prefeito\/\">CONFUS\u00c3O EM ACAJUTIBA: Vereador agredido por colega ap\u00f3s criticar prefeito<\/a><\/h4>                <div class=\"meta\"><div class=\"post-date\">30 de abril de 2026<\/div><\/div> \n            <\/div>\n            <\/li><!-- End post --><li class=\"small-post content_out clearfix\">                        <div class=\"small-thumbnail-wrapper\">\n                <div class=\"thumb hide-thumb term-89\"><a href=\"https:\/\/2dejulhonoticias.com.br\/2jn\/cade-neli-homem-de-50-anos-desaparece-na-chapada-diamantina-e-familia-pede-ajuda\/\"><img decoding=\"async\" width=\"90\" height=\"65\" src=\"https:\/\/2dejulhonoticias.com.br\/2jn\/wp-content\/uploads\/2026\/04\/desaparecido-na-Chapada-Diamantina-90x65.webp\" class=\"attachment-rubik-90-65 size-rubik-90-65 wp-post-image\" alt=\"\" srcset=\"https:\/\/2dejulhonoticias.com.br\/2jn\/wp-content\/uploads\/2026\/04\/desaparecido-na-Chapada-Diamantina-90x65.webp 90w, https:\/\/2dejulhonoticias.com.br\/2jn\/wp-content\/uploads\/2026\/04\/desaparecido-na-Chapada-Diamantina-300x218.webp 300w, https:\/\/2dejulhonoticias.com.br\/2jn\/wp-content\/uploads\/2026\/04\/desaparecido-na-Chapada-Diamantina-400x290.webp 400w, https:\/\/2dejulhonoticias.com.br\/2jn\/wp-content\/uploads\/2026\/04\/desaparecido-na-Chapada-Diamantina.webp 600w\" sizes=\"(max-width: 90px) 100vw, 90px\" \/><div class=\"rubik-post-icon-wrap\"><\/div><\/a> <!-- close a tag --><\/div> <!-- close thumb -->            <\/div>\n                        <div class=\"post-c-wrap\">\n                                \n                <h4 class=\"title\"><a class=\"term-89\" href=\"https:\/\/2dejulhonoticias.com.br\/2jn\/cade-neli-homem-de-50-anos-desaparece-na-chapada-diamantina-e-familia-pede-ajuda\/\">CAD\u00ca NELI? Homem de 50 anos desaparece na Chapada Diamantina e fam\u00edlia pede ajuda<\/a><\/h4>                <div class=\"meta\"><div class=\"post-date\">30 de abril de 2026<\/div><\/div> \n            <\/div>\n            <\/li><!-- End post --><li class=\"small-post content_out clearfix\">                        <div class=\"small-thumbnail-wrapper\">\n                <div class=\"thumb hide-thumb term-6\"><a href=\"https:\/\/2dejulhonoticias.com.br\/2jn\/vem-ai-a-maior-premiacao-de-um-festival-de-musica-do-brasil-24-festival-de-musica-educadora-fm\/\"><img decoding=\"async\" width=\"90\" height=\"65\" src=\"https:\/\/2dejulhonoticias.com.br\/2jn\/wp-content\/uploads\/2026\/04\/festeducadora24-90x65.webp\" class=\"attachment-rubik-90-65 size-rubik-90-65 wp-post-image\" alt=\"\" \/><div class=\"rubik-post-icon-wrap\"><\/div><\/a> <!-- close a tag --><\/div> <!-- close thumb -->            <\/div>\n                        <div class=\"post-c-wrap\">\n                                \n                <h4 class=\"title\"><a class=\"term-6\" href=\"https:\/\/2dejulhonoticias.com.br\/2jn\/vem-ai-a-maior-premiacao-de-um-festival-de-musica-do-brasil-24-festival-de-musica-educadora-fm\/\">Vem ai a maior premia\u00e7\u00e3o de um Festival de Musica do Brasil: &#8220;24\u00b0 Festival de ...<\/a><\/h4>                <div class=\"meta\"><div class=\"post-date\">28 de abril de 2026<\/div><\/div> \n            <\/div>\n            <\/li><!-- End post --><\/ul> <!-- End list-post --><\/div><br \/>\nEm Salvador, ser\u00e3o disponibilizadas 1.258 vagas de emprego. Entre as oportunidades, est\u00e3o 400 vagas destinadas \u00e0 montadora chinesa BYD, distribu\u00eddas entre os cargos de operador de produ\u00e7\u00e3o (265 vagas), operador de empilhadeira, transpaleteira e rebocadores (20), condutor interno (20), inspetor de qualidade (30) e operador log\u00edstico (65).<\/p>\n<p>Na capital, a a\u00e7\u00e3o vai acontece a partir das 7h, na unidade do SineBahia Casa do Trabalhador, localizada no Terminal Rodovi\u00e1rio de Pitua\u00e7u, pr\u00f3ximo \u00e0 Esta\u00e7\u00e3o de Metr\u00f4 de Pitua\u00e7u.<\/p>\n<p>Al\u00e9m de Salvador, a a\u00e7\u00e3o ser\u00e1 realizada, simultaneamente, em unidades da rede SineBahia em 39 cidades do interior e da Regi\u00e3o Metropolitana de Salvador (RMS). Confira os munic\u00edpios participantes e o n\u00famero de vagas ofertadas:<\/p>\n<ul>\n<li>Alagoinhas: 4<\/li>\n<li>Amargosa: 3<\/li>\n<li>Am\u00e9lia Rodrigues: 10<\/li>\n<li>Barreiras: 73<\/li>\n<li>Cachoeira: 6<\/li>\n<li>Cama\u00e7ari: 93<\/li>\n<li>Cocos: 55<\/li>\n<li>Cris\u00f3polis: 5<\/li>\n<li>Cruz das Almas: 49<\/li>\n<li>Dias d\u2019\u00c1vila: 25<\/li>\n<li>Esplanada: 56<\/li>\n<li>Eun\u00e1polis: 102<\/li>\n<li>Feira de Santana: 42<\/li>\n<li>Ilh\u00e9us: 60<\/li>\n<li>Irec\u00ea: 72<\/li>\n<li>Itabuna: 120<\/li>\n<li>Itamaraju: 18<\/li>\n<li>Itapetinga: 249<\/li>\n<li>Jacobina: 63<\/li>\n<li>Jequi\u00e9: 140<\/li>\n<li>Juazeiro: 41<\/li>\n<li>Lauro de Freitas: 190<\/li>\n<li>Lu\u00eds Eduardo Magalh\u00e3es: 84<\/li>\n<li>Olindina: 1<\/li>\n<li>Paulo Afonso: 10<\/li>\n<li>Porto Seguro: 333<\/li>\n<li>Prado: 13<\/li>\n<li>Ribeira do Pombal: 31<\/li>\n<li>Salvador: 1.258<\/li>\n<li>Santa Cruz Cabr\u00e1lia: 43<\/li>\n<li>Santo Ant\u00f4nio de Jesus: 29<\/li>\n<li>Santo Est\u00eav\u00e3o: 55<\/li>\n<li>Seabra: 1<\/li>\n<li>Senhor do Bonfim: 8<\/li>\n<li>Serrinha: 4<\/li>\n<li>Sim\u00f5es Filho: 53<\/li>\n<li>Sobradinho: 10<\/li>\n<li>Teixeira de Freitas: 31<\/li>\n<li>Valen\u00e7a: 24<\/li>\n<li>Vit\u00f3ria da Conquista: 35<\/li>\n<\/ul>\n<p><a href=\"#\">Dia T: governo oferece mais de 3.5 mil vagas de emprego em 40 cidades da Bahia<\/a>\n<\/div>\n<hr \/>\n<p><!-- banner meio--><\/p>\n<div><script async src=\"https:\/\/pagead2.googlesyndication.com\/pagead\/js\/adsbygoogle.js?client=ca-pub-3129804789748719\" crossorigin=\"anonymous\"><\/script><br \/>\n<!-- Banner quadrado responsivo --><br \/>\n<ins class=\"adsbygoogle\" style=\"display: block;\" data-ad-client=\"ca-pub-3129804789748719\" data-ad-slot=\"2076857862\" data-ad-format=\"auto\" data-full-width-responsive=\"true\"><\/ins><br \/>\n<script>\n     (adsbygoogle = window.adsbygoogle || []).push({});\n<\/script><\/div>\n<p><!-- banner meio responsivo --><\/p>\n<hr \/>\n<p><!-- RODAP\u00c9 DA NOTICIA --><\/p>\n<div><strong> Siga a coluna no <a href=\"https:\/\/www.facebook.com\/jornal2jn\" target=\"_blank\" rel=\"noopener\">Facebook<\/a> e no <a href=\"https:\/\/www.instagram.com\/jornal2dejulho\/\" target=\"_blank\" rel=\"noopener\">Instagram<\/a> para n\u00e3o perder nada.<\/strong><\/div>\n<p style=\"text-align: right;\"><em> por Reda\u00e7\u00e3o 2JN <\/em><\/p>\n<p><!--\n\nO 2 de Julho Noticias \u00e9 um Jornal Independente, pois n\u00e3o tem apoios Pol\u00edticos Partid\u00e1rios, de Prefeitura e nem de Comercio, e precisa de seu apoio, caso possa em assinar nosso Livro de Parceiros e Colaboradores.\nSua colabora\u00e7\u00e3o \u00e9 muito importante para nossa continuidade! Chave PIX EMAIL: parceiro@2dejulhonoticias.com.br\n\n--><\/p>\n<hr \/>\n<p><!-- banner meio responsivo--><br \/>\n<script async src=\"https:\/\/pagead2.googlesyndication.com\/pagead\/js\/adsbygoogle.js?client=ca-pub-3129804789748719\" crossorigin=\"anonymous\"><\/script><br \/>\n<!-- banner 728x90 2jn --><br \/>\n<ins class=\"adsbygoogle\" style=\"display: inline-block; width: 728px; height: 90px;\" data-ad-client=\"ca-pub-3129804789748719\" data-ad-slot=\"1383288950\"><\/ins><br \/>\n<script>\n     (adsbygoogle = window.adsbygoogle || []).push({});\n<\/script><\/p>\n<p style=\"text-align: justify;\"><span style=\"font-size: 14pt;\"><strong> LEIA TAMB\u00c9M <\/strong><\/span><\/p>\n<p><!-- banner meio responsivo--><br \/>\n<script async src=\"https:\/\/pagead2.googlesyndication.com\/pagead\/js\/adsbygoogle.js?client=ca-pub-3129804789748719\" crossorigin=\"anonymous\"><\/script><br \/>\n<!-- banner 728x90 2jn --><br \/>\n<ins class=\"adsbygoogle\" style=\"display: inline-block; width: 728px; height: 90px;\" data-ad-client=\"ca-pub-3129804789748719\" data-ad-slot=\"1383288950\"><\/ins><br \/>\n<script>\n     (adsbygoogle = window.adsbygoogle || []).push({});\n<\/script><br \/>\n<amp-ad width=\"100vw\" height=\"320\"\n     type=\"adsense\"\n     data-ad-client=\"ca-pub-3129804789748719\"\n     data-ad-slot=\"4367194841\"\n     data-auto-format=\"mcrspv\"\n     data-full-width=\"\"><\/p>\n<div overflow=\"\"><\/div>\n<p><\/amp-ad><br \/>\n<amp-ad\n     layout=\"fixed\"\n     width=\"728\"\n     height=\"90\"\n     type=\"adsense\"\n     data-ad-client=\"ca-pub-3129804789748719\"\n     data-ad-slot=\"1383288950\"><br \/>\n<\/amp-ad><\/p>\n","protected":false},"excerpt":{"rendered":"<p>O Governo da Bahia realiza, na quinta-feira (30), a segunda edi\u00e7\u00e3o do Dia T &#8211; Encontro dos Trabalhadores, a\u00e7\u00e3o voltada \u00e0 empregabilidade e gera\u00e7\u00e3o de renda que vai oferecer mais de 3.500 vagas de emprego em diferentes \u00e1reas de atua\u00e7\u00e3o em Salvador e em outros 39 munic\u00edpios baianos. A iniciativa \u00e9 promovida pela Secretaria do Trabalho, Emprego, Renda e Esporte (Setre), que visa ampliar o acesso da popula\u00e7\u00e3o ao mercado de trabalho e fortalecer as pol\u00edticas p\u00fablicas de gera\u00e7\u00e3o de emprego e renda no estado. Durante o evento, os trabalhadores ter\u00e3o acesso a servi\u00e7os gratuitos, como cadastramento e atualiza\u00e7\u00e3o no [&hellip;]<\/p>\n","protected":false},"author":1,"featured_media":41358,"comment_status":"closed","ping_status":"open","sticky":false,"template":"","format":"standard","meta":{"footnotes":""},"categories":[89],"tags":[1190,535],"class_list":["post-41357","post","type-post","status-publish","format-standard","has-post-thumbnail","hentry","category-bahia","tag-diadotrabalhador","tag-governo-da-bahia"],"yoast_head":"<!-- This site is optimized with the Yoast SEO Premium plugin v23.7 (Yoast SEO v27.2) - https:\/\/yoast.com\/product\/yoast-seo-premium-wordpress\/ -->\n<title>Dia T: governo oferece mais de 3.5 mil vagas de emprego em 40 cidades da Bahia - 2 de Julho Not\u00edcias<\/title>\n<meta name=\"description\" content=\"Dia T: governo oferece mais de 3.5 mil vagas de emprego em 40 cidades da Bahia\" \/>\n<meta name=\"robots\" content=\"index, follow, max-snippet:-1, max-image-preview:large, max-video-preview:-1\" \/>\n<link rel=\"canonical\" href=\"https:\/\/2dejulhonoticias.com.br\/2jn\/dia-t-governo-oferece-mais-de-3-5-mil-vagas-de-emprego-em-40-cidades-da-bahia\/\" \/>\n<meta name=\"twitter:card\" content=\"summary_large_image\" \/>\n<meta name=\"twitter:title\" content=\"Dia T: governo oferece mais de 3.5 mil vagas de emprego em 40 cidades da Bahia - 2 de Julho Not\u00edcias\" \/>\n<meta name=\"twitter:description\" content=\"Dia T: governo oferece mais de 3.5 mil vagas de emprego em 40 cidades da Bahia\" \/>\n<meta name=\"twitter:image\" content=\"https:\/\/2dejulhonoticias.com.br\/2jn\/wp-content\/uploads\/2026\/04\/sine-bahia.webp\" \/>\n<meta name=\"twitter:creator\" content=\"@2_julho\" \/>\n<meta name=\"twitter:site\" content=\"@2_julho\" \/>\n<meta name=\"twitter:label1\" content=\"Escrito por\" \/>\n\t<meta name=\"twitter:data1\" content=\"Reda\u00e7\u00e3o\" \/>\n\t<meta name=\"twitter:label2\" content=\"Est. tempo de leitura\" \/>\n\t<meta name=\"twitter:data2\" content=\"1 minuto\" \/>\n<script type=\"application\/ld+json\" class=\"yoast-schema-graph\">{\"@context\":\"https:\/\/schema.org\",\"@graph\":[{\"@type\":\"Article\",\"@id\":\"https:\/\/2dejulhonoticias.com.br\/2jn\/dia-t-governo-oferece-mais-de-3-5-mil-vagas-de-emprego-em-40-cidades-da-bahia\/#article\",\"isPartOf\":{\"@id\":\"https:\/\/2dejulhonoticias.com.br\/2jn\/dia-t-governo-oferece-mais-de-3-5-mil-vagas-de-emprego-em-40-cidades-da-bahia\/\"},\"author\":{\"name\":\"Reda\u00e7\u00e3o\",\"@id\":\"https:\/\/2dejulhonoticias.com.br\/2jn\/#\/schema\/person\/a61e2ab9ae920711c9622c249b03dc16\"},\"headline\":\"Dia T: governo oferece mais de 3.5 mil vagas de emprego em 40 cidades da Bahia\",\"datePublished\":\"2026-04-30T11:56:26+00:00\",\"mainEntityOfPage\":{\"@id\":\"https:\/\/2dejulhonoticias.com.br\/2jn\/dia-t-governo-oferece-mais-de-3-5-mil-vagas-de-emprego-em-40-cidades-da-bahia\/\"},\"wordCount\":417,\"publisher\":{\"@id\":\"https:\/\/2dejulhonoticias.com.br\/2jn\/#\/schema\/person\/a61e2ab9ae920711c9622c249b03dc16\"},\"image\":{\"@id\":\"https:\/\/2dejulhonoticias.com.br\/2jn\/dia-t-governo-oferece-mais-de-3-5-mil-vagas-de-emprego-em-40-cidades-da-bahia\/#primaryimage\"},\"thumbnailUrl\":\"https:\/\/2dejulhonoticias.com.br\/2jn\/wp-content\/uploads\/2026\/04\/sine-bahia.webp\",\"keywords\":[\"#DiaDoTrabalhador\",\"Governo da Bahia\"],\"articleSection\":[\"Bahia\"],\"inLanguage\":\"pt-BR\"},{\"@type\":\"WebPage\",\"@id\":\"https:\/\/2dejulhonoticias.com.br\/2jn\/dia-t-governo-oferece-mais-de-3-5-mil-vagas-de-emprego-em-40-cidades-da-bahia\/\",\"url\":\"https:\/\/2dejulhonoticias.com.br\/2jn\/dia-t-governo-oferece-mais-de-3-5-mil-vagas-de-emprego-em-40-cidades-da-bahia\/\",\"name\":\"Dia T: governo oferece mais de 3.5 mil vagas de emprego em 40 cidades da Bahia - 2 de Julho Not\u00edcias\",\"isPartOf\":{\"@id\":\"https:\/\/2dejulhonoticias.com.br\/2jn\/#website\"},\"primaryImageOfPage\":{\"@id\":\"https:\/\/2dejulhonoticias.com.br\/2jn\/dia-t-governo-oferece-mais-de-3-5-mil-vagas-de-emprego-em-40-cidades-da-bahia\/#primaryimage\"},\"image\":{\"@id\":\"https:\/\/2dejulhonoticias.com.br\/2jn\/dia-t-governo-oferece-mais-de-3-5-mil-vagas-de-emprego-em-40-cidades-da-bahia\/#primaryimage\"},\"thumbnailUrl\":\"https:\/\/2dejulhonoticias.com.br\/2jn\/wp-content\/uploads\/2026\/04\/sine-bahia.webp\",\"datePublished\":\"2026-04-30T11:56:26+00:00\",\"description\":\"Dia T: governo oferece mais de 3.5 mil vagas de emprego em 40 cidades da Bahia\",\"breadcrumb\":{\"@id\":\"https:\/\/2dejulhonoticias.com.br\/2jn\/dia-t-governo-oferece-mais-de-3-5-mil-vagas-de-emprego-em-40-cidades-da-bahia\/#breadcrumb\"},\"inLanguage\":\"pt-BR\",\"potentialAction\":[{\"@type\":\"ReadAction\",\"target\":[\"https:\/\/2dejulhonoticias.com.br\/2jn\/dia-t-governo-oferece-mais-de-3-5-mil-vagas-de-emprego-em-40-cidades-da-bahia\/\"]}]},{\"@type\":\"ImageObject\",\"inLanguage\":\"pt-BR\",\"@id\":\"https:\/\/2dejulhonoticias.com.br\/2jn\/dia-t-governo-oferece-mais-de-3-5-mil-vagas-de-emprego-em-40-cidades-da-bahia\/#primaryimage\",\"url\":\"https:\/\/2dejulhonoticias.com.br\/2jn\/wp-content\/uploads\/2026\/04\/sine-bahia.webp\",\"contentUrl\":\"https:\/\/2dejulhonoticias.com.br\/2jn\/wp-content\/uploads\/2026\/04\/sine-bahia.webp\",\"width\":600,\"height\":360},{\"@type\":\"BreadcrumbList\",\"@id\":\"https:\/\/2dejulhonoticias.com.br\/2jn\/dia-t-governo-oferece-mais-de-3-5-mil-vagas-de-emprego-em-40-cidades-da-bahia\/#breadcrumb\",\"itemListElement\":[{\"@type\":\"ListItem\",\"position\":1,\"name\":\"In\u00edcio\",\"item\":\"https:\/\/2dejulhonoticias.com.br\/2jn\/\"},{\"@type\":\"ListItem\",\"position\":2,\"name\":\"Dia T: governo oferece mais de 3.5 mil vagas de emprego em 40 cidades da Bahia\"}]},{\"@type\":\"WebSite\",\"@id\":\"https:\/\/2dejulhonoticias.com.br\/2jn\/#website\",\"url\":\"https:\/\/2dejulhonoticias.com.br\/2jn\/\",\"name\":\"2 de Julho Noticias - A not\u00edcia ao seu alcance\",\"description\":\"Noticias sobre Politica, Policia,Esporte,Vida e Estilo, Sa\u00fade,Moda e Beleza,Mundo da Fama,Emprego e Concursos,Arte e Cultura,Cama\u00e7ari\",\"publisher\":{\"@id\":\"https:\/\/2dejulhonoticias.com.br\/2jn\/#\/schema\/person\/a61e2ab9ae920711c9622c249b03dc16\"},\"potentialAction\":[{\"@type\":\"SearchAction\",\"target\":{\"@type\":\"EntryPoint\",\"urlTemplate\":\"https:\/\/2dejulhonoticias.com.br\/2jn\/?s={search_term_string}\"},\"query-input\":{\"@type\":\"PropertyValueSpecification\",\"valueRequired\":true,\"valueName\":\"search_term_string\"}}],\"inLanguage\":\"pt-BR\"},{\"@type\":[\"Person\",\"Organization\"],\"@id\":\"https:\/\/2dejulhonoticias.com.br\/2jn\/#\/schema\/person\/a61e2ab9ae920711c9622c249b03dc16\",\"name\":\"Reda\u00e7\u00e3o\",\"image\":{\"@type\":\"ImageObject\",\"inLanguage\":\"pt-BR\",\"@id\":\"https:\/\/2dejulhonoticias.com.br\/2jn\/wp-content\/uploads\/2020\/11\/logo2dejulho.png\",\"url\":\"https:\/\/2dejulhonoticias.com.br\/2jn\/wp-content\/uploads\/2020\/11\/logo2dejulho.png\",\"contentUrl\":\"https:\/\/2dejulhonoticias.com.br\/2jn\/wp-content\/uploads\/2020\/11\/logo2dejulho.png\",\"width\":291,\"height\":96,\"caption\":\"Reda\u00e7\u00e3o\"},\"logo\":{\"@id\":\"https:\/\/2dejulhonoticias.com.br\/2jn\/wp-content\/uploads\/2020\/11\/logo2dejulho.png\"},\"sameAs\":[\"https:\/\/www.facebook.com\/J2deJulho\",\"https:\/\/www.instagram.com\/mirobaia\/\",\"https:\/\/www.linkedin.com\/in\/mirobaia\/\",\"https:\/\/x.com\/2_julho\",\"https:\/\/www.youtube.com\/c\/MiroBaia\"]}]}<\/script>\n<!-- \/ Yoast SEO Premium plugin. -->","yoast_head_json":{"title":"Dia T: governo oferece mais de 3.5 mil vagas de emprego em 40 cidades da Bahia - 2 de Julho Not\u00edcias","description":"Dia T: governo oferece mais de 3.5 mil vagas de emprego em 40 cidades da Bahia","robots":{"index":"index","follow":"follow","max-snippet":"max-snippet:-1","max-image-preview":"max-image-preview:large","max-video-preview":"max-video-preview:-1"},"canonical":"https:\/\/2dejulhonoticias.com.br\/2jn\/dia-t-governo-oferece-mais-de-3-5-mil-vagas-de-emprego-em-40-cidades-da-bahia\/","twitter_card":"summary_large_image","twitter_title":"Dia T: governo oferece mais de 3.5 mil vagas de emprego em 40 cidades da Bahia - 2 de Julho Not\u00edcias","twitter_description":"Dia T: governo oferece mais de 3.5 mil vagas de emprego em 40 cidades da Bahia","twitter_image":"https:\/\/2dejulhonoticias.com.br\/2jn\/wp-content\/uploads\/2026\/04\/sine-bahia.webp","twitter_creator":"@2_julho","twitter_site":"@2_julho","twitter_misc":{"Escrito por":"Reda\u00e7\u00e3o","Est. tempo de leitura":"1 minuto"},"schema":{"@context":"https:\/\/schema.org","@graph":[{"@type":"Article","@id":"https:\/\/2dejulhonoticias.com.br\/2jn\/dia-t-governo-oferece-mais-de-3-5-mil-vagas-de-emprego-em-40-cidades-da-bahia\/#article","isPartOf":{"@id":"https:\/\/2dejulhonoticias.com.br\/2jn\/dia-t-governo-oferece-mais-de-3-5-mil-vagas-de-emprego-em-40-cidades-da-bahia\/"},"author":{"name":"Reda\u00e7\u00e3o","@id":"https:\/\/2dejulhonoticias.com.br\/2jn\/#\/schema\/person\/a61e2ab9ae920711c9622c249b03dc16"},"headline":"Dia T: governo oferece mais de 3.5 mil vagas de emprego em 40 cidades da Bahia","datePublished":"2026-04-30T11:56:26+00:00","mainEntityOfPage":{"@id":"https:\/\/2dejulhonoticias.com.br\/2jn\/dia-t-governo-oferece-mais-de-3-5-mil-vagas-de-emprego-em-40-cidades-da-bahia\/"},"wordCount":417,"publisher":{"@id":"https:\/\/2dejulhonoticias.com.br\/2jn\/#\/schema\/person\/a61e2ab9ae920711c9622c249b03dc16"},"image":{"@id":"https:\/\/2dejulhonoticias.com.br\/2jn\/dia-t-governo-oferece-mais-de-3-5-mil-vagas-de-emprego-em-40-cidades-da-bahia\/#primaryimage"},"thumbnailUrl":"https:\/\/2dejulhonoticias.com.br\/2jn\/wp-content\/uploads\/2026\/04\/sine-bahia.webp","keywords":["#DiaDoTrabalhador","Governo da Bahia"],"articleSection":["Bahia"],"inLanguage":"pt-BR"},{"@type":"WebPage","@id":"https:\/\/2dejulhonoticias.com.br\/2jn\/dia-t-governo-oferece-mais-de-3-5-mil-vagas-de-emprego-em-40-cidades-da-bahia\/","url":"https:\/\/2dejulhonoticias.com.br\/2jn\/dia-t-governo-oferece-mais-de-3-5-mil-vagas-de-emprego-em-40-cidades-da-bahia\/","name":"Dia T: governo oferece mais de 3.5 mil vagas de emprego em 40 cidades da Bahia - 2 de Julho Not\u00edcias","isPartOf":{"@id":"https:\/\/2dejulhonoticias.com.br\/2jn\/#website"},"primaryImageOfPage":{"@id":"https:\/\/2dejulhonoticias.com.br\/2jn\/dia-t-governo-oferece-mais-de-3-5-mil-vagas-de-emprego-em-40-cidades-da-bahia\/#primaryimage"},"image":{"@id":"https:\/\/2dejulhonoticias.com.br\/2jn\/dia-t-governo-oferece-mais-de-3-5-mil-vagas-de-emprego-em-40-cidades-da-bahia\/#primaryimage"},"thumbnailUrl":"https:\/\/2dejulhonoticias.com.br\/2jn\/wp-content\/uploads\/2026\/04\/sine-bahia.webp","datePublished":"2026-04-30T11:56:26+00:00","description":"Dia T: governo oferece mais de 3.5 mil vagas de emprego em 40 cidades da Bahia","breadcrumb":{"@id":"https:\/\/2dejulhonoticias.com.br\/2jn\/dia-t-governo-oferece-mais-de-3-5-mil-vagas-de-emprego-em-40-cidades-da-bahia\/#breadcrumb"},"inLanguage":"pt-BR","potentialAction":[{"@type":"ReadAction","target":["https:\/\/2dejulhonoticias.com.br\/2jn\/dia-t-governo-oferece-mais-de-3-5-mil-vagas-de-emprego-em-40-cidades-da-bahia\/"]}]},{"@type":"ImageObject","inLanguage":"pt-BR","@id":"https:\/\/2dejulhonoticias.com.br\/2jn\/dia-t-governo-oferece-mais-de-3-5-mil-vagas-de-emprego-em-40-cidades-da-bahia\/#primaryimage","url":"https:\/\/2dejulhonoticias.com.br\/2jn\/wp-content\/uploads\/2026\/04\/sine-bahia.webp","contentUrl":"https:\/\/2dejulhonoticias.com.br\/2jn\/wp-content\/uploads\/2026\/04\/sine-bahia.webp","width":600,"height":360},{"@type":"BreadcrumbList","@id":"https:\/\/2dejulhonoticias.com.br\/2jn\/dia-t-governo-oferece-mais-de-3-5-mil-vagas-de-emprego-em-40-cidades-da-bahia\/#breadcrumb","itemListElement":[{"@type":"ListItem","position":1,"name":"In\u00edcio","item":"https:\/\/2dejulhonoticias.com.br\/2jn\/"},{"@type":"ListItem","position":2,"name":"Dia T: governo oferece mais de 3.5 mil vagas de emprego em 40 cidades da Bahia"}]},{"@type":"WebSite","@id":"https:\/\/2dejulhonoticias.com.br\/2jn\/#website","url":"https:\/\/2dejulhonoticias.com.br\/2jn\/","name":"2 de Julho Noticias - A not\u00edcia ao seu alcance","description":"Noticias sobre Politica, Policia,Esporte,Vida e Estilo, Sa\u00fade,Moda e Beleza,Mundo da Fama,Emprego e Concursos,Arte e Cultura,Cama\u00e7ari","publisher":{"@id":"https:\/\/2dejulhonoticias.com.br\/2jn\/#\/schema\/person\/a61e2ab9ae920711c9622c249b03dc16"},"potentialAction":[{"@type":"SearchAction","target":{"@type":"EntryPoint","urlTemplate":"https:\/\/2dejulhonoticias.com.br\/2jn\/?s={search_term_string}"},"query-input":{"@type":"PropertyValueSpecification","valueRequired":true,"valueName":"search_term_string"}}],"inLanguage":"pt-BR"},{"@type":["Person","Organization"],"@id":"https:\/\/2dejulhonoticias.com.br\/2jn\/#\/schema\/person\/a61e2ab9ae920711c9622c249b03dc16","name":"Reda\u00e7\u00e3o","image":{"@type":"ImageObject","inLanguage":"pt-BR","@id":"https:\/\/2dejulhonoticias.com.br\/2jn\/wp-content\/uploads\/2020\/11\/logo2dejulho.png","url":"https:\/\/2dejulhonoticias.com.br\/2jn\/wp-content\/uploads\/2020\/11\/logo2dejulho.png","contentUrl":"https:\/\/2dejulhonoticias.com.br\/2jn\/wp-content\/uploads\/2020\/11\/logo2dejulho.png","width":291,"height":96,"caption":"Reda\u00e7\u00e3o"},"logo":{"@id":"https:\/\/2dejulhonoticias.com.br\/2jn\/wp-content\/uploads\/2020\/11\/logo2dejulho.png"},"sameAs":["https:\/\/www.facebook.com\/J2deJulho","https:\/\/www.instagram.com\/mirobaia\/","https:\/\/www.linkedin.com\/in\/mirobaia\/","https:\/\/x.com\/2_julho","https:\/\/www.youtube.com\/c\/MiroBaia"]}]}},"_links":{"self":[{"href":"https:\/\/2dejulhonoticias.com.br\/2jn\/wp-json\/wp\/v2\/posts\/41357","targetHints":{"allow":["GET"]}}],"collection":[{"href":"https:\/\/2dejulhonoticias.com.br\/2jn\/wp-json\/wp\/v2\/posts"}],"about":[{"href":"https:\/\/2dejulhonoticias.com.br\/2jn\/wp-json\/wp\/v2\/types\/post"}],"author":[{"embeddable":true,"href":"https:\/\/2dejulhonoticias.com.br\/2jn\/wp-json\/wp\/v2\/users\/1"}],"replies":[{"embeddable":true,"href":"https:\/\/2dejulhonoticias.com.br\/2jn\/wp-json\/wp\/v2\/comments?post=41357"}],"version-history":[{"count":1,"href":"https:\/\/2dejulhonoticias.com.br\/2jn\/wp-json\/wp\/v2\/posts\/41357\/revisions"}],"predecessor-version":[{"id":41359,"href":"https:\/\/2dejulhonoticias.com.br\/2jn\/wp-json\/wp\/v2\/posts\/41357\/revisions\/41359"}],"wp:featuredmedia":[{"embeddable":true,"href":"https:\/\/2dejulhonoticias.com.br\/2jn\/wp-json\/wp\/v2\/media\/41358"}],"wp:attachment":[{"href":"https:\/\/2dejulhonoticias.com.br\/2jn\/wp-json\/wp\/v2\/media?parent=41357"}],"wp:term":[{"taxonomy":"category","embeddable":true,"href":"https:\/\/2dejulhonoticias.com.br\/2jn\/wp-json\/wp\/v2\/categories?post=41357"},{"taxonomy":"post_tag","embeddable":true,"href":"https:\/\/2dejulhonoticias.com.br\/2jn\/wp-json\/wp\/v2\/tags?post=41357"}],"curies":[{"name":"wp","href":"https:\/\/api.w.org\/{rel}","templated":true}]}}