{"id":41351,"date":"2026-04-30T08:32:36","date_gmt":"2026-04-30T11:32:36","guid":{"rendered":"https:\/\/2dejulhonoticias.com.br\/2jn\/?p=41351"},"modified":"2026-04-30T08:32:36","modified_gmt":"2026-04-30T11:32:36","slug":"copa-do-nordeste-2026-quartas-estao-definidas-confira-os-classificados-e-cada-confronto-do-mata-mata-decisivo","status":"publish","type":"post","link":"https:\/\/2dejulhonoticias.com.br\/2jn\/copa-do-nordeste-2026-quartas-estao-definidas-confira-os-classificados-e-cada-confronto-do-mata-mata-decisivo\/","title":{"rendered":"Copa do Nordeste 2026: quartas est\u00e3o definidas, confira os classificados e cada confronto do mata-mata decisivo"},"content":{"rendered":"<div style=\"text-align: justify;\">\nA fase de grupos da <a href=\"#\">Copa do Nordeste 2026<\/a> chegou ao fim, definindo as oito equipes que seguem na disputa pelo t\u00edtulo regional. Com o encerramento da primeira etapa, os classificados para as quartas de final foram confirmados, desenhando os pr\u00f3ximos confrontos eliminat\u00f3rios da competi\u00e7\u00e3o.<\/p>\n<p>Durante a fase classificat\u00f3ria, as equipes foram divididas em quatro grupos. Os dois primeiros colocados de cada chave avan\u00e7aram para o mata-mata. As quartas de final ser\u00e3o disputadas em partidas \u00fanicas. Em caso de empate no tempo regulamentar, a classifica\u00e7\u00e3o para a semifinal ser\u00e1 decidida em cobran\u00e7as de p\u00eanaltis.<\/p>\n<p>\ud83d\udcf1 <a href=\"https:\/\/chat.whatsapp.com\/L8KSLsjENzl5HrgtytuzCL\"> SIGA PRA MAIS NOT\u00cdCIAS: entre na comunidade do 2JN no WhatsApp<\/a>\n<\/div>\n<div>\n<!-- GoogleAdsense --><\/p>\n<p style=\"text-align: justify;\"><span style=\"font-size: 14pt;\"><strong> LEIA TAMB\u00c9M <\/strong><\/span><\/p>\n<p><script async src=\"https:\/\/pagead2.googlesyndication.com\/pagead\/js\/adsbygoogle.js?client=ca-pub-3129804789748719\" crossorigin=\"anonymous\"><\/script><br \/>\n<!-- Anuncio horizontal responsivo --><br \/>\n<ins class=\"adsbygoogle\" style=\"display: block;\" data-ad-client=\"ca-pub-3129804789748719\" data-ad-slot=\"1473312501\" data-ad-format=\"auto\" data-full-width-responsive=\"true\"><\/ins><br \/>\n<script>\n     (adsbygoogle = window.adsbygoogle || []).push({});\n<\/script>\n<\/div>\n<div style=\"text-align: justify;\">\n<div class=\"related bk-inline-post-box alignleft\" style=\"color: #fcfcfc; background-color: #fac8c8;\"><ul class=\"list-small-post row\"><li class=\"small-post content_out clearfix\">                        <div class=\"small-thumbnail-wrapper\">\n                <div class=\"thumb hide-thumb term-75\"><a href=\"https:\/\/2dejulhonoticias.com.br\/2jn\/a-reacao-de-lula-a-decisao-do-senado-de-rejeitar-messias-para-o-stf\/\"><img decoding=\"async\" width=\"90\" height=\"65\" src=\"https:\/\/2dejulhonoticias.com.br\/2jn\/wp-content\/uploads\/2026\/04\/Jorge-Messias-para-o-STF-90x65.webp\" class=\"attachment-rubik-90-65 size-rubik-90-65 wp-post-image\" alt=\"\" \/><div class=\"rubik-post-icon-wrap\"><\/div><\/a> <!-- close a tag --><\/div> <!-- close thumb -->            <\/div>\n                        <div class=\"post-c-wrap\">\n                                \n                <h4 class=\"title\"><a class=\"term-75\" href=\"https:\/\/2dejulhonoticias.com.br\/2jn\/a-reacao-de-lula-a-decisao-do-senado-de-rejeitar-messias-para-o-stf\/\">A rea\u00e7\u00e3o de Lula \u00e0 decis\u00e3o do Senado de rejeitar Messias para o STF<\/a><\/h4>                <div class=\"meta\"><div class=\"post-date\">30 de abril de 2026<\/div><\/div> \n            <\/div>\n            <\/li><!-- End post --><li class=\"small-post content_out clearfix\">                        <div class=\"small-thumbnail-wrapper\">\n                <div class=\"thumb hide-thumb term-75\"><a href=\"https:\/\/2dejulhonoticias.com.br\/2jn\/mec-prorroga-prazo-para-pedir-isencao-da-taxa-de-inscricao-do-enem\/\"><img decoding=\"async\" width=\"90\" height=\"65\" src=\"https:\/\/2dejulhonoticias.com.br\/2jn\/wp-content\/uploads\/2026\/04\/inep-90x65.webp\" class=\"attachment-rubik-90-65 size-rubik-90-65 wp-post-image\" alt=\"Inep\" \/><div class=\"rubik-post-icon-wrap\"><\/div><\/a> <!-- close a tag --><\/div> <!-- close thumb -->            <\/div>\n                        <div class=\"post-c-wrap\">\n                                \n                <h4 class=\"title\"><a class=\"term-75\" href=\"https:\/\/2dejulhonoticias.com.br\/2jn\/mec-prorroga-prazo-para-pedir-isencao-da-taxa-de-inscricao-do-enem\/\">MEC prorroga prazo para pedir isen\u00e7\u00e3o da taxa de inscri\u00e7\u00e3o do Enem<\/a><\/h4>                <div class=\"meta\"><div class=\"post-date\">27 de abril de 2026<\/div><\/div> \n            <\/div>\n            <\/li><!-- End post --><li class=\"small-post content_out clearfix\">                        <div class=\"small-thumbnail-wrapper\">\n                <div class=\"thumb hide-thumb term-7\"><a href=\"https:\/\/2dejulhonoticias.com.br\/2jn\/ta-na-hora-de-mudar-fabio-mota-cobra-presidente-da-cbf-e-dispara-contra-arbitragem-apos-derrota-do-vitoria\/\"><img decoding=\"async\" width=\"90\" height=\"65\" src=\"https:\/\/2dejulhonoticias.com.br\/2jn\/wp-content\/uploads\/2026\/04\/fabio-mota-90x65.webp\" class=\"attachment-rubik-90-65 size-rubik-90-65 wp-post-image\" alt=\"\" \/><div class=\"rubik-post-icon-wrap\"><\/div><\/a> <!-- close a tag --><\/div> <!-- close thumb -->            <\/div>\n                        <div class=\"post-c-wrap\">\n                                \n                <h4 class=\"title\"><a class=\"term-7\" href=\"https:\/\/2dejulhonoticias.com.br\/2jn\/ta-na-hora-de-mudar-fabio-mota-cobra-presidente-da-cbf-e-dispara-contra-arbitragem-apos-derrota-do-vitoria\/\">\u201cT\u00e1 na hora de mudar\u201d: F\u00e1bio Mota cobra presidente da CBF e dispara contra arbitragem ...<\/a><\/h4>                <div class=\"meta\"><div class=\"post-date\">27 de abril de 2026<\/div><\/div> \n            <\/div>\n            <\/li><!-- End post --><\/ul> <!-- End list-post --><\/div><br \/>\nA partir das semifinais, o formato passa a ser de jogos de ida e volta. O calend\u00e1rio da competi\u00e7\u00e3o tem previs\u00e3o de encerramento no dia 7 de junho de 2026. Os classificados de cada chave que garantiram vaga no mata-mata s\u00e3o:<\/p>\n<ul>\n<li>Grupo A: Vit\u00f3ria e ASA.<\/li>\n<li>Grupo B: Confian\u00e7a e Juazeirense.<\/li>\n<li>Grupo C: Sport e Cear\u00e1.<\/li>\n<li>Grupo D: ABC e Fortaleza.<\/li>\n<\/ul>\n<p>As partidas das quartas de final est\u00e3o previstas para ocorrer nos dias 6 e 7 de maio. Os hor\u00e1rios oficiais de cada duelo ainda constam como a definir e aguardam a confirma\u00e7\u00e3o e divulga\u00e7\u00e3o por parte da organiza\u00e7\u00e3o. Os cruzamentos diretos ficaram assim definidos:<\/p>\n<ul>\n<li>Vit\u00f3ria x Cear\u00e1, previsto para 6 de maio.<\/li>\n<li>Confian\u00e7a x Fortaleza, previsto para 6 de maio.<\/li>\n<li>Sport x ASA, previsto para 7 de maio.<\/li>\n<li>ABC x Juazeirense, previsto para 7 de maio.<\/li>\n<\/ul>\n<p><strong>Quando ser\u00e3o as semis e a final da Copa do Nordeste?<\/strong><br \/>\nA agenda para as rodadas decisivas tamb\u00e9m j\u00e1 est\u00e1 tra\u00e7ada. As semifinais, disputadas em confrontos de ida e volta, est\u00e3o marcadas para os dias 20 e 27 de maio. Na sequ\u00eancia, a grande decis\u00e3o da Copa do Nordeste, que definir\u00e1 o campe\u00e3o em mais dois jogos, tem suas partidas previstas para os dias 3 e 7 de junho.<\/p>\n<p>A edi\u00e7\u00e3o de 2026 da Copa do Nordeste foi diretamente impactada pela profunda reestrutura\u00e7\u00e3o do calend\u00e1rio promovida pela CBF, passando por mudan\u00e7as significativas em seu regulamento e formato de disputa. A principal altera\u00e7\u00e3o imposta foi a exclus\u00e3o de clubes que participam de competi\u00e7\u00f5es da Conmebol (Libertadores e Copa Sul-Americana) na mesma temporada, o que alterou a distribui\u00e7\u00e3o de for\u00e7as e as vagas do torneio.<\/p>\n<blockquote class=\"instagram-media\" data-instgrm-captioned data-instgrm-permalink=\"https:\/\/www.instagram.com\/p\/DXvaNpHgHm0\/?utm_source=ig_embed&amp;utm_campaign=loading\" data-instgrm-version=\"14\" style=\" background:#FFF; border:0; border-radius:3px; box-shadow:0 0 1px 0 rgba(0,0,0,0.5),0 1px 10px 0 rgba(0,0,0,0.15); margin: 1px; max-width:540px; min-width:326px; padding:0; width:99.375%; width:-webkit-calc(100% - 2px); width:calc(100% - 2px);\">\n<div style=\"padding:16px;\"> <a href=\"https:\/\/www.instagram.com\/p\/DXvaNpHgHm0\/?utm_source=ig_embed&amp;utm_campaign=loading\" style=\" background:#FFFFFF; line-height:0; padding:0 0; text-align:center; text-decoration:none; width:100%;\" target=\"_blank\"> <\/p>\n<div style=\" display: flex; flex-direction: row; align-items: center;\">\n<div style=\"background-color: #F4F4F4; border-radius: 50%; flex-grow: 0; height: 40px; margin-right: 14px; width: 40px;\"><\/div>\n<div style=\"display: flex; flex-direction: column; flex-grow: 1; justify-content: center;\">\n<div style=\" background-color: #F4F4F4; border-radius: 4px; flex-grow: 0; height: 14px; margin-bottom: 6px; width: 100px;\"><\/div>\n<div style=\" background-color: #F4F4F4; border-radius: 4px; flex-grow: 0; height: 14px; width: 60px;\"><\/div>\n<\/div>\n<\/div>\n<div style=\"padding: 19% 0;\"><\/div>\n<div style=\"display:block; height:50px; margin:0 auto 12px; width:50px;\"><svg width=\"50px\" height=\"50px\" viewBox=\"0 0 60 60\" version=\"1.1\" xmlns=\"https:\/\/www.w3.org\/2000\/svg\" xmlns:xlink=\"https:\/\/www.w3.org\/1999\/xlink\"><g stroke=\"none\" stroke-width=\"1\" fill=\"none\" fill-rule=\"evenodd\"><g transform=\"translate(-511.000000, -20.000000)\" fill=\"#000000\"><g><path d=\"M556.869,30.41 C554.814,30.41 553.148,32.076 553.148,34.131 C553.148,36.186 554.814,37.852 556.869,37.852 C558.924,37.852 560.59,36.186 560.59,34.131 C560.59,32.076 558.924,30.41 556.869,30.41 M541,60.657 C535.114,60.657 530.342,55.887 530.342,50 C530.342,44.114 535.114,39.342 541,39.342 C546.887,39.342 551.658,44.114 551.658,50 C551.658,55.887 546.887,60.657 541,60.657 M541,33.886 C532.1,33.886 524.886,41.1 524.886,50 C524.886,58.899 532.1,66.113 541,66.113 C549.9,66.113 557.115,58.899 557.115,50 C557.115,41.1 549.9,33.886 541,33.886 M565.378,62.101 C565.244,65.022 564.756,66.606 564.346,67.663 C563.803,69.06 563.154,70.057 562.106,71.106 C561.058,72.155 560.06,72.803 558.662,73.347 C557.607,73.757 556.021,74.244 553.102,74.378 C549.944,74.521 548.997,74.552 541,74.552 C533.003,74.552 532.056,74.521 528.898,74.378 C525.979,74.244 524.393,73.757 523.338,73.347 C521.94,72.803 520.942,72.155 519.894,71.106 C518.846,70.057 518.197,69.06 517.654,67.663 C517.244,66.606 516.755,65.022 516.623,62.101 C516.479,58.943 516.448,57.996 516.448,50 C516.448,42.003 516.479,41.056 516.623,37.899 C516.755,34.978 517.244,33.391 517.654,32.338 C518.197,30.938 518.846,29.942 519.894,28.894 C520.942,27.846 521.94,27.196 523.338,26.654 C524.393,26.244 525.979,25.756 528.898,25.623 C532.057,25.479 533.004,25.448 541,25.448 C548.997,25.448 549.943,25.479 553.102,25.623 C556.021,25.756 557.607,26.244 558.662,26.654 C560.06,27.196 561.058,27.846 562.106,28.894 C563.154,29.942 563.803,30.938 564.346,32.338 C564.756,33.391 565.244,34.978 565.378,37.899 C565.522,41.056 565.552,42.003 565.552,50 C565.552,57.996 565.522,58.943 565.378,62.101 M570.82,37.631 C570.674,34.438 570.167,32.258 569.425,30.349 C568.659,28.377 567.633,26.702 565.965,25.035 C564.297,23.368 562.623,22.342 560.652,21.575 C558.743,20.834 556.562,20.326 553.369,20.18 C550.169,20.033 549.148,20 541,20 C532.853,20 531.831,20.033 528.631,20.18 C525.438,20.326 523.257,20.834 521.349,21.575 C519.376,22.342 517.703,23.368 516.035,25.035 C514.368,26.702 513.342,28.377 512.574,30.349 C511.834,32.258 511.326,34.438 511.181,37.631 C511.035,40.831 511,41.851 511,50 C511,58.147 511.035,59.17 511.181,62.369 C511.326,65.562 511.834,67.743 512.574,69.651 C513.342,71.625 514.368,73.296 516.035,74.965 C517.703,76.634 519.376,77.658 521.349,78.425 C523.257,79.167 525.438,79.673 528.631,79.82 C531.831,79.965 532.853,80.001 541,80.001 C549.148,80.001 550.169,79.965 553.369,79.82 C556.562,79.673 558.743,79.167 560.652,78.425 C562.623,77.658 564.297,76.634 565.965,74.965 C567.633,73.296 568.659,71.625 569.425,69.651 C570.167,67.743 570.674,65.562 570.82,62.369 C570.966,59.17 571,58.147 571,50 C571,41.851 570.966,40.831 570.82,37.631\"><\/path><\/g><\/g><\/g><\/svg><\/div>\n<div style=\"padding-top: 8px;\">\n<div style=\" color:#3897f0; font-family:Arial,sans-serif; font-size:14px; font-style:normal; font-weight:550; line-height:18px;\">Ver essa foto no Instagram<\/div>\n<\/div>\n<div style=\"padding: 12.5% 0;\"><\/div>\n<div style=\"display: flex; flex-direction: row; margin-bottom: 14px; align-items: center;\">\n<div>\n<div style=\"background-color: #F4F4F4; border-radius: 50%; height: 12.5px; width: 12.5px; transform: translateX(0px) translateY(7px);\"><\/div>\n<div style=\"background-color: #F4F4F4; height: 12.5px; transform: rotate(-45deg) translateX(3px) translateY(1px); width: 12.5px; flex-grow: 0; margin-right: 14px; margin-left: 2px;\"><\/div>\n<div style=\"background-color: #F4F4F4; border-radius: 50%; height: 12.5px; width: 12.5px; transform: translateX(9px) translateY(-18px);\"><\/div>\n<\/div>\n<div style=\"margin-left: 8px;\">\n<div style=\" background-color: #F4F4F4; border-radius: 50%; flex-grow: 0; height: 20px; width: 20px;\"><\/div>\n<div style=\" width: 0; height: 0; border-top: 2px solid transparent; border-left: 6px solid #f4f4f4; border-bottom: 2px solid transparent; transform: translateX(16px) translateY(-4px) rotate(30deg)\"><\/div>\n<\/div>\n<div style=\"margin-left: auto;\">\n<div style=\" width: 0px; border-top: 8px solid #F4F4F4; border-right: 8px solid transparent; transform: translateY(16px);\"><\/div>\n<div style=\" background-color: #F4F4F4; flex-grow: 0; height: 12px; width: 16px; transform: translateY(-4px);\"><\/div>\n<div style=\" width: 0; height: 0; border-top: 8px solid #F4F4F4; border-left: 8px solid transparent; transform: translateY(-4px) translateX(8px);\"><\/div>\n<\/div>\n<\/div>\n<div style=\"display: flex; flex-direction: column; flex-grow: 1; justify-content: center; margin-bottom: 24px;\">\n<div style=\" background-color: #F4F4F4; border-radius: 4px; flex-grow: 0; height: 14px; margin-bottom: 6px; width: 224px;\"><\/div>\n<div style=\" background-color: #F4F4F4; border-radius: 4px; flex-grow: 0; height: 14px; width: 144px;\"><\/div>\n<\/div>\n<p><\/a><\/p>\n<p style=\" color:#c9c8cd; font-family:Arial,sans-serif; font-size:14px; line-height:17px; margin-bottom:0; margin-top:8px; overflow:hidden; padding:8px 0 7px; text-align:center; text-overflow:ellipsis; white-space:nowrap;\"><a href=\"https:\/\/www.instagram.com\/p\/DXvaNpHgHm0\/?utm_source=ig_embed&amp;utm_campaign=loading\" style=\" color:#c9c8cd; font-family:Arial,sans-serif; font-size:14px; font-style:normal; font-weight:normal; line-height:17px; text-decoration:none;\" target=\"_blank\">Um post compartilhado por Copa do Nordeste (@copanordestecbf)<\/a><\/p>\n<\/div>\n<\/blockquote>\n<p><script async src=\"\/\/www.instagram.com\/embed.js\"><\/script><\/p>\n<p><a href=\"#\">Copa do Nordeste 2026: quartas est\u00e3o definidas, confira os classificados e cada confronto do mata-mata decisivo<\/a>\n<\/div>\n<hr \/>\n<p><!-- banner meio--><\/p>\n<div><script async src=\"https:\/\/pagead2.googlesyndication.com\/pagead\/js\/adsbygoogle.js?client=ca-pub-3129804789748719\" crossorigin=\"anonymous\"><\/script><br \/>\n<!-- Banner quadrado responsivo --><br \/>\n<ins class=\"adsbygoogle\" style=\"display: block;\" data-ad-client=\"ca-pub-3129804789748719\" data-ad-slot=\"2076857862\" data-ad-format=\"auto\" data-full-width-responsive=\"true\"><\/ins><br \/>\n<script>\n     (adsbygoogle = window.adsbygoogle || []).push({});\n<\/script><\/div>\n<p><!-- banner meio responsivo --><\/p>\n<hr \/>\n<p><!-- RODAP\u00c9 DA NOTICIA --><\/p>\n<div><strong> Siga a coluna no <a href=\"https:\/\/www.facebook.com\/jornal2jn\" target=\"_blank\" rel=\"noopener\">Facebook<\/a> e no <a href=\"https:\/\/www.instagram.com\/jornal2dejulho\/\" target=\"_blank\" rel=\"noopener\">Instagram<\/a> para n\u00e3o perder nada.<\/strong><\/div>\n<p style=\"text-align: right;\"><em> por Reda\u00e7\u00e3o 2JN <\/em><\/p>\n<p><!--\n\nO 2 de Julho Noticias \u00e9 um Jornal Independente, pois n\u00e3o tem apoios Pol\u00edticos Partid\u00e1rios, de Prefeitura e nem de Comercio, e precisa de seu apoio, caso possa em assinar nosso Livro de Parceiros e Colaboradores.\nSua colabora\u00e7\u00e3o \u00e9 muito importante para nossa continuidade! Chave PIX EMAIL: parceiro@2dejulhonoticias.com.br\n\n--><\/p>\n<hr \/>\n<p><!-- banner meio responsivo--><br \/>\n<script async src=\"https:\/\/pagead2.googlesyndication.com\/pagead\/js\/adsbygoogle.js?client=ca-pub-3129804789748719\" crossorigin=\"anonymous\"><\/script><br \/>\n<!-- banner 728x90 2jn --><br \/>\n<ins class=\"adsbygoogle\" style=\"display: inline-block; width: 728px; height: 90px;\" data-ad-client=\"ca-pub-3129804789748719\" data-ad-slot=\"1383288950\"><\/ins><br \/>\n<script>\n     (adsbygoogle = window.adsbygoogle || []).push({});\n<\/script><\/p>\n<p style=\"text-align: justify;\"><span style=\"font-size: 14pt;\"><strong> LEIA TAMB\u00c9M <\/strong><\/span><\/p>\n<p><!-- banner meio responsivo--><br \/>\n<script async src=\"https:\/\/pagead2.googlesyndication.com\/pagead\/js\/adsbygoogle.js?client=ca-pub-3129804789748719\" crossorigin=\"anonymous\"><\/script><br \/>\n<!-- banner 728x90 2jn --><br \/>\n<ins class=\"adsbygoogle\" style=\"display: inline-block; width: 728px; height: 90px;\" data-ad-client=\"ca-pub-3129804789748719\" data-ad-slot=\"1383288950\"><\/ins><br \/>\n<script>\n     (adsbygoogle = window.adsbygoogle || []).push({});\n<\/script><br \/>\n<amp-ad width=\"100vw\" height=\"320\"\n     type=\"adsense\"\n     data-ad-client=\"ca-pub-3129804789748719\"\n     data-ad-slot=\"4367194841\"\n     data-auto-format=\"mcrspv\"\n     data-full-width=\"\"><\/p>\n<div overflow=\"\"><\/div>\n<p><\/amp-ad><br \/>\n<amp-ad\n     layout=\"fixed\"\n     width=\"728\"\n     height=\"90\"\n     type=\"adsense\"\n     data-ad-client=\"ca-pub-3129804789748719\"\n     data-ad-slot=\"1383288950\"><br \/>\n<\/amp-ad><\/p>\n","protected":false},"excerpt":{"rendered":"<p>A fase de grupos da Copa do Nordeste 2026 chegou ao fim, definindo as oito equipes que seguem na disputa pelo t\u00edtulo regional. Com o encerramento da primeira etapa, os classificados para as quartas de final foram confirmados, desenhando os pr\u00f3ximos confrontos eliminat\u00f3rios da competi\u00e7\u00e3o. Durante a fase classificat\u00f3ria, as equipes foram divididas em quatro grupos. Os dois primeiros colocados de cada chave avan\u00e7aram para o mata-mata. As quartas de final ser\u00e3o disputadas em partidas \u00fanicas. Em caso de empate no tempo regulamentar, a classifica\u00e7\u00e3o para a semifinal ser\u00e1 decidida em cobran\u00e7as de p\u00eanaltis. \ud83d\udcf1 SIGA PRA MAIS NOT\u00cdCIAS: entre [&hellip;]<\/p>\n","protected":false},"author":1,"featured_media":41352,"comment_status":"closed","ping_status":"open","sticky":false,"template":"","format":"standard","meta":{"footnotes":""},"categories":[75,7],"tags":[4742],"class_list":["post-41351","post","type-post","status-publish","format-standard","has-post-thumbnail","hentry","category-brasil","category-esporte","tag-copa-do-nordeste"],"yoast_head":"<!-- This site is optimized with the Yoast SEO Premium plugin v23.7 (Yoast SEO v27.2) - https:\/\/yoast.com\/product\/yoast-seo-premium-wordpress\/ -->\n<title>Copa do Nordeste 2026: quartas est\u00e3o definidas, confira os classificados e cada confronto do mata-mata decisivo - 2 de Julho Not\u00edcias<\/title>\n<meta name=\"description\" content=\"Copa do Nordeste 2026: quartas est\u00e3o definidas, confira os classificados e cada confronto do mata-mata decisivo\" \/>\n<meta name=\"robots\" content=\"index, follow, max-snippet:-1, max-image-preview:large, max-video-preview:-1\" \/>\n<link rel=\"canonical\" href=\"https:\/\/2dejulhonoticias.com.br\/2jn\/copa-do-nordeste-2026-quartas-estao-definidas-confira-os-classificados-e-cada-confronto-do-mata-mata-decisivo\/\" \/>\n<meta name=\"twitter:card\" content=\"summary_large_image\" \/>\n<meta name=\"twitter:title\" content=\"Copa do Nordeste 2026: quartas est\u00e3o definidas, confira os classificados e cada confronto do mata-mata decisivo - 2 de Julho Not\u00edcias\" \/>\n<meta name=\"twitter:description\" content=\"Copa do Nordeste 2026: quartas est\u00e3o definidas, confira os classificados e cada confronto do mata-mata decisivo\" \/>\n<meta name=\"twitter:image\" content=\"https:\/\/2dejulhonoticias.com.br\/2jn\/wp-content\/uploads\/2026\/04\/Conf2x2Vit.webp\" \/>\n<meta name=\"twitter:creator\" content=\"@2_julho\" \/>\n<meta name=\"twitter:site\" content=\"@2_julho\" \/>\n<meta name=\"twitter:label1\" content=\"Escrito por\" \/>\n\t<meta name=\"twitter:data1\" content=\"Reda\u00e7\u00e3o\" \/>\n\t<meta name=\"twitter:label2\" content=\"Est. tempo de leitura\" \/>\n\t<meta name=\"twitter:data2\" content=\"1 minuto\" \/>\n<script type=\"application\/ld+json\" class=\"yoast-schema-graph\">{\"@context\":\"https:\/\/schema.org\",\"@graph\":[{\"@type\":\"Article\",\"@id\":\"https:\/\/2dejulhonoticias.com.br\/2jn\/copa-do-nordeste-2026-quartas-estao-definidas-confira-os-classificados-e-cada-confronto-do-mata-mata-decisivo\/#article\",\"isPartOf\":{\"@id\":\"https:\/\/2dejulhonoticias.com.br\/2jn\/copa-do-nordeste-2026-quartas-estao-definidas-confira-os-classificados-e-cada-confronto-do-mata-mata-decisivo\/\"},\"author\":{\"name\":\"Reda\u00e7\u00e3o\",\"@id\":\"https:\/\/2dejulhonoticias.com.br\/2jn\/#\/schema\/person\/a61e2ab9ae920711c9622c249b03dc16\"},\"headline\":\"Copa do Nordeste 2026: quartas est\u00e3o definidas, confira os classificados e cada confronto do mata-mata decisivo\",\"datePublished\":\"2026-04-30T11:32:36+00:00\",\"mainEntityOfPage\":{\"@id\":\"https:\/\/2dejulhonoticias.com.br\/2jn\/copa-do-nordeste-2026-quartas-estao-definidas-confira-os-classificados-e-cada-confronto-do-mata-mata-decisivo\/\"},\"wordCount\":484,\"publisher\":{\"@id\":\"https:\/\/2dejulhonoticias.com.br\/2jn\/#\/schema\/person\/a61e2ab9ae920711c9622c249b03dc16\"},\"image\":{\"@id\":\"https:\/\/2dejulhonoticias.com.br\/2jn\/copa-do-nordeste-2026-quartas-estao-definidas-confira-os-classificados-e-cada-confronto-do-mata-mata-decisivo\/#primaryimage\"},\"thumbnailUrl\":\"https:\/\/2dejulhonoticias.com.br\/2jn\/wp-content\/uploads\/2026\/04\/Conf2x2Vit.webp\",\"keywords\":[\"Copa do Nordeste\"],\"articleSection\":[\"Brasil\",\"Esporte\"],\"inLanguage\":\"pt-BR\"},{\"@type\":\"WebPage\",\"@id\":\"https:\/\/2dejulhonoticias.com.br\/2jn\/copa-do-nordeste-2026-quartas-estao-definidas-confira-os-classificados-e-cada-confronto-do-mata-mata-decisivo\/\",\"url\":\"https:\/\/2dejulhonoticias.com.br\/2jn\/copa-do-nordeste-2026-quartas-estao-definidas-confira-os-classificados-e-cada-confronto-do-mata-mata-decisivo\/\",\"name\":\"Copa do Nordeste 2026: quartas est\u00e3o definidas, confira os classificados e cada confronto do mata-mata decisivo - 2 de Julho Not\u00edcias\",\"isPartOf\":{\"@id\":\"https:\/\/2dejulhonoticias.com.br\/2jn\/#website\"},\"primaryImageOfPage\":{\"@id\":\"https:\/\/2dejulhonoticias.com.br\/2jn\/copa-do-nordeste-2026-quartas-estao-definidas-confira-os-classificados-e-cada-confronto-do-mata-mata-decisivo\/#primaryimage\"},\"image\":{\"@id\":\"https:\/\/2dejulhonoticias.com.br\/2jn\/copa-do-nordeste-2026-quartas-estao-definidas-confira-os-classificados-e-cada-confronto-do-mata-mata-decisivo\/#primaryimage\"},\"thumbnailUrl\":\"https:\/\/2dejulhonoticias.com.br\/2jn\/wp-content\/uploads\/2026\/04\/Conf2x2Vit.webp\",\"datePublished\":\"2026-04-30T11:32:36+00:00\",\"description\":\"Copa do Nordeste 2026: quartas est\u00e3o definidas, confira os classificados e cada confronto do mata-mata decisivo\",\"breadcrumb\":{\"@id\":\"https:\/\/2dejulhonoticias.com.br\/2jn\/copa-do-nordeste-2026-quartas-estao-definidas-confira-os-classificados-e-cada-confronto-do-mata-mata-decisivo\/#breadcrumb\"},\"inLanguage\":\"pt-BR\",\"potentialAction\":[{\"@type\":\"ReadAction\",\"target\":[\"https:\/\/2dejulhonoticias.com.br\/2jn\/copa-do-nordeste-2026-quartas-estao-definidas-confira-os-classificados-e-cada-confronto-do-mata-mata-decisivo\/\"]}]},{\"@type\":\"ImageObject\",\"inLanguage\":\"pt-BR\",\"@id\":\"https:\/\/2dejulhonoticias.com.br\/2jn\/copa-do-nordeste-2026-quartas-estao-definidas-confira-os-classificados-e-cada-confronto-do-mata-mata-decisivo\/#primaryimage\",\"url\":\"https:\/\/2dejulhonoticias.com.br\/2jn\/wp-content\/uploads\/2026\/04\/Conf2x2Vit.webp\",\"contentUrl\":\"https:\/\/2dejulhonoticias.com.br\/2jn\/wp-content\/uploads\/2026\/04\/Conf2x2Vit.webp\",\"width\":600,\"height\":337},{\"@type\":\"BreadcrumbList\",\"@id\":\"https:\/\/2dejulhonoticias.com.br\/2jn\/copa-do-nordeste-2026-quartas-estao-definidas-confira-os-classificados-e-cada-confronto-do-mata-mata-decisivo\/#breadcrumb\",\"itemListElement\":[{\"@type\":\"ListItem\",\"position\":1,\"name\":\"In\u00edcio\",\"item\":\"https:\/\/2dejulhonoticias.com.br\/2jn\/\"},{\"@type\":\"ListItem\",\"position\":2,\"name\":\"Copa do Nordeste 2026: quartas est\u00e3o definidas, confira os classificados e cada confronto do mata-mata decisivo\"}]},{\"@type\":\"WebSite\",\"@id\":\"https:\/\/2dejulhonoticias.com.br\/2jn\/#website\",\"url\":\"https:\/\/2dejulhonoticias.com.br\/2jn\/\",\"name\":\"2 de Julho Noticias - A not\u00edcia ao seu alcance\",\"description\":\"Noticias sobre Politica, Policia,Esporte,Vida e Estilo, Sa\u00fade,Moda e Beleza,Mundo da Fama,Emprego e Concursos,Arte e Cultura,Cama\u00e7ari\",\"publisher\":{\"@id\":\"https:\/\/2dejulhonoticias.com.br\/2jn\/#\/schema\/person\/a61e2ab9ae920711c9622c249b03dc16\"},\"potentialAction\":[{\"@type\":\"SearchAction\",\"target\":{\"@type\":\"EntryPoint\",\"urlTemplate\":\"https:\/\/2dejulhonoticias.com.br\/2jn\/?s={search_term_string}\"},\"query-input\":{\"@type\":\"PropertyValueSpecification\",\"valueRequired\":true,\"valueName\":\"search_term_string\"}}],\"inLanguage\":\"pt-BR\"},{\"@type\":[\"Person\",\"Organization\"],\"@id\":\"https:\/\/2dejulhonoticias.com.br\/2jn\/#\/schema\/person\/a61e2ab9ae920711c9622c249b03dc16\",\"name\":\"Reda\u00e7\u00e3o\",\"image\":{\"@type\":\"ImageObject\",\"inLanguage\":\"pt-BR\",\"@id\":\"https:\/\/2dejulhonoticias.com.br\/2jn\/wp-content\/uploads\/2020\/11\/logo2dejulho.png\",\"url\":\"https:\/\/2dejulhonoticias.com.br\/2jn\/wp-content\/uploads\/2020\/11\/logo2dejulho.png\",\"contentUrl\":\"https:\/\/2dejulhonoticias.com.br\/2jn\/wp-content\/uploads\/2020\/11\/logo2dejulho.png\",\"width\":291,\"height\":96,\"caption\":\"Reda\u00e7\u00e3o\"},\"logo\":{\"@id\":\"https:\/\/2dejulhonoticias.com.br\/2jn\/wp-content\/uploads\/2020\/11\/logo2dejulho.png\"},\"sameAs\":[\"https:\/\/www.facebook.com\/J2deJulho\",\"https:\/\/www.instagram.com\/mirobaia\/\",\"https:\/\/www.linkedin.com\/in\/mirobaia\/\",\"https:\/\/x.com\/2_julho\",\"https:\/\/www.youtube.com\/c\/MiroBaia\"]}]}<\/script>\n<!-- \/ Yoast SEO Premium plugin. -->","yoast_head_json":{"title":"Copa do Nordeste 2026: quartas est\u00e3o definidas, confira os classificados e cada confronto do mata-mata decisivo - 2 de Julho Not\u00edcias","description":"Copa do Nordeste 2026: quartas est\u00e3o definidas, confira os classificados e cada confronto do mata-mata decisivo","robots":{"index":"index","follow":"follow","max-snippet":"max-snippet:-1","max-image-preview":"max-image-preview:large","max-video-preview":"max-video-preview:-1"},"canonical":"https:\/\/2dejulhonoticias.com.br\/2jn\/copa-do-nordeste-2026-quartas-estao-definidas-confira-os-classificados-e-cada-confronto-do-mata-mata-decisivo\/","twitter_card":"summary_large_image","twitter_title":"Copa do Nordeste 2026: quartas est\u00e3o definidas, confira os classificados e cada confronto do mata-mata decisivo - 2 de Julho Not\u00edcias","twitter_description":"Copa do Nordeste 2026: quartas est\u00e3o definidas, confira os classificados e cada confronto do mata-mata decisivo","twitter_image":"https:\/\/2dejulhonoticias.com.br\/2jn\/wp-content\/uploads\/2026\/04\/Conf2x2Vit.webp","twitter_creator":"@2_julho","twitter_site":"@2_julho","twitter_misc":{"Escrito por":"Reda\u00e7\u00e3o","Est. tempo de leitura":"1 minuto"},"schema":{"@context":"https:\/\/schema.org","@graph":[{"@type":"Article","@id":"https:\/\/2dejulhonoticias.com.br\/2jn\/copa-do-nordeste-2026-quartas-estao-definidas-confira-os-classificados-e-cada-confronto-do-mata-mata-decisivo\/#article","isPartOf":{"@id":"https:\/\/2dejulhonoticias.com.br\/2jn\/copa-do-nordeste-2026-quartas-estao-definidas-confira-os-classificados-e-cada-confronto-do-mata-mata-decisivo\/"},"author":{"name":"Reda\u00e7\u00e3o","@id":"https:\/\/2dejulhonoticias.com.br\/2jn\/#\/schema\/person\/a61e2ab9ae920711c9622c249b03dc16"},"headline":"Copa do Nordeste 2026: quartas est\u00e3o definidas, confira os classificados e cada confronto do mata-mata decisivo","datePublished":"2026-04-30T11:32:36+00:00","mainEntityOfPage":{"@id":"https:\/\/2dejulhonoticias.com.br\/2jn\/copa-do-nordeste-2026-quartas-estao-definidas-confira-os-classificados-e-cada-confronto-do-mata-mata-decisivo\/"},"wordCount":484,"publisher":{"@id":"https:\/\/2dejulhonoticias.com.br\/2jn\/#\/schema\/person\/a61e2ab9ae920711c9622c249b03dc16"},"image":{"@id":"https:\/\/2dejulhonoticias.com.br\/2jn\/copa-do-nordeste-2026-quartas-estao-definidas-confira-os-classificados-e-cada-confronto-do-mata-mata-decisivo\/#primaryimage"},"thumbnailUrl":"https:\/\/2dejulhonoticias.com.br\/2jn\/wp-content\/uploads\/2026\/04\/Conf2x2Vit.webp","keywords":["Copa do Nordeste"],"articleSection":["Brasil","Esporte"],"inLanguage":"pt-BR"},{"@type":"WebPage","@id":"https:\/\/2dejulhonoticias.com.br\/2jn\/copa-do-nordeste-2026-quartas-estao-definidas-confira-os-classificados-e-cada-confronto-do-mata-mata-decisivo\/","url":"https:\/\/2dejulhonoticias.com.br\/2jn\/copa-do-nordeste-2026-quartas-estao-definidas-confira-os-classificados-e-cada-confronto-do-mata-mata-decisivo\/","name":"Copa do Nordeste 2026: quartas est\u00e3o definidas, confira os classificados e cada confronto do mata-mata decisivo - 2 de Julho Not\u00edcias","isPartOf":{"@id":"https:\/\/2dejulhonoticias.com.br\/2jn\/#website"},"primaryImageOfPage":{"@id":"https:\/\/2dejulhonoticias.com.br\/2jn\/copa-do-nordeste-2026-quartas-estao-definidas-confira-os-classificados-e-cada-confronto-do-mata-mata-decisivo\/#primaryimage"},"image":{"@id":"https:\/\/2dejulhonoticias.com.br\/2jn\/copa-do-nordeste-2026-quartas-estao-definidas-confira-os-classificados-e-cada-confronto-do-mata-mata-decisivo\/#primaryimage"},"thumbnailUrl":"https:\/\/2dejulhonoticias.com.br\/2jn\/wp-content\/uploads\/2026\/04\/Conf2x2Vit.webp","datePublished":"2026-04-30T11:32:36+00:00","description":"Copa do Nordeste 2026: quartas est\u00e3o definidas, confira os classificados e cada confronto do mata-mata decisivo","breadcrumb":{"@id":"https:\/\/2dejulhonoticias.com.br\/2jn\/copa-do-nordeste-2026-quartas-estao-definidas-confira-os-classificados-e-cada-confronto-do-mata-mata-decisivo\/#breadcrumb"},"inLanguage":"pt-BR","potentialAction":[{"@type":"ReadAction","target":["https:\/\/2dejulhonoticias.com.br\/2jn\/copa-do-nordeste-2026-quartas-estao-definidas-confira-os-classificados-e-cada-confronto-do-mata-mata-decisivo\/"]}]},{"@type":"ImageObject","inLanguage":"pt-BR","@id":"https:\/\/2dejulhonoticias.com.br\/2jn\/copa-do-nordeste-2026-quartas-estao-definidas-confira-os-classificados-e-cada-confronto-do-mata-mata-decisivo\/#primaryimage","url":"https:\/\/2dejulhonoticias.com.br\/2jn\/wp-content\/uploads\/2026\/04\/Conf2x2Vit.webp","contentUrl":"https:\/\/2dejulhonoticias.com.br\/2jn\/wp-content\/uploads\/2026\/04\/Conf2x2Vit.webp","width":600,"height":337},{"@type":"BreadcrumbList","@id":"https:\/\/2dejulhonoticias.com.br\/2jn\/copa-do-nordeste-2026-quartas-estao-definidas-confira-os-classificados-e-cada-confronto-do-mata-mata-decisivo\/#breadcrumb","itemListElement":[{"@type":"ListItem","position":1,"name":"In\u00edcio","item":"https:\/\/2dejulhonoticias.com.br\/2jn\/"},{"@type":"ListItem","position":2,"name":"Copa do Nordeste 2026: quartas est\u00e3o definidas, confira os classificados e cada confronto do mata-mata decisivo"}]},{"@type":"WebSite","@id":"https:\/\/2dejulhonoticias.com.br\/2jn\/#website","url":"https:\/\/2dejulhonoticias.com.br\/2jn\/","name":"2 de Julho Noticias - A not\u00edcia ao seu alcance","description":"Noticias sobre Politica, Policia,Esporte,Vida e Estilo, Sa\u00fade,Moda e Beleza,Mundo da Fama,Emprego e Concursos,Arte e Cultura,Cama\u00e7ari","publisher":{"@id":"https:\/\/2dejulhonoticias.com.br\/2jn\/#\/schema\/person\/a61e2ab9ae920711c9622c249b03dc16"},"potentialAction":[{"@type":"SearchAction","target":{"@type":"EntryPoint","urlTemplate":"https:\/\/2dejulhonoticias.com.br\/2jn\/?s={search_term_string}"},"query-input":{"@type":"PropertyValueSpecification","valueRequired":true,"valueName":"search_term_string"}}],"inLanguage":"pt-BR"},{"@type":["Person","Organization"],"@id":"https:\/\/2dejulhonoticias.com.br\/2jn\/#\/schema\/person\/a61e2ab9ae920711c9622c249b03dc16","name":"Reda\u00e7\u00e3o","image":{"@type":"ImageObject","inLanguage":"pt-BR","@id":"https:\/\/2dejulhonoticias.com.br\/2jn\/wp-content\/uploads\/2020\/11\/logo2dejulho.png","url":"https:\/\/2dejulhonoticias.com.br\/2jn\/wp-content\/uploads\/2020\/11\/logo2dejulho.png","contentUrl":"https:\/\/2dejulhonoticias.com.br\/2jn\/wp-content\/uploads\/2020\/11\/logo2dejulho.png","width":291,"height":96,"caption":"Reda\u00e7\u00e3o"},"logo":{"@id":"https:\/\/2dejulhonoticias.com.br\/2jn\/wp-content\/uploads\/2020\/11\/logo2dejulho.png"},"sameAs":["https:\/\/www.facebook.com\/J2deJulho","https:\/\/www.instagram.com\/mirobaia\/","https:\/\/www.linkedin.com\/in\/mirobaia\/","https:\/\/x.com\/2_julho","https:\/\/www.youtube.com\/c\/MiroBaia"]}]}},"_links":{"self":[{"href":"https:\/\/2dejulhonoticias.com.br\/2jn\/wp-json\/wp\/v2\/posts\/41351","targetHints":{"allow":["GET"]}}],"collection":[{"href":"https:\/\/2dejulhonoticias.com.br\/2jn\/wp-json\/wp\/v2\/posts"}],"about":[{"href":"https:\/\/2dejulhonoticias.com.br\/2jn\/wp-json\/wp\/v2\/types\/post"}],"author":[{"embeddable":true,"href":"https:\/\/2dejulhonoticias.com.br\/2jn\/wp-json\/wp\/v2\/users\/1"}],"replies":[{"embeddable":true,"href":"https:\/\/2dejulhonoticias.com.br\/2jn\/wp-json\/wp\/v2\/comments?post=41351"}],"version-history":[{"count":1,"href":"https:\/\/2dejulhonoticias.com.br\/2jn\/wp-json\/wp\/v2\/posts\/41351\/revisions"}],"predecessor-version":[{"id":41353,"href":"https:\/\/2dejulhonoticias.com.br\/2jn\/wp-json\/wp\/v2\/posts\/41351\/revisions\/41353"}],"wp:featuredmedia":[{"embeddable":true,"href":"https:\/\/2dejulhonoticias.com.br\/2jn\/wp-json\/wp\/v2\/media\/41352"}],"wp:attachment":[{"href":"https:\/\/2dejulhonoticias.com.br\/2jn\/wp-json\/wp\/v2\/media?parent=41351"}],"wp:term":[{"taxonomy":"category","embeddable":true,"href":"https:\/\/2dejulhonoticias.com.br\/2jn\/wp-json\/wp\/v2\/categories?post=41351"},{"taxonomy":"post_tag","embeddable":true,"href":"https:\/\/2dejulhonoticias.com.br\/2jn\/wp-json\/wp\/v2\/tags?post=41351"}],"curies":[{"name":"wp","href":"https:\/\/api.w.org\/{rel}","templated":true}]}}