{"id":41344,"date":"2026-04-30T05:00:32","date_gmt":"2026-04-30T08:00:32","guid":{"rendered":"https:\/\/2dejulhonoticias.com.br\/2jn\/?p=41344"},"modified":"2026-04-29T19:05:33","modified_gmt":"2026-04-29T22:05:33","slug":"sindicato-dos-rodoviarios-convoca-assembleias-para-esta-quinta-30-em-salvador","status":"publish","type":"post","link":"https:\/\/2dejulhonoticias.com.br\/2jn\/sindicato-dos-rodoviarios-convoca-assembleias-para-esta-quinta-30-em-salvador\/","title":{"rendered":"Sindicato dos Rodovi\u00e1rios convoca assembleias para esta quinta (30) em Salvador"},"content":{"rendered":"<div style=\"text-align: justify;\">\nO Sindicato dos Rodovi\u00e1rios anunciou que vai realizar assembleias nas primeiras horas desta quinta-feira (30\/04), em garagens de \u00f4nibus de Salvador. A mobiliza\u00e7\u00e3o pode afetar a sa\u00edda dos coletivos e causar atrasos no transporte p\u00fablico.<\/p>\n<p>A categoria est\u00e1 em campanha salarial e, segundo o sindicato, j\u00e1 houve quatro reuni\u00f5es com as empresas, mas sem acordo.<\/p>\n<p>\ud83d\udcf1 <a href=\"https:\/\/chat.whatsapp.com\/L8KSLsjENzl5HrgtytuzCL\"> SIGA PRA MAIS NOT\u00cdCIAS: entre na comunidade do 2JN no WhatsApp<\/a>\n<\/div>\n<div>\n<!-- GoogleAdsense --><\/p>\n<p style=\"text-align: justify;\"><span style=\"font-size: 14pt;\"><strong> LEIA TAMB\u00c9M <\/strong><\/span><\/p>\n<p><script async src=\"https:\/\/pagead2.googlesyndication.com\/pagead\/js\/adsbygoogle.js?client=ca-pub-3129804789748719\" crossorigin=\"anonymous\"><\/script><br \/>\n<!-- Anuncio horizontal responsivo --><br \/>\n<ins class=\"adsbygoogle\" style=\"display: block;\" data-ad-client=\"ca-pub-3129804789748719\" data-ad-slot=\"1473312501\" data-ad-format=\"auto\" data-full-width-responsive=\"true\"><\/ins><br \/>\n<script>\n     (adsbygoogle = window.adsbygoogle || []).push({});\n<\/script>\n<\/div>\n<div style=\"text-align: justify;\">\n<div class=\"related bk-inline-post-box alignleft\" style=\"color: #fcfcfc; background-color: #fac8c8;\"><ul class=\"list-small-post row\"><li class=\"small-post content_out clearfix\">                        <div class=\"small-thumbnail-wrapper\">\n                <div class=\"thumb hide-thumb term-77\"><a href=\"https:\/\/2dejulhonoticias.com.br\/2jn\/byd-oferece-mais-de-1-6-mil-vagas-de-emprego-em-nova-fabrica-em-camacari-na-bahia\/\"><img decoding=\"async\" width=\"90\" height=\"65\" src=\"https:\/\/2dejulhonoticias.com.br\/2jn\/wp-content\/uploads\/2026\/04\/byd-90x65.webp\" class=\"attachment-rubik-90-65 size-rubik-90-65 wp-post-image\" alt=\"BYD\" \/><div class=\"rubik-post-icon-wrap\"><\/div><\/a> <!-- close a tag --><\/div> <!-- close thumb -->            <\/div>\n                        <div class=\"post-c-wrap\">\n                                \n                <h4 class=\"title\"><a class=\"term-77\" href=\"https:\/\/2dejulhonoticias.com.br\/2jn\/byd-oferece-mais-de-1-6-mil-vagas-de-emprego-em-nova-fabrica-em-camacari-na-bahia\/\">BYD oferece mais de 1.6 mil vagas de emprego em nova f\u00e1brica em Cama\u00e7ari na ...<\/a><\/h4>                <div class=\"meta\"><div class=\"post-date\">27 de abril de 2026<\/div><\/div> \n            <\/div>\n            <\/li><!-- End post --><li class=\"small-post content_out clearfix\">                        <div class=\"small-thumbnail-wrapper\">\n                <div class=\"thumb hide-thumb term-89\"><a href=\"https:\/\/2dejulhonoticias.com.br\/2jn\/conta-de-luz-vai-aumentar-quase-6-na-bahia-apos-reajuste-da-aneel\/\"><img decoding=\"async\" width=\"90\" height=\"65\" src=\"https:\/\/2dejulhonoticias.com.br\/2jn\/wp-content\/uploads\/2020\/12\/coelba-11-90x65.jpg\" class=\"attachment-rubik-90-65 size-rubik-90-65 wp-post-image\" alt=\"Coelba - Conta de Luz\" \/><div class=\"rubik-post-icon-wrap\"><\/div><\/a> <!-- close a tag --><\/div> <!-- close thumb -->            <\/div>\n                        <div class=\"post-c-wrap\">\n                                \n                <h4 class=\"title\"><a class=\"term-89\" href=\"https:\/\/2dejulhonoticias.com.br\/2jn\/conta-de-luz-vai-aumentar-quase-6-na-bahia-apos-reajuste-da-aneel\/\">Conta de luz vai aumentar quase 6% na Bahia ap\u00f3s reajuste da Aneel<\/a><\/h4>                <div class=\"meta\"><div class=\"post-date\">24 de abril de 2026<\/div><\/div> \n            <\/div>\n            <\/li><!-- End post --><li class=\"small-post content_out clearfix\">                        <div class=\"small-thumbnail-wrapper\">\n                <div class=\"thumb hide-thumb term-91\"><a href=\"https:\/\/2dejulhonoticias.com.br\/2jn\/operacao-do-plano-inclinado-liberdade-calcada-e-suspenso-para-requalificacao-em-salvador\/\"><img decoding=\"async\" width=\"90\" height=\"65\" src=\"https:\/\/2dejulhonoticias.com.br\/2jn\/wp-content\/uploads\/2026\/04\/Plano-Inclinado-Liberdade-Calcada-90x65.webp\" class=\"attachment-rubik-90-65 size-rubik-90-65 wp-post-image\" alt=\"Opera\u00e7\u00e3o do Plano Inclinado Liberdade\" \/><div class=\"rubik-post-icon-wrap\"><\/div><\/a> <!-- close a tag --><\/div> <!-- close thumb -->            <\/div>\n                        <div class=\"post-c-wrap\">\n                                \n                <h4 class=\"title\"><a class=\"term-91\" href=\"https:\/\/2dejulhonoticias.com.br\/2jn\/operacao-do-plano-inclinado-liberdade-calcada-e-suspenso-para-requalificacao-em-salvador\/\">Opera\u00e7\u00e3o do Plano Inclinado Liberdade-Cal\u00e7ada \u00e9 suspenso para requalifica\u00e7\u00e3o em Salvador<\/a><\/h4>                <div class=\"meta\"><div class=\"post-date\">23 de abril de 2026<\/div><\/div> \n            <\/div>\n            <\/li><!-- End post --><\/ul> <!-- End list-post --><\/div><br \/>\nEntre os pedidos dos trabalhadores est\u00e3o aumento de sal\u00e1rio e do ticket alimenta\u00e7\u00e3o acima da infla\u00e7\u00e3o, al\u00e9m de melhorias nas condi\u00e7\u00f5es de trabalho.<\/p>\n<p>Os rodovi\u00e1rios tamb\u00e9m reclamam da carga hor\u00e1ria puxada, principalmente nos fins de semana. Eles pedem jornada de 6 horas e mudan\u00e7as nas escalas, alegando que o ritmo atual tem prejudicado at\u00e9 necessidades b\u00e1sicas durante o trabalho.<\/p>\n<p>O sindicato informou que o movimento \u00e9 para cobrar avan\u00e7os nas negocia\u00e7\u00f5es e garantir melhores condi\u00e7\u00f5es para a categoria.<\/p>\n<p><a href=\"#\">Sindicato dos Rodovi\u00e1rios convoca assembleias para esta quinta (30) em Salvador<\/a>\n<\/div>\n<hr \/>\n<p><!-- banner meio--><\/p>\n<div><script async src=\"https:\/\/pagead2.googlesyndication.com\/pagead\/js\/adsbygoogle.js?client=ca-pub-3129804789748719\" crossorigin=\"anonymous\"><\/script><br \/>\n<!-- Banner quadrado responsivo --><br \/>\n<ins class=\"adsbygoogle\" style=\"display: block;\" data-ad-client=\"ca-pub-3129804789748719\" data-ad-slot=\"2076857862\" data-ad-format=\"auto\" data-full-width-responsive=\"true\"><\/ins><br \/>\n<script>\n     (adsbygoogle = window.adsbygoogle || []).push({});\n<\/script><\/div>\n<p><!-- banner meio responsivo --><\/p>\n<hr \/>\n<p><!-- RODAP\u00c9 DA NOTICIA --><\/p>\n<div><strong> Siga a coluna no <a href=\"https:\/\/www.facebook.com\/jornal2jn\" target=\"_blank\" rel=\"noopener\">Facebook<\/a> e no <a href=\"https:\/\/www.instagram.com\/jornal2dejulho\/\" target=\"_blank\" rel=\"noopener\">Instagram<\/a> para n\u00e3o perder nada.<\/strong><\/div>\n<p style=\"text-align: right;\"><em> por Reda\u00e7\u00e3o 2JN <\/em><\/p>\n<p><!--\n\nO 2 de Julho Noticias \u00e9 um Jornal Independente, pois n\u00e3o tem apoios Pol\u00edticos Partid\u00e1rios, de Prefeitura e nem de Comercio, e precisa de seu apoio, caso possa em assinar nosso Livro de Parceiros e Colaboradores.\nSua colabora\u00e7\u00e3o \u00e9 muito importante para nossa continuidade! Chave PIX EMAIL: parceiro@2dejulhonoticias.com.br\n\n--><\/p>\n<hr \/>\n<p><!-- banner meio responsivo--><br \/>\n<script async src=\"https:\/\/pagead2.googlesyndication.com\/pagead\/js\/adsbygoogle.js?client=ca-pub-3129804789748719\" crossorigin=\"anonymous\"><\/script><br \/>\n<!-- banner 728x90 2jn --><br \/>\n<ins class=\"adsbygoogle\" style=\"display: inline-block; width: 728px; height: 90px;\" data-ad-client=\"ca-pub-3129804789748719\" data-ad-slot=\"1383288950\"><\/ins><br \/>\n<script>\n     (adsbygoogle = window.adsbygoogle || []).push({});\n<\/script><\/p>\n<p style=\"text-align: justify;\"><span style=\"font-size: 14pt;\"><strong> LEIA TAMB\u00c9M <\/strong><\/span><\/p>\n<p><!-- banner meio responsivo--><br \/>\n<script async src=\"https:\/\/pagead2.googlesyndication.com\/pagead\/js\/adsbygoogle.js?client=ca-pub-3129804789748719\" crossorigin=\"anonymous\"><\/script><br \/>\n<!-- banner 728x90 2jn --><br \/>\n<ins class=\"adsbygoogle\" style=\"display: inline-block; width: 728px; height: 90px;\" data-ad-client=\"ca-pub-3129804789748719\" data-ad-slot=\"1383288950\"><\/ins><br \/>\n<script>\n     (adsbygoogle = window.adsbygoogle || []).push({});\n<\/script><br \/>\n<amp-ad width=\"100vw\" height=\"320\"\n     type=\"adsense\"\n     data-ad-client=\"ca-pub-3129804789748719\"\n     data-ad-slot=\"4367194841\"\n     data-auto-format=\"mcrspv\"\n     data-full-width=\"\"><\/p>\n<div overflow=\"\"><\/div>\n<p><\/amp-ad><br \/>\n<amp-ad\n     layout=\"fixed\"\n     width=\"728\"\n     height=\"90\"\n     type=\"adsense\"\n     data-ad-client=\"ca-pub-3129804789748719\"\n     data-ad-slot=\"1383288950\"><br \/>\n<\/amp-ad><\/p>\n","protected":false},"excerpt":{"rendered":"<p>O Sindicato dos Rodovi\u00e1rios anunciou que vai realizar assembleias nas primeiras horas desta quinta-feira (30\/04), em garagens de \u00f4nibus de Salvador. A mobiliza\u00e7\u00e3o pode afetar a sa\u00edda dos coletivos e causar atrasos no transporte p\u00fablico. A categoria est\u00e1 em campanha salarial e, segundo o sindicato, j\u00e1 houve quatro reuni\u00f5es com as empresas, mas sem acordo. \ud83d\udcf1 SIGA PRA MAIS NOT\u00cdCIAS: entre na comunidade do 2JN no WhatsApp LEIA TAMB\u00c9M Entre os pedidos dos trabalhadores est\u00e3o aumento de sal\u00e1rio e do ticket alimenta\u00e7\u00e3o acima da infla\u00e7\u00e3o, al\u00e9m de melhorias nas condi\u00e7\u00f5es de trabalho. Os rodovi\u00e1rios tamb\u00e9m reclamam da carga hor\u00e1ria puxada, [&hellip;]<\/p>\n","protected":false},"author":1,"featured_media":33979,"comment_status":"closed","ping_status":"open","sticky":false,"template":"","format":"standard","meta":{"footnotes":""},"categories":[91],"tags":[2973,5705],"class_list":["post-41344","post","type-post","status-publish","format-standard","has-post-thumbnail","hentry","category-economia","tag-greve-de-onibus","tag-mobilizacao"],"yoast_head":"<!-- This site is optimized with the Yoast SEO Premium plugin v23.7 (Yoast SEO v27.2) - https:\/\/yoast.com\/product\/yoast-seo-premium-wordpress\/ -->\n<title>Sindicato dos Rodovi\u00e1rios convoca assembleias para esta quinta (30) em Salvador - 2 de Julho Not\u00edcias<\/title>\n<meta name=\"description\" content=\"Sindicato dos Rodovi\u00e1rios convoca assembleias para esta quinta (30) em Salvador\" \/>\n<meta name=\"robots\" content=\"index, follow, max-snippet:-1, max-image-preview:large, max-video-preview:-1\" \/>\n<link rel=\"canonical\" href=\"https:\/\/2dejulhonoticias.com.br\/2jn\/sindicato-dos-rodoviarios-convoca-assembleias-para-esta-quinta-30-em-salvador\/\" \/>\n<meta name=\"twitter:card\" content=\"summary_large_image\" \/>\n<meta name=\"twitter:title\" content=\"Sindicato dos Rodovi\u00e1rios convoca assembleias para esta quinta (30) em Salvador - 2 de Julho Not\u00edcias\" \/>\n<meta name=\"twitter:description\" content=\"Sindicato dos Rodovi\u00e1rios convoca assembleias para esta quinta (30) em Salvador\" \/>\n<meta name=\"twitter:image\" content=\"https:\/\/2dejulhonoticias.com.br\/2jn\/wp-content\/uploads\/2025\/07\/Passageiro-reage-e-ladrao-acaba-morto-dentro-de-onibus-em-Sao-Caetano.webp\" \/>\n<meta name=\"twitter:creator\" content=\"@2_julho\" \/>\n<meta name=\"twitter:site\" content=\"@2_julho\" \/>\n<meta name=\"twitter:label1\" content=\"Escrito por\" \/>\n\t<meta name=\"twitter:data1\" content=\"Reda\u00e7\u00e3o\" \/>\n\t<meta name=\"twitter:label2\" content=\"Est. tempo de leitura\" \/>\n\t<meta name=\"twitter:data2\" content=\"1 minuto\" \/>\n<script type=\"application\/ld+json\" class=\"yoast-schema-graph\">{\"@context\":\"https:\/\/schema.org\",\"@graph\":[{\"@type\":\"Article\",\"@id\":\"https:\/\/2dejulhonoticias.com.br\/2jn\/sindicato-dos-rodoviarios-convoca-assembleias-para-esta-quinta-30-em-salvador\/#article\",\"isPartOf\":{\"@id\":\"https:\/\/2dejulhonoticias.com.br\/2jn\/sindicato-dos-rodoviarios-convoca-assembleias-para-esta-quinta-30-em-salvador\/\"},\"author\":{\"name\":\"Reda\u00e7\u00e3o\",\"@id\":\"https:\/\/2dejulhonoticias.com.br\/2jn\/#\/schema\/person\/a61e2ab9ae920711c9622c249b03dc16\"},\"headline\":\"Sindicato dos Rodovi\u00e1rios convoca assembleias para esta quinta (30) em Salvador\",\"datePublished\":\"2026-04-30T08:00:32+00:00\",\"mainEntityOfPage\":{\"@id\":\"https:\/\/2dejulhonoticias.com.br\/2jn\/sindicato-dos-rodoviarios-convoca-assembleias-para-esta-quinta-30-em-salvador\/\"},\"wordCount\":221,\"publisher\":{\"@id\":\"https:\/\/2dejulhonoticias.com.br\/2jn\/#\/schema\/person\/a61e2ab9ae920711c9622c249b03dc16\"},\"image\":{\"@id\":\"https:\/\/2dejulhonoticias.com.br\/2jn\/sindicato-dos-rodoviarios-convoca-assembleias-para-esta-quinta-30-em-salvador\/#primaryimage\"},\"thumbnailUrl\":\"https:\/\/2dejulhonoticias.com.br\/2jn\/wp-content\/uploads\/2025\/07\/Passageiro-reage-e-ladrao-acaba-morto-dentro-de-onibus-em-Sao-Caetano.webp\",\"keywords\":[\"Greve de Onibus\",\"mobiliza\u00e7\u00e3o\"],\"articleSection\":[\"Economia\"],\"inLanguage\":\"pt-BR\"},{\"@type\":\"WebPage\",\"@id\":\"https:\/\/2dejulhonoticias.com.br\/2jn\/sindicato-dos-rodoviarios-convoca-assembleias-para-esta-quinta-30-em-salvador\/\",\"url\":\"https:\/\/2dejulhonoticias.com.br\/2jn\/sindicato-dos-rodoviarios-convoca-assembleias-para-esta-quinta-30-em-salvador\/\",\"name\":\"Sindicato dos Rodovi\u00e1rios convoca assembleias para esta quinta (30) em Salvador - 2 de Julho Not\u00edcias\",\"isPartOf\":{\"@id\":\"https:\/\/2dejulhonoticias.com.br\/2jn\/#website\"},\"primaryImageOfPage\":{\"@id\":\"https:\/\/2dejulhonoticias.com.br\/2jn\/sindicato-dos-rodoviarios-convoca-assembleias-para-esta-quinta-30-em-salvador\/#primaryimage\"},\"image\":{\"@id\":\"https:\/\/2dejulhonoticias.com.br\/2jn\/sindicato-dos-rodoviarios-convoca-assembleias-para-esta-quinta-30-em-salvador\/#primaryimage\"},\"thumbnailUrl\":\"https:\/\/2dejulhonoticias.com.br\/2jn\/wp-content\/uploads\/2025\/07\/Passageiro-reage-e-ladrao-acaba-morto-dentro-de-onibus-em-Sao-Caetano.webp\",\"datePublished\":\"2026-04-30T08:00:32+00:00\",\"description\":\"Sindicato dos Rodovi\u00e1rios convoca assembleias para esta quinta (30) em Salvador\",\"breadcrumb\":{\"@id\":\"https:\/\/2dejulhonoticias.com.br\/2jn\/sindicato-dos-rodoviarios-convoca-assembleias-para-esta-quinta-30-em-salvador\/#breadcrumb\"},\"inLanguage\":\"pt-BR\",\"potentialAction\":[{\"@type\":\"ReadAction\",\"target\":[\"https:\/\/2dejulhonoticias.com.br\/2jn\/sindicato-dos-rodoviarios-convoca-assembleias-para-esta-quinta-30-em-salvador\/\"]}]},{\"@type\":\"ImageObject\",\"inLanguage\":\"pt-BR\",\"@id\":\"https:\/\/2dejulhonoticias.com.br\/2jn\/sindicato-dos-rodoviarios-convoca-assembleias-para-esta-quinta-30-em-salvador\/#primaryimage\",\"url\":\"https:\/\/2dejulhonoticias.com.br\/2jn\/wp-content\/uploads\/2025\/07\/Passageiro-reage-e-ladrao-acaba-morto-dentro-de-onibus-em-Sao-Caetano.webp\",\"contentUrl\":\"https:\/\/2dejulhonoticias.com.br\/2jn\/wp-content\/uploads\/2025\/07\/Passageiro-reage-e-ladrao-acaba-morto-dentro-de-onibus-em-Sao-Caetano.webp\",\"width\":600,\"height\":338},{\"@type\":\"BreadcrumbList\",\"@id\":\"https:\/\/2dejulhonoticias.com.br\/2jn\/sindicato-dos-rodoviarios-convoca-assembleias-para-esta-quinta-30-em-salvador\/#breadcrumb\",\"itemListElement\":[{\"@type\":\"ListItem\",\"position\":1,\"name\":\"In\u00edcio\",\"item\":\"https:\/\/2dejulhonoticias.com.br\/2jn\/\"},{\"@type\":\"ListItem\",\"position\":2,\"name\":\"Sindicato dos Rodovi\u00e1rios convoca assembleias para esta quinta (30) em Salvador\"}]},{\"@type\":\"WebSite\",\"@id\":\"https:\/\/2dejulhonoticias.com.br\/2jn\/#website\",\"url\":\"https:\/\/2dejulhonoticias.com.br\/2jn\/\",\"name\":\"2 de Julho Noticias - A not\u00edcia ao seu alcance\",\"description\":\"Noticias sobre Politica, Policia,Esporte,Vida e Estilo, Sa\u00fade,Moda e Beleza,Mundo da Fama,Emprego e Concursos,Arte e Cultura,Cama\u00e7ari\",\"publisher\":{\"@id\":\"https:\/\/2dejulhonoticias.com.br\/2jn\/#\/schema\/person\/a61e2ab9ae920711c9622c249b03dc16\"},\"potentialAction\":[{\"@type\":\"SearchAction\",\"target\":{\"@type\":\"EntryPoint\",\"urlTemplate\":\"https:\/\/2dejulhonoticias.com.br\/2jn\/?s={search_term_string}\"},\"query-input\":{\"@type\":\"PropertyValueSpecification\",\"valueRequired\":true,\"valueName\":\"search_term_string\"}}],\"inLanguage\":\"pt-BR\"},{\"@type\":[\"Person\",\"Organization\"],\"@id\":\"https:\/\/2dejulhonoticias.com.br\/2jn\/#\/schema\/person\/a61e2ab9ae920711c9622c249b03dc16\",\"name\":\"Reda\u00e7\u00e3o\",\"image\":{\"@type\":\"ImageObject\",\"inLanguage\":\"pt-BR\",\"@id\":\"https:\/\/2dejulhonoticias.com.br\/2jn\/wp-content\/uploads\/2020\/11\/logo2dejulho.png\",\"url\":\"https:\/\/2dejulhonoticias.com.br\/2jn\/wp-content\/uploads\/2020\/11\/logo2dejulho.png\",\"contentUrl\":\"https:\/\/2dejulhonoticias.com.br\/2jn\/wp-content\/uploads\/2020\/11\/logo2dejulho.png\",\"width\":291,\"height\":96,\"caption\":\"Reda\u00e7\u00e3o\"},\"logo\":{\"@id\":\"https:\/\/2dejulhonoticias.com.br\/2jn\/wp-content\/uploads\/2020\/11\/logo2dejulho.png\"},\"sameAs\":[\"https:\/\/www.facebook.com\/J2deJulho\",\"https:\/\/www.instagram.com\/mirobaia\/\",\"https:\/\/www.linkedin.com\/in\/mirobaia\/\",\"https:\/\/x.com\/2_julho\",\"https:\/\/www.youtube.com\/c\/MiroBaia\"]}]}<\/script>\n<!-- \/ Yoast SEO Premium plugin. -->","yoast_head_json":{"title":"Sindicato dos Rodovi\u00e1rios convoca assembleias para esta quinta (30) em Salvador - 2 de Julho Not\u00edcias","description":"Sindicato dos Rodovi\u00e1rios convoca assembleias para esta quinta (30) em Salvador","robots":{"index":"index","follow":"follow","max-snippet":"max-snippet:-1","max-image-preview":"max-image-preview:large","max-video-preview":"max-video-preview:-1"},"canonical":"https:\/\/2dejulhonoticias.com.br\/2jn\/sindicato-dos-rodoviarios-convoca-assembleias-para-esta-quinta-30-em-salvador\/","twitter_card":"summary_large_image","twitter_title":"Sindicato dos Rodovi\u00e1rios convoca assembleias para esta quinta (30) em Salvador - 2 de Julho Not\u00edcias","twitter_description":"Sindicato dos Rodovi\u00e1rios convoca assembleias para esta quinta (30) em Salvador","twitter_image":"https:\/\/2dejulhonoticias.com.br\/2jn\/wp-content\/uploads\/2025\/07\/Passageiro-reage-e-ladrao-acaba-morto-dentro-de-onibus-em-Sao-Caetano.webp","twitter_creator":"@2_julho","twitter_site":"@2_julho","twitter_misc":{"Escrito por":"Reda\u00e7\u00e3o","Est. tempo de leitura":"1 minuto"},"schema":{"@context":"https:\/\/schema.org","@graph":[{"@type":"Article","@id":"https:\/\/2dejulhonoticias.com.br\/2jn\/sindicato-dos-rodoviarios-convoca-assembleias-para-esta-quinta-30-em-salvador\/#article","isPartOf":{"@id":"https:\/\/2dejulhonoticias.com.br\/2jn\/sindicato-dos-rodoviarios-convoca-assembleias-para-esta-quinta-30-em-salvador\/"},"author":{"name":"Reda\u00e7\u00e3o","@id":"https:\/\/2dejulhonoticias.com.br\/2jn\/#\/schema\/person\/a61e2ab9ae920711c9622c249b03dc16"},"headline":"Sindicato dos Rodovi\u00e1rios convoca assembleias para esta quinta (30) em Salvador","datePublished":"2026-04-30T08:00:32+00:00","mainEntityOfPage":{"@id":"https:\/\/2dejulhonoticias.com.br\/2jn\/sindicato-dos-rodoviarios-convoca-assembleias-para-esta-quinta-30-em-salvador\/"},"wordCount":221,"publisher":{"@id":"https:\/\/2dejulhonoticias.com.br\/2jn\/#\/schema\/person\/a61e2ab9ae920711c9622c249b03dc16"},"image":{"@id":"https:\/\/2dejulhonoticias.com.br\/2jn\/sindicato-dos-rodoviarios-convoca-assembleias-para-esta-quinta-30-em-salvador\/#primaryimage"},"thumbnailUrl":"https:\/\/2dejulhonoticias.com.br\/2jn\/wp-content\/uploads\/2025\/07\/Passageiro-reage-e-ladrao-acaba-morto-dentro-de-onibus-em-Sao-Caetano.webp","keywords":["Greve de Onibus","mobiliza\u00e7\u00e3o"],"articleSection":["Economia"],"inLanguage":"pt-BR"},{"@type":"WebPage","@id":"https:\/\/2dejulhonoticias.com.br\/2jn\/sindicato-dos-rodoviarios-convoca-assembleias-para-esta-quinta-30-em-salvador\/","url":"https:\/\/2dejulhonoticias.com.br\/2jn\/sindicato-dos-rodoviarios-convoca-assembleias-para-esta-quinta-30-em-salvador\/","name":"Sindicato dos Rodovi\u00e1rios convoca assembleias para esta quinta (30) em Salvador - 2 de Julho Not\u00edcias","isPartOf":{"@id":"https:\/\/2dejulhonoticias.com.br\/2jn\/#website"},"primaryImageOfPage":{"@id":"https:\/\/2dejulhonoticias.com.br\/2jn\/sindicato-dos-rodoviarios-convoca-assembleias-para-esta-quinta-30-em-salvador\/#primaryimage"},"image":{"@id":"https:\/\/2dejulhonoticias.com.br\/2jn\/sindicato-dos-rodoviarios-convoca-assembleias-para-esta-quinta-30-em-salvador\/#primaryimage"},"thumbnailUrl":"https:\/\/2dejulhonoticias.com.br\/2jn\/wp-content\/uploads\/2025\/07\/Passageiro-reage-e-ladrao-acaba-morto-dentro-de-onibus-em-Sao-Caetano.webp","datePublished":"2026-04-30T08:00:32+00:00","description":"Sindicato dos Rodovi\u00e1rios convoca assembleias para esta quinta (30) em Salvador","breadcrumb":{"@id":"https:\/\/2dejulhonoticias.com.br\/2jn\/sindicato-dos-rodoviarios-convoca-assembleias-para-esta-quinta-30-em-salvador\/#breadcrumb"},"inLanguage":"pt-BR","potentialAction":[{"@type":"ReadAction","target":["https:\/\/2dejulhonoticias.com.br\/2jn\/sindicato-dos-rodoviarios-convoca-assembleias-para-esta-quinta-30-em-salvador\/"]}]},{"@type":"ImageObject","inLanguage":"pt-BR","@id":"https:\/\/2dejulhonoticias.com.br\/2jn\/sindicato-dos-rodoviarios-convoca-assembleias-para-esta-quinta-30-em-salvador\/#primaryimage","url":"https:\/\/2dejulhonoticias.com.br\/2jn\/wp-content\/uploads\/2025\/07\/Passageiro-reage-e-ladrao-acaba-morto-dentro-de-onibus-em-Sao-Caetano.webp","contentUrl":"https:\/\/2dejulhonoticias.com.br\/2jn\/wp-content\/uploads\/2025\/07\/Passageiro-reage-e-ladrao-acaba-morto-dentro-de-onibus-em-Sao-Caetano.webp","width":600,"height":338},{"@type":"BreadcrumbList","@id":"https:\/\/2dejulhonoticias.com.br\/2jn\/sindicato-dos-rodoviarios-convoca-assembleias-para-esta-quinta-30-em-salvador\/#breadcrumb","itemListElement":[{"@type":"ListItem","position":1,"name":"In\u00edcio","item":"https:\/\/2dejulhonoticias.com.br\/2jn\/"},{"@type":"ListItem","position":2,"name":"Sindicato dos Rodovi\u00e1rios convoca assembleias para esta quinta (30) em Salvador"}]},{"@type":"WebSite","@id":"https:\/\/2dejulhonoticias.com.br\/2jn\/#website","url":"https:\/\/2dejulhonoticias.com.br\/2jn\/","name":"2 de Julho Noticias - A not\u00edcia ao seu alcance","description":"Noticias sobre Politica, Policia,Esporte,Vida e Estilo, Sa\u00fade,Moda e Beleza,Mundo da Fama,Emprego e Concursos,Arte e Cultura,Cama\u00e7ari","publisher":{"@id":"https:\/\/2dejulhonoticias.com.br\/2jn\/#\/schema\/person\/a61e2ab9ae920711c9622c249b03dc16"},"potentialAction":[{"@type":"SearchAction","target":{"@type":"EntryPoint","urlTemplate":"https:\/\/2dejulhonoticias.com.br\/2jn\/?s={search_term_string}"},"query-input":{"@type":"PropertyValueSpecification","valueRequired":true,"valueName":"search_term_string"}}],"inLanguage":"pt-BR"},{"@type":["Person","Organization"],"@id":"https:\/\/2dejulhonoticias.com.br\/2jn\/#\/schema\/person\/a61e2ab9ae920711c9622c249b03dc16","name":"Reda\u00e7\u00e3o","image":{"@type":"ImageObject","inLanguage":"pt-BR","@id":"https:\/\/2dejulhonoticias.com.br\/2jn\/wp-content\/uploads\/2020\/11\/logo2dejulho.png","url":"https:\/\/2dejulhonoticias.com.br\/2jn\/wp-content\/uploads\/2020\/11\/logo2dejulho.png","contentUrl":"https:\/\/2dejulhonoticias.com.br\/2jn\/wp-content\/uploads\/2020\/11\/logo2dejulho.png","width":291,"height":96,"caption":"Reda\u00e7\u00e3o"},"logo":{"@id":"https:\/\/2dejulhonoticias.com.br\/2jn\/wp-content\/uploads\/2020\/11\/logo2dejulho.png"},"sameAs":["https:\/\/www.facebook.com\/J2deJulho","https:\/\/www.instagram.com\/mirobaia\/","https:\/\/www.linkedin.com\/in\/mirobaia\/","https:\/\/x.com\/2_julho","https:\/\/www.youtube.com\/c\/MiroBaia"]}]}},"_links":{"self":[{"href":"https:\/\/2dejulhonoticias.com.br\/2jn\/wp-json\/wp\/v2\/posts\/41344","targetHints":{"allow":["GET"]}}],"collection":[{"href":"https:\/\/2dejulhonoticias.com.br\/2jn\/wp-json\/wp\/v2\/posts"}],"about":[{"href":"https:\/\/2dejulhonoticias.com.br\/2jn\/wp-json\/wp\/v2\/types\/post"}],"author":[{"embeddable":true,"href":"https:\/\/2dejulhonoticias.com.br\/2jn\/wp-json\/wp\/v2\/users\/1"}],"replies":[{"embeddable":true,"href":"https:\/\/2dejulhonoticias.com.br\/2jn\/wp-json\/wp\/v2\/comments?post=41344"}],"version-history":[{"count":1,"href":"https:\/\/2dejulhonoticias.com.br\/2jn\/wp-json\/wp\/v2\/posts\/41344\/revisions"}],"predecessor-version":[{"id":41345,"href":"https:\/\/2dejulhonoticias.com.br\/2jn\/wp-json\/wp\/v2\/posts\/41344\/revisions\/41345"}],"wp:featuredmedia":[{"embeddable":true,"href":"https:\/\/2dejulhonoticias.com.br\/2jn\/wp-json\/wp\/v2\/media\/33979"}],"wp:attachment":[{"href":"https:\/\/2dejulhonoticias.com.br\/2jn\/wp-json\/wp\/v2\/media?parent=41344"}],"wp:term":[{"taxonomy":"category","embeddable":true,"href":"https:\/\/2dejulhonoticias.com.br\/2jn\/wp-json\/wp\/v2\/categories?post=41344"},{"taxonomy":"post_tag","embeddable":true,"href":"https:\/\/2dejulhonoticias.com.br\/2jn\/wp-json\/wp\/v2\/tags?post=41344"}],"curies":[{"name":"wp","href":"https:\/\/api.w.org\/{rel}","templated":true}]}}