{"id":41341,"date":"2026-04-29T18:55:26","date_gmt":"2026-04-29T21:55:26","guid":{"rendered":"https:\/\/2dejulhonoticias.com.br\/2jn\/?p=41341"},"modified":"2026-04-29T18:55:26","modified_gmt":"2026-04-29T21:55:26","slug":"policial-militar-de-folga-e-baleado-durante-festa-de-aniversario-em-camacari-na-regiao-metropolitana-de-salvador","status":"publish","type":"post","link":"https:\/\/2dejulhonoticias.com.br\/2jn\/policial-militar-de-folga-e-baleado-durante-festa-de-aniversario-em-camacari-na-regiao-metropolitana-de-salvador\/","title":{"rendered":"Policial militar de folga \u00e9 baleado durante festa de anivers\u00e1rio em Cama\u00e7ari na Regi\u00e3o Metropolitana de Salvador"},"content":{"rendered":"<div style=\"text-align: justify;\">\nUm policial militar foi baleado durante uma festa de anivers\u00e1rio na noite de quarta-feira (28), em Catu de Abrantes, em Cama\u00e7ari, na Regi\u00e3o Metropolitana de Salvador.<\/p>\n<p>Segundo a Pol\u00edcia Militar, homens armados atiraram em dire\u00e7\u00e3o a um grupo de pessoas que participava da comemora\u00e7\u00e3o, realizada na Travessa das Rosas. O policial, que estava de folga e \u00e0 paisana, foi uma das v\u00edtimas atingidas.<\/p>\n<p>\ud83d\udcf1 <a href=\"https:\/\/chat.whatsapp.com\/L8KSLsjENzl5HrgtytuzCL\"> SIGA PRA MAIS NOT\u00cdCIAS: entre na comunidade do 2JN no WhatsApp<\/a>\n<\/div>\n<div>\n<!-- GoogleAdsense --><\/p>\n<p style=\"text-align: justify;\"><span style=\"font-size: 14pt;\"><strong> LEIA TAMB\u00c9M <\/strong><\/span><\/p>\n<p><script async src=\"https:\/\/pagead2.googlesyndication.com\/pagead\/js\/adsbygoogle.js?client=ca-pub-3129804789748719\" crossorigin=\"anonymous\"><\/script><br \/>\n<!-- Anuncio horizontal responsivo --><br \/>\n<ins class=\"adsbygoogle\" style=\"display: block;\" data-ad-client=\"ca-pub-3129804789748719\" data-ad-slot=\"1473312501\" data-ad-format=\"auto\" data-full-width-responsive=\"true\"><\/ins><br \/>\n<script>\n     (adsbygoogle = window.adsbygoogle || []).push({});\n<\/script>\n<\/div>\n<div style=\"text-align: justify;\">\n<div class=\"related bk-inline-post-box alignleft\" style=\"color: #fcfcfc; background-color: #fac8c8;\"><ul class=\"list-small-post row\"><li class=\"small-post content_out clearfix\">                        <div class=\"small-thumbnail-wrapper\">\n                <div class=\"thumb hide-thumb term-87\"><a href=\"https:\/\/2dejulhonoticias.com.br\/2jn\/policial-militar-fica-ferido-e-suspeito-morre-apos-troca-de-tiros-na-ilha-de-itaparica-nesta-segunda-27\/\"><img decoding=\"async\" width=\"90\" height=\"65\" src=\"https:\/\/2dejulhonoticias.com.br\/2jn\/wp-content\/uploads\/2026\/04\/confronto-itaparica-27042026-90x65.webp\" class=\"attachment-rubik-90-65 size-rubik-90-65 wp-post-image\" alt=\"\" \/><div class=\"rubik-post-icon-wrap\"><\/div><\/a> <!-- close a tag --><\/div> <!-- close thumb -->            <\/div>\n                        <div class=\"post-c-wrap\">\n                                \n                <h4 class=\"title\"><a class=\"term-87\" href=\"https:\/\/2dejulhonoticias.com.br\/2jn\/policial-militar-fica-ferido-e-suspeito-morre-apos-troca-de-tiros-na-ilha-de-itaparica-nesta-segunda-27\/\">Policial militar fica ferido e suspeito morre ap\u00f3s troca de tiros na Ilha de Itaparica ...<\/a><\/h4>                <div class=\"meta\"><div class=\"post-date\">28 de abril de 2026<\/div><\/div> \n            <\/div>\n            <\/li><!-- End post --><li class=\"small-post content_out clearfix\">                        <div class=\"small-thumbnail-wrapper\">\n                <div class=\"thumb hide-thumb term-77\"><a href=\"https:\/\/2dejulhonoticias.com.br\/2jn\/buscas-por-conta-propria-familia-de-homem-desaparecido-apos-afogamento-em-camacari-nesta-segunda-27-04-pede-apoio-das-autoridades\/\"><img decoding=\"async\" width=\"90\" height=\"65\" src=\"https:\/\/2dejulhonoticias.com.br\/2jn\/wp-content\/uploads\/2026\/04\/afogamento-itacimirim-27042026-90x65.webp\" class=\"attachment-rubik-90-65 size-rubik-90-65 wp-post-image\" alt=\"\" \/><div class=\"rubik-post-icon-wrap\"><\/div><\/a> <!-- close a tag --><\/div> <!-- close thumb -->            <\/div>\n                        <div class=\"post-c-wrap\">\n                                \n                <h4 class=\"title\"><a class=\"term-77\" href=\"https:\/\/2dejulhonoticias.com.br\/2jn\/buscas-por-conta-propria-familia-de-homem-desaparecido-apos-afogamento-em-camacari-nesta-segunda-27-04-pede-apoio-das-autoridades\/\">BUSCAS POR CONTA PR\u00d3PRIA: fam\u00edlia de homem desaparecido ap\u00f3s afogamento em Cama\u00e7ari nesta segunda (27\/04); ...<\/a><\/h4>                <div class=\"meta\"><div class=\"post-date\">28 de abril de 2026<\/div><\/div> \n            <\/div>\n            <\/li><!-- End post --><li class=\"small-post content_out clearfix\">                        <div class=\"small-thumbnail-wrapper\">\n                <div class=\"thumb hide-thumb term-77\"><a href=\"https:\/\/2dejulhonoticias.com.br\/2jn\/homem-morre-apos-esfaquear-seguranca-e-ser-baleado-no-forum-eleitoral-de-camacari-nesta-segunda-27-04\/\"><img decoding=\"async\" width=\"90\" height=\"65\" src=\"https:\/\/2dejulhonoticias.com.br\/2jn\/wp-content\/uploads\/2026\/04\/tre-cammacari-90x65.webp\" class=\"attachment-rubik-90-65 size-rubik-90-65 wp-post-image\" alt=\"TRE Cama\u00e7ari\" \/><div class=\"rubik-post-icon-wrap\"><\/div><\/a> <!-- close a tag --><\/div> <!-- close thumb -->            <\/div>\n                        <div class=\"post-c-wrap\">\n                                \n                <h4 class=\"title\"><a class=\"term-77\" href=\"https:\/\/2dejulhonoticias.com.br\/2jn\/homem-morre-apos-esfaquear-seguranca-e-ser-baleado-no-forum-eleitoral-de-camacari-nesta-segunda-27-04\/\">Homem morre ap\u00f3s esfaquear seguran\u00e7a e ser baleado no F\u00f3rum Eleitoral de Cama\u00e7ari nesta segunda ...<\/a><\/h4>                <div class=\"meta\"><div class=\"post-date\">28 de abril de 2026<\/div><\/div> \n            <\/div>\n            <\/li><!-- End post --><\/ul> <!-- End list-post --><\/div><br \/>\nEquipes da 59\u00aa Companhia Independente da Pol\u00edcia Militar (CIPM) foram acionadas pelo Centro Integrado de Comunica\u00e7\u00f5es (Cicom) para atender a ocorr\u00eancia e, ao chegarem ao local, confirmaram que duas pessoas haviam sido baleadas e j\u00e1 tinham sido socorridas por populares.<\/p>\n<p>O policial foi atingido em um dos bra\u00e7os e recebeu os primeiros atendimentos no Hospital Menandro de Farias, em Lauro de Freitas. Depois, ele foi transferido para o Hospital Geral do Estado (HGE), em Salvador, onde passou por um procedimento cir\u00fargico para reconstru\u00e7\u00e3o arterial.<\/p>\n<p>Conforme a PM, o quadro de sa\u00fade dele \u00e9 est\u00e1vel e n\u00e3o h\u00e1 risco de morte. A corpora\u00e7\u00e3o informou ainda que o militar segue assistido e acompanhado pela institui\u00e7\u00e3o. A outra v\u00edtima baleada n\u00e3o teve identidade, nem estado de sa\u00fade divulgados.<\/p>\n<p>A Pol\u00edcia Militar informou que equipes ordin\u00e1rias e especializadas refor\u00e7aram o policiamento na regi\u00e3o com a\u00e7\u00f5es intensivas e abordagens preventivas para tentar localizar os suspeitos e restabelecer a tranquilidade na localidade.<\/p>\n<p>Em nota, a Pol\u00edcia Civil informou que o caso \u00e9 investigado pela 26\u00aa Delegacia Territorial (DT\/Vila de Abrantes). Dilig\u00eancias est\u00e3o em andamento para identificar a autoria e a motiva\u00e7\u00e3o do crime.<\/p>\n<p><a href=\"#\">Policial militar de folga \u00e9 baleado durante festa de anivers\u00e1rio em Cama\u00e7ari na Regi\u00e3o Metropolitana de Salvador<\/a>\n<\/div>\n<hr \/>\n<p><!-- banner meio--><\/p>\n<div><script async src=\"https:\/\/pagead2.googlesyndication.com\/pagead\/js\/adsbygoogle.js?client=ca-pub-3129804789748719\" crossorigin=\"anonymous\"><\/script><br \/>\n<!-- Banner quadrado responsivo --><br \/>\n<ins class=\"adsbygoogle\" style=\"display: block;\" data-ad-client=\"ca-pub-3129804789748719\" data-ad-slot=\"2076857862\" data-ad-format=\"auto\" data-full-width-responsive=\"true\"><\/ins><br \/>\n<script>\n     (adsbygoogle = window.adsbygoogle || []).push({});\n<\/script><\/div>\n<p><!-- banner meio responsivo --><\/p>\n<hr \/>\n<p><!-- RODAP\u00c9 DA NOTICIA --><\/p>\n<div><strong> Siga a coluna no <a href=\"https:\/\/www.facebook.com\/jornal2jn\" target=\"_blank\" rel=\"noopener\">Facebook<\/a> e no <a href=\"https:\/\/www.instagram.com\/jornal2dejulho\/\" target=\"_blank\" rel=\"noopener\">Instagram<\/a> para n\u00e3o perder nada.<\/strong><\/div>\n<p style=\"text-align: right;\"><em> por Reda\u00e7\u00e3o 2JN <\/em><\/p>\n<p><!--\n\nO 2 de Julho Noticias \u00e9 um Jornal Independente, pois n\u00e3o tem apoios Pol\u00edticos Partid\u00e1rios, de Prefeitura e nem de Comercio, e precisa de seu apoio, caso possa em assinar nosso Livro de Parceiros e Colaboradores.\nSua colabora\u00e7\u00e3o \u00e9 muito importante para nossa continuidade! Chave PIX EMAIL: parceiro@2dejulhonoticias.com.br\n\n--><\/p>\n<hr \/>\n<p><!-- banner meio responsivo--><br \/>\n<script async src=\"https:\/\/pagead2.googlesyndication.com\/pagead\/js\/adsbygoogle.js?client=ca-pub-3129804789748719\" crossorigin=\"anonymous\"><\/script><br \/>\n<!-- banner 728x90 2jn --><br \/>\n<ins class=\"adsbygoogle\" style=\"display: inline-block; width: 728px; height: 90px;\" data-ad-client=\"ca-pub-3129804789748719\" data-ad-slot=\"1383288950\"><\/ins><br \/>\n<script>\n     (adsbygoogle = window.adsbygoogle || []).push({});\n<\/script><\/p>\n<p style=\"text-align: justify;\"><span style=\"font-size: 14pt;\"><strong> LEIA TAMB\u00c9M <\/strong><\/span><\/p>\n<p><!-- banner meio responsivo--><br \/>\n<script async src=\"https:\/\/pagead2.googlesyndication.com\/pagead\/js\/adsbygoogle.js?client=ca-pub-3129804789748719\" crossorigin=\"anonymous\"><\/script><br \/>\n<!-- banner 728x90 2jn --><br \/>\n<ins class=\"adsbygoogle\" style=\"display: inline-block; width: 728px; height: 90px;\" data-ad-client=\"ca-pub-3129804789748719\" data-ad-slot=\"1383288950\"><\/ins><br \/>\n<script>\n     (adsbygoogle = window.adsbygoogle || []).push({});\n<\/script><br \/>\n<amp-ad width=\"100vw\" height=\"320\"\n     type=\"adsense\"\n     data-ad-client=\"ca-pub-3129804789748719\"\n     data-ad-slot=\"4367194841\"\n     data-auto-format=\"mcrspv\"\n     data-full-width=\"\"><\/p>\n<div overflow=\"\"><\/div>\n<p><\/amp-ad><br \/>\n<amp-ad\n     layout=\"fixed\"\n     width=\"728\"\n     height=\"90\"\n     type=\"adsense\"\n     data-ad-client=\"ca-pub-3129804789748719\"\n     data-ad-slot=\"1383288950\"><br \/>\n<\/amp-ad><\/p>\n","protected":false},"excerpt":{"rendered":"<p>Um policial militar foi baleado durante uma festa de anivers\u00e1rio na noite de quarta-feira (28), em Catu de Abrantes, em Cama\u00e7ari, na Regi\u00e3o Metropolitana de Salvador. Segundo a Pol\u00edcia Militar, homens armados atiraram em dire\u00e7\u00e3o a um grupo de pessoas que participava da comemora\u00e7\u00e3o, realizada na Travessa das Rosas. O policial, que estava de folga e \u00e0 paisana, foi uma das v\u00edtimas atingidas. \ud83d\udcf1 SIGA PRA MAIS NOT\u00cdCIAS: entre na comunidade do 2JN no WhatsApp LEIA TAMB\u00c9M Equipes da 59\u00aa Companhia Independente da Pol\u00edcia Militar (CIPM) foram acionadas pelo Centro Integrado de Comunica\u00e7\u00f5es (Cicom) para atender a ocorr\u00eancia e, ao [&hellip;]<\/p>\n","protected":false},"author":1,"featured_media":41342,"comment_status":"closed","ping_status":"open","sticky":false,"template":"","format":"standard","meta":{"footnotes":""},"categories":[77,87],"tags":[5704],"class_list":["post-41341","post","type-post","status-publish","format-standard","has-post-thumbnail","hentry","category-camacari","category-policia","tag-catu-de-abrantes-camacari"],"yoast_head":"<!-- This site is optimized with the Yoast SEO Premium plugin v23.7 (Yoast SEO v27.2) - https:\/\/yoast.com\/product\/yoast-seo-premium-wordpress\/ -->\n<title>Policial militar de folga \u00e9 baleado durante festa de anivers\u00e1rio em Cama\u00e7ari na Regi\u00e3o Metropolitana de Salvador - 2 de Julho Not\u00edcias<\/title>\n<meta name=\"description\" content=\"Policial militar de folga \u00e9 baleado durante festa de anivers\u00e1rio em Cama\u00e7ari, na Regi\u00e3o Metropolitana de Salvador\" \/>\n<meta name=\"robots\" content=\"index, follow, max-snippet:-1, max-image-preview:large, max-video-preview:-1\" \/>\n<link rel=\"canonical\" href=\"https:\/\/2dejulhonoticias.com.br\/2jn\/policial-militar-de-folga-e-baleado-durante-festa-de-aniversario-em-camacari-na-regiao-metropolitana-de-salvador\/\" \/>\n<meta name=\"twitter:card\" content=\"summary_large_image\" \/>\n<meta name=\"twitter:title\" content=\"Policial militar de folga \u00e9 baleado durante festa de anivers\u00e1rio em Cama\u00e7ari na Regi\u00e3o Metropolitana de Salvador - 2 de Julho Not\u00edcias\" \/>\n<meta name=\"twitter:description\" content=\"Policial militar de folga \u00e9 baleado durante festa de anivers\u00e1rio em Cama\u00e7ari, na Regi\u00e3o Metropolitana de Salvador\" \/>\n<meta name=\"twitter:image\" content=\"https:\/\/2dejulhonoticias.com.br\/2jn\/wp-content\/uploads\/2026\/04\/26a-Delegacia-Territorial-de-Vila-de-Abrantes.webp\" \/>\n<meta name=\"twitter:creator\" content=\"@2_julho\" \/>\n<meta name=\"twitter:site\" content=\"@2_julho\" \/>\n<meta name=\"twitter:label1\" content=\"Escrito por\" \/>\n\t<meta name=\"twitter:data1\" content=\"Reda\u00e7\u00e3o\" \/>\n\t<meta name=\"twitter:label2\" content=\"Est. tempo de leitura\" \/>\n\t<meta name=\"twitter:data2\" content=\"1 minuto\" \/>\n<script type=\"application\/ld+json\" class=\"yoast-schema-graph\">{\"@context\":\"https:\/\/schema.org\",\"@graph\":[{\"@type\":\"Article\",\"@id\":\"https:\/\/2dejulhonoticias.com.br\/2jn\/policial-militar-de-folga-e-baleado-durante-festa-de-aniversario-em-camacari-na-regiao-metropolitana-de-salvador\/#article\",\"isPartOf\":{\"@id\":\"https:\/\/2dejulhonoticias.com.br\/2jn\/policial-militar-de-folga-e-baleado-durante-festa-de-aniversario-em-camacari-na-regiao-metropolitana-de-salvador\/\"},\"author\":{\"name\":\"Reda\u00e7\u00e3o\",\"@id\":\"https:\/\/2dejulhonoticias.com.br\/2jn\/#\/schema\/person\/a61e2ab9ae920711c9622c249b03dc16\"},\"headline\":\"Policial militar de folga \u00e9 baleado durante festa de anivers\u00e1rio em Cama\u00e7ari na Regi\u00e3o Metropolitana de Salvador\",\"datePublished\":\"2026-04-29T21:55:26+00:00\",\"mainEntityOfPage\":{\"@id\":\"https:\/\/2dejulhonoticias.com.br\/2jn\/policial-militar-de-folga-e-baleado-durante-festa-de-aniversario-em-camacari-na-regiao-metropolitana-de-salvador\/\"},\"wordCount\":363,\"publisher\":{\"@id\":\"https:\/\/2dejulhonoticias.com.br\/2jn\/#\/schema\/person\/a61e2ab9ae920711c9622c249b03dc16\"},\"image\":{\"@id\":\"https:\/\/2dejulhonoticias.com.br\/2jn\/policial-militar-de-folga-e-baleado-durante-festa-de-aniversario-em-camacari-na-regiao-metropolitana-de-salvador\/#primaryimage\"},\"thumbnailUrl\":\"https:\/\/2dejulhonoticias.com.br\/2jn\/wp-content\/uploads\/2026\/04\/26a-Delegacia-Territorial-de-Vila-de-Abrantes.webp\",\"keywords\":[\"Catu de Abrantes - Cama\u00e7ari\"],\"articleSection\":[\"Cama\u00e7ari\",\"Policia\"],\"inLanguage\":\"pt-BR\"},{\"@type\":\"WebPage\",\"@id\":\"https:\/\/2dejulhonoticias.com.br\/2jn\/policial-militar-de-folga-e-baleado-durante-festa-de-aniversario-em-camacari-na-regiao-metropolitana-de-salvador\/\",\"url\":\"https:\/\/2dejulhonoticias.com.br\/2jn\/policial-militar-de-folga-e-baleado-durante-festa-de-aniversario-em-camacari-na-regiao-metropolitana-de-salvador\/\",\"name\":\"Policial militar de folga \u00e9 baleado durante festa de anivers\u00e1rio em Cama\u00e7ari na Regi\u00e3o Metropolitana de Salvador - 2 de Julho Not\u00edcias\",\"isPartOf\":{\"@id\":\"https:\/\/2dejulhonoticias.com.br\/2jn\/#website\"},\"primaryImageOfPage\":{\"@id\":\"https:\/\/2dejulhonoticias.com.br\/2jn\/policial-militar-de-folga-e-baleado-durante-festa-de-aniversario-em-camacari-na-regiao-metropolitana-de-salvador\/#primaryimage\"},\"image\":{\"@id\":\"https:\/\/2dejulhonoticias.com.br\/2jn\/policial-militar-de-folga-e-baleado-durante-festa-de-aniversario-em-camacari-na-regiao-metropolitana-de-salvador\/#primaryimage\"},\"thumbnailUrl\":\"https:\/\/2dejulhonoticias.com.br\/2jn\/wp-content\/uploads\/2026\/04\/26a-Delegacia-Territorial-de-Vila-de-Abrantes.webp\",\"datePublished\":\"2026-04-29T21:55:26+00:00\",\"description\":\"Policial militar de folga \u00e9 baleado durante festa de anivers\u00e1rio em Cama\u00e7ari, na Regi\u00e3o Metropolitana de Salvador\",\"breadcrumb\":{\"@id\":\"https:\/\/2dejulhonoticias.com.br\/2jn\/policial-militar-de-folga-e-baleado-durante-festa-de-aniversario-em-camacari-na-regiao-metropolitana-de-salvador\/#breadcrumb\"},\"inLanguage\":\"pt-BR\",\"potentialAction\":[{\"@type\":\"ReadAction\",\"target\":[\"https:\/\/2dejulhonoticias.com.br\/2jn\/policial-militar-de-folga-e-baleado-durante-festa-de-aniversario-em-camacari-na-regiao-metropolitana-de-salvador\/\"]}]},{\"@type\":\"ImageObject\",\"inLanguage\":\"pt-BR\",\"@id\":\"https:\/\/2dejulhonoticias.com.br\/2jn\/policial-militar-de-folga-e-baleado-durante-festa-de-aniversario-em-camacari-na-regiao-metropolitana-de-salvador\/#primaryimage\",\"url\":\"https:\/\/2dejulhonoticias.com.br\/2jn\/wp-content\/uploads\/2026\/04\/26a-Delegacia-Territorial-de-Vila-de-Abrantes.webp\",\"contentUrl\":\"https:\/\/2dejulhonoticias.com.br\/2jn\/wp-content\/uploads\/2026\/04\/26a-Delegacia-Territorial-de-Vila-de-Abrantes.webp\",\"width\":600,\"height\":369},{\"@type\":\"BreadcrumbList\",\"@id\":\"https:\/\/2dejulhonoticias.com.br\/2jn\/policial-militar-de-folga-e-baleado-durante-festa-de-aniversario-em-camacari-na-regiao-metropolitana-de-salvador\/#breadcrumb\",\"itemListElement\":[{\"@type\":\"ListItem\",\"position\":1,\"name\":\"In\u00edcio\",\"item\":\"https:\/\/2dejulhonoticias.com.br\/2jn\/\"},{\"@type\":\"ListItem\",\"position\":2,\"name\":\"Policial militar de folga \u00e9 baleado durante festa de anivers\u00e1rio em Cama\u00e7ari na Regi\u00e3o Metropolitana de Salvador\"}]},{\"@type\":\"WebSite\",\"@id\":\"https:\/\/2dejulhonoticias.com.br\/2jn\/#website\",\"url\":\"https:\/\/2dejulhonoticias.com.br\/2jn\/\",\"name\":\"2 de Julho Noticias - A not\u00edcia ao seu alcance\",\"description\":\"Noticias sobre Politica, Policia,Esporte,Vida e Estilo, Sa\u00fade,Moda e Beleza,Mundo da Fama,Emprego e Concursos,Arte e Cultura,Cama\u00e7ari\",\"publisher\":{\"@id\":\"https:\/\/2dejulhonoticias.com.br\/2jn\/#\/schema\/person\/a61e2ab9ae920711c9622c249b03dc16\"},\"potentialAction\":[{\"@type\":\"SearchAction\",\"target\":{\"@type\":\"EntryPoint\",\"urlTemplate\":\"https:\/\/2dejulhonoticias.com.br\/2jn\/?s={search_term_string}\"},\"query-input\":{\"@type\":\"PropertyValueSpecification\",\"valueRequired\":true,\"valueName\":\"search_term_string\"}}],\"inLanguage\":\"pt-BR\"},{\"@type\":[\"Person\",\"Organization\"],\"@id\":\"https:\/\/2dejulhonoticias.com.br\/2jn\/#\/schema\/person\/a61e2ab9ae920711c9622c249b03dc16\",\"name\":\"Reda\u00e7\u00e3o\",\"image\":{\"@type\":\"ImageObject\",\"inLanguage\":\"pt-BR\",\"@id\":\"https:\/\/2dejulhonoticias.com.br\/2jn\/wp-content\/uploads\/2020\/11\/logo2dejulho.png\",\"url\":\"https:\/\/2dejulhonoticias.com.br\/2jn\/wp-content\/uploads\/2020\/11\/logo2dejulho.png\",\"contentUrl\":\"https:\/\/2dejulhonoticias.com.br\/2jn\/wp-content\/uploads\/2020\/11\/logo2dejulho.png\",\"width\":291,\"height\":96,\"caption\":\"Reda\u00e7\u00e3o\"},\"logo\":{\"@id\":\"https:\/\/2dejulhonoticias.com.br\/2jn\/wp-content\/uploads\/2020\/11\/logo2dejulho.png\"},\"sameAs\":[\"https:\/\/www.facebook.com\/J2deJulho\",\"https:\/\/www.instagram.com\/mirobaia\/\",\"https:\/\/www.linkedin.com\/in\/mirobaia\/\",\"https:\/\/x.com\/2_julho\",\"https:\/\/www.youtube.com\/c\/MiroBaia\"]}]}<\/script>\n<!-- \/ Yoast SEO Premium plugin. -->","yoast_head_json":{"title":"Policial militar de folga \u00e9 baleado durante festa de anivers\u00e1rio em Cama\u00e7ari na Regi\u00e3o Metropolitana de Salvador - 2 de Julho Not\u00edcias","description":"Policial militar de folga \u00e9 baleado durante festa de anivers\u00e1rio em Cama\u00e7ari, na Regi\u00e3o Metropolitana de Salvador","robots":{"index":"index","follow":"follow","max-snippet":"max-snippet:-1","max-image-preview":"max-image-preview:large","max-video-preview":"max-video-preview:-1"},"canonical":"https:\/\/2dejulhonoticias.com.br\/2jn\/policial-militar-de-folga-e-baleado-durante-festa-de-aniversario-em-camacari-na-regiao-metropolitana-de-salvador\/","twitter_card":"summary_large_image","twitter_title":"Policial militar de folga \u00e9 baleado durante festa de anivers\u00e1rio em Cama\u00e7ari na Regi\u00e3o Metropolitana de Salvador - 2 de Julho Not\u00edcias","twitter_description":"Policial militar de folga \u00e9 baleado durante festa de anivers\u00e1rio em Cama\u00e7ari, na Regi\u00e3o Metropolitana de Salvador","twitter_image":"https:\/\/2dejulhonoticias.com.br\/2jn\/wp-content\/uploads\/2026\/04\/26a-Delegacia-Territorial-de-Vila-de-Abrantes.webp","twitter_creator":"@2_julho","twitter_site":"@2_julho","twitter_misc":{"Escrito por":"Reda\u00e7\u00e3o","Est. tempo de leitura":"1 minuto"},"schema":{"@context":"https:\/\/schema.org","@graph":[{"@type":"Article","@id":"https:\/\/2dejulhonoticias.com.br\/2jn\/policial-militar-de-folga-e-baleado-durante-festa-de-aniversario-em-camacari-na-regiao-metropolitana-de-salvador\/#article","isPartOf":{"@id":"https:\/\/2dejulhonoticias.com.br\/2jn\/policial-militar-de-folga-e-baleado-durante-festa-de-aniversario-em-camacari-na-regiao-metropolitana-de-salvador\/"},"author":{"name":"Reda\u00e7\u00e3o","@id":"https:\/\/2dejulhonoticias.com.br\/2jn\/#\/schema\/person\/a61e2ab9ae920711c9622c249b03dc16"},"headline":"Policial militar de folga \u00e9 baleado durante festa de anivers\u00e1rio em Cama\u00e7ari na Regi\u00e3o Metropolitana de Salvador","datePublished":"2026-04-29T21:55:26+00:00","mainEntityOfPage":{"@id":"https:\/\/2dejulhonoticias.com.br\/2jn\/policial-militar-de-folga-e-baleado-durante-festa-de-aniversario-em-camacari-na-regiao-metropolitana-de-salvador\/"},"wordCount":363,"publisher":{"@id":"https:\/\/2dejulhonoticias.com.br\/2jn\/#\/schema\/person\/a61e2ab9ae920711c9622c249b03dc16"},"image":{"@id":"https:\/\/2dejulhonoticias.com.br\/2jn\/policial-militar-de-folga-e-baleado-durante-festa-de-aniversario-em-camacari-na-regiao-metropolitana-de-salvador\/#primaryimage"},"thumbnailUrl":"https:\/\/2dejulhonoticias.com.br\/2jn\/wp-content\/uploads\/2026\/04\/26a-Delegacia-Territorial-de-Vila-de-Abrantes.webp","keywords":["Catu de Abrantes - Cama\u00e7ari"],"articleSection":["Cama\u00e7ari","Policia"],"inLanguage":"pt-BR"},{"@type":"WebPage","@id":"https:\/\/2dejulhonoticias.com.br\/2jn\/policial-militar-de-folga-e-baleado-durante-festa-de-aniversario-em-camacari-na-regiao-metropolitana-de-salvador\/","url":"https:\/\/2dejulhonoticias.com.br\/2jn\/policial-militar-de-folga-e-baleado-durante-festa-de-aniversario-em-camacari-na-regiao-metropolitana-de-salvador\/","name":"Policial militar de folga \u00e9 baleado durante festa de anivers\u00e1rio em Cama\u00e7ari na Regi\u00e3o Metropolitana de Salvador - 2 de Julho Not\u00edcias","isPartOf":{"@id":"https:\/\/2dejulhonoticias.com.br\/2jn\/#website"},"primaryImageOfPage":{"@id":"https:\/\/2dejulhonoticias.com.br\/2jn\/policial-militar-de-folga-e-baleado-durante-festa-de-aniversario-em-camacari-na-regiao-metropolitana-de-salvador\/#primaryimage"},"image":{"@id":"https:\/\/2dejulhonoticias.com.br\/2jn\/policial-militar-de-folga-e-baleado-durante-festa-de-aniversario-em-camacari-na-regiao-metropolitana-de-salvador\/#primaryimage"},"thumbnailUrl":"https:\/\/2dejulhonoticias.com.br\/2jn\/wp-content\/uploads\/2026\/04\/26a-Delegacia-Territorial-de-Vila-de-Abrantes.webp","datePublished":"2026-04-29T21:55:26+00:00","description":"Policial militar de folga \u00e9 baleado durante festa de anivers\u00e1rio em Cama\u00e7ari, na Regi\u00e3o Metropolitana de Salvador","breadcrumb":{"@id":"https:\/\/2dejulhonoticias.com.br\/2jn\/policial-militar-de-folga-e-baleado-durante-festa-de-aniversario-em-camacari-na-regiao-metropolitana-de-salvador\/#breadcrumb"},"inLanguage":"pt-BR","potentialAction":[{"@type":"ReadAction","target":["https:\/\/2dejulhonoticias.com.br\/2jn\/policial-militar-de-folga-e-baleado-durante-festa-de-aniversario-em-camacari-na-regiao-metropolitana-de-salvador\/"]}]},{"@type":"ImageObject","inLanguage":"pt-BR","@id":"https:\/\/2dejulhonoticias.com.br\/2jn\/policial-militar-de-folga-e-baleado-durante-festa-de-aniversario-em-camacari-na-regiao-metropolitana-de-salvador\/#primaryimage","url":"https:\/\/2dejulhonoticias.com.br\/2jn\/wp-content\/uploads\/2026\/04\/26a-Delegacia-Territorial-de-Vila-de-Abrantes.webp","contentUrl":"https:\/\/2dejulhonoticias.com.br\/2jn\/wp-content\/uploads\/2026\/04\/26a-Delegacia-Territorial-de-Vila-de-Abrantes.webp","width":600,"height":369},{"@type":"BreadcrumbList","@id":"https:\/\/2dejulhonoticias.com.br\/2jn\/policial-militar-de-folga-e-baleado-durante-festa-de-aniversario-em-camacari-na-regiao-metropolitana-de-salvador\/#breadcrumb","itemListElement":[{"@type":"ListItem","position":1,"name":"In\u00edcio","item":"https:\/\/2dejulhonoticias.com.br\/2jn\/"},{"@type":"ListItem","position":2,"name":"Policial militar de folga \u00e9 baleado durante festa de anivers\u00e1rio em Cama\u00e7ari na Regi\u00e3o Metropolitana de Salvador"}]},{"@type":"WebSite","@id":"https:\/\/2dejulhonoticias.com.br\/2jn\/#website","url":"https:\/\/2dejulhonoticias.com.br\/2jn\/","name":"2 de Julho Noticias - A not\u00edcia ao seu alcance","description":"Noticias sobre Politica, Policia,Esporte,Vida e Estilo, Sa\u00fade,Moda e Beleza,Mundo da Fama,Emprego e Concursos,Arte e Cultura,Cama\u00e7ari","publisher":{"@id":"https:\/\/2dejulhonoticias.com.br\/2jn\/#\/schema\/person\/a61e2ab9ae920711c9622c249b03dc16"},"potentialAction":[{"@type":"SearchAction","target":{"@type":"EntryPoint","urlTemplate":"https:\/\/2dejulhonoticias.com.br\/2jn\/?s={search_term_string}"},"query-input":{"@type":"PropertyValueSpecification","valueRequired":true,"valueName":"search_term_string"}}],"inLanguage":"pt-BR"},{"@type":["Person","Organization"],"@id":"https:\/\/2dejulhonoticias.com.br\/2jn\/#\/schema\/person\/a61e2ab9ae920711c9622c249b03dc16","name":"Reda\u00e7\u00e3o","image":{"@type":"ImageObject","inLanguage":"pt-BR","@id":"https:\/\/2dejulhonoticias.com.br\/2jn\/wp-content\/uploads\/2020\/11\/logo2dejulho.png","url":"https:\/\/2dejulhonoticias.com.br\/2jn\/wp-content\/uploads\/2020\/11\/logo2dejulho.png","contentUrl":"https:\/\/2dejulhonoticias.com.br\/2jn\/wp-content\/uploads\/2020\/11\/logo2dejulho.png","width":291,"height":96,"caption":"Reda\u00e7\u00e3o"},"logo":{"@id":"https:\/\/2dejulhonoticias.com.br\/2jn\/wp-content\/uploads\/2020\/11\/logo2dejulho.png"},"sameAs":["https:\/\/www.facebook.com\/J2deJulho","https:\/\/www.instagram.com\/mirobaia\/","https:\/\/www.linkedin.com\/in\/mirobaia\/","https:\/\/x.com\/2_julho","https:\/\/www.youtube.com\/c\/MiroBaia"]}]}},"_links":{"self":[{"href":"https:\/\/2dejulhonoticias.com.br\/2jn\/wp-json\/wp\/v2\/posts\/41341","targetHints":{"allow":["GET"]}}],"collection":[{"href":"https:\/\/2dejulhonoticias.com.br\/2jn\/wp-json\/wp\/v2\/posts"}],"about":[{"href":"https:\/\/2dejulhonoticias.com.br\/2jn\/wp-json\/wp\/v2\/types\/post"}],"author":[{"embeddable":true,"href":"https:\/\/2dejulhonoticias.com.br\/2jn\/wp-json\/wp\/v2\/users\/1"}],"replies":[{"embeddable":true,"href":"https:\/\/2dejulhonoticias.com.br\/2jn\/wp-json\/wp\/v2\/comments?post=41341"}],"version-history":[{"count":1,"href":"https:\/\/2dejulhonoticias.com.br\/2jn\/wp-json\/wp\/v2\/posts\/41341\/revisions"}],"predecessor-version":[{"id":41343,"href":"https:\/\/2dejulhonoticias.com.br\/2jn\/wp-json\/wp\/v2\/posts\/41341\/revisions\/41343"}],"wp:featuredmedia":[{"embeddable":true,"href":"https:\/\/2dejulhonoticias.com.br\/2jn\/wp-json\/wp\/v2\/media\/41342"}],"wp:attachment":[{"href":"https:\/\/2dejulhonoticias.com.br\/2jn\/wp-json\/wp\/v2\/media?parent=41341"}],"wp:term":[{"taxonomy":"category","embeddable":true,"href":"https:\/\/2dejulhonoticias.com.br\/2jn\/wp-json\/wp\/v2\/categories?post=41341"},{"taxonomy":"post_tag","embeddable":true,"href":"https:\/\/2dejulhonoticias.com.br\/2jn\/wp-json\/wp\/v2\/tags?post=41341"}],"curies":[{"name":"wp","href":"https:\/\/api.w.org\/{rel}","templated":true}]}}