{"id":41337,"date":"2026-04-28T09:03:01","date_gmt":"2026-04-28T12:03:01","guid":{"rendered":"https:\/\/2dejulhonoticias.com.br\/2jn\/?p=41337"},"modified":"2026-04-28T09:03:01","modified_gmt":"2026-04-28T12:03:01","slug":"policial-militar-fica-ferido-e-suspeito-morre-apos-troca-de-tiros-na-ilha-de-itaparica-nesta-segunda-27","status":"publish","type":"post","link":"https:\/\/2dejulhonoticias.com.br\/2jn\/policial-militar-fica-ferido-e-suspeito-morre-apos-troca-de-tiros-na-ilha-de-itaparica-nesta-segunda-27\/","title":{"rendered":"Policial militar fica ferido e suspeito morre ap\u00f3s troca de tiros na Ilha de Itaparica nesta segunda (27)"},"content":{"rendered":"<div style=\"text-align: justify;\">\nUm policial militar ficou ferido e um suspeito morreu ap\u00f3s uma troca de tiros na segunda-feira (27), na Ilha de Itaparica.<\/p>\n<p>Segundo informa\u00e7\u00f5es da Pol\u00edcia Militar, durante atendimento a um acidente de tr\u00e2nsito nas proximidades da localidade de Tairu, equipes do 23\u00ba BPM, encontraram com um policial do 14\u00ba BPM que acompanhava um carro, roubado por homens armados no munic\u00edpio de Nazar\u00e9 e deslocado em dire\u00e7\u00e3o \u00e0 Ilha de Itaparica.<\/p>\n<p>\ud83d\udcf1 <a href=\"https:\/\/chat.whatsapp.com\/L8KSLsjENzl5HrgtytuzCL\"> SIGA PRA MAIS NOT\u00cdCIAS: entre na comunidade do 2JN no WhatsApp<\/a>\n<\/div>\n<div>\n<!-- GoogleAdsense --><\/p>\n<p style=\"text-align: justify;\"><span style=\"font-size: 14pt;\"><strong> LEIA TAMB\u00c9M <\/strong><\/span><\/p>\n<p><script async src=\"https:\/\/pagead2.googlesyndication.com\/pagead\/js\/adsbygoogle.js?client=ca-pub-3129804789748719\" crossorigin=\"anonymous\"><\/script><br \/>\n<!-- Anuncio horizontal responsivo --><br \/>\n<ins class=\"adsbygoogle\" style=\"display: block;\" data-ad-client=\"ca-pub-3129804789748719\" data-ad-slot=\"1473312501\" data-ad-format=\"auto\" data-full-width-responsive=\"true\"><\/ins><br \/>\n<script>\n     (adsbygoogle = window.adsbygoogle || []).push({});\n<\/script>\n<\/div>\n<div style=\"text-align: justify;\">\n<div class=\"related bk-inline-post-box alignleft\" style=\"color: #fcfcfc; background-color: #fac8c8;\"><ul class=\"list-small-post row\"><li class=\"small-post content_out clearfix\">                        <div class=\"small-thumbnail-wrapper\">\n                <div class=\"thumb hide-thumb term-77\"><a href=\"https:\/\/2dejulhonoticias.com.br\/2jn\/buscas-por-conta-propria-familia-de-homem-desaparecido-apos-afogamento-em-camacari-nesta-segunda-27-04-pede-apoio-das-autoridades\/\"><img decoding=\"async\" width=\"90\" height=\"65\" src=\"https:\/\/2dejulhonoticias.com.br\/2jn\/wp-content\/uploads\/2026\/04\/afogamento-itacimirim-27042026-90x65.webp\" class=\"attachment-rubik-90-65 size-rubik-90-65 wp-post-image\" alt=\"\" \/><div class=\"rubik-post-icon-wrap\"><\/div><\/a> <!-- close a tag --><\/div> <!-- close thumb -->            <\/div>\n                        <div class=\"post-c-wrap\">\n                                \n                <h4 class=\"title\"><a class=\"term-77\" href=\"https:\/\/2dejulhonoticias.com.br\/2jn\/buscas-por-conta-propria-familia-de-homem-desaparecido-apos-afogamento-em-camacari-nesta-segunda-27-04-pede-apoio-das-autoridades\/\">BUSCAS POR CONTA PR\u00d3PRIA: fam\u00edlia de homem desaparecido ap\u00f3s afogamento em Cama\u00e7ari nesta segunda (27\/04); ...<\/a><\/h4>                <div class=\"meta\"><div class=\"post-date\">28 de abril de 2026<\/div><\/div> \n            <\/div>\n            <\/li><!-- End post --><li class=\"small-post content_out clearfix\">                        <div class=\"small-thumbnail-wrapper\">\n                <div class=\"thumb hide-thumb term-77\"><a href=\"https:\/\/2dejulhonoticias.com.br\/2jn\/homem-morre-apos-esfaquear-seguranca-e-ser-baleado-no-forum-eleitoral-de-camacari-nesta-segunda-27-04\/\"><img decoding=\"async\" width=\"90\" height=\"65\" src=\"https:\/\/2dejulhonoticias.com.br\/2jn\/wp-content\/uploads\/2026\/04\/tre-cammacari-90x65.webp\" class=\"attachment-rubik-90-65 size-rubik-90-65 wp-post-image\" alt=\"TRE Cama\u00e7ari\" \/><div class=\"rubik-post-icon-wrap\"><\/div><\/a> <!-- close a tag --><\/div> <!-- close thumb -->            <\/div>\n                        <div class=\"post-c-wrap\">\n                                \n                <h4 class=\"title\"><a class=\"term-77\" href=\"https:\/\/2dejulhonoticias.com.br\/2jn\/homem-morre-apos-esfaquear-seguranca-e-ser-baleado-no-forum-eleitoral-de-camacari-nesta-segunda-27-04\/\">Homem morre ap\u00f3s esfaquear seguran\u00e7a e ser baleado no F\u00f3rum Eleitoral de Cama\u00e7ari nesta segunda ...<\/a><\/h4>                <div class=\"meta\"><div class=\"post-date\">28 de abril de 2026<\/div><\/div> \n            <\/div>\n            <\/li><!-- End post --><li class=\"small-post content_out clearfix\">                        <div class=\"small-thumbnail-wrapper\">\n                <div class=\"thumb hide-thumb term-87\"><a href=\"https:\/\/2dejulhonoticias.com.br\/2jn\/segundo-corpo-homem-e-encontrado-boiando-na-cidade-baixa-neste-segunda-27-04\/\"><img decoding=\"async\" width=\"90\" height=\"65\" src=\"https:\/\/2dejulhonoticias.com.br\/2jn\/wp-content\/uploads\/2026\/04\/homem-e-encontrado-boiando-na-Cidade-Baixa-90x65.webp\" class=\"attachment-rubik-90-65 size-rubik-90-65 wp-post-image\" alt=\"\" \/><div class=\"rubik-post-icon-wrap\"><\/div><\/a> <!-- close a tag --><\/div> <!-- close thumb -->            <\/div>\n                        <div class=\"post-c-wrap\">\n                                \n                <h4 class=\"title\"><a class=\"term-87\" href=\"https:\/\/2dejulhonoticias.com.br\/2jn\/segundo-corpo-homem-e-encontrado-boiando-na-cidade-baixa-neste-segunda-27-04\/\">SEGUNDO CORPO: homem \u00e9 encontrado boiando na Cidade Baixa neste segunda (27\/04)<\/a><\/h4>                <div class=\"meta\"><div class=\"post-date\">27 de abril de 2026<\/div><\/div> \n            <\/div>\n            <\/li><!-- End post --><\/ul> <!-- End list-post --><\/div><br \/>\nAo visualizarem o ve\u00edculo na Rua Beira Rio, os policiais iniciaram o procedimento de abordagem, houve uma persegui\u00e7\u00e3o com confronto. Na localidade de Cacha Pregos, os suspeitos abandonaram o carro e roubaram outro ve\u00edculo, seguindo em dire\u00e7\u00e3o a Barra Grande.<\/p>\n<p>Ao encontrarem um bloqueio vi\u00e1rio, houve uma nova troca de tiros. Na tentativa de fuga, os suspeitos bateram o carro em ve\u00edculos que estavam no local.<\/p>\n<p>Quando os policiais tentaram fazer uma nova abordagem, houve mais um confronto. Foi neste momento que o policial foi atingido na regi\u00e3o do queixo. Ele recebeu atendimento m\u00e9dico e n\u00e3o corre risco de morte.<\/p>\n<p>A pol\u00edcia informou que parte dos suspeitos fugiu a p\u00e9. J\u00e1 um deles, baleado, caiu e foi desarmado. Com ele, foi apreendida uma pistola, com numera\u00e7\u00e3o suprimida, al\u00e9m de muni\u00e7\u00f5es.<\/p>\n<p>O homem, que n\u00e3o teve o nome divulgado, foi encaminhado ao Hospital Geral de Itaparica, onde n\u00e3o resistiu aos ferimentos. O caso foi registrado 24\u00aa Delegacia Territorial (DT) de Vera Cruz.\n<\/p><\/div>\n<hr \/>\n<p><!-- banner meio--><\/p>\n<div><script async src=\"https:\/\/pagead2.googlesyndication.com\/pagead\/js\/adsbygoogle.js?client=ca-pub-3129804789748719\" crossorigin=\"anonymous\"><\/script><br \/>\n<!-- Banner quadrado responsivo --><br \/>\n<ins class=\"adsbygoogle\" style=\"display: block;\" data-ad-client=\"ca-pub-3129804789748719\" data-ad-slot=\"2076857862\" data-ad-format=\"auto\" data-full-width-responsive=\"true\"><\/ins><br \/>\n<script>\n     (adsbygoogle = window.adsbygoogle || []).push({});\n<\/script><\/div>\n<p><!-- banner meio responsivo --><\/p>\n<hr \/>\n<p><!-- RODAP\u00c9 DA NOTICIA --><\/p>\n<div><strong> Siga a coluna no <a href=\"https:\/\/www.facebook.com\/jornal2jn\" target=\"_blank\" rel=\"noopener\">Facebook<\/a> e no <a href=\"https:\/\/www.instagram.com\/jornal2dejulho\/\" target=\"_blank\" rel=\"noopener\">Instagram<\/a> para n\u00e3o perder nada.<\/strong><\/div>\n<p style=\"text-align: right;\"><em> por Reda\u00e7\u00e3o 2JN &#8211; g1 ba<\/em><\/p>\n<p><!--\n\nO 2 de Julho Noticias \u00e9 um Jornal Independente, pois n\u00e3o tem apoios Pol\u00edticos Partid\u00e1rios, de Prefeitura e nem de Comercio, e precisa de seu apoio, caso possa em assinar nosso Livro de Parceiros e Colaboradores.\nSua colabora\u00e7\u00e3o \u00e9 muito importante para nossa continuidade! Chave PIX EMAIL: parceiro@2dejulhonoticias.com.br\n\n--><\/p>\n<hr \/>\n<p><!-- banner meio responsivo--><br \/>\n<script async src=\"https:\/\/pagead2.googlesyndication.com\/pagead\/js\/adsbygoogle.js?client=ca-pub-3129804789748719\" crossorigin=\"anonymous\"><\/script><br \/>\n<!-- banner 728x90 2jn --><br \/>\n<ins class=\"adsbygoogle\" style=\"display: inline-block; width: 728px; height: 90px;\" data-ad-client=\"ca-pub-3129804789748719\" data-ad-slot=\"1383288950\"><\/ins><br \/>\n<script>\n     (adsbygoogle = window.adsbygoogle || []).push({});\n<\/script><\/p>\n<p style=\"text-align: justify;\"><span style=\"font-size: 14pt;\"><strong> LEIA TAMB\u00c9M <\/strong><\/span><\/p>\n<p><!-- banner meio responsivo--><br \/>\n<script async src=\"https:\/\/pagead2.googlesyndication.com\/pagead\/js\/adsbygoogle.js?client=ca-pub-3129804789748719\" crossorigin=\"anonymous\"><\/script><br \/>\n<!-- banner 728x90 2jn --><br \/>\n<ins class=\"adsbygoogle\" style=\"display: inline-block; width: 728px; height: 90px;\" data-ad-client=\"ca-pub-3129804789748719\" data-ad-slot=\"1383288950\"><\/ins><br \/>\n<script>\n     (adsbygoogle = window.adsbygoogle || []).push({});\n<\/script><br \/>\n<amp-ad width=\"100vw\" height=\"320\"\n     type=\"adsense\"\n     data-ad-client=\"ca-pub-3129804789748719\"\n     data-ad-slot=\"4367194841\"\n     data-auto-format=\"mcrspv\"\n     data-full-width=\"\"><\/p>\n<div overflow=\"\"><\/div>\n<p><\/amp-ad><br \/>\n<amp-ad\n     layout=\"fixed\"\n     width=\"728\"\n     height=\"90\"\n     type=\"adsense\"\n     data-ad-client=\"ca-pub-3129804789748719\"\n     data-ad-slot=\"1383288950\"><br \/>\n<\/amp-ad><\/p>\n","protected":false},"excerpt":{"rendered":"<p>Um policial militar ficou ferido e um suspeito morreu ap\u00f3s uma troca de tiros na segunda-feira (27), na Ilha de Itaparica. Segundo informa\u00e7\u00f5es da Pol\u00edcia Militar, durante atendimento a um acidente de tr\u00e2nsito nas proximidades da localidade de Tairu, equipes do 23\u00ba BPM, encontraram com um policial do 14\u00ba BPM que acompanhava um carro, roubado por homens armados no munic\u00edpio de Nazar\u00e9 e deslocado em dire\u00e7\u00e3o \u00e0 Ilha de Itaparica. \ud83d\udcf1 SIGA PRA MAIS NOT\u00cdCIAS: entre na comunidade do 2JN no WhatsApp LEIA TAMB\u00c9M Ao visualizarem o ve\u00edculo na Rua Beira Rio, os policiais iniciaram o procedimento de abordagem, houve [&hellip;]<\/p>\n","protected":false},"author":1,"featured_media":41338,"comment_status":"closed","ping_status":"open","sticky":false,"template":"","format":"standard","meta":{"footnotes":""},"categories":[87,94],"tags":[4673,2431],"class_list":["post-41337","post","type-post","status-publish","format-standard","has-post-thumbnail","hentry","category-policia","category-rms","tag-confronto","tag-ilha-de-itaparica"],"yoast_head":"<!-- This site is optimized with the Yoast SEO Premium plugin v23.7 (Yoast SEO v27.2) - https:\/\/yoast.com\/product\/yoast-seo-premium-wordpress\/ -->\n<title>Policial militar fica ferido e suspeito morre ap\u00f3s troca de tiros na Ilha de Itaparica nesta segunda (27) - 2 de Julho Not\u00edcias<\/title>\n<meta name=\"description\" content=\"Policial militar fica ferido e suspeito morre ap\u00f3s troca de tiros na Ilha de Itaparica nesta segunda (27)\" \/>\n<meta name=\"robots\" content=\"index, follow, max-snippet:-1, max-image-preview:large, max-video-preview:-1\" \/>\n<link rel=\"canonical\" href=\"https:\/\/2dejulhonoticias.com.br\/2jn\/policial-militar-fica-ferido-e-suspeito-morre-apos-troca-de-tiros-na-ilha-de-itaparica-nesta-segunda-27\/\" \/>\n<meta name=\"twitter:card\" content=\"summary_large_image\" \/>\n<meta name=\"twitter:title\" content=\"Policial militar fica ferido e suspeito morre ap\u00f3s troca de tiros na Ilha de Itaparica nesta segunda (27) - 2 de Julho Not\u00edcias\" \/>\n<meta name=\"twitter:description\" content=\"Policial militar fica ferido e suspeito morre ap\u00f3s troca de tiros na Ilha de Itaparica nesta segunda (27)\" \/>\n<meta name=\"twitter:image\" content=\"https:\/\/2dejulhonoticias.com.br\/2jn\/wp-content\/uploads\/2026\/04\/confronto-itaparica-27042026.webp\" \/>\n<meta name=\"twitter:creator\" content=\"@2_julho\" \/>\n<meta name=\"twitter:site\" content=\"@2_julho\" \/>\n<meta name=\"twitter:label1\" content=\"Escrito por\" \/>\n\t<meta name=\"twitter:data1\" content=\"Reda\u00e7\u00e3o\" \/>\n\t<meta name=\"twitter:label2\" content=\"Est. tempo de leitura\" \/>\n\t<meta name=\"twitter:data2\" content=\"1 minuto\" \/>\n<script type=\"application\/ld+json\" class=\"yoast-schema-graph\">{\"@context\":\"https:\/\/schema.org\",\"@graph\":[{\"@type\":\"Article\",\"@id\":\"https:\/\/2dejulhonoticias.com.br\/2jn\/policial-militar-fica-ferido-e-suspeito-morre-apos-troca-de-tiros-na-ilha-de-itaparica-nesta-segunda-27\/#article\",\"isPartOf\":{\"@id\":\"https:\/\/2dejulhonoticias.com.br\/2jn\/policial-militar-fica-ferido-e-suspeito-morre-apos-troca-de-tiros-na-ilha-de-itaparica-nesta-segunda-27\/\"},\"author\":{\"name\":\"Reda\u00e7\u00e3o\",\"@id\":\"https:\/\/2dejulhonoticias.com.br\/2jn\/#\/schema\/person\/a61e2ab9ae920711c9622c249b03dc16\"},\"headline\":\"Policial militar fica ferido e suspeito morre ap\u00f3s troca de tiros na Ilha de Itaparica nesta segunda (27)\",\"datePublished\":\"2026-04-28T12:03:01+00:00\",\"mainEntityOfPage\":{\"@id\":\"https:\/\/2dejulhonoticias.com.br\/2jn\/policial-militar-fica-ferido-e-suspeito-morre-apos-troca-de-tiros-na-ilha-de-itaparica-nesta-segunda-27\/\"},\"wordCount\":318,\"publisher\":{\"@id\":\"https:\/\/2dejulhonoticias.com.br\/2jn\/#\/schema\/person\/a61e2ab9ae920711c9622c249b03dc16\"},\"image\":{\"@id\":\"https:\/\/2dejulhonoticias.com.br\/2jn\/policial-militar-fica-ferido-e-suspeito-morre-apos-troca-de-tiros-na-ilha-de-itaparica-nesta-segunda-27\/#primaryimage\"},\"thumbnailUrl\":\"https:\/\/2dejulhonoticias.com.br\/2jn\/wp-content\/uploads\/2026\/04\/confronto-itaparica-27042026.webp\",\"keywords\":[\"Confronto\",\"Ilha de Itaparica\"],\"articleSection\":[\"Policia\",\"RMS\"],\"inLanguage\":\"pt-BR\"},{\"@type\":\"WebPage\",\"@id\":\"https:\/\/2dejulhonoticias.com.br\/2jn\/policial-militar-fica-ferido-e-suspeito-morre-apos-troca-de-tiros-na-ilha-de-itaparica-nesta-segunda-27\/\",\"url\":\"https:\/\/2dejulhonoticias.com.br\/2jn\/policial-militar-fica-ferido-e-suspeito-morre-apos-troca-de-tiros-na-ilha-de-itaparica-nesta-segunda-27\/\",\"name\":\"Policial militar fica ferido e suspeito morre ap\u00f3s troca de tiros na Ilha de Itaparica nesta segunda (27) - 2 de Julho Not\u00edcias\",\"isPartOf\":{\"@id\":\"https:\/\/2dejulhonoticias.com.br\/2jn\/#website\"},\"primaryImageOfPage\":{\"@id\":\"https:\/\/2dejulhonoticias.com.br\/2jn\/policial-militar-fica-ferido-e-suspeito-morre-apos-troca-de-tiros-na-ilha-de-itaparica-nesta-segunda-27\/#primaryimage\"},\"image\":{\"@id\":\"https:\/\/2dejulhonoticias.com.br\/2jn\/policial-militar-fica-ferido-e-suspeito-morre-apos-troca-de-tiros-na-ilha-de-itaparica-nesta-segunda-27\/#primaryimage\"},\"thumbnailUrl\":\"https:\/\/2dejulhonoticias.com.br\/2jn\/wp-content\/uploads\/2026\/04\/confronto-itaparica-27042026.webp\",\"datePublished\":\"2026-04-28T12:03:01+00:00\",\"description\":\"Policial militar fica ferido e suspeito morre ap\u00f3s troca de tiros na Ilha de Itaparica nesta segunda (27)\",\"breadcrumb\":{\"@id\":\"https:\/\/2dejulhonoticias.com.br\/2jn\/policial-militar-fica-ferido-e-suspeito-morre-apos-troca-de-tiros-na-ilha-de-itaparica-nesta-segunda-27\/#breadcrumb\"},\"inLanguage\":\"pt-BR\",\"potentialAction\":[{\"@type\":\"ReadAction\",\"target\":[\"https:\/\/2dejulhonoticias.com.br\/2jn\/policial-militar-fica-ferido-e-suspeito-morre-apos-troca-de-tiros-na-ilha-de-itaparica-nesta-segunda-27\/\"]}]},{\"@type\":\"ImageObject\",\"inLanguage\":\"pt-BR\",\"@id\":\"https:\/\/2dejulhonoticias.com.br\/2jn\/policial-militar-fica-ferido-e-suspeito-morre-apos-troca-de-tiros-na-ilha-de-itaparica-nesta-segunda-27\/#primaryimage\",\"url\":\"https:\/\/2dejulhonoticias.com.br\/2jn\/wp-content\/uploads\/2026\/04\/confronto-itaparica-27042026.webp\",\"contentUrl\":\"https:\/\/2dejulhonoticias.com.br\/2jn\/wp-content\/uploads\/2026\/04\/confronto-itaparica-27042026.webp\",\"width\":600,\"height\":338},{\"@type\":\"BreadcrumbList\",\"@id\":\"https:\/\/2dejulhonoticias.com.br\/2jn\/policial-militar-fica-ferido-e-suspeito-morre-apos-troca-de-tiros-na-ilha-de-itaparica-nesta-segunda-27\/#breadcrumb\",\"itemListElement\":[{\"@type\":\"ListItem\",\"position\":1,\"name\":\"In\u00edcio\",\"item\":\"https:\/\/2dejulhonoticias.com.br\/2jn\/\"},{\"@type\":\"ListItem\",\"position\":2,\"name\":\"Policial militar fica ferido e suspeito morre ap\u00f3s troca de tiros na Ilha de Itaparica nesta segunda (27)\"}]},{\"@type\":\"WebSite\",\"@id\":\"https:\/\/2dejulhonoticias.com.br\/2jn\/#website\",\"url\":\"https:\/\/2dejulhonoticias.com.br\/2jn\/\",\"name\":\"2 de Julho Noticias - A not\u00edcia ao seu alcance\",\"description\":\"Noticias sobre Politica, Policia,Esporte,Vida e Estilo, Sa\u00fade,Moda e Beleza,Mundo da Fama,Emprego e Concursos,Arte e Cultura,Cama\u00e7ari\",\"publisher\":{\"@id\":\"https:\/\/2dejulhonoticias.com.br\/2jn\/#\/schema\/person\/a61e2ab9ae920711c9622c249b03dc16\"},\"potentialAction\":[{\"@type\":\"SearchAction\",\"target\":{\"@type\":\"EntryPoint\",\"urlTemplate\":\"https:\/\/2dejulhonoticias.com.br\/2jn\/?s={search_term_string}\"},\"query-input\":{\"@type\":\"PropertyValueSpecification\",\"valueRequired\":true,\"valueName\":\"search_term_string\"}}],\"inLanguage\":\"pt-BR\"},{\"@type\":[\"Person\",\"Organization\"],\"@id\":\"https:\/\/2dejulhonoticias.com.br\/2jn\/#\/schema\/person\/a61e2ab9ae920711c9622c249b03dc16\",\"name\":\"Reda\u00e7\u00e3o\",\"image\":{\"@type\":\"ImageObject\",\"inLanguage\":\"pt-BR\",\"@id\":\"https:\/\/2dejulhonoticias.com.br\/2jn\/wp-content\/uploads\/2020\/11\/logo2dejulho.png\",\"url\":\"https:\/\/2dejulhonoticias.com.br\/2jn\/wp-content\/uploads\/2020\/11\/logo2dejulho.png\",\"contentUrl\":\"https:\/\/2dejulhonoticias.com.br\/2jn\/wp-content\/uploads\/2020\/11\/logo2dejulho.png\",\"width\":291,\"height\":96,\"caption\":\"Reda\u00e7\u00e3o\"},\"logo\":{\"@id\":\"https:\/\/2dejulhonoticias.com.br\/2jn\/wp-content\/uploads\/2020\/11\/logo2dejulho.png\"},\"sameAs\":[\"https:\/\/www.facebook.com\/J2deJulho\",\"https:\/\/www.instagram.com\/mirobaia\/\",\"https:\/\/www.linkedin.com\/in\/mirobaia\/\",\"https:\/\/x.com\/2_julho\",\"https:\/\/www.youtube.com\/c\/MiroBaia\"]}]}<\/script>\n<!-- \/ Yoast SEO Premium plugin. -->","yoast_head_json":{"title":"Policial militar fica ferido e suspeito morre ap\u00f3s troca de tiros na Ilha de Itaparica nesta segunda (27) - 2 de Julho Not\u00edcias","description":"Policial militar fica ferido e suspeito morre ap\u00f3s troca de tiros na Ilha de Itaparica nesta segunda (27)","robots":{"index":"index","follow":"follow","max-snippet":"max-snippet:-1","max-image-preview":"max-image-preview:large","max-video-preview":"max-video-preview:-1"},"canonical":"https:\/\/2dejulhonoticias.com.br\/2jn\/policial-militar-fica-ferido-e-suspeito-morre-apos-troca-de-tiros-na-ilha-de-itaparica-nesta-segunda-27\/","twitter_card":"summary_large_image","twitter_title":"Policial militar fica ferido e suspeito morre ap\u00f3s troca de tiros na Ilha de Itaparica nesta segunda (27) - 2 de Julho Not\u00edcias","twitter_description":"Policial militar fica ferido e suspeito morre ap\u00f3s troca de tiros na Ilha de Itaparica nesta segunda (27)","twitter_image":"https:\/\/2dejulhonoticias.com.br\/2jn\/wp-content\/uploads\/2026\/04\/confronto-itaparica-27042026.webp","twitter_creator":"@2_julho","twitter_site":"@2_julho","twitter_misc":{"Escrito por":"Reda\u00e7\u00e3o","Est. tempo de leitura":"1 minuto"},"schema":{"@context":"https:\/\/schema.org","@graph":[{"@type":"Article","@id":"https:\/\/2dejulhonoticias.com.br\/2jn\/policial-militar-fica-ferido-e-suspeito-morre-apos-troca-de-tiros-na-ilha-de-itaparica-nesta-segunda-27\/#article","isPartOf":{"@id":"https:\/\/2dejulhonoticias.com.br\/2jn\/policial-militar-fica-ferido-e-suspeito-morre-apos-troca-de-tiros-na-ilha-de-itaparica-nesta-segunda-27\/"},"author":{"name":"Reda\u00e7\u00e3o","@id":"https:\/\/2dejulhonoticias.com.br\/2jn\/#\/schema\/person\/a61e2ab9ae920711c9622c249b03dc16"},"headline":"Policial militar fica ferido e suspeito morre ap\u00f3s troca de tiros na Ilha de Itaparica nesta segunda (27)","datePublished":"2026-04-28T12:03:01+00:00","mainEntityOfPage":{"@id":"https:\/\/2dejulhonoticias.com.br\/2jn\/policial-militar-fica-ferido-e-suspeito-morre-apos-troca-de-tiros-na-ilha-de-itaparica-nesta-segunda-27\/"},"wordCount":318,"publisher":{"@id":"https:\/\/2dejulhonoticias.com.br\/2jn\/#\/schema\/person\/a61e2ab9ae920711c9622c249b03dc16"},"image":{"@id":"https:\/\/2dejulhonoticias.com.br\/2jn\/policial-militar-fica-ferido-e-suspeito-morre-apos-troca-de-tiros-na-ilha-de-itaparica-nesta-segunda-27\/#primaryimage"},"thumbnailUrl":"https:\/\/2dejulhonoticias.com.br\/2jn\/wp-content\/uploads\/2026\/04\/confronto-itaparica-27042026.webp","keywords":["Confronto","Ilha de Itaparica"],"articleSection":["Policia","RMS"],"inLanguage":"pt-BR"},{"@type":"WebPage","@id":"https:\/\/2dejulhonoticias.com.br\/2jn\/policial-militar-fica-ferido-e-suspeito-morre-apos-troca-de-tiros-na-ilha-de-itaparica-nesta-segunda-27\/","url":"https:\/\/2dejulhonoticias.com.br\/2jn\/policial-militar-fica-ferido-e-suspeito-morre-apos-troca-de-tiros-na-ilha-de-itaparica-nesta-segunda-27\/","name":"Policial militar fica ferido e suspeito morre ap\u00f3s troca de tiros na Ilha de Itaparica nesta segunda (27) - 2 de Julho Not\u00edcias","isPartOf":{"@id":"https:\/\/2dejulhonoticias.com.br\/2jn\/#website"},"primaryImageOfPage":{"@id":"https:\/\/2dejulhonoticias.com.br\/2jn\/policial-militar-fica-ferido-e-suspeito-morre-apos-troca-de-tiros-na-ilha-de-itaparica-nesta-segunda-27\/#primaryimage"},"image":{"@id":"https:\/\/2dejulhonoticias.com.br\/2jn\/policial-militar-fica-ferido-e-suspeito-morre-apos-troca-de-tiros-na-ilha-de-itaparica-nesta-segunda-27\/#primaryimage"},"thumbnailUrl":"https:\/\/2dejulhonoticias.com.br\/2jn\/wp-content\/uploads\/2026\/04\/confronto-itaparica-27042026.webp","datePublished":"2026-04-28T12:03:01+00:00","description":"Policial militar fica ferido e suspeito morre ap\u00f3s troca de tiros na Ilha de Itaparica nesta segunda (27)","breadcrumb":{"@id":"https:\/\/2dejulhonoticias.com.br\/2jn\/policial-militar-fica-ferido-e-suspeito-morre-apos-troca-de-tiros-na-ilha-de-itaparica-nesta-segunda-27\/#breadcrumb"},"inLanguage":"pt-BR","potentialAction":[{"@type":"ReadAction","target":["https:\/\/2dejulhonoticias.com.br\/2jn\/policial-militar-fica-ferido-e-suspeito-morre-apos-troca-de-tiros-na-ilha-de-itaparica-nesta-segunda-27\/"]}]},{"@type":"ImageObject","inLanguage":"pt-BR","@id":"https:\/\/2dejulhonoticias.com.br\/2jn\/policial-militar-fica-ferido-e-suspeito-morre-apos-troca-de-tiros-na-ilha-de-itaparica-nesta-segunda-27\/#primaryimage","url":"https:\/\/2dejulhonoticias.com.br\/2jn\/wp-content\/uploads\/2026\/04\/confronto-itaparica-27042026.webp","contentUrl":"https:\/\/2dejulhonoticias.com.br\/2jn\/wp-content\/uploads\/2026\/04\/confronto-itaparica-27042026.webp","width":600,"height":338},{"@type":"BreadcrumbList","@id":"https:\/\/2dejulhonoticias.com.br\/2jn\/policial-militar-fica-ferido-e-suspeito-morre-apos-troca-de-tiros-na-ilha-de-itaparica-nesta-segunda-27\/#breadcrumb","itemListElement":[{"@type":"ListItem","position":1,"name":"In\u00edcio","item":"https:\/\/2dejulhonoticias.com.br\/2jn\/"},{"@type":"ListItem","position":2,"name":"Policial militar fica ferido e suspeito morre ap\u00f3s troca de tiros na Ilha de Itaparica nesta segunda (27)"}]},{"@type":"WebSite","@id":"https:\/\/2dejulhonoticias.com.br\/2jn\/#website","url":"https:\/\/2dejulhonoticias.com.br\/2jn\/","name":"2 de Julho Noticias - A not\u00edcia ao seu alcance","description":"Noticias sobre Politica, Policia,Esporte,Vida e Estilo, Sa\u00fade,Moda e Beleza,Mundo da Fama,Emprego e Concursos,Arte e Cultura,Cama\u00e7ari","publisher":{"@id":"https:\/\/2dejulhonoticias.com.br\/2jn\/#\/schema\/person\/a61e2ab9ae920711c9622c249b03dc16"},"potentialAction":[{"@type":"SearchAction","target":{"@type":"EntryPoint","urlTemplate":"https:\/\/2dejulhonoticias.com.br\/2jn\/?s={search_term_string}"},"query-input":{"@type":"PropertyValueSpecification","valueRequired":true,"valueName":"search_term_string"}}],"inLanguage":"pt-BR"},{"@type":["Person","Organization"],"@id":"https:\/\/2dejulhonoticias.com.br\/2jn\/#\/schema\/person\/a61e2ab9ae920711c9622c249b03dc16","name":"Reda\u00e7\u00e3o","image":{"@type":"ImageObject","inLanguage":"pt-BR","@id":"https:\/\/2dejulhonoticias.com.br\/2jn\/wp-content\/uploads\/2020\/11\/logo2dejulho.png","url":"https:\/\/2dejulhonoticias.com.br\/2jn\/wp-content\/uploads\/2020\/11\/logo2dejulho.png","contentUrl":"https:\/\/2dejulhonoticias.com.br\/2jn\/wp-content\/uploads\/2020\/11\/logo2dejulho.png","width":291,"height":96,"caption":"Reda\u00e7\u00e3o"},"logo":{"@id":"https:\/\/2dejulhonoticias.com.br\/2jn\/wp-content\/uploads\/2020\/11\/logo2dejulho.png"},"sameAs":["https:\/\/www.facebook.com\/J2deJulho","https:\/\/www.instagram.com\/mirobaia\/","https:\/\/www.linkedin.com\/in\/mirobaia\/","https:\/\/x.com\/2_julho","https:\/\/www.youtube.com\/c\/MiroBaia"]}]}},"_links":{"self":[{"href":"https:\/\/2dejulhonoticias.com.br\/2jn\/wp-json\/wp\/v2\/posts\/41337","targetHints":{"allow":["GET"]}}],"collection":[{"href":"https:\/\/2dejulhonoticias.com.br\/2jn\/wp-json\/wp\/v2\/posts"}],"about":[{"href":"https:\/\/2dejulhonoticias.com.br\/2jn\/wp-json\/wp\/v2\/types\/post"}],"author":[{"embeddable":true,"href":"https:\/\/2dejulhonoticias.com.br\/2jn\/wp-json\/wp\/v2\/users\/1"}],"replies":[{"embeddable":true,"href":"https:\/\/2dejulhonoticias.com.br\/2jn\/wp-json\/wp\/v2\/comments?post=41337"}],"version-history":[{"count":1,"href":"https:\/\/2dejulhonoticias.com.br\/2jn\/wp-json\/wp\/v2\/posts\/41337\/revisions"}],"predecessor-version":[{"id":41339,"href":"https:\/\/2dejulhonoticias.com.br\/2jn\/wp-json\/wp\/v2\/posts\/41337\/revisions\/41339"}],"wp:featuredmedia":[{"embeddable":true,"href":"https:\/\/2dejulhonoticias.com.br\/2jn\/wp-json\/wp\/v2\/media\/41338"}],"wp:attachment":[{"href":"https:\/\/2dejulhonoticias.com.br\/2jn\/wp-json\/wp\/v2\/media?parent=41337"}],"wp:term":[{"taxonomy":"category","embeddable":true,"href":"https:\/\/2dejulhonoticias.com.br\/2jn\/wp-json\/wp\/v2\/categories?post=41337"},{"taxonomy":"post_tag","embeddable":true,"href":"https:\/\/2dejulhonoticias.com.br\/2jn\/wp-json\/wp\/v2\/tags?post=41337"}],"curies":[{"name":"wp","href":"https:\/\/api.w.org\/{rel}","templated":true}]}}