{"id":41334,"date":"2026-04-28T08:54:32","date_gmt":"2026-04-28T11:54:32","guid":{"rendered":"https:\/\/2dejulhonoticias.com.br\/2jn\/?p=41334"},"modified":"2026-04-28T08:54:32","modified_gmt":"2026-04-28T11:54:32","slug":"buscas-por-conta-propria-familia-de-homem-desaparecido-apos-afogamento-em-camacari-nesta-segunda-27-04-pede-apoio-das-autoridades","status":"publish","type":"post","link":"https:\/\/2dejulhonoticias.com.br\/2jn\/buscas-por-conta-propria-familia-de-homem-desaparecido-apos-afogamento-em-camacari-nesta-segunda-27-04-pede-apoio-das-autoridades\/","title":{"rendered":"BUSCAS POR CONTA PR\u00d3PRIA: fam\u00edlia de homem desaparecido ap\u00f3s afogamento em Cama\u00e7ari nesta segunda (27\/04); pede apoio das autoridades"},"content":{"rendered":"<div style=\"text-align: justify;\">\nUma tarde de lazer na praia de Itacimirim, em Cama\u00e7ari, terminou em trag\u00e9dia na segunda-feira (27), na Regi\u00e3o Metropolitana de Salvador. Dois homens, identificados como Joilson e Maciel, se afogaram na regi\u00e3o conhecida como Boca da Barra.<\/p>\n<p>Segundo relatos de familiares, Maciel levou a sobrinha de 9 anos para tomar banho de mar, quando ambos foram puxados por uma forte correnteza. Um surfista que estava na praia conseguiu resgatar a crian\u00e7a, mas, ao retornar para tentar salvar Maciel, ele j\u00e1 havia desaparecido.<\/p>\n<p>\ud83d\udcf1 <a href=\"https:\/\/chat.whatsapp.com\/L8KSLsjENzl5HrgtytuzCL\"> SIGA PRA MAIS NOT\u00cdCIAS: entre na comunidade do 2JN no WhatsApp<\/a>\n<\/div>\n<div>\n<!-- GoogleAdsense --><\/p>\n<p style=\"text-align: justify;\"><span style=\"font-size: 14pt;\"><strong> LEIA TAMB\u00c9M <\/strong><\/span><\/p>\n<p><script async src=\"https:\/\/pagead2.googlesyndication.com\/pagead\/js\/adsbygoogle.js?client=ca-pub-3129804789748719\" crossorigin=\"anonymous\"><\/script><br \/>\n<!-- Anuncio horizontal responsivo --><br \/>\n<ins class=\"adsbygoogle\" style=\"display: block;\" data-ad-client=\"ca-pub-3129804789748719\" data-ad-slot=\"1473312501\" data-ad-format=\"auto\" data-full-width-responsive=\"true\"><\/ins><br \/>\n<script>\n     (adsbygoogle = window.adsbygoogle || []).push({});\n<\/script>\n<\/div>\n<div style=\"text-align: justify;\">\n<div class=\"related bk-inline-post-box alignleft\" style=\"color: #fcfcfc; background-color: #fac8c8;\"><ul class=\"list-small-post row\"><li class=\"small-post content_out clearfix\">                        <div class=\"small-thumbnail-wrapper\">\n                <div class=\"thumb hide-thumb term-87\"><a href=\"https:\/\/2dejulhonoticias.com.br\/2jn\/policial-militar-fica-ferido-e-suspeito-morre-apos-troca-de-tiros-na-ilha-de-itaparica-nesta-segunda-27\/\"><img decoding=\"async\" width=\"90\" height=\"65\" src=\"https:\/\/2dejulhonoticias.com.br\/2jn\/wp-content\/uploads\/2026\/04\/confronto-itaparica-27042026-90x65.webp\" class=\"attachment-rubik-90-65 size-rubik-90-65 wp-post-image\" alt=\"\" \/><div class=\"rubik-post-icon-wrap\"><\/div><\/a> <!-- close a tag --><\/div> <!-- close thumb -->            <\/div>\n                        <div class=\"post-c-wrap\">\n                                \n                <h4 class=\"title\"><a class=\"term-87\" href=\"https:\/\/2dejulhonoticias.com.br\/2jn\/policial-militar-fica-ferido-e-suspeito-morre-apos-troca-de-tiros-na-ilha-de-itaparica-nesta-segunda-27\/\">Policial militar fica ferido e suspeito morre ap\u00f3s troca de tiros na Ilha de Itaparica ...<\/a><\/h4>                <div class=\"meta\"><div class=\"post-date\">28 de abril de 2026<\/div><\/div> \n            <\/div>\n            <\/li><!-- End post --><li class=\"small-post content_out clearfix\">                        <div class=\"small-thumbnail-wrapper\">\n                <div class=\"thumb hide-thumb term-77\"><a href=\"https:\/\/2dejulhonoticias.com.br\/2jn\/homem-morre-apos-esfaquear-seguranca-e-ser-baleado-no-forum-eleitoral-de-camacari-nesta-segunda-27-04\/\"><img decoding=\"async\" width=\"90\" height=\"65\" src=\"https:\/\/2dejulhonoticias.com.br\/2jn\/wp-content\/uploads\/2026\/04\/tre-cammacari-90x65.webp\" class=\"attachment-rubik-90-65 size-rubik-90-65 wp-post-image\" alt=\"TRE Cama\u00e7ari\" \/><div class=\"rubik-post-icon-wrap\"><\/div><\/a> <!-- close a tag --><\/div> <!-- close thumb -->            <\/div>\n                        <div class=\"post-c-wrap\">\n                                \n                <h4 class=\"title\"><a class=\"term-77\" href=\"https:\/\/2dejulhonoticias.com.br\/2jn\/homem-morre-apos-esfaquear-seguranca-e-ser-baleado-no-forum-eleitoral-de-camacari-nesta-segunda-27-04\/\">Homem morre ap\u00f3s esfaquear seguran\u00e7a e ser baleado no F\u00f3rum Eleitoral de Cama\u00e7ari nesta segunda ...<\/a><\/h4>                <div class=\"meta\"><div class=\"post-date\">28 de abril de 2026<\/div><\/div> \n            <\/div>\n            <\/li><!-- End post --><li class=\"small-post content_out clearfix\">                        <div class=\"small-thumbnail-wrapper\">\n                <div class=\"thumb hide-thumb term-87\"><a href=\"https:\/\/2dejulhonoticias.com.br\/2jn\/segundo-corpo-homem-e-encontrado-boiando-na-cidade-baixa-neste-segunda-27-04\/\"><img decoding=\"async\" width=\"90\" height=\"65\" src=\"https:\/\/2dejulhonoticias.com.br\/2jn\/wp-content\/uploads\/2026\/04\/homem-e-encontrado-boiando-na-Cidade-Baixa-90x65.webp\" class=\"attachment-rubik-90-65 size-rubik-90-65 wp-post-image\" alt=\"\" \/><div class=\"rubik-post-icon-wrap\"><\/div><\/a> <!-- close a tag --><\/div> <!-- close thumb -->            <\/div>\n                        <div class=\"post-c-wrap\">\n                                \n                <h4 class=\"title\"><a class=\"term-87\" href=\"https:\/\/2dejulhonoticias.com.br\/2jn\/segundo-corpo-homem-e-encontrado-boiando-na-cidade-baixa-neste-segunda-27-04\/\">SEGUNDO CORPO: homem \u00e9 encontrado boiando na Cidade Baixa neste segunda (27\/04)<\/a><\/h4>                <div class=\"meta\"><div class=\"post-date\">27 de abril de 2026<\/div><\/div> \n            <\/div>\n            <\/li><!-- End post --><\/ul> <!-- End list-post --><\/div><br \/>\nAo perceber a situa\u00e7\u00e3o, Joilson, pai da menina, entrou no mar na tentativa desesperada de salvar o cunhado, mas tamb\u00e9m acabou se afogando. Os dois adultos foram levados pela for\u00e7a da mar\u00e9 no trecho onde o rio se encontra com o mar. O corpo de Joilson foi localizado, enquanto Maciel segue desaparecido. A fam\u00edlia realiza buscas por conta pr\u00f3pria na tentativa de encontrar o corpo e realizar o sepultamento.<\/p>\n<p>Ainda segundo os familiares, houve descaso por parte das autoridades. Eles afirmam que o helic\u00f3ptero do Grupamento A\u00e9reo da Pol\u00edcia Militar (Graer) permaneceu pouco tempo no local e que o socorro terrestre s\u00f3 chegou quando j\u00e1 n\u00e3o era mais poss\u00edvel realizar buscas devido \u00e0 noite. A comunidade e parentes das v\u00edtimas seguem mobilizados na orla, pedindo apoio intensivo para localizar Maciel.<\/p>\n<p><a href=\"#\">BUSCAS POR CONTA PR\u00d3PRIA: fam\u00edlia de homem desaparecido ap\u00f3s afogamento em Cama\u00e7ari nesta segunda (27\/04); pede apoio das autoridades<\/a>\n<\/div>\n<hr \/>\n<p><!-- banner meio--><\/p>\n<div><script async src=\"https:\/\/pagead2.googlesyndication.com\/pagead\/js\/adsbygoogle.js?client=ca-pub-3129804789748719\" crossorigin=\"anonymous\"><\/script><br \/>\n<!-- Banner quadrado responsivo --><br \/>\n<ins class=\"adsbygoogle\" style=\"display: block;\" data-ad-client=\"ca-pub-3129804789748719\" data-ad-slot=\"2076857862\" data-ad-format=\"auto\" data-full-width-responsive=\"true\"><\/ins><br \/>\n<script>\n     (adsbygoogle = window.adsbygoogle || []).push({});\n<\/script><\/div>\n<p><!-- banner meio responsivo --><\/p>\n<hr \/>\n<p><!-- RODAP\u00c9 DA NOTICIA --><\/p>\n<div><strong> Siga a coluna no <a href=\"https:\/\/www.facebook.com\/jornal2jn\" target=\"_blank\" rel=\"noopener\">Facebook<\/a> e no <a href=\"https:\/\/www.instagram.com\/jornal2dejulho\/\" target=\"_blank\" rel=\"noopener\">Instagram<\/a> para n\u00e3o perder nada.<\/strong><\/div>\n<p style=\"text-align: right;\"><em> por Reda\u00e7\u00e3o 2JN &#8211; alojuca<\/em><\/p>\n<p><!--\n\nO 2 de Julho Noticias \u00e9 um Jornal Independente, pois n\u00e3o tem apoios Pol\u00edticos Partid\u00e1rios, de Prefeitura e nem de Comercio, e precisa de seu apoio, caso possa em assinar nosso Livro de Parceiros e Colaboradores.\nSua colabora\u00e7\u00e3o \u00e9 muito importante para nossa continuidade! Chave PIX EMAIL: parceiro@2dejulhonoticias.com.br\n\n--><\/p>\n<hr \/>\n<p><!-- banner meio responsivo--><br \/>\n<script async src=\"https:\/\/pagead2.googlesyndication.com\/pagead\/js\/adsbygoogle.js?client=ca-pub-3129804789748719\" crossorigin=\"anonymous\"><\/script><br \/>\n<!-- banner 728x90 2jn --><br \/>\n<ins class=\"adsbygoogle\" style=\"display: inline-block; width: 728px; height: 90px;\" data-ad-client=\"ca-pub-3129804789748719\" data-ad-slot=\"1383288950\"><\/ins><br \/>\n<script>\n     (adsbygoogle = window.adsbygoogle || []).push({});\n<\/script><\/p>\n<p style=\"text-align: justify;\"><span style=\"font-size: 14pt;\"><strong> LEIA TAMB\u00c9M <\/strong><\/span><\/p>\n<p><!-- banner meio responsivo--><br \/>\n<script async src=\"https:\/\/pagead2.googlesyndication.com\/pagead\/js\/adsbygoogle.js?client=ca-pub-3129804789748719\" crossorigin=\"anonymous\"><\/script><br \/>\n<!-- banner 728x90 2jn --><br \/>\n<ins class=\"adsbygoogle\" style=\"display: inline-block; width: 728px; height: 90px;\" data-ad-client=\"ca-pub-3129804789748719\" data-ad-slot=\"1383288950\"><\/ins><br \/>\n<script>\n     (adsbygoogle = window.adsbygoogle || []).push({});\n<\/script><br \/>\n<amp-ad width=\"100vw\" height=\"320\"\n     type=\"adsense\"\n     data-ad-client=\"ca-pub-3129804789748719\"\n     data-ad-slot=\"4367194841\"\n     data-auto-format=\"mcrspv\"\n     data-full-width=\"\"><\/p>\n<div overflow=\"\"><\/div>\n<p><\/amp-ad><br \/>\n<amp-ad\n     layout=\"fixed\"\n     width=\"728\"\n     height=\"90\"\n     type=\"adsense\"\n     data-ad-client=\"ca-pub-3129804789748719\"\n     data-ad-slot=\"1383288950\"><br \/>\n<\/amp-ad><\/p>\n","protected":false},"excerpt":{"rendered":"<p>Uma tarde de lazer na praia de Itacimirim, em Cama\u00e7ari, terminou em trag\u00e9dia na segunda-feira (27), na Regi\u00e3o Metropolitana de Salvador. Dois homens, identificados como Joilson e Maciel, se afogaram na regi\u00e3o conhecida como Boca da Barra. Segundo relatos de familiares, Maciel levou a sobrinha de 9 anos para tomar banho de mar, quando ambos foram puxados por uma forte correnteza. Um surfista que estava na praia conseguiu resgatar a crian\u00e7a, mas, ao retornar para tentar salvar Maciel, ele j\u00e1 havia desaparecido. \ud83d\udcf1 SIGA PRA MAIS NOT\u00cdCIAS: entre na comunidade do 2JN no WhatsApp LEIA TAMB\u00c9M Ao perceber a situa\u00e7\u00e3o, [&hellip;]<\/p>\n","protected":false},"author":1,"featured_media":41335,"comment_status":"closed","ping_status":"open","sticky":false,"template":"","format":"standard","meta":{"footnotes":""},"categories":[77,87],"tags":[3874,798],"class_list":["post-41334","post","type-post","status-publish","format-standard","has-post-thumbnail","hentry","category-camacari","category-policia","tag-afogamento-com-vitimas","tag-itacimirim"],"yoast_head":"<!-- This site is optimized with the Yoast SEO Premium plugin v23.7 (Yoast SEO v27.2) - https:\/\/yoast.com\/product\/yoast-seo-premium-wordpress\/ -->\n<title>BUSCAS POR CONTA PR\u00d3PRIA: fam\u00edlia de homem desaparecido ap\u00f3s afogamento em Cama\u00e7ari nesta segunda (27\/04); pede apoio das autoridades - 2 de Julho Not\u00edcias<\/title>\n<meta name=\"description\" content=\"BUSCAS POR CONTA PR\u00d3PRIA: fam\u00edlia de homem desaparecido ap\u00f3s afogamento em Cama\u00e7ari nesta segunda (27\/04); pede apoio das autoridades\" \/>\n<meta name=\"robots\" content=\"index, follow, max-snippet:-1, max-image-preview:large, max-video-preview:-1\" \/>\n<link rel=\"canonical\" href=\"https:\/\/2dejulhonoticias.com.br\/2jn\/buscas-por-conta-propria-familia-de-homem-desaparecido-apos-afogamento-em-camacari-nesta-segunda-27-04-pede-apoio-das-autoridades\/\" \/>\n<meta name=\"twitter:card\" content=\"summary_large_image\" \/>\n<meta name=\"twitter:title\" content=\"BUSCAS POR CONTA PR\u00d3PRIA: fam\u00edlia de homem desaparecido ap\u00f3s afogamento em Cama\u00e7ari nesta segunda (27\/04); pede apoio das autoridades - 2 de Julho Not\u00edcias\" \/>\n<meta name=\"twitter:description\" content=\"BUSCAS POR CONTA PR\u00d3PRIA: fam\u00edlia de homem desaparecido ap\u00f3s afogamento em Cama\u00e7ari nesta segunda (27\/04); pede apoio das autoridades\" \/>\n<meta name=\"twitter:image\" content=\"https:\/\/2dejulhonoticias.com.br\/2jn\/wp-content\/uploads\/2026\/04\/afogamento-itacimirim-27042026.webp\" \/>\n<meta name=\"twitter:creator\" content=\"@2_julho\" \/>\n<meta name=\"twitter:site\" content=\"@2_julho\" \/>\n<meta name=\"twitter:label1\" content=\"Escrito por\" \/>\n\t<meta name=\"twitter:data1\" content=\"Reda\u00e7\u00e3o\" \/>\n\t<meta name=\"twitter:label2\" content=\"Est. tempo de leitura\" \/>\n\t<meta name=\"twitter:data2\" content=\"1 minuto\" \/>\n<script type=\"application\/ld+json\" class=\"yoast-schema-graph\">{\"@context\":\"https:\/\/schema.org\",\"@graph\":[{\"@type\":\"Article\",\"@id\":\"https:\/\/2dejulhonoticias.com.br\/2jn\/buscas-por-conta-propria-familia-de-homem-desaparecido-apos-afogamento-em-camacari-nesta-segunda-27-04-pede-apoio-das-autoridades\/#article\",\"isPartOf\":{\"@id\":\"https:\/\/2dejulhonoticias.com.br\/2jn\/buscas-por-conta-propria-familia-de-homem-desaparecido-apos-afogamento-em-camacari-nesta-segunda-27-04-pede-apoio-das-autoridades\/\"},\"author\":{\"name\":\"Reda\u00e7\u00e3o\",\"@id\":\"https:\/\/2dejulhonoticias.com.br\/2jn\/#\/schema\/person\/a61e2ab9ae920711c9622c249b03dc16\"},\"headline\":\"BUSCAS POR CONTA PR\u00d3PRIA: fam\u00edlia de homem desaparecido ap\u00f3s afogamento em Cama\u00e7ari nesta segunda (27\/04); pede apoio das autoridades\",\"datePublished\":\"2026-04-28T11:54:32+00:00\",\"mainEntityOfPage\":{\"@id\":\"https:\/\/2dejulhonoticias.com.br\/2jn\/buscas-por-conta-propria-familia-de-homem-desaparecido-apos-afogamento-em-camacari-nesta-segunda-27-04-pede-apoio-das-autoridades\/\"},\"wordCount\":321,\"publisher\":{\"@id\":\"https:\/\/2dejulhonoticias.com.br\/2jn\/#\/schema\/person\/a61e2ab9ae920711c9622c249b03dc16\"},\"image\":{\"@id\":\"https:\/\/2dejulhonoticias.com.br\/2jn\/buscas-por-conta-propria-familia-de-homem-desaparecido-apos-afogamento-em-camacari-nesta-segunda-27-04-pede-apoio-das-autoridades\/#primaryimage\"},\"thumbnailUrl\":\"https:\/\/2dejulhonoticias.com.br\/2jn\/wp-content\/uploads\/2026\/04\/afogamento-itacimirim-27042026.webp\",\"keywords\":[\"Afogamento Com V\u00edtimas\",\"Itacimirim\"],\"articleSection\":[\"Cama\u00e7ari\",\"Policia\"],\"inLanguage\":\"pt-BR\"},{\"@type\":\"WebPage\",\"@id\":\"https:\/\/2dejulhonoticias.com.br\/2jn\/buscas-por-conta-propria-familia-de-homem-desaparecido-apos-afogamento-em-camacari-nesta-segunda-27-04-pede-apoio-das-autoridades\/\",\"url\":\"https:\/\/2dejulhonoticias.com.br\/2jn\/buscas-por-conta-propria-familia-de-homem-desaparecido-apos-afogamento-em-camacari-nesta-segunda-27-04-pede-apoio-das-autoridades\/\",\"name\":\"BUSCAS POR CONTA PR\u00d3PRIA: fam\u00edlia de homem desaparecido ap\u00f3s afogamento em Cama\u00e7ari nesta segunda (27\/04); pede apoio das autoridades - 2 de Julho Not\u00edcias\",\"isPartOf\":{\"@id\":\"https:\/\/2dejulhonoticias.com.br\/2jn\/#website\"},\"primaryImageOfPage\":{\"@id\":\"https:\/\/2dejulhonoticias.com.br\/2jn\/buscas-por-conta-propria-familia-de-homem-desaparecido-apos-afogamento-em-camacari-nesta-segunda-27-04-pede-apoio-das-autoridades\/#primaryimage\"},\"image\":{\"@id\":\"https:\/\/2dejulhonoticias.com.br\/2jn\/buscas-por-conta-propria-familia-de-homem-desaparecido-apos-afogamento-em-camacari-nesta-segunda-27-04-pede-apoio-das-autoridades\/#primaryimage\"},\"thumbnailUrl\":\"https:\/\/2dejulhonoticias.com.br\/2jn\/wp-content\/uploads\/2026\/04\/afogamento-itacimirim-27042026.webp\",\"datePublished\":\"2026-04-28T11:54:32+00:00\",\"description\":\"BUSCAS POR CONTA PR\u00d3PRIA: fam\u00edlia de homem desaparecido ap\u00f3s afogamento em Cama\u00e7ari nesta segunda (27\/04); pede apoio das autoridades\",\"breadcrumb\":{\"@id\":\"https:\/\/2dejulhonoticias.com.br\/2jn\/buscas-por-conta-propria-familia-de-homem-desaparecido-apos-afogamento-em-camacari-nesta-segunda-27-04-pede-apoio-das-autoridades\/#breadcrumb\"},\"inLanguage\":\"pt-BR\",\"potentialAction\":[{\"@type\":\"ReadAction\",\"target\":[\"https:\/\/2dejulhonoticias.com.br\/2jn\/buscas-por-conta-propria-familia-de-homem-desaparecido-apos-afogamento-em-camacari-nesta-segunda-27-04-pede-apoio-das-autoridades\/\"]}]},{\"@type\":\"ImageObject\",\"inLanguage\":\"pt-BR\",\"@id\":\"https:\/\/2dejulhonoticias.com.br\/2jn\/buscas-por-conta-propria-familia-de-homem-desaparecido-apos-afogamento-em-camacari-nesta-segunda-27-04-pede-apoio-das-autoridades\/#primaryimage\",\"url\":\"https:\/\/2dejulhonoticias.com.br\/2jn\/wp-content\/uploads\/2026\/04\/afogamento-itacimirim-27042026.webp\",\"contentUrl\":\"https:\/\/2dejulhonoticias.com.br\/2jn\/wp-content\/uploads\/2026\/04\/afogamento-itacimirim-27042026.webp\",\"width\":600,\"height\":338},{\"@type\":\"BreadcrumbList\",\"@id\":\"https:\/\/2dejulhonoticias.com.br\/2jn\/buscas-por-conta-propria-familia-de-homem-desaparecido-apos-afogamento-em-camacari-nesta-segunda-27-04-pede-apoio-das-autoridades\/#breadcrumb\",\"itemListElement\":[{\"@type\":\"ListItem\",\"position\":1,\"name\":\"In\u00edcio\",\"item\":\"https:\/\/2dejulhonoticias.com.br\/2jn\/\"},{\"@type\":\"ListItem\",\"position\":2,\"name\":\"BUSCAS POR CONTA PR\u00d3PRIA: fam\u00edlia de homem desaparecido ap\u00f3s afogamento em Cama\u00e7ari nesta segunda (27\/04); pede apoio das autoridades\"}]},{\"@type\":\"WebSite\",\"@id\":\"https:\/\/2dejulhonoticias.com.br\/2jn\/#website\",\"url\":\"https:\/\/2dejulhonoticias.com.br\/2jn\/\",\"name\":\"2 de Julho Noticias - A not\u00edcia ao seu alcance\",\"description\":\"Noticias sobre Politica, Policia,Esporte,Vida e Estilo, Sa\u00fade,Moda e Beleza,Mundo da Fama,Emprego e Concursos,Arte e Cultura,Cama\u00e7ari\",\"publisher\":{\"@id\":\"https:\/\/2dejulhonoticias.com.br\/2jn\/#\/schema\/person\/a61e2ab9ae920711c9622c249b03dc16\"},\"potentialAction\":[{\"@type\":\"SearchAction\",\"target\":{\"@type\":\"EntryPoint\",\"urlTemplate\":\"https:\/\/2dejulhonoticias.com.br\/2jn\/?s={search_term_string}\"},\"query-input\":{\"@type\":\"PropertyValueSpecification\",\"valueRequired\":true,\"valueName\":\"search_term_string\"}}],\"inLanguage\":\"pt-BR\"},{\"@type\":[\"Person\",\"Organization\"],\"@id\":\"https:\/\/2dejulhonoticias.com.br\/2jn\/#\/schema\/person\/a61e2ab9ae920711c9622c249b03dc16\",\"name\":\"Reda\u00e7\u00e3o\",\"image\":{\"@type\":\"ImageObject\",\"inLanguage\":\"pt-BR\",\"@id\":\"https:\/\/2dejulhonoticias.com.br\/2jn\/wp-content\/uploads\/2020\/11\/logo2dejulho.png\",\"url\":\"https:\/\/2dejulhonoticias.com.br\/2jn\/wp-content\/uploads\/2020\/11\/logo2dejulho.png\",\"contentUrl\":\"https:\/\/2dejulhonoticias.com.br\/2jn\/wp-content\/uploads\/2020\/11\/logo2dejulho.png\",\"width\":291,\"height\":96,\"caption\":\"Reda\u00e7\u00e3o\"},\"logo\":{\"@id\":\"https:\/\/2dejulhonoticias.com.br\/2jn\/wp-content\/uploads\/2020\/11\/logo2dejulho.png\"},\"sameAs\":[\"https:\/\/www.facebook.com\/J2deJulho\",\"https:\/\/www.instagram.com\/mirobaia\/\",\"https:\/\/www.linkedin.com\/in\/mirobaia\/\",\"https:\/\/x.com\/2_julho\",\"https:\/\/www.youtube.com\/c\/MiroBaia\"]}]}<\/script>\n<!-- \/ Yoast SEO Premium plugin. -->","yoast_head_json":{"title":"BUSCAS POR CONTA PR\u00d3PRIA: fam\u00edlia de homem desaparecido ap\u00f3s afogamento em Cama\u00e7ari nesta segunda (27\/04); pede apoio das autoridades - 2 de Julho Not\u00edcias","description":"BUSCAS POR CONTA PR\u00d3PRIA: fam\u00edlia de homem desaparecido ap\u00f3s afogamento em Cama\u00e7ari nesta segunda (27\/04); pede apoio das autoridades","robots":{"index":"index","follow":"follow","max-snippet":"max-snippet:-1","max-image-preview":"max-image-preview:large","max-video-preview":"max-video-preview:-1"},"canonical":"https:\/\/2dejulhonoticias.com.br\/2jn\/buscas-por-conta-propria-familia-de-homem-desaparecido-apos-afogamento-em-camacari-nesta-segunda-27-04-pede-apoio-das-autoridades\/","twitter_card":"summary_large_image","twitter_title":"BUSCAS POR CONTA PR\u00d3PRIA: fam\u00edlia de homem desaparecido ap\u00f3s afogamento em Cama\u00e7ari nesta segunda (27\/04); pede apoio das autoridades - 2 de Julho Not\u00edcias","twitter_description":"BUSCAS POR CONTA PR\u00d3PRIA: fam\u00edlia de homem desaparecido ap\u00f3s afogamento em Cama\u00e7ari nesta segunda (27\/04); pede apoio das autoridades","twitter_image":"https:\/\/2dejulhonoticias.com.br\/2jn\/wp-content\/uploads\/2026\/04\/afogamento-itacimirim-27042026.webp","twitter_creator":"@2_julho","twitter_site":"@2_julho","twitter_misc":{"Escrito por":"Reda\u00e7\u00e3o","Est. tempo de leitura":"1 minuto"},"schema":{"@context":"https:\/\/schema.org","@graph":[{"@type":"Article","@id":"https:\/\/2dejulhonoticias.com.br\/2jn\/buscas-por-conta-propria-familia-de-homem-desaparecido-apos-afogamento-em-camacari-nesta-segunda-27-04-pede-apoio-das-autoridades\/#article","isPartOf":{"@id":"https:\/\/2dejulhonoticias.com.br\/2jn\/buscas-por-conta-propria-familia-de-homem-desaparecido-apos-afogamento-em-camacari-nesta-segunda-27-04-pede-apoio-das-autoridades\/"},"author":{"name":"Reda\u00e7\u00e3o","@id":"https:\/\/2dejulhonoticias.com.br\/2jn\/#\/schema\/person\/a61e2ab9ae920711c9622c249b03dc16"},"headline":"BUSCAS POR CONTA PR\u00d3PRIA: fam\u00edlia de homem desaparecido ap\u00f3s afogamento em Cama\u00e7ari nesta segunda (27\/04); pede apoio das autoridades","datePublished":"2026-04-28T11:54:32+00:00","mainEntityOfPage":{"@id":"https:\/\/2dejulhonoticias.com.br\/2jn\/buscas-por-conta-propria-familia-de-homem-desaparecido-apos-afogamento-em-camacari-nesta-segunda-27-04-pede-apoio-das-autoridades\/"},"wordCount":321,"publisher":{"@id":"https:\/\/2dejulhonoticias.com.br\/2jn\/#\/schema\/person\/a61e2ab9ae920711c9622c249b03dc16"},"image":{"@id":"https:\/\/2dejulhonoticias.com.br\/2jn\/buscas-por-conta-propria-familia-de-homem-desaparecido-apos-afogamento-em-camacari-nesta-segunda-27-04-pede-apoio-das-autoridades\/#primaryimage"},"thumbnailUrl":"https:\/\/2dejulhonoticias.com.br\/2jn\/wp-content\/uploads\/2026\/04\/afogamento-itacimirim-27042026.webp","keywords":["Afogamento Com V\u00edtimas","Itacimirim"],"articleSection":["Cama\u00e7ari","Policia"],"inLanguage":"pt-BR"},{"@type":"WebPage","@id":"https:\/\/2dejulhonoticias.com.br\/2jn\/buscas-por-conta-propria-familia-de-homem-desaparecido-apos-afogamento-em-camacari-nesta-segunda-27-04-pede-apoio-das-autoridades\/","url":"https:\/\/2dejulhonoticias.com.br\/2jn\/buscas-por-conta-propria-familia-de-homem-desaparecido-apos-afogamento-em-camacari-nesta-segunda-27-04-pede-apoio-das-autoridades\/","name":"BUSCAS POR CONTA PR\u00d3PRIA: fam\u00edlia de homem desaparecido ap\u00f3s afogamento em Cama\u00e7ari nesta segunda (27\/04); pede apoio das autoridades - 2 de Julho Not\u00edcias","isPartOf":{"@id":"https:\/\/2dejulhonoticias.com.br\/2jn\/#website"},"primaryImageOfPage":{"@id":"https:\/\/2dejulhonoticias.com.br\/2jn\/buscas-por-conta-propria-familia-de-homem-desaparecido-apos-afogamento-em-camacari-nesta-segunda-27-04-pede-apoio-das-autoridades\/#primaryimage"},"image":{"@id":"https:\/\/2dejulhonoticias.com.br\/2jn\/buscas-por-conta-propria-familia-de-homem-desaparecido-apos-afogamento-em-camacari-nesta-segunda-27-04-pede-apoio-das-autoridades\/#primaryimage"},"thumbnailUrl":"https:\/\/2dejulhonoticias.com.br\/2jn\/wp-content\/uploads\/2026\/04\/afogamento-itacimirim-27042026.webp","datePublished":"2026-04-28T11:54:32+00:00","description":"BUSCAS POR CONTA PR\u00d3PRIA: fam\u00edlia de homem desaparecido ap\u00f3s afogamento em Cama\u00e7ari nesta segunda (27\/04); pede apoio das autoridades","breadcrumb":{"@id":"https:\/\/2dejulhonoticias.com.br\/2jn\/buscas-por-conta-propria-familia-de-homem-desaparecido-apos-afogamento-em-camacari-nesta-segunda-27-04-pede-apoio-das-autoridades\/#breadcrumb"},"inLanguage":"pt-BR","potentialAction":[{"@type":"ReadAction","target":["https:\/\/2dejulhonoticias.com.br\/2jn\/buscas-por-conta-propria-familia-de-homem-desaparecido-apos-afogamento-em-camacari-nesta-segunda-27-04-pede-apoio-das-autoridades\/"]}]},{"@type":"ImageObject","inLanguage":"pt-BR","@id":"https:\/\/2dejulhonoticias.com.br\/2jn\/buscas-por-conta-propria-familia-de-homem-desaparecido-apos-afogamento-em-camacari-nesta-segunda-27-04-pede-apoio-das-autoridades\/#primaryimage","url":"https:\/\/2dejulhonoticias.com.br\/2jn\/wp-content\/uploads\/2026\/04\/afogamento-itacimirim-27042026.webp","contentUrl":"https:\/\/2dejulhonoticias.com.br\/2jn\/wp-content\/uploads\/2026\/04\/afogamento-itacimirim-27042026.webp","width":600,"height":338},{"@type":"BreadcrumbList","@id":"https:\/\/2dejulhonoticias.com.br\/2jn\/buscas-por-conta-propria-familia-de-homem-desaparecido-apos-afogamento-em-camacari-nesta-segunda-27-04-pede-apoio-das-autoridades\/#breadcrumb","itemListElement":[{"@type":"ListItem","position":1,"name":"In\u00edcio","item":"https:\/\/2dejulhonoticias.com.br\/2jn\/"},{"@type":"ListItem","position":2,"name":"BUSCAS POR CONTA PR\u00d3PRIA: fam\u00edlia de homem desaparecido ap\u00f3s afogamento em Cama\u00e7ari nesta segunda (27\/04); pede apoio das autoridades"}]},{"@type":"WebSite","@id":"https:\/\/2dejulhonoticias.com.br\/2jn\/#website","url":"https:\/\/2dejulhonoticias.com.br\/2jn\/","name":"2 de Julho Noticias - A not\u00edcia ao seu alcance","description":"Noticias sobre Politica, Policia,Esporte,Vida e Estilo, Sa\u00fade,Moda e Beleza,Mundo da Fama,Emprego e Concursos,Arte e Cultura,Cama\u00e7ari","publisher":{"@id":"https:\/\/2dejulhonoticias.com.br\/2jn\/#\/schema\/person\/a61e2ab9ae920711c9622c249b03dc16"},"potentialAction":[{"@type":"SearchAction","target":{"@type":"EntryPoint","urlTemplate":"https:\/\/2dejulhonoticias.com.br\/2jn\/?s={search_term_string}"},"query-input":{"@type":"PropertyValueSpecification","valueRequired":true,"valueName":"search_term_string"}}],"inLanguage":"pt-BR"},{"@type":["Person","Organization"],"@id":"https:\/\/2dejulhonoticias.com.br\/2jn\/#\/schema\/person\/a61e2ab9ae920711c9622c249b03dc16","name":"Reda\u00e7\u00e3o","image":{"@type":"ImageObject","inLanguage":"pt-BR","@id":"https:\/\/2dejulhonoticias.com.br\/2jn\/wp-content\/uploads\/2020\/11\/logo2dejulho.png","url":"https:\/\/2dejulhonoticias.com.br\/2jn\/wp-content\/uploads\/2020\/11\/logo2dejulho.png","contentUrl":"https:\/\/2dejulhonoticias.com.br\/2jn\/wp-content\/uploads\/2020\/11\/logo2dejulho.png","width":291,"height":96,"caption":"Reda\u00e7\u00e3o"},"logo":{"@id":"https:\/\/2dejulhonoticias.com.br\/2jn\/wp-content\/uploads\/2020\/11\/logo2dejulho.png"},"sameAs":["https:\/\/www.facebook.com\/J2deJulho","https:\/\/www.instagram.com\/mirobaia\/","https:\/\/www.linkedin.com\/in\/mirobaia\/","https:\/\/x.com\/2_julho","https:\/\/www.youtube.com\/c\/MiroBaia"]}]}},"_links":{"self":[{"href":"https:\/\/2dejulhonoticias.com.br\/2jn\/wp-json\/wp\/v2\/posts\/41334","targetHints":{"allow":["GET"]}}],"collection":[{"href":"https:\/\/2dejulhonoticias.com.br\/2jn\/wp-json\/wp\/v2\/posts"}],"about":[{"href":"https:\/\/2dejulhonoticias.com.br\/2jn\/wp-json\/wp\/v2\/types\/post"}],"author":[{"embeddable":true,"href":"https:\/\/2dejulhonoticias.com.br\/2jn\/wp-json\/wp\/v2\/users\/1"}],"replies":[{"embeddable":true,"href":"https:\/\/2dejulhonoticias.com.br\/2jn\/wp-json\/wp\/v2\/comments?post=41334"}],"version-history":[{"count":1,"href":"https:\/\/2dejulhonoticias.com.br\/2jn\/wp-json\/wp\/v2\/posts\/41334\/revisions"}],"predecessor-version":[{"id":41336,"href":"https:\/\/2dejulhonoticias.com.br\/2jn\/wp-json\/wp\/v2\/posts\/41334\/revisions\/41336"}],"wp:featuredmedia":[{"embeddable":true,"href":"https:\/\/2dejulhonoticias.com.br\/2jn\/wp-json\/wp\/v2\/media\/41335"}],"wp:attachment":[{"href":"https:\/\/2dejulhonoticias.com.br\/2jn\/wp-json\/wp\/v2\/media?parent=41334"}],"wp:term":[{"taxonomy":"category","embeddable":true,"href":"https:\/\/2dejulhonoticias.com.br\/2jn\/wp-json\/wp\/v2\/categories?post=41334"},{"taxonomy":"post_tag","embeddable":true,"href":"https:\/\/2dejulhonoticias.com.br\/2jn\/wp-json\/wp\/v2\/tags?post=41334"}],"curies":[{"name":"wp","href":"https:\/\/api.w.org\/{rel}","templated":true}]}}