{"id":41331,"date":"2026-04-28T08:44:47","date_gmt":"2026-04-28T11:44:47","guid":{"rendered":"https:\/\/2dejulhonoticias.com.br\/2jn\/?p=41331"},"modified":"2026-04-28T08:44:47","modified_gmt":"2026-04-28T11:44:47","slug":"homem-morre-apos-esfaquear-seguranca-e-ser-baleado-no-forum-eleitoral-de-camacari-nesta-segunda-27-04","status":"publish","type":"post","link":"https:\/\/2dejulhonoticias.com.br\/2jn\/homem-morre-apos-esfaquear-seguranca-e-ser-baleado-no-forum-eleitoral-de-camacari-nesta-segunda-27-04\/","title":{"rendered":"Homem morre ap\u00f3s esfaquear seguran\u00e7a e ser baleado no F\u00f3rum Eleitoral de Cama\u00e7ari nesta segunda (27\/04)"},"content":{"rendered":"<div style=\"text-align: justify;\">\nUm homem morreu ap\u00f3s esfaquear um vigilante e ser baleado no F\u00f3rum Eleitoral da cidade de Cama\u00e7ari, na Regi\u00e3o Metropolitana de Salvador (RMS), nesta segunda-feira (27). As informa\u00e7\u00f5es foram confirmadas pelo Tribunal Regional Eleitoral da Bahia (TRE-BA) e pela Pol\u00edcia Civil.<\/p>\n<p>\ud83d\udcf1 <a href=\"https:\/\/chat.whatsapp.com\/L8KSLsjENzl5HrgtytuzCL\"> SIGA PRA MAIS NOT\u00cdCIAS: entre na comunidade do 2JN no WhatsApp<\/a>\n<\/div>\n<div>\n<!-- GoogleAdsense --><\/p>\n<p style=\"text-align: justify;\"><span style=\"font-size: 14pt;\"><strong> LEIA TAMB\u00c9M <\/strong><\/span><\/p>\n<p><script async src=\"https:\/\/pagead2.googlesyndication.com\/pagead\/js\/adsbygoogle.js?client=ca-pub-3129804789748719\" crossorigin=\"anonymous\"><\/script><br \/>\n<!-- Anuncio horizontal responsivo --><br \/>\n<ins class=\"adsbygoogle\" style=\"display: block;\" data-ad-client=\"ca-pub-3129804789748719\" data-ad-slot=\"1473312501\" data-ad-format=\"auto\" data-full-width-responsive=\"true\"><\/ins><br \/>\n<script>\n     (adsbygoogle = window.adsbygoogle || []).push({});\n<\/script>\n<\/div>\n<div style=\"text-align: justify;\">\n<div class=\"related bk-inline-post-box alignleft\" style=\"color: #fcfcfc; background-color: #fac8c8;\"><ul class=\"list-small-post row\"><li class=\"small-post content_out clearfix\">                        <div class=\"small-thumbnail-wrapper\">\n                <div class=\"thumb hide-thumb term-87\"><a href=\"https:\/\/2dejulhonoticias.com.br\/2jn\/policial-militar-fica-ferido-e-suspeito-morre-apos-troca-de-tiros-na-ilha-de-itaparica-nesta-segunda-27\/\"><img decoding=\"async\" width=\"90\" height=\"65\" src=\"https:\/\/2dejulhonoticias.com.br\/2jn\/wp-content\/uploads\/2026\/04\/confronto-itaparica-27042026-90x65.webp\" class=\"attachment-rubik-90-65 size-rubik-90-65 wp-post-image\" alt=\"\" \/><div class=\"rubik-post-icon-wrap\"><\/div><\/a> <!-- close a tag --><\/div> <!-- close thumb -->            <\/div>\n                        <div class=\"post-c-wrap\">\n                                \n                <h4 class=\"title\"><a class=\"term-87\" href=\"https:\/\/2dejulhonoticias.com.br\/2jn\/policial-militar-fica-ferido-e-suspeito-morre-apos-troca-de-tiros-na-ilha-de-itaparica-nesta-segunda-27\/\">Policial militar fica ferido e suspeito morre ap\u00f3s troca de tiros na Ilha de Itaparica ...<\/a><\/h4>                <div class=\"meta\"><div class=\"post-date\">28 de abril de 2026<\/div><\/div> \n            <\/div>\n            <\/li><!-- End post --><li class=\"small-post content_out clearfix\">                        <div class=\"small-thumbnail-wrapper\">\n                <div class=\"thumb hide-thumb term-77\"><a href=\"https:\/\/2dejulhonoticias.com.br\/2jn\/buscas-por-conta-propria-familia-de-homem-desaparecido-apos-afogamento-em-camacari-nesta-segunda-27-04-pede-apoio-das-autoridades\/\"><img decoding=\"async\" width=\"90\" height=\"65\" src=\"https:\/\/2dejulhonoticias.com.br\/2jn\/wp-content\/uploads\/2026\/04\/afogamento-itacimirim-27042026-90x65.webp\" class=\"attachment-rubik-90-65 size-rubik-90-65 wp-post-image\" alt=\"\" \/><div class=\"rubik-post-icon-wrap\"><\/div><\/a> <!-- close a tag --><\/div> <!-- close thumb -->            <\/div>\n                        <div class=\"post-c-wrap\">\n                                \n                <h4 class=\"title\"><a class=\"term-77\" href=\"https:\/\/2dejulhonoticias.com.br\/2jn\/buscas-por-conta-propria-familia-de-homem-desaparecido-apos-afogamento-em-camacari-nesta-segunda-27-04-pede-apoio-das-autoridades\/\">BUSCAS POR CONTA PR\u00d3PRIA: fam\u00edlia de homem desaparecido ap\u00f3s afogamento em Cama\u00e7ari nesta segunda (27\/04); ...<\/a><\/h4>                <div class=\"meta\"><div class=\"post-date\">28 de abril de 2026<\/div><\/div> \n            <\/div>\n            <\/li><!-- End post --><li class=\"small-post content_out clearfix\">                        <div class=\"small-thumbnail-wrapper\">\n                <div class=\"thumb hide-thumb term-87\"><a href=\"https:\/\/2dejulhonoticias.com.br\/2jn\/segundo-corpo-homem-e-encontrado-boiando-na-cidade-baixa-neste-segunda-27-04\/\"><img decoding=\"async\" width=\"90\" height=\"65\" src=\"https:\/\/2dejulhonoticias.com.br\/2jn\/wp-content\/uploads\/2026\/04\/homem-e-encontrado-boiando-na-Cidade-Baixa-90x65.webp\" class=\"attachment-rubik-90-65 size-rubik-90-65 wp-post-image\" alt=\"\" \/><div class=\"rubik-post-icon-wrap\"><\/div><\/a> <!-- close a tag --><\/div> <!-- close thumb -->            <\/div>\n                        <div class=\"post-c-wrap\">\n                                \n                <h4 class=\"title\"><a class=\"term-87\" href=\"https:\/\/2dejulhonoticias.com.br\/2jn\/segundo-corpo-homem-e-encontrado-boiando-na-cidade-baixa-neste-segunda-27-04\/\">SEGUNDO CORPO: homem \u00e9 encontrado boiando na Cidade Baixa neste segunda (27\/04)<\/a><\/h4>                <div class=\"meta\"><div class=\"post-date\">27 de abril de 2026<\/div><\/div> \n            <\/div>\n            <\/li><!-- End post --><\/ul> <!-- End list-post --><\/div><br \/>\nSegundo informa\u00e7\u00f5es da pol\u00edcia, o homem foi identificado como Alexandro dos Santos, de 36 anos. Conforme o TRE-BA, ele havia realizado o servi\u00e7o de regulariza\u00e7\u00e3o eleitoral quando agrediu um agente de seguran\u00e7a terceirizado com uma faca. A pol\u00edcia detalha que o suspeito teria tentado roubar a arma do profissional.<\/p>\n<p>Diante do risco da situa\u00e7\u00e3o, o vigilante reagiu e disparou contra o homem, que morreu ainda no local. A Pol\u00edcia Militar foi acionada e isolou a \u00e1rea. Como a situa\u00e7\u00e3o aconteceu dentro de um pr\u00e9dio da Justi\u00e7a Federal, a Pol\u00edcia Federal (PF) tamb\u00e9m foi acionada para realiza\u00e7\u00e3o de per\u00edcia.<\/p>\n<p>O agente de seguran\u00e7a recebeu atendimento pelo Servi\u00e7o M\u00f3vel de Atendimento de Urg\u00eancia (Samu) e n\u00e3o corre risco de morte.<\/p>\n<p>Ainda por meio de nota, o TRE-BA informou que a Secretaria de Gest\u00e3o de Pessoas do Tribunal esteve nos cart\u00f3rios ap\u00f3s o caso e adotou todas as medidas cab\u00edveis para acolhimento e acompanhamento f\u00edsico e mental dos servidores e colaboradores.<\/p>\n<p>Al\u00e9m disso, o \u00f3rg\u00e3o refor\u00e7ou que o profissional ferido tamb\u00e9m est\u00e1 sendo acompanhado.<\/p>\n<p>Apesar da situa\u00e7\u00e3o, os cart\u00f3rios eleitorais de Cama\u00e7ari seguem abertos para atendimento ao p\u00fablico, de segunda a sexta-feira, das 8h \u00e0s 14h.<\/p>\n<p><a href=\"#\">Homem morre ap\u00f3s esfaquear seguran\u00e7a e ser baleado no F\u00f3rum Eleitoral de Cama\u00e7ari nesta segunda (27\/04)<\/a>\n<\/div>\n<hr \/>\n<p><!-- banner meio--><\/p>\n<div><script async src=\"https:\/\/pagead2.googlesyndication.com\/pagead\/js\/adsbygoogle.js?client=ca-pub-3129804789748719\" crossorigin=\"anonymous\"><\/script><br \/>\n<!-- Banner quadrado responsivo --><br \/>\n<ins class=\"adsbygoogle\" style=\"display: block;\" data-ad-client=\"ca-pub-3129804789748719\" data-ad-slot=\"2076857862\" data-ad-format=\"auto\" data-full-width-responsive=\"true\"><\/ins><br \/>\n<script>\n     (adsbygoogle = window.adsbygoogle || []).push({});\n<\/script><\/div>\n<p><!-- banner meio responsivo --><\/p>\n<hr \/>\n<p><!-- RODAP\u00c9 DA NOTICIA --><\/p>\n<div><strong> Siga a coluna no <a href=\"https:\/\/www.facebook.com\/jornal2jn\" target=\"_blank\" rel=\"noopener\">Facebook<\/a> e no <a href=\"https:\/\/www.instagram.com\/jornal2dejulho\/\" target=\"_blank\" rel=\"noopener\">Instagram<\/a> para n\u00e3o perder nada.<\/strong><\/div>\n<p style=\"text-align: right;\"><em> por Reda\u00e7\u00e3o 2JN <\/em><\/p>\n<p><!--\n\nO 2 de Julho Noticias \u00e9 um Jornal Independente, pois n\u00e3o tem apoios Pol\u00edticos Partid\u00e1rios, de Prefeitura e nem de Comercio, e precisa de seu apoio, caso possa em assinar nosso Livro de Parceiros e Colaboradores.\nSua colabora\u00e7\u00e3o \u00e9 muito importante para nossa continuidade! Chave PIX EMAIL: parceiro@2dejulhonoticias.com.br\n\n--><\/p>\n<hr \/>\n<p><!-- banner meio responsivo--><br \/>\n<script async src=\"https:\/\/pagead2.googlesyndication.com\/pagead\/js\/adsbygoogle.js?client=ca-pub-3129804789748719\" crossorigin=\"anonymous\"><\/script><br \/>\n<!-- banner 728x90 2jn --><br \/>\n<ins class=\"adsbygoogle\" style=\"display: inline-block; width: 728px; height: 90px;\" data-ad-client=\"ca-pub-3129804789748719\" data-ad-slot=\"1383288950\"><\/ins><br \/>\n<script>\n     (adsbygoogle = window.adsbygoogle || []).push({});\n<\/script><\/p>\n<p style=\"text-align: justify;\"><span style=\"font-size: 14pt;\"><strong> LEIA TAMB\u00c9M <\/strong><\/span><\/p>\n<p><!-- banner meio responsivo--><br \/>\n<script async src=\"https:\/\/pagead2.googlesyndication.com\/pagead\/js\/adsbygoogle.js?client=ca-pub-3129804789748719\" crossorigin=\"anonymous\"><\/script><br \/>\n<!-- banner 728x90 2jn --><br \/>\n<ins class=\"adsbygoogle\" style=\"display: inline-block; width: 728px; height: 90px;\" data-ad-client=\"ca-pub-3129804789748719\" data-ad-slot=\"1383288950\"><\/ins><br \/>\n<script>\n     (adsbygoogle = window.adsbygoogle || []).push({});\n<\/script><br \/>\n<amp-ad width=\"100vw\" height=\"320\"\n     type=\"adsense\"\n     data-ad-client=\"ca-pub-3129804789748719\"\n     data-ad-slot=\"4367194841\"\n     data-auto-format=\"mcrspv\"\n     data-full-width=\"\"><\/p>\n<div overflow=\"\"><\/div>\n<p><\/amp-ad><br \/>\n<amp-ad\n     layout=\"fixed\"\n     width=\"728\"\n     height=\"90\"\n     type=\"adsense\"\n     data-ad-client=\"ca-pub-3129804789748719\"\n     data-ad-slot=\"1383288950\"><br \/>\n<\/amp-ad><\/p>\n","protected":false},"excerpt":{"rendered":"<p>Um homem morreu ap\u00f3s esfaquear um vigilante e ser baleado no F\u00f3rum Eleitoral da cidade de Cama\u00e7ari, na Regi\u00e3o Metropolitana de Salvador (RMS), nesta segunda-feira (27). As informa\u00e7\u00f5es foram confirmadas pelo Tribunal Regional Eleitoral da Bahia (TRE-BA) e pela Pol\u00edcia Civil. \ud83d\udcf1 SIGA PRA MAIS NOT\u00cdCIAS: entre na comunidade do 2JN no WhatsApp LEIA TAMB\u00c9M Segundo informa\u00e7\u00f5es da pol\u00edcia, o homem foi identificado como Alexandro dos Santos, de 36 anos. Conforme o TRE-BA, ele havia realizado o servi\u00e7o de regulariza\u00e7\u00e3o eleitoral quando agrediu um agente de seguran\u00e7a terceirizado com uma faca. A pol\u00edcia detalha que o suspeito teria tentado roubar [&hellip;]<\/p>\n","protected":false},"author":1,"featured_media":41332,"comment_status":"closed","ping_status":"open","sticky":false,"template":"","format":"standard","meta":{"footnotes":""},"categories":[77,87],"tags":[110,3775],"class_list":["post-41331","post","type-post","status-publish","format-standard","has-post-thumbnail","hentry","category-camacari","category-policia","tag-camacari","tag-homicidio"],"yoast_head":"<!-- This site is optimized with the Yoast SEO Premium plugin v23.7 (Yoast SEO v27.2) - https:\/\/yoast.com\/product\/yoast-seo-premium-wordpress\/ -->\n<title>Homem morre ap\u00f3s esfaquear seguran\u00e7a e ser baleado no F\u00f3rum Eleitoral de Cama\u00e7ari nesta segunda (27\/04) - 2 de Julho Not\u00edcias<\/title>\n<meta name=\"description\" content=\"Homem morre ap\u00f3s esfaquear seguran\u00e7a e ser baleado no F\u00f3rum Eleitoral de Cama\u00e7ari nesta segunda (27\/04)\" \/>\n<meta name=\"robots\" content=\"index, follow, max-snippet:-1, max-image-preview:large, max-video-preview:-1\" \/>\n<link rel=\"canonical\" href=\"https:\/\/2dejulhonoticias.com.br\/2jn\/homem-morre-apos-esfaquear-seguranca-e-ser-baleado-no-forum-eleitoral-de-camacari-nesta-segunda-27-04\/\" \/>\n<meta name=\"twitter:card\" content=\"summary_large_image\" \/>\n<meta name=\"twitter:title\" content=\"Homem morre ap\u00f3s esfaquear seguran\u00e7a e ser baleado no F\u00f3rum Eleitoral de Cama\u00e7ari nesta segunda (27\/04) - 2 de Julho Not\u00edcias\" \/>\n<meta name=\"twitter:description\" content=\"Homem morre ap\u00f3s esfaquear seguran\u00e7a e ser baleado no F\u00f3rum Eleitoral de Cama\u00e7ari nesta segunda (27\/04)\" \/>\n<meta name=\"twitter:image\" content=\"https:\/\/2dejulhonoticias.com.br\/2jn\/wp-content\/uploads\/2026\/04\/tre-cammacari.webp\" \/>\n<meta name=\"twitter:creator\" content=\"@2_julho\" \/>\n<meta name=\"twitter:site\" content=\"@2_julho\" \/>\n<meta name=\"twitter:label1\" content=\"Escrito por\" \/>\n\t<meta name=\"twitter:data1\" content=\"Reda\u00e7\u00e3o\" \/>\n\t<meta name=\"twitter:label2\" content=\"Est. tempo de leitura\" \/>\n\t<meta name=\"twitter:data2\" content=\"1 minuto\" \/>\n<script type=\"application\/ld+json\" class=\"yoast-schema-graph\">{\"@context\":\"https:\/\/schema.org\",\"@graph\":[{\"@type\":\"Article\",\"@id\":\"https:\/\/2dejulhonoticias.com.br\/2jn\/homem-morre-apos-esfaquear-seguranca-e-ser-baleado-no-forum-eleitoral-de-camacari-nesta-segunda-27-04\/#article\",\"isPartOf\":{\"@id\":\"https:\/\/2dejulhonoticias.com.br\/2jn\/homem-morre-apos-esfaquear-seguranca-e-ser-baleado-no-forum-eleitoral-de-camacari-nesta-segunda-27-04\/\"},\"author\":{\"name\":\"Reda\u00e7\u00e3o\",\"@id\":\"https:\/\/2dejulhonoticias.com.br\/2jn\/#\/schema\/person\/a61e2ab9ae920711c9622c249b03dc16\"},\"headline\":\"Homem morre ap\u00f3s esfaquear seguran\u00e7a e ser baleado no F\u00f3rum Eleitoral de Cama\u00e7ari nesta segunda (27\/04)\",\"datePublished\":\"2026-04-28T11:44:47+00:00\",\"mainEntityOfPage\":{\"@id\":\"https:\/\/2dejulhonoticias.com.br\/2jn\/homem-morre-apos-esfaquear-seguranca-e-ser-baleado-no-forum-eleitoral-de-camacari-nesta-segunda-27-04\/\"},\"wordCount\":359,\"publisher\":{\"@id\":\"https:\/\/2dejulhonoticias.com.br\/2jn\/#\/schema\/person\/a61e2ab9ae920711c9622c249b03dc16\"},\"image\":{\"@id\":\"https:\/\/2dejulhonoticias.com.br\/2jn\/homem-morre-apos-esfaquear-seguranca-e-ser-baleado-no-forum-eleitoral-de-camacari-nesta-segunda-27-04\/#primaryimage\"},\"thumbnailUrl\":\"https:\/\/2dejulhonoticias.com.br\/2jn\/wp-content\/uploads\/2026\/04\/tre-cammacari.webp\",\"keywords\":[\"Cama\u00e7ari\",\"Homicidio\"],\"articleSection\":[\"Cama\u00e7ari\",\"Policia\"],\"inLanguage\":\"pt-BR\"},{\"@type\":\"WebPage\",\"@id\":\"https:\/\/2dejulhonoticias.com.br\/2jn\/homem-morre-apos-esfaquear-seguranca-e-ser-baleado-no-forum-eleitoral-de-camacari-nesta-segunda-27-04\/\",\"url\":\"https:\/\/2dejulhonoticias.com.br\/2jn\/homem-morre-apos-esfaquear-seguranca-e-ser-baleado-no-forum-eleitoral-de-camacari-nesta-segunda-27-04\/\",\"name\":\"Homem morre ap\u00f3s esfaquear seguran\u00e7a e ser baleado no F\u00f3rum Eleitoral de Cama\u00e7ari nesta segunda (27\/04) - 2 de Julho Not\u00edcias\",\"isPartOf\":{\"@id\":\"https:\/\/2dejulhonoticias.com.br\/2jn\/#website\"},\"primaryImageOfPage\":{\"@id\":\"https:\/\/2dejulhonoticias.com.br\/2jn\/homem-morre-apos-esfaquear-seguranca-e-ser-baleado-no-forum-eleitoral-de-camacari-nesta-segunda-27-04\/#primaryimage\"},\"image\":{\"@id\":\"https:\/\/2dejulhonoticias.com.br\/2jn\/homem-morre-apos-esfaquear-seguranca-e-ser-baleado-no-forum-eleitoral-de-camacari-nesta-segunda-27-04\/#primaryimage\"},\"thumbnailUrl\":\"https:\/\/2dejulhonoticias.com.br\/2jn\/wp-content\/uploads\/2026\/04\/tre-cammacari.webp\",\"datePublished\":\"2026-04-28T11:44:47+00:00\",\"description\":\"Homem morre ap\u00f3s esfaquear seguran\u00e7a e ser baleado no F\u00f3rum Eleitoral de Cama\u00e7ari nesta segunda (27\/04)\",\"breadcrumb\":{\"@id\":\"https:\/\/2dejulhonoticias.com.br\/2jn\/homem-morre-apos-esfaquear-seguranca-e-ser-baleado-no-forum-eleitoral-de-camacari-nesta-segunda-27-04\/#breadcrumb\"},\"inLanguage\":\"pt-BR\",\"potentialAction\":[{\"@type\":\"ReadAction\",\"target\":[\"https:\/\/2dejulhonoticias.com.br\/2jn\/homem-morre-apos-esfaquear-seguranca-e-ser-baleado-no-forum-eleitoral-de-camacari-nesta-segunda-27-04\/\"]}]},{\"@type\":\"ImageObject\",\"inLanguage\":\"pt-BR\",\"@id\":\"https:\/\/2dejulhonoticias.com.br\/2jn\/homem-morre-apos-esfaquear-seguranca-e-ser-baleado-no-forum-eleitoral-de-camacari-nesta-segunda-27-04\/#primaryimage\",\"url\":\"https:\/\/2dejulhonoticias.com.br\/2jn\/wp-content\/uploads\/2026\/04\/tre-cammacari.webp\",\"contentUrl\":\"https:\/\/2dejulhonoticias.com.br\/2jn\/wp-content\/uploads\/2026\/04\/tre-cammacari.webp\",\"width\":600,\"height\":289,\"caption\":\"TRE Cama\u00e7ari\"},{\"@type\":\"BreadcrumbList\",\"@id\":\"https:\/\/2dejulhonoticias.com.br\/2jn\/homem-morre-apos-esfaquear-seguranca-e-ser-baleado-no-forum-eleitoral-de-camacari-nesta-segunda-27-04\/#breadcrumb\",\"itemListElement\":[{\"@type\":\"ListItem\",\"position\":1,\"name\":\"In\u00edcio\",\"item\":\"https:\/\/2dejulhonoticias.com.br\/2jn\/\"},{\"@type\":\"ListItem\",\"position\":2,\"name\":\"Homem morre ap\u00f3s esfaquear seguran\u00e7a e ser baleado no F\u00f3rum Eleitoral de Cama\u00e7ari nesta segunda (27\/04)\"}]},{\"@type\":\"WebSite\",\"@id\":\"https:\/\/2dejulhonoticias.com.br\/2jn\/#website\",\"url\":\"https:\/\/2dejulhonoticias.com.br\/2jn\/\",\"name\":\"2 de Julho Noticias - A not\u00edcia ao seu alcance\",\"description\":\"Noticias sobre Politica, Policia,Esporte,Vida e Estilo, Sa\u00fade,Moda e Beleza,Mundo da Fama,Emprego e Concursos,Arte e Cultura,Cama\u00e7ari\",\"publisher\":{\"@id\":\"https:\/\/2dejulhonoticias.com.br\/2jn\/#\/schema\/person\/a61e2ab9ae920711c9622c249b03dc16\"},\"potentialAction\":[{\"@type\":\"SearchAction\",\"target\":{\"@type\":\"EntryPoint\",\"urlTemplate\":\"https:\/\/2dejulhonoticias.com.br\/2jn\/?s={search_term_string}\"},\"query-input\":{\"@type\":\"PropertyValueSpecification\",\"valueRequired\":true,\"valueName\":\"search_term_string\"}}],\"inLanguage\":\"pt-BR\"},{\"@type\":[\"Person\",\"Organization\"],\"@id\":\"https:\/\/2dejulhonoticias.com.br\/2jn\/#\/schema\/person\/a61e2ab9ae920711c9622c249b03dc16\",\"name\":\"Reda\u00e7\u00e3o\",\"image\":{\"@type\":\"ImageObject\",\"inLanguage\":\"pt-BR\",\"@id\":\"https:\/\/2dejulhonoticias.com.br\/2jn\/wp-content\/uploads\/2020\/11\/logo2dejulho.png\",\"url\":\"https:\/\/2dejulhonoticias.com.br\/2jn\/wp-content\/uploads\/2020\/11\/logo2dejulho.png\",\"contentUrl\":\"https:\/\/2dejulhonoticias.com.br\/2jn\/wp-content\/uploads\/2020\/11\/logo2dejulho.png\",\"width\":291,\"height\":96,\"caption\":\"Reda\u00e7\u00e3o\"},\"logo\":{\"@id\":\"https:\/\/2dejulhonoticias.com.br\/2jn\/wp-content\/uploads\/2020\/11\/logo2dejulho.png\"},\"sameAs\":[\"https:\/\/www.facebook.com\/J2deJulho\",\"https:\/\/www.instagram.com\/mirobaia\/\",\"https:\/\/www.linkedin.com\/in\/mirobaia\/\",\"https:\/\/x.com\/2_julho\",\"https:\/\/www.youtube.com\/c\/MiroBaia\"]}]}<\/script>\n<!-- \/ Yoast SEO Premium plugin. -->","yoast_head_json":{"title":"Homem morre ap\u00f3s esfaquear seguran\u00e7a e ser baleado no F\u00f3rum Eleitoral de Cama\u00e7ari nesta segunda (27\/04) - 2 de Julho Not\u00edcias","description":"Homem morre ap\u00f3s esfaquear seguran\u00e7a e ser baleado no F\u00f3rum Eleitoral de Cama\u00e7ari nesta segunda (27\/04)","robots":{"index":"index","follow":"follow","max-snippet":"max-snippet:-1","max-image-preview":"max-image-preview:large","max-video-preview":"max-video-preview:-1"},"canonical":"https:\/\/2dejulhonoticias.com.br\/2jn\/homem-morre-apos-esfaquear-seguranca-e-ser-baleado-no-forum-eleitoral-de-camacari-nesta-segunda-27-04\/","twitter_card":"summary_large_image","twitter_title":"Homem morre ap\u00f3s esfaquear seguran\u00e7a e ser baleado no F\u00f3rum Eleitoral de Cama\u00e7ari nesta segunda (27\/04) - 2 de Julho Not\u00edcias","twitter_description":"Homem morre ap\u00f3s esfaquear seguran\u00e7a e ser baleado no F\u00f3rum Eleitoral de Cama\u00e7ari nesta segunda (27\/04)","twitter_image":"https:\/\/2dejulhonoticias.com.br\/2jn\/wp-content\/uploads\/2026\/04\/tre-cammacari.webp","twitter_creator":"@2_julho","twitter_site":"@2_julho","twitter_misc":{"Escrito por":"Reda\u00e7\u00e3o","Est. tempo de leitura":"1 minuto"},"schema":{"@context":"https:\/\/schema.org","@graph":[{"@type":"Article","@id":"https:\/\/2dejulhonoticias.com.br\/2jn\/homem-morre-apos-esfaquear-seguranca-e-ser-baleado-no-forum-eleitoral-de-camacari-nesta-segunda-27-04\/#article","isPartOf":{"@id":"https:\/\/2dejulhonoticias.com.br\/2jn\/homem-morre-apos-esfaquear-seguranca-e-ser-baleado-no-forum-eleitoral-de-camacari-nesta-segunda-27-04\/"},"author":{"name":"Reda\u00e7\u00e3o","@id":"https:\/\/2dejulhonoticias.com.br\/2jn\/#\/schema\/person\/a61e2ab9ae920711c9622c249b03dc16"},"headline":"Homem morre ap\u00f3s esfaquear seguran\u00e7a e ser baleado no F\u00f3rum Eleitoral de Cama\u00e7ari nesta segunda (27\/04)","datePublished":"2026-04-28T11:44:47+00:00","mainEntityOfPage":{"@id":"https:\/\/2dejulhonoticias.com.br\/2jn\/homem-morre-apos-esfaquear-seguranca-e-ser-baleado-no-forum-eleitoral-de-camacari-nesta-segunda-27-04\/"},"wordCount":359,"publisher":{"@id":"https:\/\/2dejulhonoticias.com.br\/2jn\/#\/schema\/person\/a61e2ab9ae920711c9622c249b03dc16"},"image":{"@id":"https:\/\/2dejulhonoticias.com.br\/2jn\/homem-morre-apos-esfaquear-seguranca-e-ser-baleado-no-forum-eleitoral-de-camacari-nesta-segunda-27-04\/#primaryimage"},"thumbnailUrl":"https:\/\/2dejulhonoticias.com.br\/2jn\/wp-content\/uploads\/2026\/04\/tre-cammacari.webp","keywords":["Cama\u00e7ari","Homicidio"],"articleSection":["Cama\u00e7ari","Policia"],"inLanguage":"pt-BR"},{"@type":"WebPage","@id":"https:\/\/2dejulhonoticias.com.br\/2jn\/homem-morre-apos-esfaquear-seguranca-e-ser-baleado-no-forum-eleitoral-de-camacari-nesta-segunda-27-04\/","url":"https:\/\/2dejulhonoticias.com.br\/2jn\/homem-morre-apos-esfaquear-seguranca-e-ser-baleado-no-forum-eleitoral-de-camacari-nesta-segunda-27-04\/","name":"Homem morre ap\u00f3s esfaquear seguran\u00e7a e ser baleado no F\u00f3rum Eleitoral de Cama\u00e7ari nesta segunda (27\/04) - 2 de Julho Not\u00edcias","isPartOf":{"@id":"https:\/\/2dejulhonoticias.com.br\/2jn\/#website"},"primaryImageOfPage":{"@id":"https:\/\/2dejulhonoticias.com.br\/2jn\/homem-morre-apos-esfaquear-seguranca-e-ser-baleado-no-forum-eleitoral-de-camacari-nesta-segunda-27-04\/#primaryimage"},"image":{"@id":"https:\/\/2dejulhonoticias.com.br\/2jn\/homem-morre-apos-esfaquear-seguranca-e-ser-baleado-no-forum-eleitoral-de-camacari-nesta-segunda-27-04\/#primaryimage"},"thumbnailUrl":"https:\/\/2dejulhonoticias.com.br\/2jn\/wp-content\/uploads\/2026\/04\/tre-cammacari.webp","datePublished":"2026-04-28T11:44:47+00:00","description":"Homem morre ap\u00f3s esfaquear seguran\u00e7a e ser baleado no F\u00f3rum Eleitoral de Cama\u00e7ari nesta segunda (27\/04)","breadcrumb":{"@id":"https:\/\/2dejulhonoticias.com.br\/2jn\/homem-morre-apos-esfaquear-seguranca-e-ser-baleado-no-forum-eleitoral-de-camacari-nesta-segunda-27-04\/#breadcrumb"},"inLanguage":"pt-BR","potentialAction":[{"@type":"ReadAction","target":["https:\/\/2dejulhonoticias.com.br\/2jn\/homem-morre-apos-esfaquear-seguranca-e-ser-baleado-no-forum-eleitoral-de-camacari-nesta-segunda-27-04\/"]}]},{"@type":"ImageObject","inLanguage":"pt-BR","@id":"https:\/\/2dejulhonoticias.com.br\/2jn\/homem-morre-apos-esfaquear-seguranca-e-ser-baleado-no-forum-eleitoral-de-camacari-nesta-segunda-27-04\/#primaryimage","url":"https:\/\/2dejulhonoticias.com.br\/2jn\/wp-content\/uploads\/2026\/04\/tre-cammacari.webp","contentUrl":"https:\/\/2dejulhonoticias.com.br\/2jn\/wp-content\/uploads\/2026\/04\/tre-cammacari.webp","width":600,"height":289,"caption":"TRE Cama\u00e7ari"},{"@type":"BreadcrumbList","@id":"https:\/\/2dejulhonoticias.com.br\/2jn\/homem-morre-apos-esfaquear-seguranca-e-ser-baleado-no-forum-eleitoral-de-camacari-nesta-segunda-27-04\/#breadcrumb","itemListElement":[{"@type":"ListItem","position":1,"name":"In\u00edcio","item":"https:\/\/2dejulhonoticias.com.br\/2jn\/"},{"@type":"ListItem","position":2,"name":"Homem morre ap\u00f3s esfaquear seguran\u00e7a e ser baleado no F\u00f3rum Eleitoral de Cama\u00e7ari nesta segunda (27\/04)"}]},{"@type":"WebSite","@id":"https:\/\/2dejulhonoticias.com.br\/2jn\/#website","url":"https:\/\/2dejulhonoticias.com.br\/2jn\/","name":"2 de Julho Noticias - A not\u00edcia ao seu alcance","description":"Noticias sobre Politica, Policia,Esporte,Vida e Estilo, Sa\u00fade,Moda e Beleza,Mundo da Fama,Emprego e Concursos,Arte e Cultura,Cama\u00e7ari","publisher":{"@id":"https:\/\/2dejulhonoticias.com.br\/2jn\/#\/schema\/person\/a61e2ab9ae920711c9622c249b03dc16"},"potentialAction":[{"@type":"SearchAction","target":{"@type":"EntryPoint","urlTemplate":"https:\/\/2dejulhonoticias.com.br\/2jn\/?s={search_term_string}"},"query-input":{"@type":"PropertyValueSpecification","valueRequired":true,"valueName":"search_term_string"}}],"inLanguage":"pt-BR"},{"@type":["Person","Organization"],"@id":"https:\/\/2dejulhonoticias.com.br\/2jn\/#\/schema\/person\/a61e2ab9ae920711c9622c249b03dc16","name":"Reda\u00e7\u00e3o","image":{"@type":"ImageObject","inLanguage":"pt-BR","@id":"https:\/\/2dejulhonoticias.com.br\/2jn\/wp-content\/uploads\/2020\/11\/logo2dejulho.png","url":"https:\/\/2dejulhonoticias.com.br\/2jn\/wp-content\/uploads\/2020\/11\/logo2dejulho.png","contentUrl":"https:\/\/2dejulhonoticias.com.br\/2jn\/wp-content\/uploads\/2020\/11\/logo2dejulho.png","width":291,"height":96,"caption":"Reda\u00e7\u00e3o"},"logo":{"@id":"https:\/\/2dejulhonoticias.com.br\/2jn\/wp-content\/uploads\/2020\/11\/logo2dejulho.png"},"sameAs":["https:\/\/www.facebook.com\/J2deJulho","https:\/\/www.instagram.com\/mirobaia\/","https:\/\/www.linkedin.com\/in\/mirobaia\/","https:\/\/x.com\/2_julho","https:\/\/www.youtube.com\/c\/MiroBaia"]}]}},"_links":{"self":[{"href":"https:\/\/2dejulhonoticias.com.br\/2jn\/wp-json\/wp\/v2\/posts\/41331","targetHints":{"allow":["GET"]}}],"collection":[{"href":"https:\/\/2dejulhonoticias.com.br\/2jn\/wp-json\/wp\/v2\/posts"}],"about":[{"href":"https:\/\/2dejulhonoticias.com.br\/2jn\/wp-json\/wp\/v2\/types\/post"}],"author":[{"embeddable":true,"href":"https:\/\/2dejulhonoticias.com.br\/2jn\/wp-json\/wp\/v2\/users\/1"}],"replies":[{"embeddable":true,"href":"https:\/\/2dejulhonoticias.com.br\/2jn\/wp-json\/wp\/v2\/comments?post=41331"}],"version-history":[{"count":1,"href":"https:\/\/2dejulhonoticias.com.br\/2jn\/wp-json\/wp\/v2\/posts\/41331\/revisions"}],"predecessor-version":[{"id":41333,"href":"https:\/\/2dejulhonoticias.com.br\/2jn\/wp-json\/wp\/v2\/posts\/41331\/revisions\/41333"}],"wp:featuredmedia":[{"embeddable":true,"href":"https:\/\/2dejulhonoticias.com.br\/2jn\/wp-json\/wp\/v2\/media\/41332"}],"wp:attachment":[{"href":"https:\/\/2dejulhonoticias.com.br\/2jn\/wp-json\/wp\/v2\/media?parent=41331"}],"wp:term":[{"taxonomy":"category","embeddable":true,"href":"https:\/\/2dejulhonoticias.com.br\/2jn\/wp-json\/wp\/v2\/categories?post=41331"},{"taxonomy":"post_tag","embeddable":true,"href":"https:\/\/2dejulhonoticias.com.br\/2jn\/wp-json\/wp\/v2\/tags?post=41331"}],"curies":[{"name":"wp","href":"https:\/\/api.w.org\/{rel}","templated":true}]}}