{"id":41328,"date":"2026-04-28T08:31:39","date_gmt":"2026-04-28T11:31:39","guid":{"rendered":"https:\/\/2dejulhonoticias.com.br\/2jn\/?p=41328"},"modified":"2026-04-28T08:31:39","modified_gmt":"2026-04-28T11:31:39","slug":"vem-ai-a-maior-premiacao-de-um-festival-de-musica-do-brasil-24-festival-de-musica-educadora-fm","status":"publish","type":"post","link":"https:\/\/2dejulhonoticias.com.br\/2jn\/vem-ai-a-maior-premiacao-de-um-festival-de-musica-do-brasil-24-festival-de-musica-educadora-fm\/","title":{"rendered":"Vem ai a maior premia\u00e7\u00e3o de um Festival de Musica do Brasil: &#8220;24\u00b0 Festival de M\u00fasica Educadora FM&#8221;"},"content":{"rendered":"<div style=\"text-align: justify;\">\nO <a href=\"https:\/\/festivaleducadora.ba.gov.br\/\" target=\"_blank\">24\u00b0 Festival de M\u00fasica Educadora FM, est\u00e1 com as inscri\u00e7\u00f5es abertas a partir de 08 de abril de 2026<\/a> e traz novidades. Este ano, o festival ampliou o valor das premia\u00e7\u00f5es, incluiu mais dois novos pr\u00eamios a categoria voltada para estudantes de escolas p\u00fablicas estaduais da Bahia. O maior festival do Brasil com distribui\u00e7\u00e3o de valores em dinheiro contempla todos os 50 finalistas e, neste ano, o montante total \u00e9 de R$ 530 mil, superando os mais de R$ 400 mil da edi\u00e7\u00e3o anterior. Clique <strong><a href=\"https:\/\/www.ba.gov.br\/irdeb\/editais\/694\/edital-24o-festival-de-musica-educadora-fm\" target=\"_blank\">aqui <\/a><\/strong>para acessar o edital<\/p>\n<p>\ud83d\udcf1 <a href=\"https:\/\/chat.whatsapp.com\/L8KSLsjENzl5HrgtytuzCL\"> SIGA PRA MAIS NOT\u00cdCIAS: entre na comunidade do 2JN no WhatsApp<\/a>\n<\/div>\n<div>\n<!-- GoogleAdsense --><\/p>\n<p style=\"text-align: justify;\"><span style=\"font-size: 14pt;\"><strong> LEIA TAMB\u00c9M <\/strong><\/span><\/p>\n<p><script async src=\"https:\/\/pagead2.googlesyndication.com\/pagead\/js\/adsbygoogle.js?client=ca-pub-3129804789748719\" crossorigin=\"anonymous\"><\/script><br \/>\n<!-- Anuncio horizontal responsivo --><br \/>\n<ins class=\"adsbygoogle\" style=\"display: block;\" data-ad-client=\"ca-pub-3129804789748719\" data-ad-slot=\"1473312501\" data-ad-format=\"auto\" data-full-width-responsive=\"true\"><\/ins><br \/>\n<script>\n     (adsbygoogle = window.adsbygoogle || []).push({});\n<\/script>\n<\/div>\n<div style=\"text-align: justify;\">\n<div class=\"related bk-inline-post-box alignleft\" style=\"color: #fcfcfc; background-color: #fac8c8;\"><ul class=\"list-small-post row\"><li class=\"small-post content_out clearfix\">                        <div class=\"small-thumbnail-wrapper\">\n                <div class=\"thumb hide-thumb term-89\"><a href=\"https:\/\/2dejulhonoticias.com.br\/2jn\/mp-ba-recomenda-suspensao-de-show-de-natanzinho-lima-em-formosa-do-rio-preto-na-bahia-por-cache-de-r-800-mil\/\"><img decoding=\"async\" width=\"90\" height=\"65\" src=\"https:\/\/2dejulhonoticias.com.br\/2jn\/wp-content\/uploads\/2026\/04\/Natanzinho-Lima-90x65.webp\" class=\"attachment-rubik-90-65 size-rubik-90-65 wp-post-image\" alt=\"\" \/><div class=\"rubik-post-icon-wrap\"><\/div><\/a> <!-- close a tag --><\/div> <!-- close thumb -->            <\/div>\n                        <div class=\"post-c-wrap\">\n                                \n                <h4 class=\"title\"><a class=\"term-89\" href=\"https:\/\/2dejulhonoticias.com.br\/2jn\/mp-ba-recomenda-suspensao-de-show-de-natanzinho-lima-em-formosa-do-rio-preto-na-bahia-por-cache-de-r-800-mil\/\">MP-BA recomenda suspens\u00e3o de show de Natanzinho Lima em Formosa do Rio Preto na Bahia ...<\/a><\/h4>                <div class=\"meta\"><div class=\"post-date\">28 de abril de 2026<\/div><\/div> \n            <\/div>\n            <\/li><!-- End post --><li class=\"small-post content_out clearfix\">                        <div class=\"small-thumbnail-wrapper\">\n                <div class=\"thumb hide-thumb term-89\"><a href=\"https:\/\/2dejulhonoticias.com.br\/2jn\/governo-da-bahia-lanca-edital-com-46-mil-vagas-de-monitoria-para-o-programa-mais-estudo\/\"><img decoding=\"async\" width=\"90\" height=\"65\" src=\"https:\/\/2dejulhonoticias.com.br\/2jn\/wp-content\/uploads\/2026\/04\/Governo-da-Bahia-lanca-edital-para-46-mil-vagas-de-monitoria-do-Programa-Mais-Estudo-90x65.webp\" class=\"attachment-rubik-90-65 size-rubik-90-65 wp-post-image\" alt=\"\" \/><div class=\"rubik-post-icon-wrap\"><\/div><\/a> <!-- close a tag --><\/div> <!-- close thumb -->            <\/div>\n                        <div class=\"post-c-wrap\">\n                                \n                <h4 class=\"title\"><a class=\"term-89\" href=\"https:\/\/2dejulhonoticias.com.br\/2jn\/governo-da-bahia-lanca-edital-com-46-mil-vagas-de-monitoria-para-o-programa-mais-estudo\/\">Governo da Bahia lan\u00e7a edital com 46 mil vagas de monitoria para o Programa Mais ...<\/a><\/h4>                <div class=\"meta\"><div class=\"post-date\">22 de abril de 2026<\/div><\/div> \n            <\/div>\n            <\/li><!-- End post --><li class=\"small-post content_out clearfix\">                        <div class=\"small-thumbnail-wrapper\">\n                <div class=\"thumb hide-thumb term-6\"><a href=\"https:\/\/2dejulhonoticias.com.br\/2jn\/lancamento-do-livro-sarau-do-parque-sao-bartolomeu-ritmos-e-poesias-celebra-10-anos-de-arte-resistencia-e-diversidade-cultural\/\"><img decoding=\"async\" width=\"90\" height=\"65\" src=\"https:\/\/2dejulhonoticias.com.br\/2jn\/wp-content\/uploads\/2026\/04\/Sarau-do-Parque-Sao-Bartolomeu-\u2013-Ritmos-e-Poesias-90x65.webp\" class=\"attachment-rubik-90-65 size-rubik-90-65 wp-post-image\" alt=\"\" \/><div class=\"rubik-post-icon-wrap\"><\/div><\/a> <!-- close a tag --><\/div> <!-- close thumb -->            <\/div>\n                        <div class=\"post-c-wrap\">\n                                \n                <h4 class=\"title\"><a class=\"term-6\" href=\"https:\/\/2dejulhonoticias.com.br\/2jn\/lancamento-do-livro-sarau-do-parque-sao-bartolomeu-ritmos-e-poesias-celebra-10-anos-de-arte-resistencia-e-diversidade-cultural\/\">Lan\u00e7amento do livro \u201cSarau do Parque S\u00e3o Bartolomeu \u2013 Ritmos e Poesias\u201d celebra 10 anos ...<\/a><\/h4>                <div class=\"meta\"><div class=\"post-date\">10 de abril de 2026<\/div><\/div> \n            <\/div>\n            <\/li><!-- End post --><\/ul> <!-- End list-post --><\/div><br \/>\nA Categoria Profissional segue dividida em duas etapas. Na primeira, a Comiss\u00e3o Julgadora selecionar\u00e1 50 obras musicais, sendo 15 instrumentais e 35 com letra. A melhor m\u00fasica com letra e melhor m\u00fasica instrumental receber\u00e3o pr\u00eamios de R$ 22 mil. O melhor arranjo de m\u00fasica com letra, melhor arranjo de m\u00fasica instrumental, melhor int\u00e9rprete vocal e melhor int\u00e9rprete instrumental recebem R$ 16 mil, e os demais 42 fonogramas finalistas ser\u00e3o premiados com R$ 8 mil cada. Al\u00e9m dos escolhidos pela Comiss\u00e3o Julgadora, se somar\u00e3o 2 pr\u00eamios populares na sub-categoria \u2018M\u00fasica mais votada pelos ouvintes\u2019 (1 com letra e 1 instrumental), que agora recebem uma premia\u00e7\u00e3o de R$ 13 mil em dinheiro.<\/p>\n<p>A Categoria Estudantil ter\u00e1 outra Comiss\u00e3o Julgadora, formada por professores de Universidades P\u00fablicas sediadas no Estado da Bahia, e uma premia\u00e7\u00e3o espec\u00edfica. O cadastro dos concorrentes dessa categoria ser\u00e1 feito exclusivamente pelas dire\u00e7\u00f5es das escolas p\u00fablicas. Os 05 (cinco) fonogramas finalistas ser\u00e3o premiados da seguinte forma: <\/p>\n<ul>\n<li>\num pr\u00eamio de R$ 10 mil reais para o 1\u00ba LUGAR;&nbsp;<\/li>\n<li>&nbsp;um pr\u00eamio de R$ 8 mil reais para o 2\u00ba LUGAR;&nbsp;<\/li>\n<li>&nbsp;um pr\u00eamio de R$ 6 mil reais para o 3\u00ba LUGAR;&nbsp;<\/li>\n<li>&nbsp;um pr\u00eamio de R$ 4 mil reais para o 4\u00b0 LUGAR;&nbsp;<\/li>\n<li>&nbsp;e um pr\u00eamio de R$ 2 mil reais para o 5\u00b0 LUGAR.\n<\/li>\n<\/ul>\n<p>As escolas tamb\u00e9m ser\u00e3o beneficiadas com uma premia\u00e7\u00e3o de igual valor, concedida pela Secretaria de Educa\u00e7\u00e3o do Estado para investimentos em a\u00e7\u00f5es relacionadas ao ensino da m\u00fasica. <strong><a href=\"https:\/\/festivaleducadora.ba.gov.br\/\" target=\"_blank\">INSCRI\u00c7\u00d5ES AQUI<\/a><\/strong><\/p>\n<p><a href=\"#\">Vem ai a maior premia\u00e7\u00e3o de um Festival de Musica do Brasil: &#8220;24\u00b0 Festival de M\u00fasica Educadora FM&#8221;<\/a>\n<\/div>\n<hr \/>\n<p><!-- banner meio--><\/p>\n<div><script async src=\"https:\/\/pagead2.googlesyndication.com\/pagead\/js\/adsbygoogle.js?client=ca-pub-3129804789748719\" crossorigin=\"anonymous\"><\/script><br \/>\n<!-- Banner quadrado responsivo --><br \/>\n<ins class=\"adsbygoogle\" style=\"display: block;\" data-ad-client=\"ca-pub-3129804789748719\" data-ad-slot=\"2076857862\" data-ad-format=\"auto\" data-full-width-responsive=\"true\"><\/ins><br \/>\n<script>\n     (adsbygoogle = window.adsbygoogle || []).push({});\n<\/script><\/div>\n<p><!-- banner meio responsivo --><\/p>\n<hr \/>\n<p><!-- RODAP\u00c9 DA NOTICIA --><\/p>\n<div><strong> Siga a coluna no <a href=\"https:\/\/www.facebook.com\/jornal2jn\" target=\"_blank\" rel=\"noopener\">Facebook<\/a> e no <a href=\"https:\/\/www.instagram.com\/jornal2dejulho\/\" target=\"_blank\" rel=\"noopener\">Instagram<\/a> para n\u00e3o perder nada.<\/strong><\/div>\n<p style=\"text-align: right;\"><em> por Reda\u00e7\u00e3o 2JN <\/em><\/p>\n<p><!--\n\nO 2 de Julho Noticias \u00e9 um Jornal Independente, pois n\u00e3o tem apoios Pol\u00edticos Partid\u00e1rios, de Prefeitura e nem de Comercio, e precisa de seu apoio, caso possa em assinar nosso Livro de Parceiros e Colaboradores.\nSua colabora\u00e7\u00e3o \u00e9 muito importante para nossa continuidade! Chave PIX EMAIL: parceiro@2dejulhonoticias.com.br\n\n--><\/p>\n<hr \/>\n<p><!-- banner meio responsivo--><br \/>\n<script async src=\"https:\/\/pagead2.googlesyndication.com\/pagead\/js\/adsbygoogle.js?client=ca-pub-3129804789748719\" crossorigin=\"anonymous\"><\/script><br \/>\n<!-- banner 728x90 2jn --><br \/>\n<ins class=\"adsbygoogle\" style=\"display: inline-block; width: 728px; height: 90px;\" data-ad-client=\"ca-pub-3129804789748719\" data-ad-slot=\"1383288950\"><\/ins><br \/>\n<script>\n     (adsbygoogle = window.adsbygoogle || []).push({});\n<\/script><\/p>\n<p style=\"text-align: justify;\"><span style=\"font-size: 14pt;\"><strong> LEIA TAMB\u00c9M <\/strong><\/span><\/p>\n<p><!-- banner meio responsivo--><br \/>\n<script async src=\"https:\/\/pagead2.googlesyndication.com\/pagead\/js\/adsbygoogle.js?client=ca-pub-3129804789748719\" crossorigin=\"anonymous\"><\/script><br \/>\n<!-- banner 728x90 2jn --><br \/>\n<ins class=\"adsbygoogle\" style=\"display: inline-block; width: 728px; height: 90px;\" data-ad-client=\"ca-pub-3129804789748719\" data-ad-slot=\"1383288950\"><\/ins><br \/>\n<script>\n     (adsbygoogle = window.adsbygoogle || []).push({});\n<\/script><br \/>\n<amp-ad width=\"100vw\" height=\"320\"\n     type=\"adsense\"\n     data-ad-client=\"ca-pub-3129804789748719\"\n     data-ad-slot=\"4367194841\"\n     data-auto-format=\"mcrspv\"\n     data-full-width=\"\"><\/p>\n<div overflow=\"\"><\/div>\n<p><\/amp-ad><br \/>\n<amp-ad\n     layout=\"fixed\"\n     width=\"728\"\n     height=\"90\"\n     type=\"adsense\"\n     data-ad-client=\"ca-pub-3129804789748719\"\n     data-ad-slot=\"1383288950\"><br \/>\n<\/amp-ad><\/p>\n","protected":false},"excerpt":{"rendered":"<p>O 24\u00b0 Festival de M\u00fasica Educadora FM, est\u00e1 com as inscri\u00e7\u00f5es abertas a partir de 08 de abril de 2026 e traz novidades. Este ano, o festival ampliou o valor das premia\u00e7\u00f5es, incluiu mais dois novos pr\u00eamios a categoria voltada para estudantes de escolas p\u00fablicas estaduais da Bahia. O maior festival do Brasil com distribui\u00e7\u00e3o de valores em dinheiro contempla todos os 50 finalistas e, neste ano, o montante total \u00e9 de R$ 530 mil, superando os mais de R$ 400 mil da edi\u00e7\u00e3o anterior. Clique aqui para acessar o edital \ud83d\udcf1 SIGA PRA MAIS NOT\u00cdCIAS: entre na comunidade do [&hellip;]<\/p>\n","protected":false},"author":1,"featured_media":41329,"comment_status":"closed","ping_status":"open","sticky":false,"template":"","format":"standard","meta":{"footnotes":""},"categories":[6],"tags":[554,535],"class_list":["post-41328","post","type-post","status-publish","format-standard","has-post-thumbnail","hentry","category-cultura","tag-festival-de-musica-educadora-fm","tag-governo-da-bahia"],"yoast_head":"<!-- This site is optimized with the Yoast SEO Premium plugin v23.7 (Yoast SEO v27.2) - https:\/\/yoast.com\/product\/yoast-seo-premium-wordpress\/ -->\n<title>Vem ai a maior premia\u00e7\u00e3o de um Festival de Musica do Brasil: &quot;24\u00b0 Festival de M\u00fasica Educadora FM&quot; - 2 de Julho Not\u00edcias<\/title>\n<meta name=\"description\" content=\"Vem ai a maior premia\u00e7\u00e3o de um Festival de Musica do Brasil: &quot;24\u00b0 Festival de M\u00fasica Educadora FM&quot;\" \/>\n<meta name=\"robots\" content=\"index, follow, max-snippet:-1, max-image-preview:large, max-video-preview:-1\" \/>\n<link rel=\"canonical\" href=\"https:\/\/2dejulhonoticias.com.br\/2jn\/vem-ai-a-maior-premiacao-de-um-festival-de-musica-do-brasil-24-festival-de-musica-educadora-fm\/\" \/>\n<meta name=\"twitter:card\" content=\"summary_large_image\" \/>\n<meta name=\"twitter:title\" content=\"Vem ai a maior premia\u00e7\u00e3o de um Festival de Musica do Brasil: &quot;24\u00b0 Festival de M\u00fasica Educadora FM&quot; - 2 de Julho Not\u00edcias\" \/>\n<meta name=\"twitter:description\" content=\"Vem ai a maior premia\u00e7\u00e3o de um Festival de Musica do Brasil: &quot;24\u00b0 Festival de M\u00fasica Educadora FM&quot;\" \/>\n<meta name=\"twitter:image\" content=\"https:\/\/2dejulhonoticias.com.br\/2jn\/wp-content\/uploads\/2026\/04\/festeducadora24.webp\" \/>\n<meta name=\"twitter:creator\" content=\"@2_julho\" \/>\n<meta name=\"twitter:site\" content=\"@2_julho\" \/>\n<meta name=\"twitter:label1\" content=\"Escrito por\" \/>\n\t<meta name=\"twitter:data1\" content=\"Reda\u00e7\u00e3o\" \/>\n\t<meta name=\"twitter:label2\" content=\"Est. tempo de leitura\" \/>\n\t<meta name=\"twitter:data2\" content=\"1 minuto\" \/>\n<script type=\"application\/ld+json\" class=\"yoast-schema-graph\">{\"@context\":\"https:\/\/schema.org\",\"@graph\":[{\"@type\":\"Article\",\"@id\":\"https:\/\/2dejulhonoticias.com.br\/2jn\/vem-ai-a-maior-premiacao-de-um-festival-de-musica-do-brasil-24-festival-de-musica-educadora-fm\/#article\",\"isPartOf\":{\"@id\":\"https:\/\/2dejulhonoticias.com.br\/2jn\/vem-ai-a-maior-premiacao-de-um-festival-de-musica-do-brasil-24-festival-de-musica-educadora-fm\/\"},\"author\":{\"name\":\"Reda\u00e7\u00e3o\",\"@id\":\"https:\/\/2dejulhonoticias.com.br\/2jn\/#\/schema\/person\/a61e2ab9ae920711c9622c249b03dc16\"},\"headline\":\"Vem ai a maior premia\u00e7\u00e3o de um Festival de Musica do Brasil: &#8220;24\u00b0 Festival de M\u00fasica Educadora FM&#8221;\",\"datePublished\":\"2026-04-28T11:31:39+00:00\",\"mainEntityOfPage\":{\"@id\":\"https:\/\/2dejulhonoticias.com.br\/2jn\/vem-ai-a-maior-premiacao-de-um-festival-de-musica-do-brasil-24-festival-de-musica-educadora-fm\/\"},\"wordCount\":441,\"publisher\":{\"@id\":\"https:\/\/2dejulhonoticias.com.br\/2jn\/#\/schema\/person\/a61e2ab9ae920711c9622c249b03dc16\"},\"image\":{\"@id\":\"https:\/\/2dejulhonoticias.com.br\/2jn\/vem-ai-a-maior-premiacao-de-um-festival-de-musica-do-brasil-24-festival-de-musica-educadora-fm\/#primaryimage\"},\"thumbnailUrl\":\"https:\/\/2dejulhonoticias.com.br\/2jn\/wp-content\/uploads\/2026\/04\/festeducadora24.webp\",\"keywords\":[\"Festival de M\u00fasica Educadora FM\",\"Governo da Bahia\"],\"articleSection\":[\"Cultura\"],\"inLanguage\":\"pt-BR\"},{\"@type\":\"WebPage\",\"@id\":\"https:\/\/2dejulhonoticias.com.br\/2jn\/vem-ai-a-maior-premiacao-de-um-festival-de-musica-do-brasil-24-festival-de-musica-educadora-fm\/\",\"url\":\"https:\/\/2dejulhonoticias.com.br\/2jn\/vem-ai-a-maior-premiacao-de-um-festival-de-musica-do-brasil-24-festival-de-musica-educadora-fm\/\",\"name\":\"Vem ai a maior premia\u00e7\u00e3o de um Festival de Musica do Brasil: \\\"24\u00b0 Festival de M\u00fasica Educadora FM\\\" - 2 de Julho Not\u00edcias\",\"isPartOf\":{\"@id\":\"https:\/\/2dejulhonoticias.com.br\/2jn\/#website\"},\"primaryImageOfPage\":{\"@id\":\"https:\/\/2dejulhonoticias.com.br\/2jn\/vem-ai-a-maior-premiacao-de-um-festival-de-musica-do-brasil-24-festival-de-musica-educadora-fm\/#primaryimage\"},\"image\":{\"@id\":\"https:\/\/2dejulhonoticias.com.br\/2jn\/vem-ai-a-maior-premiacao-de-um-festival-de-musica-do-brasil-24-festival-de-musica-educadora-fm\/#primaryimage\"},\"thumbnailUrl\":\"https:\/\/2dejulhonoticias.com.br\/2jn\/wp-content\/uploads\/2026\/04\/festeducadora24.webp\",\"datePublished\":\"2026-04-28T11:31:39+00:00\",\"description\":\"Vem ai a maior premia\u00e7\u00e3o de um Festival de Musica do Brasil: \\\"24\u00b0 Festival de M\u00fasica Educadora FM\\\"\",\"breadcrumb\":{\"@id\":\"https:\/\/2dejulhonoticias.com.br\/2jn\/vem-ai-a-maior-premiacao-de-um-festival-de-musica-do-brasil-24-festival-de-musica-educadora-fm\/#breadcrumb\"},\"inLanguage\":\"pt-BR\",\"potentialAction\":[{\"@type\":\"ReadAction\",\"target\":[\"https:\/\/2dejulhonoticias.com.br\/2jn\/vem-ai-a-maior-premiacao-de-um-festival-de-musica-do-brasil-24-festival-de-musica-educadora-fm\/\"]}]},{\"@type\":\"ImageObject\",\"inLanguage\":\"pt-BR\",\"@id\":\"https:\/\/2dejulhonoticias.com.br\/2jn\/vem-ai-a-maior-premiacao-de-um-festival-de-musica-do-brasil-24-festival-de-musica-educadora-fm\/#primaryimage\",\"url\":\"https:\/\/2dejulhonoticias.com.br\/2jn\/wp-content\/uploads\/2026\/04\/festeducadora24.webp\",\"contentUrl\":\"https:\/\/2dejulhonoticias.com.br\/2jn\/wp-content\/uploads\/2026\/04\/festeducadora24.webp\",\"width\":600,\"height\":345},{\"@type\":\"BreadcrumbList\",\"@id\":\"https:\/\/2dejulhonoticias.com.br\/2jn\/vem-ai-a-maior-premiacao-de-um-festival-de-musica-do-brasil-24-festival-de-musica-educadora-fm\/#breadcrumb\",\"itemListElement\":[{\"@type\":\"ListItem\",\"position\":1,\"name\":\"In\u00edcio\",\"item\":\"https:\/\/2dejulhonoticias.com.br\/2jn\/\"},{\"@type\":\"ListItem\",\"position\":2,\"name\":\"Vem ai a maior premia\u00e7\u00e3o de um Festival de Musica do Brasil: &#8220;24\u00b0 Festival de M\u00fasica Educadora FM&#8221;\"}]},{\"@type\":\"WebSite\",\"@id\":\"https:\/\/2dejulhonoticias.com.br\/2jn\/#website\",\"url\":\"https:\/\/2dejulhonoticias.com.br\/2jn\/\",\"name\":\"2 de Julho Noticias - A not\u00edcia ao seu alcance\",\"description\":\"Noticias sobre Politica, Policia,Esporte,Vida e Estilo, Sa\u00fade,Moda e Beleza,Mundo da Fama,Emprego e Concursos,Arte e Cultura,Cama\u00e7ari\",\"publisher\":{\"@id\":\"https:\/\/2dejulhonoticias.com.br\/2jn\/#\/schema\/person\/a61e2ab9ae920711c9622c249b03dc16\"},\"potentialAction\":[{\"@type\":\"SearchAction\",\"target\":{\"@type\":\"EntryPoint\",\"urlTemplate\":\"https:\/\/2dejulhonoticias.com.br\/2jn\/?s={search_term_string}\"},\"query-input\":{\"@type\":\"PropertyValueSpecification\",\"valueRequired\":true,\"valueName\":\"search_term_string\"}}],\"inLanguage\":\"pt-BR\"},{\"@type\":[\"Person\",\"Organization\"],\"@id\":\"https:\/\/2dejulhonoticias.com.br\/2jn\/#\/schema\/person\/a61e2ab9ae920711c9622c249b03dc16\",\"name\":\"Reda\u00e7\u00e3o\",\"image\":{\"@type\":\"ImageObject\",\"inLanguage\":\"pt-BR\",\"@id\":\"https:\/\/2dejulhonoticias.com.br\/2jn\/wp-content\/uploads\/2020\/11\/logo2dejulho.png\",\"url\":\"https:\/\/2dejulhonoticias.com.br\/2jn\/wp-content\/uploads\/2020\/11\/logo2dejulho.png\",\"contentUrl\":\"https:\/\/2dejulhonoticias.com.br\/2jn\/wp-content\/uploads\/2020\/11\/logo2dejulho.png\",\"width\":291,\"height\":96,\"caption\":\"Reda\u00e7\u00e3o\"},\"logo\":{\"@id\":\"https:\/\/2dejulhonoticias.com.br\/2jn\/wp-content\/uploads\/2020\/11\/logo2dejulho.png\"},\"sameAs\":[\"https:\/\/www.facebook.com\/J2deJulho\",\"https:\/\/www.instagram.com\/mirobaia\/\",\"https:\/\/www.linkedin.com\/in\/mirobaia\/\",\"https:\/\/x.com\/2_julho\",\"https:\/\/www.youtube.com\/c\/MiroBaia\"]}]}<\/script>\n<!-- \/ Yoast SEO Premium plugin. -->","yoast_head_json":{"title":"Vem ai a maior premia\u00e7\u00e3o de um Festival de Musica do Brasil: \"24\u00b0 Festival de M\u00fasica Educadora FM\" - 2 de Julho Not\u00edcias","description":"Vem ai a maior premia\u00e7\u00e3o de um Festival de Musica do Brasil: \"24\u00b0 Festival de M\u00fasica Educadora FM\"","robots":{"index":"index","follow":"follow","max-snippet":"max-snippet:-1","max-image-preview":"max-image-preview:large","max-video-preview":"max-video-preview:-1"},"canonical":"https:\/\/2dejulhonoticias.com.br\/2jn\/vem-ai-a-maior-premiacao-de-um-festival-de-musica-do-brasil-24-festival-de-musica-educadora-fm\/","twitter_card":"summary_large_image","twitter_title":"Vem ai a maior premia\u00e7\u00e3o de um Festival de Musica do Brasil: \"24\u00b0 Festival de M\u00fasica Educadora FM\" - 2 de Julho Not\u00edcias","twitter_description":"Vem ai a maior premia\u00e7\u00e3o de um Festival de Musica do Brasil: \"24\u00b0 Festival de M\u00fasica Educadora FM\"","twitter_image":"https:\/\/2dejulhonoticias.com.br\/2jn\/wp-content\/uploads\/2026\/04\/festeducadora24.webp","twitter_creator":"@2_julho","twitter_site":"@2_julho","twitter_misc":{"Escrito por":"Reda\u00e7\u00e3o","Est. tempo de leitura":"1 minuto"},"schema":{"@context":"https:\/\/schema.org","@graph":[{"@type":"Article","@id":"https:\/\/2dejulhonoticias.com.br\/2jn\/vem-ai-a-maior-premiacao-de-um-festival-de-musica-do-brasil-24-festival-de-musica-educadora-fm\/#article","isPartOf":{"@id":"https:\/\/2dejulhonoticias.com.br\/2jn\/vem-ai-a-maior-premiacao-de-um-festival-de-musica-do-brasil-24-festival-de-musica-educadora-fm\/"},"author":{"name":"Reda\u00e7\u00e3o","@id":"https:\/\/2dejulhonoticias.com.br\/2jn\/#\/schema\/person\/a61e2ab9ae920711c9622c249b03dc16"},"headline":"Vem ai a maior premia\u00e7\u00e3o de um Festival de Musica do Brasil: &#8220;24\u00b0 Festival de M\u00fasica Educadora FM&#8221;","datePublished":"2026-04-28T11:31:39+00:00","mainEntityOfPage":{"@id":"https:\/\/2dejulhonoticias.com.br\/2jn\/vem-ai-a-maior-premiacao-de-um-festival-de-musica-do-brasil-24-festival-de-musica-educadora-fm\/"},"wordCount":441,"publisher":{"@id":"https:\/\/2dejulhonoticias.com.br\/2jn\/#\/schema\/person\/a61e2ab9ae920711c9622c249b03dc16"},"image":{"@id":"https:\/\/2dejulhonoticias.com.br\/2jn\/vem-ai-a-maior-premiacao-de-um-festival-de-musica-do-brasil-24-festival-de-musica-educadora-fm\/#primaryimage"},"thumbnailUrl":"https:\/\/2dejulhonoticias.com.br\/2jn\/wp-content\/uploads\/2026\/04\/festeducadora24.webp","keywords":["Festival de M\u00fasica Educadora FM","Governo da Bahia"],"articleSection":["Cultura"],"inLanguage":"pt-BR"},{"@type":"WebPage","@id":"https:\/\/2dejulhonoticias.com.br\/2jn\/vem-ai-a-maior-premiacao-de-um-festival-de-musica-do-brasil-24-festival-de-musica-educadora-fm\/","url":"https:\/\/2dejulhonoticias.com.br\/2jn\/vem-ai-a-maior-premiacao-de-um-festival-de-musica-do-brasil-24-festival-de-musica-educadora-fm\/","name":"Vem ai a maior premia\u00e7\u00e3o de um Festival de Musica do Brasil: \"24\u00b0 Festival de M\u00fasica Educadora FM\" - 2 de Julho Not\u00edcias","isPartOf":{"@id":"https:\/\/2dejulhonoticias.com.br\/2jn\/#website"},"primaryImageOfPage":{"@id":"https:\/\/2dejulhonoticias.com.br\/2jn\/vem-ai-a-maior-premiacao-de-um-festival-de-musica-do-brasil-24-festival-de-musica-educadora-fm\/#primaryimage"},"image":{"@id":"https:\/\/2dejulhonoticias.com.br\/2jn\/vem-ai-a-maior-premiacao-de-um-festival-de-musica-do-brasil-24-festival-de-musica-educadora-fm\/#primaryimage"},"thumbnailUrl":"https:\/\/2dejulhonoticias.com.br\/2jn\/wp-content\/uploads\/2026\/04\/festeducadora24.webp","datePublished":"2026-04-28T11:31:39+00:00","description":"Vem ai a maior premia\u00e7\u00e3o de um Festival de Musica do Brasil: \"24\u00b0 Festival de M\u00fasica Educadora FM\"","breadcrumb":{"@id":"https:\/\/2dejulhonoticias.com.br\/2jn\/vem-ai-a-maior-premiacao-de-um-festival-de-musica-do-brasil-24-festival-de-musica-educadora-fm\/#breadcrumb"},"inLanguage":"pt-BR","potentialAction":[{"@type":"ReadAction","target":["https:\/\/2dejulhonoticias.com.br\/2jn\/vem-ai-a-maior-premiacao-de-um-festival-de-musica-do-brasil-24-festival-de-musica-educadora-fm\/"]}]},{"@type":"ImageObject","inLanguage":"pt-BR","@id":"https:\/\/2dejulhonoticias.com.br\/2jn\/vem-ai-a-maior-premiacao-de-um-festival-de-musica-do-brasil-24-festival-de-musica-educadora-fm\/#primaryimage","url":"https:\/\/2dejulhonoticias.com.br\/2jn\/wp-content\/uploads\/2026\/04\/festeducadora24.webp","contentUrl":"https:\/\/2dejulhonoticias.com.br\/2jn\/wp-content\/uploads\/2026\/04\/festeducadora24.webp","width":600,"height":345},{"@type":"BreadcrumbList","@id":"https:\/\/2dejulhonoticias.com.br\/2jn\/vem-ai-a-maior-premiacao-de-um-festival-de-musica-do-brasil-24-festival-de-musica-educadora-fm\/#breadcrumb","itemListElement":[{"@type":"ListItem","position":1,"name":"In\u00edcio","item":"https:\/\/2dejulhonoticias.com.br\/2jn\/"},{"@type":"ListItem","position":2,"name":"Vem ai a maior premia\u00e7\u00e3o de um Festival de Musica do Brasil: &#8220;24\u00b0 Festival de M\u00fasica Educadora FM&#8221;"}]},{"@type":"WebSite","@id":"https:\/\/2dejulhonoticias.com.br\/2jn\/#website","url":"https:\/\/2dejulhonoticias.com.br\/2jn\/","name":"2 de Julho Noticias - A not\u00edcia ao seu alcance","description":"Noticias sobre Politica, Policia,Esporte,Vida e Estilo, Sa\u00fade,Moda e Beleza,Mundo da Fama,Emprego e Concursos,Arte e Cultura,Cama\u00e7ari","publisher":{"@id":"https:\/\/2dejulhonoticias.com.br\/2jn\/#\/schema\/person\/a61e2ab9ae920711c9622c249b03dc16"},"potentialAction":[{"@type":"SearchAction","target":{"@type":"EntryPoint","urlTemplate":"https:\/\/2dejulhonoticias.com.br\/2jn\/?s={search_term_string}"},"query-input":{"@type":"PropertyValueSpecification","valueRequired":true,"valueName":"search_term_string"}}],"inLanguage":"pt-BR"},{"@type":["Person","Organization"],"@id":"https:\/\/2dejulhonoticias.com.br\/2jn\/#\/schema\/person\/a61e2ab9ae920711c9622c249b03dc16","name":"Reda\u00e7\u00e3o","image":{"@type":"ImageObject","inLanguage":"pt-BR","@id":"https:\/\/2dejulhonoticias.com.br\/2jn\/wp-content\/uploads\/2020\/11\/logo2dejulho.png","url":"https:\/\/2dejulhonoticias.com.br\/2jn\/wp-content\/uploads\/2020\/11\/logo2dejulho.png","contentUrl":"https:\/\/2dejulhonoticias.com.br\/2jn\/wp-content\/uploads\/2020\/11\/logo2dejulho.png","width":291,"height":96,"caption":"Reda\u00e7\u00e3o"},"logo":{"@id":"https:\/\/2dejulhonoticias.com.br\/2jn\/wp-content\/uploads\/2020\/11\/logo2dejulho.png"},"sameAs":["https:\/\/www.facebook.com\/J2deJulho","https:\/\/www.instagram.com\/mirobaia\/","https:\/\/www.linkedin.com\/in\/mirobaia\/","https:\/\/x.com\/2_julho","https:\/\/www.youtube.com\/c\/MiroBaia"]}]}},"_links":{"self":[{"href":"https:\/\/2dejulhonoticias.com.br\/2jn\/wp-json\/wp\/v2\/posts\/41328","targetHints":{"allow":["GET"]}}],"collection":[{"href":"https:\/\/2dejulhonoticias.com.br\/2jn\/wp-json\/wp\/v2\/posts"}],"about":[{"href":"https:\/\/2dejulhonoticias.com.br\/2jn\/wp-json\/wp\/v2\/types\/post"}],"author":[{"embeddable":true,"href":"https:\/\/2dejulhonoticias.com.br\/2jn\/wp-json\/wp\/v2\/users\/1"}],"replies":[{"embeddable":true,"href":"https:\/\/2dejulhonoticias.com.br\/2jn\/wp-json\/wp\/v2\/comments?post=41328"}],"version-history":[{"count":1,"href":"https:\/\/2dejulhonoticias.com.br\/2jn\/wp-json\/wp\/v2\/posts\/41328\/revisions"}],"predecessor-version":[{"id":41330,"href":"https:\/\/2dejulhonoticias.com.br\/2jn\/wp-json\/wp\/v2\/posts\/41328\/revisions\/41330"}],"wp:featuredmedia":[{"embeddable":true,"href":"https:\/\/2dejulhonoticias.com.br\/2jn\/wp-json\/wp\/v2\/media\/41329"}],"wp:attachment":[{"href":"https:\/\/2dejulhonoticias.com.br\/2jn\/wp-json\/wp\/v2\/media?parent=41328"}],"wp:term":[{"taxonomy":"category","embeddable":true,"href":"https:\/\/2dejulhonoticias.com.br\/2jn\/wp-json\/wp\/v2\/categories?post=41328"},{"taxonomy":"post_tag","embeddable":true,"href":"https:\/\/2dejulhonoticias.com.br\/2jn\/wp-json\/wp\/v2\/tags?post=41328"}],"curies":[{"name":"wp","href":"https:\/\/api.w.org\/{rel}","templated":true}]}}