{"id":41309,"date":"2026-04-27T10:23:17","date_gmt":"2026-04-27T13:23:17","guid":{"rendered":"https:\/\/2dejulhonoticias.com.br\/2jn\/?p=41309"},"modified":"2026-04-27T10:23:17","modified_gmt":"2026-04-27T13:23:17","slug":"com-sinais-de-tortura-homem-e-encontrado-morto-com-maos-amarradas-em-agua-de-meninos-nesta-segunda-27-04","status":"publish","type":"post","link":"https:\/\/2dejulhonoticias.com.br\/2jn\/com-sinais-de-tortura-homem-e-encontrado-morto-com-maos-amarradas-em-agua-de-meninos-nesta-segunda-27-04\/","title":{"rendered":"COM SINAIS DE TORTURA: homem \u00e9 encontrado morto com m\u00e3os amarradas em \u00c1gua de Meninos nesta segunda (27\/04)"},"content":{"rendered":"<div style=\"text-align: justify;\">\nO corpo de um homem foi encontrado em um beco na manh\u00e3 desta segunda-feira (27), no bairro \u00c1gua de Meninos, na Cidade Baixa, em Salvador. A v\u00edtima foi identificada como Vagner Vin\u00edcius de Oliveira Lima, de 35 anos.<\/p>\n<p>De acordo com informa\u00e7\u00f5es da Pol\u00edcia Civil, o corpo estava com as m\u00e3os amarradas e apresentava sinais de tortura. O cad\u00e1ver estava enrolado em um len\u00e7ol quando foi encontrado.<\/p>\n<p>\ud83d\udcf1 <a href=\"https:\/\/chat.whatsapp.com\/L8KSLsjENzl5HrgtytuzCL\"> SIGA PRA MAIS NOT\u00cdCIAS: entre na comunidade do 2JN no WhatsApp<\/a>\n<\/div>\n<div>\n<!-- GoogleAdsense --><\/p>\n<p style=\"text-align: justify;\"><span style=\"font-size: 14pt;\"><strong> LEIA TAMB\u00c9M <\/strong><\/span><\/p>\n<p><script async src=\"https:\/\/pagead2.googlesyndication.com\/pagead\/js\/adsbygoogle.js?client=ca-pub-3129804789748719\" crossorigin=\"anonymous\"><\/script><br \/>\n<!-- Anuncio horizontal responsivo --><br \/>\n<ins class=\"adsbygoogle\" style=\"display: block;\" data-ad-client=\"ca-pub-3129804789748719\" data-ad-slot=\"1473312501\" data-ad-format=\"auto\" data-full-width-responsive=\"true\"><\/ins><br \/>\n<script>\n     (adsbygoogle = window.adsbygoogle || []).push({});\n<\/script>\n<\/div>\n<div style=\"text-align: justify;\">\n<div class=\"related bk-inline-post-box alignleft\" style=\"color: #fcfcfc; background-color: #fac8c8;\"><ul class=\"list-small-post row\"><li class=\"small-post content_out clearfix\">                        <div class=\"small-thumbnail-wrapper\">\n                <div class=\"thumb hide-thumb term-87\"><a href=\"https:\/\/2dejulhonoticias.com.br\/2jn\/segundo-corpo-homem-e-encontrado-boiando-na-cidade-baixa-neste-segunda-27-04\/\"><img decoding=\"async\" width=\"90\" height=\"65\" src=\"https:\/\/2dejulhonoticias.com.br\/2jn\/wp-content\/uploads\/2026\/04\/homem-e-encontrado-boiando-na-Cidade-Baixa-90x65.webp\" class=\"attachment-rubik-90-65 size-rubik-90-65 wp-post-image\" alt=\"\" \/><div class=\"rubik-post-icon-wrap\"><\/div><\/a> <!-- close a tag --><\/div> <!-- close thumb -->            <\/div>\n                        <div class=\"post-c-wrap\">\n                                \n                <h4 class=\"title\"><a class=\"term-87\" href=\"https:\/\/2dejulhonoticias.com.br\/2jn\/segundo-corpo-homem-e-encontrado-boiando-na-cidade-baixa-neste-segunda-27-04\/\">SEGUNDO CORPO: homem \u00e9 encontrado boiando na Cidade Baixa neste segunda (27\/04)<\/a><\/h4>                <div class=\"meta\"><div class=\"post-date\">27 de abril de 2026<\/div><\/div> \n            <\/div>\n            <\/li><!-- End post --><li class=\"small-post content_out clearfix\">                        <div class=\"small-thumbnail-wrapper\">\n                <div class=\"thumb hide-thumb term-89\"><a href=\"https:\/\/2dejulhonoticias.com.br\/2jn\/feminicidio-mulher-e-encontrada-morta-com-sinais-de-espancamento-na-cidade-de-galvao-no-interior-da-bahia\/\"><img decoding=\"async\" width=\"90\" height=\"65\" src=\"https:\/\/2dejulhonoticias.com.br\/2jn\/wp-content\/uploads\/2026\/04\/galvao-ba-feminicidio-90x65.webp\" class=\"attachment-rubik-90-65 size-rubik-90-65 wp-post-image\" alt=\"\" \/><div class=\"rubik-post-icon-wrap\"><\/div><\/a> <!-- close a tag --><\/div> <!-- close thumb -->            <\/div>\n                        <div class=\"post-c-wrap\">\n                                \n                <h4 class=\"title\"><a class=\"term-89\" href=\"https:\/\/2dejulhonoticias.com.br\/2jn\/feminicidio-mulher-e-encontrada-morta-com-sinais-de-espancamento-na-cidade-de-galvao-no-interior-da-bahia\/\">FEMINIC\u00cdDIO: mulher \u00e9 encontrada morta com sinais de espancamento na cidade de Galv\u00e3o no interior ...<\/a><\/h4>                <div class=\"meta\"><div class=\"post-date\">27 de abril de 2026<\/div><\/div> \n            <\/div>\n            <\/li><!-- End post --><li class=\"small-post content_out clearfix\">                        <div class=\"small-thumbnail-wrapper\">\n                <div class=\"thumb hide-thumb term-89\"><a href=\"https:\/\/2dejulhonoticias.com.br\/2jn\/gabinete-fantasma-operacao-no-sul-baiano-nesta-sexta-24-04-mira-uso-de-perfis-falsos-que-atacam-autoridades\/\"><img decoding=\"async\" width=\"90\" height=\"65\" src=\"https:\/\/2dejulhonoticias.com.br\/2jn\/wp-content\/uploads\/2024\/04\/Policia-Civil-do-DF-deflagra-operacao-contra-hackers-90x65.webp\" class=\"attachment-rubik-90-65 size-rubik-90-65 wp-post-image\" alt=\"\" \/><div class=\"rubik-post-icon-wrap\"><\/div><\/a> <!-- close a tag --><\/div> <!-- close thumb -->            <\/div>\n                        <div class=\"post-c-wrap\">\n                                \n                <h4 class=\"title\"><a class=\"term-89\" href=\"https:\/\/2dejulhonoticias.com.br\/2jn\/gabinete-fantasma-operacao-no-sul-baiano-nesta-sexta-24-04-mira-uso-de-perfis-falsos-que-atacam-autoridades\/\">\u201cGABINETE FANTASMA\u201d: Opera\u00e7\u00e3o no Sul baiano nesta sexta (24\/04) mira uso de perfis falsos que ...<\/a><\/h4>                <div class=\"meta\"><div class=\"post-date\">24 de abril de 2026<\/div><\/div> \n            <\/div>\n            <\/li><!-- End post --><\/ul> <!-- End list-post --><\/div><br \/>\nOs departamentos de Homic\u00eddios e Prote\u00e7\u00e3o \u00e0 Pessoa (DHPP) e de Pol\u00edcia T\u00e9cnica (DPT) foram acionados para iniciar a per\u00edcia e fazer a remo\u00e7\u00e3o do corpo. A \u00e1rea \u00e9 de responsabilidade da 16\u00aa Companhia Independente de Pol\u00edcia Militar (CIPM).<\/p>\n<p>Em nota, a PM informou que, na manh\u00e3 desta segunda-feira (27), policiais militares da 16\u00aa CIPM foram acionados via Cicom para averiguar uma ocorr\u00eancia de encontro de cad\u00e1ver na regi\u00e3o de \u00c1gua de Meninos, em Salvador.<\/p>\n<p>Ao chegarem ao local, as guarni\u00e7\u00f5es constataram o fato e adotaram as medidas iniciais cab\u00edveis, realizando o isolamento da \u00e1rea para preserva\u00e7\u00e3o do cen\u00e1rio.<\/p>\n<p>A Pol\u00edcia Civil e o DPT foram acionados para a realiza\u00e7\u00e3o dos procedimentos legais, incluindo a per\u00edcia e a remo\u00e7\u00e3o do corpo. A autoria e a motiva\u00e7\u00e3o do ocorrido ser\u00e3o investigadas pelos \u00f3rg\u00e3os competentes.<\/p>\n<p>A Pol\u00edcia Militar da Bahia ressalta que o policiamento permanece intensificado na regi\u00e3o, com a\u00e7\u00f5es preventivas e ostensivas voltadas \u00e0 preserva\u00e7\u00e3o da ordem p\u00fablica e \u00e0 seguran\u00e7a da popula\u00e7\u00e3o.<\/p>\n<p><a href=\"#\">COM SINAIS DE TORTURA: homem \u00e9 encontrado morto com m\u00e3os amarradas em \u00c1gua de Meninos nesta segunda (27\/04)<\/a>\n<\/div>\n<hr \/>\n<p><!-- banner meio--><\/p>\n<div><script async src=\"https:\/\/pagead2.googlesyndication.com\/pagead\/js\/adsbygoogle.js?client=ca-pub-3129804789748719\" crossorigin=\"anonymous\"><\/script><br \/>\n<!-- Banner quadrado responsivo --><br \/>\n<ins class=\"adsbygoogle\" style=\"display: block;\" data-ad-client=\"ca-pub-3129804789748719\" data-ad-slot=\"2076857862\" data-ad-format=\"auto\" data-full-width-responsive=\"true\"><\/ins><br \/>\n<script>\n     (adsbygoogle = window.adsbygoogle || []).push({});\n<\/script><\/div>\n<p><!-- banner meio responsivo --><\/p>\n<hr \/>\n<p><!-- RODAP\u00c9 DA NOTICIA --><\/p>\n<div><strong> Siga a coluna no <a href=\"https:\/\/www.facebook.com\/jornal2jn\" target=\"_blank\" rel=\"noopener\">Facebook<\/a> e no <a href=\"https:\/\/www.instagram.com\/jornal2dejulho\/\" target=\"_blank\" rel=\"noopener\">Instagram<\/a> para n\u00e3o perder nada.<\/strong><\/div>\n<p style=\"text-align: right;\"><em> por Reda\u00e7\u00e3o 2JN &#8211; alojuca<\/em><\/p>\n<p><!--\n\nO 2 de Julho Noticias \u00e9 um Jornal Independente, pois n\u00e3o tem apoios Pol\u00edticos Partid\u00e1rios, de Prefeitura e nem de Comercio, e precisa de seu apoio, caso possa em assinar nosso Livro de Parceiros e Colaboradores.\nSua colabora\u00e7\u00e3o \u00e9 muito importante para nossa continuidade! Chave PIX EMAIL: parceiro@2dejulhonoticias.com.br\n\n--><\/p>\n<hr \/>\n<p><!-- banner meio responsivo--><br \/>\n<script async src=\"https:\/\/pagead2.googlesyndication.com\/pagead\/js\/adsbygoogle.js?client=ca-pub-3129804789748719\" crossorigin=\"anonymous\"><\/script><br \/>\n<!-- banner 728x90 2jn --><br \/>\n<ins class=\"adsbygoogle\" style=\"display: inline-block; width: 728px; height: 90px;\" data-ad-client=\"ca-pub-3129804789748719\" data-ad-slot=\"1383288950\"><\/ins><br \/>\n<script>\n     (adsbygoogle = window.adsbygoogle || []).push({});\n<\/script><\/p>\n<p style=\"text-align: justify;\"><span style=\"font-size: 14pt;\"><strong> LEIA TAMB\u00c9M <\/strong><\/span><\/p>\n<p><!-- banner meio responsivo--><br \/>\n<script async src=\"https:\/\/pagead2.googlesyndication.com\/pagead\/js\/adsbygoogle.js?client=ca-pub-3129804789748719\" crossorigin=\"anonymous\"><\/script><br \/>\n<!-- banner 728x90 2jn --><br \/>\n<ins class=\"adsbygoogle\" style=\"display: inline-block; width: 728px; height: 90px;\" data-ad-client=\"ca-pub-3129804789748719\" data-ad-slot=\"1383288950\"><\/ins><br \/>\n<script>\n     (adsbygoogle = window.adsbygoogle || []).push({});\n<\/script><br \/>\n<amp-ad width=\"100vw\" height=\"320\"\n     type=\"adsense\"\n     data-ad-client=\"ca-pub-3129804789748719\"\n     data-ad-slot=\"4367194841\"\n     data-auto-format=\"mcrspv\"\n     data-full-width=\"\"><\/p>\n<div overflow=\"\"><\/div>\n<p><\/amp-ad><br \/>\n<amp-ad\n     layout=\"fixed\"\n     width=\"728\"\n     height=\"90\"\n     type=\"adsense\"\n     data-ad-client=\"ca-pub-3129804789748719\"\n     data-ad-slot=\"1383288950\"><br \/>\n<\/amp-ad><\/p>\n","protected":false},"excerpt":{"rendered":"<p>O corpo de um homem foi encontrado em um beco na manh\u00e3 desta segunda-feira (27), no bairro \u00c1gua de Meninos, na Cidade Baixa, em Salvador. A v\u00edtima foi identificada como Vagner Vin\u00edcius de Oliveira Lima, de 35 anos. De acordo com informa\u00e7\u00f5es da Pol\u00edcia Civil, o corpo estava com as m\u00e3os amarradas e apresentava sinais de tortura. O cad\u00e1ver estava enrolado em um len\u00e7ol quando foi encontrado. \ud83d\udcf1 SIGA PRA MAIS NOT\u00cdCIAS: entre na comunidade do 2JN no WhatsApp LEIA TAMB\u00c9M Os departamentos de Homic\u00eddios e Prote\u00e7\u00e3o \u00e0 Pessoa (DHPP) e de Pol\u00edcia T\u00e9cnica (DPT) foram acionados para iniciar a [&hellip;]<\/p>\n","protected":false},"author":1,"featured_media":41310,"comment_status":"closed","ping_status":"open","sticky":false,"template":"","format":"standard","meta":{"footnotes":""},"categories":[87,80],"tags":[4160,5115],"class_list":["post-41309","post","type-post","status-publish","format-standard","has-post-thumbnail","hentry","category-policia","category-salvador","tag-corpoencontrado","tag-salvador-agua-de-meninos"],"yoast_head":"<!-- This site is optimized with the Yoast SEO Premium plugin v23.7 (Yoast SEO v27.2) - https:\/\/yoast.com\/product\/yoast-seo-premium-wordpress\/ -->\n<title>COM SINAIS DE TORTURA: homem \u00e9 encontrado morto com m\u00e3os amarradas em \u00c1gua de Meninos nesta segunda (27\/04) - 2 de Julho Not\u00edcias<\/title>\n<meta name=\"description\" content=\"COM SINAIS DE TORTURA: homem \u00e9 encontrado morto com m\u00e3os amarradas em \u00c1gua de Meninos nesta segunda (27\/04)\" \/>\n<meta name=\"robots\" content=\"index, follow, max-snippet:-1, max-image-preview:large, max-video-preview:-1\" \/>\n<link rel=\"canonical\" href=\"https:\/\/2dejulhonoticias.com.br\/2jn\/com-sinais-de-tortura-homem-e-encontrado-morto-com-maos-amarradas-em-agua-de-meninos-nesta-segunda-27-04\/\" \/>\n<meta name=\"twitter:card\" content=\"summary_large_image\" \/>\n<meta name=\"twitter:title\" content=\"COM SINAIS DE TORTURA: homem \u00e9 encontrado morto com m\u00e3os amarradas em \u00c1gua de Meninos nesta segunda (27\/04) - 2 de Julho Not\u00edcias\" \/>\n<meta name=\"twitter:description\" content=\"COM SINAIS DE TORTURA: homem \u00e9 encontrado morto com m\u00e3os amarradas em \u00c1gua de Meninos nesta segunda (27\/04)\" \/>\n<meta name=\"twitter:image\" content=\"https:\/\/2dejulhonoticias.com.br\/2jn\/wp-content\/uploads\/2026\/04\/homem-e-encontrado-em-Agua-de-Meninos.webp\" \/>\n<meta name=\"twitter:creator\" content=\"@2_julho\" \/>\n<meta name=\"twitter:site\" content=\"@2_julho\" \/>\n<meta name=\"twitter:label1\" content=\"Escrito por\" \/>\n\t<meta name=\"twitter:data1\" content=\"Reda\u00e7\u00e3o\" \/>\n\t<meta name=\"twitter:label2\" content=\"Est. tempo de leitura\" \/>\n\t<meta name=\"twitter:data2\" content=\"1 minuto\" \/>\n<script type=\"application\/ld+json\" class=\"yoast-schema-graph\">{\"@context\":\"https:\/\/schema.org\",\"@graph\":[{\"@type\":\"Article\",\"@id\":\"https:\/\/2dejulhonoticias.com.br\/2jn\/com-sinais-de-tortura-homem-e-encontrado-morto-com-maos-amarradas-em-agua-de-meninos-nesta-segunda-27-04\/#article\",\"isPartOf\":{\"@id\":\"https:\/\/2dejulhonoticias.com.br\/2jn\/com-sinais-de-tortura-homem-e-encontrado-morto-com-maos-amarradas-em-agua-de-meninos-nesta-segunda-27-04\/\"},\"author\":{\"name\":\"Reda\u00e7\u00e3o\",\"@id\":\"https:\/\/2dejulhonoticias.com.br\/2jn\/#\/schema\/person\/a61e2ab9ae920711c9622c249b03dc16\"},\"headline\":\"COM SINAIS DE TORTURA: homem \u00e9 encontrado morto com m\u00e3os amarradas em \u00c1gua de Meninos nesta segunda (27\/04)\",\"datePublished\":\"2026-04-27T13:23:17+00:00\",\"mainEntityOfPage\":{\"@id\":\"https:\/\/2dejulhonoticias.com.br\/2jn\/com-sinais-de-tortura-homem-e-encontrado-morto-com-maos-amarradas-em-agua-de-meninos-nesta-segunda-27-04\/\"},\"wordCount\":341,\"publisher\":{\"@id\":\"https:\/\/2dejulhonoticias.com.br\/2jn\/#\/schema\/person\/a61e2ab9ae920711c9622c249b03dc16\"},\"image\":{\"@id\":\"https:\/\/2dejulhonoticias.com.br\/2jn\/com-sinais-de-tortura-homem-e-encontrado-morto-com-maos-amarradas-em-agua-de-meninos-nesta-segunda-27-04\/#primaryimage\"},\"thumbnailUrl\":\"https:\/\/2dejulhonoticias.com.br\/2jn\/wp-content\/uploads\/2026\/04\/homem-e-encontrado-em-Agua-de-Meninos.webp\",\"keywords\":[\"#corpoencontrado\",\"#Salvador #Agua de Meninos\"],\"articleSection\":[\"Policia\",\"Salvador\"],\"inLanguage\":\"pt-BR\"},{\"@type\":\"WebPage\",\"@id\":\"https:\/\/2dejulhonoticias.com.br\/2jn\/com-sinais-de-tortura-homem-e-encontrado-morto-com-maos-amarradas-em-agua-de-meninos-nesta-segunda-27-04\/\",\"url\":\"https:\/\/2dejulhonoticias.com.br\/2jn\/com-sinais-de-tortura-homem-e-encontrado-morto-com-maos-amarradas-em-agua-de-meninos-nesta-segunda-27-04\/\",\"name\":\"COM SINAIS DE TORTURA: homem \u00e9 encontrado morto com m\u00e3os amarradas em \u00c1gua de Meninos nesta segunda (27\/04) - 2 de Julho Not\u00edcias\",\"isPartOf\":{\"@id\":\"https:\/\/2dejulhonoticias.com.br\/2jn\/#website\"},\"primaryImageOfPage\":{\"@id\":\"https:\/\/2dejulhonoticias.com.br\/2jn\/com-sinais-de-tortura-homem-e-encontrado-morto-com-maos-amarradas-em-agua-de-meninos-nesta-segunda-27-04\/#primaryimage\"},\"image\":{\"@id\":\"https:\/\/2dejulhonoticias.com.br\/2jn\/com-sinais-de-tortura-homem-e-encontrado-morto-com-maos-amarradas-em-agua-de-meninos-nesta-segunda-27-04\/#primaryimage\"},\"thumbnailUrl\":\"https:\/\/2dejulhonoticias.com.br\/2jn\/wp-content\/uploads\/2026\/04\/homem-e-encontrado-em-Agua-de-Meninos.webp\",\"datePublished\":\"2026-04-27T13:23:17+00:00\",\"description\":\"COM SINAIS DE TORTURA: homem \u00e9 encontrado morto com m\u00e3os amarradas em \u00c1gua de Meninos nesta segunda (27\/04)\",\"breadcrumb\":{\"@id\":\"https:\/\/2dejulhonoticias.com.br\/2jn\/com-sinais-de-tortura-homem-e-encontrado-morto-com-maos-amarradas-em-agua-de-meninos-nesta-segunda-27-04\/#breadcrumb\"},\"inLanguage\":\"pt-BR\",\"potentialAction\":[{\"@type\":\"ReadAction\",\"target\":[\"https:\/\/2dejulhonoticias.com.br\/2jn\/com-sinais-de-tortura-homem-e-encontrado-morto-com-maos-amarradas-em-agua-de-meninos-nesta-segunda-27-04\/\"]}]},{\"@type\":\"ImageObject\",\"inLanguage\":\"pt-BR\",\"@id\":\"https:\/\/2dejulhonoticias.com.br\/2jn\/com-sinais-de-tortura-homem-e-encontrado-morto-com-maos-amarradas-em-agua-de-meninos-nesta-segunda-27-04\/#primaryimage\",\"url\":\"https:\/\/2dejulhonoticias.com.br\/2jn\/wp-content\/uploads\/2026\/04\/homem-e-encontrado-em-Agua-de-Meninos.webp\",\"contentUrl\":\"https:\/\/2dejulhonoticias.com.br\/2jn\/wp-content\/uploads\/2026\/04\/homem-e-encontrado-em-Agua-de-Meninos.webp\",\"width\":600,\"height\":338},{\"@type\":\"BreadcrumbList\",\"@id\":\"https:\/\/2dejulhonoticias.com.br\/2jn\/com-sinais-de-tortura-homem-e-encontrado-morto-com-maos-amarradas-em-agua-de-meninos-nesta-segunda-27-04\/#breadcrumb\",\"itemListElement\":[{\"@type\":\"ListItem\",\"position\":1,\"name\":\"In\u00edcio\",\"item\":\"https:\/\/2dejulhonoticias.com.br\/2jn\/\"},{\"@type\":\"ListItem\",\"position\":2,\"name\":\"COM SINAIS DE TORTURA: homem \u00e9 encontrado morto com m\u00e3os amarradas em \u00c1gua de Meninos nesta segunda (27\/04)\"}]},{\"@type\":\"WebSite\",\"@id\":\"https:\/\/2dejulhonoticias.com.br\/2jn\/#website\",\"url\":\"https:\/\/2dejulhonoticias.com.br\/2jn\/\",\"name\":\"2 de Julho Noticias - A not\u00edcia ao seu alcance\",\"description\":\"Noticias sobre Politica, Policia,Esporte,Vida e Estilo, Sa\u00fade,Moda e Beleza,Mundo da Fama,Emprego e Concursos,Arte e Cultura,Cama\u00e7ari\",\"publisher\":{\"@id\":\"https:\/\/2dejulhonoticias.com.br\/2jn\/#\/schema\/person\/a61e2ab9ae920711c9622c249b03dc16\"},\"potentialAction\":[{\"@type\":\"SearchAction\",\"target\":{\"@type\":\"EntryPoint\",\"urlTemplate\":\"https:\/\/2dejulhonoticias.com.br\/2jn\/?s={search_term_string}\"},\"query-input\":{\"@type\":\"PropertyValueSpecification\",\"valueRequired\":true,\"valueName\":\"search_term_string\"}}],\"inLanguage\":\"pt-BR\"},{\"@type\":[\"Person\",\"Organization\"],\"@id\":\"https:\/\/2dejulhonoticias.com.br\/2jn\/#\/schema\/person\/a61e2ab9ae920711c9622c249b03dc16\",\"name\":\"Reda\u00e7\u00e3o\",\"image\":{\"@type\":\"ImageObject\",\"inLanguage\":\"pt-BR\",\"@id\":\"https:\/\/2dejulhonoticias.com.br\/2jn\/wp-content\/uploads\/2020\/11\/logo2dejulho.png\",\"url\":\"https:\/\/2dejulhonoticias.com.br\/2jn\/wp-content\/uploads\/2020\/11\/logo2dejulho.png\",\"contentUrl\":\"https:\/\/2dejulhonoticias.com.br\/2jn\/wp-content\/uploads\/2020\/11\/logo2dejulho.png\",\"width\":291,\"height\":96,\"caption\":\"Reda\u00e7\u00e3o\"},\"logo\":{\"@id\":\"https:\/\/2dejulhonoticias.com.br\/2jn\/wp-content\/uploads\/2020\/11\/logo2dejulho.png\"},\"sameAs\":[\"https:\/\/www.facebook.com\/J2deJulho\",\"https:\/\/www.instagram.com\/mirobaia\/\",\"https:\/\/www.linkedin.com\/in\/mirobaia\/\",\"https:\/\/x.com\/2_julho\",\"https:\/\/www.youtube.com\/c\/MiroBaia\"]}]}<\/script>\n<!-- \/ Yoast SEO Premium plugin. -->","yoast_head_json":{"title":"COM SINAIS DE TORTURA: homem \u00e9 encontrado morto com m\u00e3os amarradas em \u00c1gua de Meninos nesta segunda (27\/04) - 2 de Julho Not\u00edcias","description":"COM SINAIS DE TORTURA: homem \u00e9 encontrado morto com m\u00e3os amarradas em \u00c1gua de Meninos nesta segunda (27\/04)","robots":{"index":"index","follow":"follow","max-snippet":"max-snippet:-1","max-image-preview":"max-image-preview:large","max-video-preview":"max-video-preview:-1"},"canonical":"https:\/\/2dejulhonoticias.com.br\/2jn\/com-sinais-de-tortura-homem-e-encontrado-morto-com-maos-amarradas-em-agua-de-meninos-nesta-segunda-27-04\/","twitter_card":"summary_large_image","twitter_title":"COM SINAIS DE TORTURA: homem \u00e9 encontrado morto com m\u00e3os amarradas em \u00c1gua de Meninos nesta segunda (27\/04) - 2 de Julho Not\u00edcias","twitter_description":"COM SINAIS DE TORTURA: homem \u00e9 encontrado morto com m\u00e3os amarradas em \u00c1gua de Meninos nesta segunda (27\/04)","twitter_image":"https:\/\/2dejulhonoticias.com.br\/2jn\/wp-content\/uploads\/2026\/04\/homem-e-encontrado-em-Agua-de-Meninos.webp","twitter_creator":"@2_julho","twitter_site":"@2_julho","twitter_misc":{"Escrito por":"Reda\u00e7\u00e3o","Est. tempo de leitura":"1 minuto"},"schema":{"@context":"https:\/\/schema.org","@graph":[{"@type":"Article","@id":"https:\/\/2dejulhonoticias.com.br\/2jn\/com-sinais-de-tortura-homem-e-encontrado-morto-com-maos-amarradas-em-agua-de-meninos-nesta-segunda-27-04\/#article","isPartOf":{"@id":"https:\/\/2dejulhonoticias.com.br\/2jn\/com-sinais-de-tortura-homem-e-encontrado-morto-com-maos-amarradas-em-agua-de-meninos-nesta-segunda-27-04\/"},"author":{"name":"Reda\u00e7\u00e3o","@id":"https:\/\/2dejulhonoticias.com.br\/2jn\/#\/schema\/person\/a61e2ab9ae920711c9622c249b03dc16"},"headline":"COM SINAIS DE TORTURA: homem \u00e9 encontrado morto com m\u00e3os amarradas em \u00c1gua de Meninos nesta segunda (27\/04)","datePublished":"2026-04-27T13:23:17+00:00","mainEntityOfPage":{"@id":"https:\/\/2dejulhonoticias.com.br\/2jn\/com-sinais-de-tortura-homem-e-encontrado-morto-com-maos-amarradas-em-agua-de-meninos-nesta-segunda-27-04\/"},"wordCount":341,"publisher":{"@id":"https:\/\/2dejulhonoticias.com.br\/2jn\/#\/schema\/person\/a61e2ab9ae920711c9622c249b03dc16"},"image":{"@id":"https:\/\/2dejulhonoticias.com.br\/2jn\/com-sinais-de-tortura-homem-e-encontrado-morto-com-maos-amarradas-em-agua-de-meninos-nesta-segunda-27-04\/#primaryimage"},"thumbnailUrl":"https:\/\/2dejulhonoticias.com.br\/2jn\/wp-content\/uploads\/2026\/04\/homem-e-encontrado-em-Agua-de-Meninos.webp","keywords":["#corpoencontrado","#Salvador #Agua de Meninos"],"articleSection":["Policia","Salvador"],"inLanguage":"pt-BR"},{"@type":"WebPage","@id":"https:\/\/2dejulhonoticias.com.br\/2jn\/com-sinais-de-tortura-homem-e-encontrado-morto-com-maos-amarradas-em-agua-de-meninos-nesta-segunda-27-04\/","url":"https:\/\/2dejulhonoticias.com.br\/2jn\/com-sinais-de-tortura-homem-e-encontrado-morto-com-maos-amarradas-em-agua-de-meninos-nesta-segunda-27-04\/","name":"COM SINAIS DE TORTURA: homem \u00e9 encontrado morto com m\u00e3os amarradas em \u00c1gua de Meninos nesta segunda (27\/04) - 2 de Julho Not\u00edcias","isPartOf":{"@id":"https:\/\/2dejulhonoticias.com.br\/2jn\/#website"},"primaryImageOfPage":{"@id":"https:\/\/2dejulhonoticias.com.br\/2jn\/com-sinais-de-tortura-homem-e-encontrado-morto-com-maos-amarradas-em-agua-de-meninos-nesta-segunda-27-04\/#primaryimage"},"image":{"@id":"https:\/\/2dejulhonoticias.com.br\/2jn\/com-sinais-de-tortura-homem-e-encontrado-morto-com-maos-amarradas-em-agua-de-meninos-nesta-segunda-27-04\/#primaryimage"},"thumbnailUrl":"https:\/\/2dejulhonoticias.com.br\/2jn\/wp-content\/uploads\/2026\/04\/homem-e-encontrado-em-Agua-de-Meninos.webp","datePublished":"2026-04-27T13:23:17+00:00","description":"COM SINAIS DE TORTURA: homem \u00e9 encontrado morto com m\u00e3os amarradas em \u00c1gua de Meninos nesta segunda (27\/04)","breadcrumb":{"@id":"https:\/\/2dejulhonoticias.com.br\/2jn\/com-sinais-de-tortura-homem-e-encontrado-morto-com-maos-amarradas-em-agua-de-meninos-nesta-segunda-27-04\/#breadcrumb"},"inLanguage":"pt-BR","potentialAction":[{"@type":"ReadAction","target":["https:\/\/2dejulhonoticias.com.br\/2jn\/com-sinais-de-tortura-homem-e-encontrado-morto-com-maos-amarradas-em-agua-de-meninos-nesta-segunda-27-04\/"]}]},{"@type":"ImageObject","inLanguage":"pt-BR","@id":"https:\/\/2dejulhonoticias.com.br\/2jn\/com-sinais-de-tortura-homem-e-encontrado-morto-com-maos-amarradas-em-agua-de-meninos-nesta-segunda-27-04\/#primaryimage","url":"https:\/\/2dejulhonoticias.com.br\/2jn\/wp-content\/uploads\/2026\/04\/homem-e-encontrado-em-Agua-de-Meninos.webp","contentUrl":"https:\/\/2dejulhonoticias.com.br\/2jn\/wp-content\/uploads\/2026\/04\/homem-e-encontrado-em-Agua-de-Meninos.webp","width":600,"height":338},{"@type":"BreadcrumbList","@id":"https:\/\/2dejulhonoticias.com.br\/2jn\/com-sinais-de-tortura-homem-e-encontrado-morto-com-maos-amarradas-em-agua-de-meninos-nesta-segunda-27-04\/#breadcrumb","itemListElement":[{"@type":"ListItem","position":1,"name":"In\u00edcio","item":"https:\/\/2dejulhonoticias.com.br\/2jn\/"},{"@type":"ListItem","position":2,"name":"COM SINAIS DE TORTURA: homem \u00e9 encontrado morto com m\u00e3os amarradas em \u00c1gua de Meninos nesta segunda (27\/04)"}]},{"@type":"WebSite","@id":"https:\/\/2dejulhonoticias.com.br\/2jn\/#website","url":"https:\/\/2dejulhonoticias.com.br\/2jn\/","name":"2 de Julho Noticias - A not\u00edcia ao seu alcance","description":"Noticias sobre Politica, Policia,Esporte,Vida e Estilo, Sa\u00fade,Moda e Beleza,Mundo da Fama,Emprego e Concursos,Arte e Cultura,Cama\u00e7ari","publisher":{"@id":"https:\/\/2dejulhonoticias.com.br\/2jn\/#\/schema\/person\/a61e2ab9ae920711c9622c249b03dc16"},"potentialAction":[{"@type":"SearchAction","target":{"@type":"EntryPoint","urlTemplate":"https:\/\/2dejulhonoticias.com.br\/2jn\/?s={search_term_string}"},"query-input":{"@type":"PropertyValueSpecification","valueRequired":true,"valueName":"search_term_string"}}],"inLanguage":"pt-BR"},{"@type":["Person","Organization"],"@id":"https:\/\/2dejulhonoticias.com.br\/2jn\/#\/schema\/person\/a61e2ab9ae920711c9622c249b03dc16","name":"Reda\u00e7\u00e3o","image":{"@type":"ImageObject","inLanguage":"pt-BR","@id":"https:\/\/2dejulhonoticias.com.br\/2jn\/wp-content\/uploads\/2020\/11\/logo2dejulho.png","url":"https:\/\/2dejulhonoticias.com.br\/2jn\/wp-content\/uploads\/2020\/11\/logo2dejulho.png","contentUrl":"https:\/\/2dejulhonoticias.com.br\/2jn\/wp-content\/uploads\/2020\/11\/logo2dejulho.png","width":291,"height":96,"caption":"Reda\u00e7\u00e3o"},"logo":{"@id":"https:\/\/2dejulhonoticias.com.br\/2jn\/wp-content\/uploads\/2020\/11\/logo2dejulho.png"},"sameAs":["https:\/\/www.facebook.com\/J2deJulho","https:\/\/www.instagram.com\/mirobaia\/","https:\/\/www.linkedin.com\/in\/mirobaia\/","https:\/\/x.com\/2_julho","https:\/\/www.youtube.com\/c\/MiroBaia"]}]}},"_links":{"self":[{"href":"https:\/\/2dejulhonoticias.com.br\/2jn\/wp-json\/wp\/v2\/posts\/41309","targetHints":{"allow":["GET"]}}],"collection":[{"href":"https:\/\/2dejulhonoticias.com.br\/2jn\/wp-json\/wp\/v2\/posts"}],"about":[{"href":"https:\/\/2dejulhonoticias.com.br\/2jn\/wp-json\/wp\/v2\/types\/post"}],"author":[{"embeddable":true,"href":"https:\/\/2dejulhonoticias.com.br\/2jn\/wp-json\/wp\/v2\/users\/1"}],"replies":[{"embeddable":true,"href":"https:\/\/2dejulhonoticias.com.br\/2jn\/wp-json\/wp\/v2\/comments?post=41309"}],"version-history":[{"count":1,"href":"https:\/\/2dejulhonoticias.com.br\/2jn\/wp-json\/wp\/v2\/posts\/41309\/revisions"}],"predecessor-version":[{"id":41311,"href":"https:\/\/2dejulhonoticias.com.br\/2jn\/wp-json\/wp\/v2\/posts\/41309\/revisions\/41311"}],"wp:featuredmedia":[{"embeddable":true,"href":"https:\/\/2dejulhonoticias.com.br\/2jn\/wp-json\/wp\/v2\/media\/41310"}],"wp:attachment":[{"href":"https:\/\/2dejulhonoticias.com.br\/2jn\/wp-json\/wp\/v2\/media?parent=41309"}],"wp:term":[{"taxonomy":"category","embeddable":true,"href":"https:\/\/2dejulhonoticias.com.br\/2jn\/wp-json\/wp\/v2\/categories?post=41309"},{"taxonomy":"post_tag","embeddable":true,"href":"https:\/\/2dejulhonoticias.com.br\/2jn\/wp-json\/wp\/v2\/tags?post=41309"}],"curies":[{"name":"wp","href":"https:\/\/api.w.org\/{rel}","templated":true}]}}